
{"id":45597,"date":"2014-10-08T15:25:52","date_gmt":"2014-10-08T13:25:52","guid":{"rendered":"http:\/\/www.gdapress.it\/it\/?p=45597"},"modified":"2014-10-11T15:26:07","modified_gmt":"2014-10-11T13:26:07","slug":"quinta-identita-new-york","status":"publish","type":"post","link":"https:\/\/www.gdapress.it\/it\/index.php\/45597\/enogastronomia\/quinta-identita-new-york.html","title":{"rendered":"La quinta di Identit\u00e0 New York"},"content":{"rendered":"<div class=\"cs-img\" style=\"color: #666666;\">\n<blockquote style=\"color: #666666;\"><p>Si apre,\u00a0gioved\u00ec 9 ottobre, ore 6.30 pm ora locale, con una lezione congiunta tra\u00a0<b style=\"font-weight: bold;\">Lidia Bastianich\u00a0<\/b>e\u00a0<b style=\"font-weight: bold;\">Rosanna Marziale<\/b>\u00a0la quinta edizione di\u00a0<i style=\"color: #9d3b38;\">Identit\u00e0 New York<\/i>, una 5-giorni con 7 lezioni a due e 2 cene nella\u00a0<i style=\"color: #9d3b38;\">Birreria<\/i>\u00a0di Eataly NY all&#8217;insegna del confronto intergenerazionale e intercontinentale tra cuochi. Registrazioni e dettagli\u00a0<a style=\"color: #8b1513;\" href=\"https:\/\/www.regonline.com\/Register\/Checkin.aspx?EventID=1572778&amp;\" target=\"_blank\">qui<\/a><\/p><\/blockquote>\n<\/div>\n<div class=\"clearfix\" style=\"color: #666666;\"><\/div>\n<div class=\"cs-p\" style=\"color: #666666;\">\n<p>Ancora pochi giorni e si aprir\u00e0 all&#8217;interno di\u00a0<a style=\"color: #8b1513;\" href=\"http:\/\/www.eataly.com\/nyc\/\" target=\"_blank\">Eataly<\/a>, al civico 200 della 5th avenue, la quinta edizione di\u00a0<i style=\"color: #9d3b38;\">Identit\u00e0 New York<\/i>,\u00a0un incontro\/confronto tra 7 chef che fanno grande la ristorazione della metropoli americana e 7 che fanno onore all\u2019Italia. &#8220;Se lo scorso anno&#8221;, intruduce il leitmotiv di quest&#8217;anno<b style=\"font-weight: bold;\">\u00a0Paolo Marchi<\/b>, &#8220;questo parlarsi, ragionare e capirsi avveniva a livello di prodotti, questo autunno si passer\u00e0 a livello di idee nel segno di un confronto tra generazioni diverse. Esercizio sempre difficile quello di andare per generazioni perch\u00e9 l\u2019et\u00e0 anagrafica non \u00e8 di per s\u00e9 sinonimo di qualit\u00e0 o di parabola discendente. E\u2019 pi\u00f9 facilmente uno spunto per discutere e andare sempre pi\u00f9 a fondo&#8221;.<\/p>\n<p>&#8220;L&#8217;intenzione \u00e8 quella di far duettare tra loro cuochi che hanno in comune il loro momento professionale, il meglio oggi e il meglio che verr\u00e0, le supernova e le stelle appena sbocciate, per permettere a tutti di capire cosa anima e alimenta la cucina di chi si eleva dalla media e nel tempo diventa un punto di riferimento reale, non una moda effimera&#8221;.<\/p>\n<p>&nbsp;<\/p>\n<div class=\"row cs-pad-15\">\n<div class=\"col-sm-12\">\n<div class=\"row cs-col\">\n<div class=\"col-sm-6 text-right cs-mar\"><img decoding=\"async\" class=\"img-responsive img-thumbnail\" src=\"http:\/\/www.identitagolose.it\/public\/images\/medium\/original.jpg\" alt=\"Tra i relatori c'\u00e8 Daniel Burns, chef di Luksus, 1 stella Michelin da pochi giorni: \u00e8 lo strano caso di un cuoco canadese che fa cucina nordica a Brooklyn\" \/><\/div>\n<div class=\"col-sm-6 cs-did\">&lt;blockquote&#8221;&gt;Tra i relatori c&#8217;\u00e8\u00a0<b style=\"font-weight: bold;\">Daniel Burns<\/b>, chef di<i style=\"color: #9d3b38;\">Luksus<\/i>, 1 stella Michelin da pochi giorni: \u00e8 lo strano caso di un cuoco canadese che fa cucina nordica a Brooklyn<\/div>\n<\/div>\n<\/div>\n<\/div>\n<div class=\"clearfix\"><\/div>\n<div class=\"cs-pad-15\"><\/div>\n<p>&#8220;Quattordici figure in tutto, i superchef a ragionare e cucinare gratificati dal prestigio accumulato nel tempo e gli chef alla prima stella che traggono forza dall\u2019entusiasmo che anima chi ha appena iniziato un importante percorso professionale e si lascia il noto alle spalle per aggiungere del suo. Sette lezioni, le certezze e le scommesse, gli idoli e i debuttanti, a volte anche il maestro e l\u2019allievo perch\u00e9 pu\u00f2 anche capitare che il giovane tenda a staccarsi dalle grandi scuole gastronomiche piuttosto che mettersi in scia, pronto a dar loro nuova linfa&#8221;.<\/p>\n<p>E con le lezioni, l\u2019immancabile doppio appuntamento con le cene<b style=\"font-weight: bold;\">\u00a0<\/b>durante le quali gli ospiti italiani, e non solo loro, daranno il meglio di s\u00e9 per far capire che la cucina italiana non \u00e8 ferma e inchiodata al passato ma \u00e8 capace di camminare in avanti in una continua ricerca del meglio, in patria e nella stessa Manhattan.<\/p>\n<p><span style=\"text-decoration: underline;\"><b style=\"font-weight: bold;\">LE LEZIONI<\/b><\/span><\/p>\n<p><b style=\"font-weight: bold;\">GIOVEDI&#8217; 9 OTTOBRE<\/b><br \/>\n18.30-19.30\u00a0<a style=\"color: #8b1513;\" href=\"http:\/\/www.lidiaseataly.com\/\" target=\"_blank\">Lidia Bastianich<\/a>\u00a0e\u00a0<a style=\"color: #8b1513;\" href=\"http:\/\/www.rosannamarziale.it\/\" target=\"_blank\">Rosanna Marziale<\/a><\/p>\n<p><b style=\"font-weight: bold;\">VENERDI&#8217; 10 OTTOBRE<\/b><br \/>\n12.00-13.00\u00a0<a style=\"color: #8b1513;\" href=\"http:\/\/www.mariobatali.com\/\" target=\"_blank\">Mario Batali<\/a>\u00a0e\u00a0<a style=\"color: #8b1513;\" href=\"http:\/\/www.combal.org\/\" target=\"_blank\">Davide Scabin<\/a><br \/>\n16.00-17.00\u00a0<a style=\"color: #8b1513;\" href=\"http:\/\/www.gramercytavern.com\/\" target=\"_blank\">Michael Anthony<\/a>\u00a0e\u00a0<a style=\"color: #8b1513;\" href=\"http:\/\/www.ristorantecracco.com\/\" target=\"_blank\">Carlo Cracco<\/a><\/p>\n<div class=\"row cs-pad-15\">\n<div class=\"col-sm-12\">\n<div class=\"row cs-col\">\n<div class=\"col-sm-6 text-right cs-mar\"><img decoding=\"async\" class=\"img-responsive img-thumbnail\" src=\"http:\/\/www.identitagolose.it\/public\/images\/medium\/BotturaeHumm2014_copia1.jpg\" alt=\"Tra le lezioni pi\u00f9 attese, quella di Massimo Bottura e Daniel Humm, terzo e quarto cuoco del mondo nella classifica della World's 50Best\" \/><\/div>\n<div class=\"col-sm-6 cs-did\">&lt;blockquote&#8221;&gt;Tra le lezioni pi\u00f9 attese, quella di<b style=\"font-weight: bold;\">Massimo Bottura<\/b>\u00a0e\u00a0<b style=\"font-weight: bold;\">Daniel Humm<\/b>, terzo e quarto cuoco del mondo nella classifica della\u00a0<i style=\"color: #9d3b38;\">World&#8217;s 50Best<\/i><\/div>\n<\/div>\n<\/div>\n<\/div>\n<div class=\"clearfix\"><\/div>\n<div class=\"cs-pad-15\"><\/div>\n<p><b style=\"font-weight: bold;\">SABATO 11 OTTOBRE<\/b><br \/>\n11.00-12.00\u00a0<a style=\"color: #8b1513;\" href=\"http:\/\/www.elevenmadisonpark.com\/\" target=\"_blank\">Daniel Humm<\/a>\u00a0e\u00a0<a style=\"color: #8b1513;\" href=\"http:\/\/www.osteriafrancescana.it\/\" target=\"_blank\">Massimo Bottura<\/a><br \/>\n16.00-17.00\u00a0<a style=\"color: #8b1513;\" href=\"http:\/\/www.thespottedpig.com\/\" target=\"_blank\">April Bloomfield<\/a>\u00a0e\u00a0<a style=\"color: #8b1513;\" href=\"http:\/\/www.locandaseverino.it\/\" target=\"_blank\">Vitantonio Lombardo<\/a><\/p>\n<p><b style=\"font-weight: bold;\">DOMENICA 12 OTTOBRE<\/b><br \/>\n12.00-13.00\u00a0<a style=\"color: #8b1513;\" href=\"http:\/\/www.betony-nyc.com\/\" target=\"_blank\">Bryce Shuman<\/a>\u00a0e\u00a0<a style=\"color: #8b1513;\" href=\"http:\/\/www.alessandropipero.com\/\" target=\"_blank\">Luciano Monosilio<br \/>\n<\/a>16.00-17.00\u00a0<a style=\"color: #8b1513;\" href=\"http:\/\/www.luksusnyc.com\/\" target=\"_blank\">Daniel Burns<\/a>\u00a0e\u00a0<a style=\"color: #8b1513;\" href=\"http:\/\/www.elcoq.com\/\" target=\"_blank\">Lorenzo Cogo<\/a><\/p>\n<p>Registrazioni nel sito di\u00a0<a style=\"color: #8b1513;\" href=\"https:\/\/www.regonline.com\/Register\/Checkin.aspx?EventID=1562289&amp;\" target=\"_blank\">Eataly New York<\/a><\/p>\n<p><span style=\"text-decoration: underline;\"><b style=\"font-weight: bold;\">LE CENE<\/b><\/span><b style=\"font-weight: bold;\"><br \/>\n<\/b><\/p>\n<p><b style=\"font-weight: bold;\">VENERDI&#8217; 10 OTTOBRE con Lidia Bastianich<br \/>\nAntipasto<\/b>:\u00a0<a style=\"color: #8b1513;\" href=\"http:\/\/www.guidoristorante.it\/\" target=\"_blank\">Ugo Alciati<\/a>\u00a0e\u00a0<a style=\"color: #8b1513;\" href=\"http:\/\/www.lejulesverne-paris.com\/\" target=\"_blank\">Denny Imbroisi<\/a><b style=\"font-weight: bold;\"><br \/>\nPrimo<\/b>:\u00a0<a style=\"color: #8b1513;\" href=\"http:\/\/www.combal.org\/\" target=\"_blank\">Davide Scabin<\/a>\u00a0e\u00a0<a style=\"color: #8b1513;\" href=\"http:\/\/www.locandaseverino.it\/\" target=\"_blank\">Vitantonio Lombardo<\/a><b style=\"font-weight: bold;\"><br \/>\nSecondo<\/b>:\u00a0<a style=\"color: #8b1513;\" href=\"http:\/\/www.ristorantecracco.com\/\" target=\"_blank\">Carlo Cracco<\/a>\u00a0e\u00a0<a style=\"color: #8b1513;\" href=\"http:\/\/www.felidia-nyc.com\/\" target=\"_blank\">Fortunato Nicotra<\/a><b style=\"font-weight: bold;\"><br \/>\nDessert<\/b>:\u00a0<a style=\"color: #8b1513;\" href=\"http:\/\/www.rosannamarziale.it\/\" target=\"_blank\">Rosanna Marziale<\/a><b style=\"font-weight: bold;\"><br \/>\nPiccola pasticceria<\/b>:\u00a0<a style=\"color: #8b1513;\" href=\"http:\/\/www.eataly.com\/\" target=\"_blank\">Katia Delogu<\/a><b style=\"font-weight: bold;\"><\/b><\/p>\n<p>Registrazioni nel sito di\u00a0<a style=\"color: #8b1513;\" href=\"https:\/\/www.regonline.com\/Register\/Checkin.aspx?EventID=1572801&amp;\" target=\"_blank\">Eataly New York<\/a><\/p>\n<div class=\"cs-pad-15 cs-col\"><img decoding=\"async\" class=\"img-responsive img-thumbnail\" src=\"http:\/\/www.identitagolose.it\/public\/images\/medium\/MarioBirreriaGolost610x405.jpg\" alt=\"I &quot;padroni di casa&quot; di Eataly NY Alex Pilas e Mario Batali, protagonisti delle cene in Birreria\" \/><\/div>\n<div class=\"cs-pad-15\"><\/div>\n<blockquote style=\"color: #666666;\"><p>I &#8220;padroni di casa&#8221; di\u00a0<i style=\"color: #9d3b38;\">Eataly NY<\/i>\u00a0<b style=\"font-weight: bold;\">Alex Pilas<\/b>\u00a0e\u00a0<b style=\"font-weight: bold;\">Mario Batali<\/b>, protagonisti delle cene in<i style=\"color: #9d3b38;\">Birreria<\/i><\/p><\/blockquote>\n<div class=\"cs-pad-15\"><\/div>\n<p><b style=\"font-weight: bold;\">SABATO 11 OTTOBRE con Mario Batali<br \/>\nAntipasto<\/b>:\u00a0<a style=\"color: #8b1513;\" href=\"http:\/\/www.osteriafrancescana.it\/\" target=\"_blank\">Massimo Bottura<\/a>\u00a0e\u00a0<a style=\"color: #8b1513;\" href=\"http:\/\/www.elcoq.com\/\" target=\"_blank\">Lorenzo Cogo<\/a><b style=\"font-weight: bold;\"><br \/>\nPrimo<\/b>:\u00a0<a style=\"color: #8b1513;\" href=\"http:\/\/www.guidoristorante.it\/\" target=\"_blank\">Ugo Alciati<\/a>\u00a0e\u00a0<a style=\"color: #8b1513;\" href=\"http:\/\/www.eataly.com\/\" target=\"_blank\">Alex Pilas<\/a><b style=\"font-weight: bold;\"><br \/>\nSecondo<\/b>:\u00a0<a style=\"color: #8b1513;\" href=\"http:\/\/www.delposto.com\/\" target=\"_blank\">Mark Ladner<\/a>\u00a0e\u00a0<a style=\"color: #8b1513;\" href=\"http:\/\/www.alessandropipero.com\/\" target=\"_blank\">Luciano Monosilio<\/a><b style=\"font-weight: bold;\"><br \/>\nDessert<\/b>:\u00a0<a style=\"color: #8b1513;\" href=\"http:\/\/www.lejulesverne-paris.com\/\" target=\"_blank\">Denny Imbroisi<\/a><b style=\"font-weight: bold;\"><br \/>\nPiccola pasticceria<\/b>:\u00a0<a style=\"color: #8b1513;\" href=\"http:\/\/www.eataly.com\/\" target=\"_blank\">Katia Delogu<\/a><b style=\"font-weight: bold;\"><\/b><\/p>\n<p>Registrazioni nel sito di\u00a0<a style=\"color: #8b1513;\" href=\"https:\/\/www.regonline.com\/Register\/Checkin.aspx?EventID=1572778&amp;\" target=\"_blank\">Eataly New York<\/a><b style=\"font-weight: bold;\"><br \/>\n<\/b><br \/>\nL&#8217;hashtag dell&#8217;evento \u00e8\u00a0<i style=\"color: #9d3b38;\">#identit\u00e0eataly<\/i><\/p>\n<\/div>\n<div class=\"row cs-box-detail hidden-sm\" style=\"color: #666666;\">\u00a0http:\/\/www.identitagolose.it\/sito\/it\/41\/8562\/primo-piano\/la-quinta-di-identita-new-york.html?p=0<\/div>\n<p>&nbsp;<\/p>\n","protected":false},"excerpt":{"rendered":"<p>Si apre,\u00a0gioved\u00ec 9 ottobre, ore 6.30 pm ora locale, con una lezione congiunta tra\u00a0Lidia Bastianich\u00a0e\u00a0Rosanna Marziale\u00a0la quinta edizione di\u00a0Identit\u00e0 New York, una 5-giorni con 7 lezioni a due e 2 cene nella\u00a0Birreria\u00a0di Eataly NY all&#8217;insegna del confronto intergenerazionale e intercontinentale tra cuochi. Registrazioni e dettagli\u00a0qui Ancora pochi giorni e si aprir\u00e0 all&#8217;interno di\u00a0Eataly, al civico &hellip; <a href=\"https:\/\/www.gdapress.it\/it\/index.php\/45597\/enogastronomia\/quinta-identita-new-york.html\" class=\"more-link\">Read more <span class=\"screen-reader-text\">La quinta di Identit\u00e0 New York<\/span><\/a><\/p>\n","protected":false},"author":2,"featured_media":0,"comment_status":"closed","ping_status":"open","sticky":false,"template":"","format":"standard","meta":{"footnotes":""},"categories":[20],"tags":[527,1932,531],"class_list":["post-45597","post","type-post","status-publish","format-standard","hentry","category-enogastronomia","tag-identita-golose","tag-new-york","tag-paolo-marchi"],"_links":{"self":[{"href":"https:\/\/www.gdapress.it\/it\/index.php\/wp-json\/wp\/v2\/posts\/45597","targetHints":{"allow":["GET"]}}],"collection":[{"href":"https:\/\/www.gdapress.it\/it\/index.php\/wp-json\/wp\/v2\/posts"}],"about":[{"href":"https:\/\/www.gdapress.it\/it\/index.php\/wp-json\/wp\/v2\/types\/post"}],"author":[{"embeddable":true,"href":"https:\/\/www.gdapress.it\/it\/index.php\/wp-json\/wp\/v2\/users\/2"}],"replies":[{"embeddable":true,"href":"https:\/\/www.gdapress.it\/it\/index.php\/wp-json\/wp\/v2\/comments?post=45597"}],"version-history":[{"count":2,"href":"https:\/\/www.gdapress.it\/it\/index.php\/wp-json\/wp\/v2\/posts\/45597\/revisions"}],"predecessor-version":[{"id":45600,"href":"https:\/\/www.gdapress.it\/it\/index.php\/wp-json\/wp\/v2\/posts\/45597\/revisions\/45600"}],"wp:attachment":[{"href":"https:\/\/www.gdapress.it\/it\/index.php\/wp-json\/wp\/v2\/media?parent=45597"}],"wp:term":[{"taxonomy":"category","embeddable":true,"href":"https:\/\/www.gdapress.it\/it\/index.php\/wp-json\/wp\/v2\/categories?post=45597"},{"taxonomy":"post_tag","embeddable":true,"href":"https:\/\/www.gdapress.it\/it\/index.php\/wp-json\/wp\/v2\/tags?post=45597"}],"curies":[{"name":"wp","href":"https:\/\/api.w.org\/{rel}","templated":true}]}}