
{"id":45582,"date":"2014-10-11T12:54:01","date_gmt":"2014-10-11T10:54:01","guid":{"rendered":"http:\/\/www.gdapress.it\/it\/?p=45582"},"modified":"2014-10-11T12:54:01","modified_gmt":"2014-10-11T10:54:01","slug":"collezione-maramotti-ritratto-donne","status":"publish","type":"post","link":"https:\/\/www.gdapress.it\/it\/index.php\/45582\/arte\/collezione-maramotti-ritratto-donne.html","title":{"rendered":"Collezione Maramotti: RITRATTO DI DONNE"},"content":{"rendered":"<p><a href=\"http:\/\/www.gdapress.it\/it\/..\/public\/it\/2014\/10\/ImageProxy-7.jpg\"><img loading=\"lazy\" decoding=\"async\" class=\"alignleft size-large wp-image-45583\" src=\"http:\/\/www.gdapress.it\/it\/..\/public\/it\/2014\/10\/ImageProxy-7-500x374.jpg\" alt=\"ImageProxy (7)\" width=\"500\" height=\"374\" srcset=\"https:\/\/www.gdapress.it\/it\/..\/public\/it\/2014\/10\/ImageProxy-7-500x374.jpg 500w, https:\/\/www.gdapress.it\/it\/..\/public\/it\/2014\/10\/ImageProxy-7-300x224.jpg 300w, https:\/\/www.gdapress.it\/it\/..\/public\/it\/2014\/10\/ImageProxy-7.jpg 564w\" sizes=\"auto, (max-width: 500px) 100vw, 500px\" \/><\/a><\/p>\n<p><strong style=\"font-weight: bold; color: #000000;\">sabato 11 ottobre 2014 alle ore 18.00 presso la Collezione<\/strong><span style=\"color: #000000;\">.<\/span><br style=\"color: #000000;\" \/><br style=\"color: #000000;\" \/><span style=\"color: #000000;\">La mostra presenta i progetti\u00a0<\/span><em style=\"font-style: italic; color: #000000;\">Legami\u00a0<\/em><span style=\"color: #000000;\">di\u00a0<\/span><strong style=\"font-weight: bold; color: #000000;\">Alessandra Ariatti\u00a0<\/strong><span style=\"color: #000000;\">e\u00a0<\/span><em style=\"font-style: italic; color: #000000;\">Moll\u00a0<\/em><span style=\"color: #000000;\">di\u00a0<\/span><strong style=\"font-weight: bold; color: #000000;\">Chantal Joffe<\/strong><span style=\"color: #000000;\">, mettendo in dialogo i loro nuovi ritratti, ancorati da una parte alla cultura contemporanea e dall&#8217;altra al\u00a0<\/span><em style=\"font-style: italic; color: #000000;\">milieu\u00a0<\/em><span style=\"color: #000000;\">nel quale esse vivono e operano.<\/span><br style=\"color: #000000;\" \/><br style=\"color: #000000;\" \/><span style=\"color: #000000;\">Per il progetto\u00a0<\/span><em style=\"font-style: italic; color: #000000;\">Legami\u00a0<\/em><span style=\"color: #000000;\">Ariatti ha dipinto gruppi di figure con precisione iper-fotografica, funzionale alla possibilit\u00e0 di sondarne la profondit\u00e0 psicologica e l&#8217;intensit\u00e0 di interrelazione umana.<\/span><br style=\"color: #000000;\" \/><span style=\"color: #000000;\">Joffe, nel progetto\u00a0<\/span><em style=\"font-style: italic; color: #000000;\">Moll<\/em><span style=\"color: #000000;\">, rappresenta invece una sola figura, la nipote sedicenne, a tutto campo e con pennellate sciolte, che fondono volto, abiti e ambiente in un unico flusso pittorico.<\/span><br style=\"color: #000000;\" \/><span style=\"color: #000000;\">La mostra \u00e8 accompagnata da un catalogo.<\/span><br style=\"color: #000000;\" \/><br style=\"color: #000000;\" \/><span style=\"color: #000000;\">Per maggiori informazioni \u00a0visitare il \u00a0<\/span><a style=\"color: #0068cf;\" href=\"http:\/\/d8a3a.s72.it\/e\/t?q=f%3dOUC6L%269%3dC%26q%3dLW%261%3d6LRF%26x%3d3G6s_CneS_Nx_4Tnm_Di_CneS_M39zH.z1o72Bl0AqpvEmp0G6l.0Es_ulpb_5166_ulpb_51J1u6-6z-sCBsuzF5_ulpb_51OL4ONL4M_EcVk_OrU4G4dEG1-g4-11q92_4Tnm_DiLRDB_CneS_N37w8_F1xCzq_ulpb_6yZY-Lo-TI7_CneS_MSmpA_EcVk_PnxE0_yhy67p_CneS_N1qpv6x_ulpb_5Qxys_CneS_Ny7w8_zmpAxuj9_EcVk_PpqzJ5ozG6hC_EcVk_OHd8C_4Tnm_dvxmEeFGy_f0A6h9G_4Tnm_EgE20w-C66uvG6r-E20w\" target=\"_blank\">sito<\/a><span style=\"color: #000000;\">\u00a0.<\/span><br style=\"color: #000000;\" \/><br style=\"color: #000000;\" \/><span style=\"color: #000000;\">In questa occasione, saranno liberamente visitabili anche la collezione permanente e la mostra\u00a0<\/span><em style=\"font-style: italic; color: #000000;\">Il corpo figurato. Opere dalla Collezione 1966-2005,<\/em><span style=\"color: #000000;\">\u00a0una selezione di opere del nostro patrimonio iconografico sul tema del corpo.<\/span><br style=\"color: #000000;\" \/><br style=\"color: #000000;\" \/><span style=\"color: #000000;\">La duplice inaugurazione sar\u00e0 preceduta da un concerto di Icarus Ensemble, una galleria musicale declinata al femminile, con brani di Robert Schumann, Jean Fran\u00e7aix e Maurice Ravel, che si terr\u00e0 alle ore 16.00 nella sede di Icarus (Via IV Novembre 9, Reggio Emilia).<\/span><br style=\"color: #000000;\" \/><span style=\"color: #000000;\">La partecipazione al concerto \u00e8 gratuita e su prenotazione, fino a esaurimento posti.<\/span><br style=\"color: #000000;\" \/><br style=\"color: #000000;\" \/><\/p>\n","protected":false},"excerpt":{"rendered":"<p>sabato 11 ottobre 2014 alle ore 18.00 presso la Collezione.La mostra presenta i progetti\u00a0Legami\u00a0di\u00a0Alessandra Ariatti\u00a0e\u00a0Moll\u00a0di\u00a0Chantal Joffe, mettendo in dialogo i loro nuovi ritratti, ancorati da una parte alla cultura contemporanea e dall&#8217;altra al\u00a0milieu\u00a0nel quale esse vivono e operano.Per il progetto\u00a0Legami\u00a0Ariatti ha dipinto gruppi di figure con precisione iper-fotografica, funzionale alla possibilit\u00e0 di sondarne la profondit\u00e0 &hellip; <a href=\"https:\/\/www.gdapress.it\/it\/index.php\/45582\/arte\/collezione-maramotti-ritratto-donne.html\" class=\"more-link\">Read more <span class=\"screen-reader-text\">Collezione Maramotti: RITRATTO DI DONNE<\/span><\/a><\/p>\n","protected":false},"author":2,"featured_media":0,"comment_status":"closed","ping_status":"open","sticky":false,"template":"","format":"standard","meta":{"footnotes":""},"categories":[4],"tags":[17446,9800,4027],"class_list":["post-45582","post","type-post","status-publish","format-standard","hentry","category-arte","tag-arte","tag-collezione-maramotti","tag-reggio-emilia"],"_links":{"self":[{"href":"https:\/\/www.gdapress.it\/it\/index.php\/wp-json\/wp\/v2\/posts\/45582","targetHints":{"allow":["GET"]}}],"collection":[{"href":"https:\/\/www.gdapress.it\/it\/index.php\/wp-json\/wp\/v2\/posts"}],"about":[{"href":"https:\/\/www.gdapress.it\/it\/index.php\/wp-json\/wp\/v2\/types\/post"}],"author":[{"embeddable":true,"href":"https:\/\/www.gdapress.it\/it\/index.php\/wp-json\/wp\/v2\/users\/2"}],"replies":[{"embeddable":true,"href":"https:\/\/www.gdapress.it\/it\/index.php\/wp-json\/wp\/v2\/comments?post=45582"}],"version-history":[{"count":1,"href":"https:\/\/www.gdapress.it\/it\/index.php\/wp-json\/wp\/v2\/posts\/45582\/revisions"}],"predecessor-version":[{"id":45584,"href":"https:\/\/www.gdapress.it\/it\/index.php\/wp-json\/wp\/v2\/posts\/45582\/revisions\/45584"}],"wp:attachment":[{"href":"https:\/\/www.gdapress.it\/it\/index.php\/wp-json\/wp\/v2\/media?parent=45582"}],"wp:term":[{"taxonomy":"category","embeddable":true,"href":"https:\/\/www.gdapress.it\/it\/index.php\/wp-json\/wp\/v2\/categories?post=45582"},{"taxonomy":"post_tag","embeddable":true,"href":"https:\/\/www.gdapress.it\/it\/index.php\/wp-json\/wp\/v2\/tags?post=45582"}],"curies":[{"name":"wp","href":"https:\/\/api.w.org\/{rel}","templated":true}]}}