
{"id":45516,"date":"2014-10-08T12:59:42","date_gmt":"2014-10-08T10:59:42","guid":{"rendered":"http:\/\/www.gdapress.it\/it\/?p=45516"},"modified":"2014-10-08T12:59:42","modified_gmt":"2014-10-08T10:59:42","slug":"javier-zanetti-triennale-milano","status":"publish","type":"post","link":"https:\/\/www.gdapress.it\/it\/index.php\/45516\/arte\/javier-zanetti-triennale-milano.html","title":{"rendered":"Javier Zanetti.TRIENNALE. MILANO"},"content":{"rendered":"<div style=\"color: #666666;\">\n<p><a href=\"http:\/\/www.gdapress.it\/it\/..\/public\/it\/2014\/10\/ImageProxy-2.jpg\"><img loading=\"lazy\" decoding=\"async\" class=\"alignleft size-medium wp-image-45517\" src=\"http:\/\/www.gdapress.it\/it\/..\/public\/it\/2014\/10\/ImageProxy-2-300x200.jpg\" alt=\"ImageProxy (2)\" width=\"300\" height=\"200\" srcset=\"https:\/\/www.gdapress.it\/it\/..\/public\/it\/2014\/10\/ImageProxy-2-300x200.jpg 300w, https:\/\/www.gdapress.it\/it\/..\/public\/it\/2014\/10\/ImageProxy-2-500x333.jpg 500w, https:\/\/www.gdapress.it\/it\/..\/public\/it\/2014\/10\/ImageProxy-2.jpg 756w\" sizes=\"auto, (max-width: 300px) 100vw, 300px\" \/><\/a><\/p>\n<p><strong style=\"font-weight: bold;\">9 Ottobre. 23 Novembre 2014.<\/strong><\/p>\n<h1 style=\"color: black;\">Javier Zanetti<\/h1>\n<p><em style=\"font-style: italic;\">Triennale di Milano<\/em><\/p>\n<p>&nbsp;<\/p>\n<p>La mostra su Javier Zanetti vuole celebrare uno dei pochi campioni dello sport capaci di riscuotere stima e ammirazione al di l\u00e0 dell\u2019appartenenza ai colori di una specifica squadra. Javier Zanetti \u00e8 una\u00a0<em style=\"font-style: italic;\">bandiera<\/em>\u00a0dell\u2019Inter e dell\u2019Argentina ma, soprattutto, \u00e8 una bandiera dello sport. \u00c8 il volto pulito, etico e serio dello sport che s\u2019impegna come esempio positivo anche nella vita civile, attraverso la Fondazione P.U.P.I. da lui creata.<\/p>\n<p>La mostra si colloca all\u2019ingresso della Triennale, nell\u2019atrio, e si sviluppa in senso longitudinale, secondo l\u2019asse d\u2019ingresso.<\/p>\n<p>Lungo una galleria dalle pareti vetrate si trovano gigantografie di Zanetti in scala naturale che accompagnano il visitatore, oltre ad alcuni dei suoi principali cimeli sportivi. Il pavimento in erba sintetica della galleria allude a una sorta di passerella sul campo di calcio.<\/p>\n<p>In particolare tra gli oggetti in mostra si trova la coppa del Mondiale per club, la maglia della vittoria nella finale di Champions League e delle 700 partite con l\u2019Inter, che ricorda \u201cuna notte indimenticabile\u201d, come racconta il giocatore, che aggiunge \u201cio dentro di me sapevo che quella era forse l\u2019ultima opportunit\u00e0 per me di portare a Milano questa coppa prestigiosa. La citt\u00e0 ha condiviso con me questo momento\u201d; la maglia dell\u2019ultima partita con l\u2019Inter che rappresenta \u201cuna grandissima emozione, l\u2019emozione di aver contribuito a costruire pagine importanti nella storia dell\u2019Inter e del calcio di questa citt\u00e0 e paese\u201d; la maglia dell\u2019esordio con l\u2019Inter che riporta Zanetti ai suoi pensieri di allora \u201cmai avrei immaginato un\u2019opportunit\u00e0 del genere, di giocare nel campionato italiano cos\u00ec giovane. Io allora vedevo il calcio italiano lontanissimo. Mi \u00e8 arrivata questa opportunit\u00e0 e sinceramente solo arrivando a Milano ho capito l\u2019importanza del calcio italiano e le pressioni che c\u2019erano.\u00a0 Sono uno che accetta le sfide, credo tantissimo nel lavoro e che il lavoro con il tempo paga sempre e che il fatto di essere cos\u00ec rispettoso della mia professione mi ha fatto fare una carriera cos\u00ec lunga\u201d; la fascia indossata per festeggiare le 1000 presenze all\u2019Inter (sono 1185 in totale le partite disputate con la maglia dell\u2019Inter) e quelle delle sue ultime partite con l\u2019Argentina \u201crappresentano il mio legame con la nazionale. Per 17 anni mi ha dato la possibilit\u00e0 di difendere i colori del mio paese in qualsiasi parte del mondo. Per un giocatore e uno sportivo rappresenta un sogno\u201d.<\/p>\n<p>La totale trasparenza dell\u2019allestimento consente una visione completa e costante di ogni parte dell\u2019atrio d\u2019ingresso e dell\u2019interno dell\u2019allestimento stesso. Completa la mostra la proiezione continua di un filmato sulla vita del giocatore.<\/p>\n<p>La fondazione P.U.P.I ha creato uno spazio dove i bambini socialmente pi\u00f9 svantaggiati e diversamente abili ricevono, fin dalla prima infanzia, le attenzioni e l&#8217;istruzione necessarie in ogni momento della loro vita. Racconta Javier Zanetti: \u201dabbiamo iniziato con questo progetto nel 2001, un anno molto difficile per l\u2019Argentina. Mi ricordo che allora ci occupavamo di 39 bambini e adesso nel 2014 stiamo gestendo e aiutando pi\u00f9 di 1000 persone tra bambini e famiglie. Quando torno nel mio paese vedo che la Fondazione lavora bene, che i bambini sono felici, che hanno un\u2019alternativa valida per lottare\u201d.<\/p>\n<p>&nbsp;<\/p>\n<p>&nbsp;<\/p>\n<\/div>\n<div style=\"color: #666666;\">\n<p style=\"color: #e2001a;\"><strong style=\"font-weight: bold;\">Informazioni<\/strong><\/p>\n<p style=\"color: #e2001a;\"><strong style=\"font-weight: bold;\">\u00a0<\/strong><\/p>\n<p><strong style=\"font-weight: bold;\">Javier Zanetti<\/strong><\/p>\n<p><strong style=\"font-weight: bold;\">9 Ottobre. 23 Novembre 2014.<\/strong><\/p>\n<p>Progetto di allestimento: Guidarini &amp; Salvadeo<\/p>\n<p>Stefano Guidarini e Pierluigi Salvadeo architetti associati<\/p>\n<p>con Riccardo Spreafico, Luca Varvello<\/p>\n<p>Materiali prestati:Federico Enrichetti<\/p>\n<p>Ingresso Libero<\/p>\n<p><strong style=\"font-weight: bold;\">\u00a0<\/strong><\/p>\n<p><strong style=\"font-weight: bold;\">Triennale di Milano<\/strong><\/p>\n<p>Viale Alemagna 6<\/p>\n<p>20121 Milano<\/p>\n<p>T. +39 02 724341<\/p>\n<p><a style=\"font-weight: inherit; color: #0068cf;\" href=\"http:\/\/www.triennale.org\/\" target=\"\">www.triennale.org<\/a><\/p>\n<p>&nbsp;<\/p>\n<\/div>\n","protected":false},"excerpt":{"rendered":"<p>9 Ottobre. 23 Novembre 2014. Javier Zanetti Triennale di Milano &nbsp; La mostra su Javier Zanetti vuole celebrare uno dei pochi campioni dello sport capaci di riscuotere stima e ammirazione al di l\u00e0 dell\u2019appartenenza ai colori di una specifica squadra. Javier Zanetti \u00e8 una\u00a0bandiera\u00a0dell\u2019Inter e dell\u2019Argentina ma, soprattutto, \u00e8 una bandiera dello sport. \u00c8 il &hellip; <a href=\"https:\/\/www.gdapress.it\/it\/index.php\/45516\/arte\/javier-zanetti-triennale-milano.html\" class=\"more-link\">Read more <span class=\"screen-reader-text\">Javier Zanetti.TRIENNALE. MILANO<\/span><\/a><\/p>\n","protected":false},"author":2,"featured_media":0,"comment_status":"closed","ping_status":"open","sticky":false,"template":"","format":"standard","meta":{"footnotes":""},"categories":[4],"tags":[13705,17,30],"class_list":["post-45516","post","type-post","status-publish","format-standard","hentry","category-arte","tag-javier-zanetti","tag-milano","tag-triennale"],"_links":{"self":[{"href":"https:\/\/www.gdapress.it\/it\/index.php\/wp-json\/wp\/v2\/posts\/45516","targetHints":{"allow":["GET"]}}],"collection":[{"href":"https:\/\/www.gdapress.it\/it\/index.php\/wp-json\/wp\/v2\/posts"}],"about":[{"href":"https:\/\/www.gdapress.it\/it\/index.php\/wp-json\/wp\/v2\/types\/post"}],"author":[{"embeddable":true,"href":"https:\/\/www.gdapress.it\/it\/index.php\/wp-json\/wp\/v2\/users\/2"}],"replies":[{"embeddable":true,"href":"https:\/\/www.gdapress.it\/it\/index.php\/wp-json\/wp\/v2\/comments?post=45516"}],"version-history":[{"count":1,"href":"https:\/\/www.gdapress.it\/it\/index.php\/wp-json\/wp\/v2\/posts\/45516\/revisions"}],"predecessor-version":[{"id":45519,"href":"https:\/\/www.gdapress.it\/it\/index.php\/wp-json\/wp\/v2\/posts\/45516\/revisions\/45519"}],"wp:attachment":[{"href":"https:\/\/www.gdapress.it\/it\/index.php\/wp-json\/wp\/v2\/media?parent=45516"}],"wp:term":[{"taxonomy":"category","embeddable":true,"href":"https:\/\/www.gdapress.it\/it\/index.php\/wp-json\/wp\/v2\/categories?post=45516"},{"taxonomy":"post_tag","embeddable":true,"href":"https:\/\/www.gdapress.it\/it\/index.php\/wp-json\/wp\/v2\/tags?post=45516"}],"curies":[{"name":"wp","href":"https:\/\/api.w.org\/{rel}","templated":true}]}}