
{"id":45512,"date":"2014-10-08T09:23:25","date_gmt":"2014-10-08T07:23:25","guid":{"rendered":"http:\/\/www.gdapress.it\/it\/?p=45512"},"modified":"2014-10-08T09:23:25","modified_gmt":"2014-10-08T07:23:25","slug":"artcurial-getulio-alviani-milano","status":"publish","type":"post","link":"https:\/\/www.gdapress.it\/it\/index.php\/45512\/appuntamenti\/artcurial-getulio-alviani-milano.html","title":{"rendered":"ARTCURIAL   GETULIO ALVIANI MILANO"},"content":{"rendered":"<div style=\"color: #444444;\">\n<div align=\"center\"><a href=\"http:\/\/www.gdapress.it\/it\/..\/public\/it\/2014\/10\/1454679_10152744342189264_5509153055923872842_n.jpg\"><img loading=\"lazy\" decoding=\"async\" class=\"alignleft size-medium wp-image-45514\" src=\"http:\/\/www.gdapress.it\/it\/..\/public\/it\/2014\/10\/1454679_10152744342189264_5509153055923872842_n-300x216.jpg\" alt=\"1454679_10152744342189264_5509153055923872842_n\" width=\"300\" height=\"216\" srcset=\"https:\/\/www.gdapress.it\/it\/..\/public\/it\/2014\/10\/1454679_10152744342189264_5509153055923872842_n-300x216.jpg 300w, https:\/\/www.gdapress.it\/it\/..\/public\/it\/2014\/10\/1454679_10152744342189264_5509153055923872842_n.jpg 500w\" sizes=\"auto, (max-width: 300px) 100vw, 300px\" \/><\/a><\/div>\n<div align=\"center\">ARTCURIAL<\/div>\n<div align=\"center\">Palazzo Crespi, Corso Venezia 22, Milano 20121<\/div>\n<\/div>\n<div style=\"color: #444444;\" align=\"center\">\n<div align=\"center\"><b style=\"font-weight: bold;\">Mercoled\u00ec 8 ottobre 2014 alle ore 18.30<\/b><\/div>\n<div align=\"center\"><span style=\"color: #800000;\"><b style=\"font-weight: bold;\">Aperitivi Culturali<br \/>\n<\/b><\/span><\/div>\n<div align=\"center\"><b style=\"font-weight: bold;\">\u00a0<\/b><\/div>\n<\/div>\n<div style=\"color: #444444;\" align=\"center\"><\/div>\n<div style=\"color: #444444;\" align=\"center\">\n<div align=\"center\"><b style=\"font-weight: bold;\">getulio alviani in conversazione con Egidio Fiorin<\/b><\/div>\n<div align=\"center\"><b style=\"font-weight: bold;\">presenta il libro d\u2019artista<\/b><\/div>\n<div align=\"center\"><b style=\"font-weight: bold;\">\u00a0<\/b><\/div>\n<div align=\"center\"><b style=\"font-weight: bold;\"><span style=\"color: #800000;\">getulio alviani<\/span><\/b><\/div>\n<div align=\"center\"><b style=\"font-weight: bold;\"><\/b><\/p>\n<div align=\"center\"><b style=\"font-weight: bold;\"><i style=\"font-style: italic;\">Publius Curnelius Tacitus \u2013 getulio alviani<\/i><\/b><\/div>\n<div align=\"center\"><b style=\"font-weight: bold;\"><i style=\"font-style: italic;\">\u00a0\u201cDe vita et moribus Iulii Agricolae\u201d<\/i><\/b><\/div>\n<div align=\"center\"><b style=\"font-weight: bold;\"><i style=\"font-style: italic;\">\u00a0<\/i><\/b><\/div>\n<\/div>\n<div align=\"center\"><b style=\"font-weight: bold;\">\u00a0Edito da Colophonarte<\/b><\/div>\n<div>\n<div><b style=\"font-weight: bold;\">\u00a0<\/b><\/div>\n<div>ingresso libero<\/div>\n<div><b style=\"font-weight: bold;\">\u00a0<\/b><\/div>\n<div><b style=\"font-weight: bold;\"><i style=\"font-style: italic;\">Domani,\u00a0<\/i>mercoled\u00ec 8 ottobre alle ore 18.30<\/b>,\u00a0<b style=\"font-weight: bold;\">Artcurial\u00a0<\/b>ospita un nuovo appuntamento del calendario\u00a0<b style=\"font-weight: bold;\">\u201cAperitivi Culturali\u201d<\/b>, ciclo di incontri di approfondimento\u00a0<b style=\"font-weight: bold;\">aperti al pubblico gratuitamente<\/b>, promossi da\u00a0<b style=\"font-weight: bold;\">Artcurial<\/b>\u00a0e tenuti da protagonisti del panorama artistico contemporaneo chiamati a confrontarsi su tematiche specifiche.<\/div>\n<div><\/div>\n<div><b style=\"font-weight: bold;\">getulio alviani<\/b>\u00a0(Udine, 1939), protagonista indiscusso dell\u2019arte definita gestaltica\u2013programmatica degli anni Sessanta e Settanta, sar\u00e0 in dialogo con\u00a0<b style=\"font-weight: bold;\">Egidio Fiorin<\/b>, fondatore e direttore di\u00a0<i style=\"font-style: italic;\">Colophon Edizioni<\/i>, e presenter\u00e0 il suo libro d\u2019artista edito da\u00a0<b style=\"font-weight: bold;\"><i style=\"font-style: italic;\">Colophonarte<\/i><\/b>:\u00a0<b style=\"font-weight: bold;\"><i style=\"font-style: italic;\">Publius Cornelius Tacitus \u2013 getulio alviani, de vita et moribus Iulii Agricolae<\/i><\/b>.<\/div>\n<div><\/div>\n<div>La prestigiosa pubblicazione trae ispirazione dall\u2019opera dello storico romano\u00a0<b style=\"font-weight: bold;\"><i style=\"font-style: italic;\">Tacito<\/i><\/b>\u00a0che racconta la vita e i costumi di Gneo Giulio Agricola, governatore della Britannia. Il testo offre un resoconto storico ed etnografico delle popolazioni britanniche che, in netto contrasto con i conquistatori romani, risultano essere ricche di valori positivi.\u00a0<b style=\"font-weight: bold;\"><i style=\"font-style: italic;\">Tacito<\/i><\/b>\u00a0esprime il suo dissenso nei confronti della trascorsa politica dell\u2019imperatore Domiziano, attraverso il divario morale tra conquistatori e vittime espresso nel famoso\u00a0<b style=\"font-weight: bold;\"><i style=\"font-style: italic;\">discorso di<\/i>\u00a0<i style=\"font-style: italic;\">Calgraco<\/i><\/b>, capo dei Caledoni, che precede la Battaglia del Monte Graupio (cap. XXX):\u00a0<i style=\"font-style: italic;\">Calgraco<\/i>\u00a0incita il popolo caledone alla resistenza denunciando lo sfruttamento e le distruzioni causate dalla tirannia romana.<\/div>\n<div><\/div>\n<div><b style=\"font-weight: bold;\">getulio alviani<\/b>\u00a0ha interpretato l\u2019orazione realizzando due opere:\u00a0<b style=\"font-weight: bold;\">un\u2019incisione all\u2019acquatinta<\/b>\u00a0inclusa in tutte le stampe e una\u00a0<b style=\"font-weight: bold;\">scultura in lamina di acciaio e pigmento<\/b>\u00a0che accompagna solo i primi 18 esemplari del volume.<\/div>\n<div>Le strutture in divenire, che corredano l\u2019<b style=\"font-weight: bold;\"><i style=\"font-style: italic;\">Agricola<\/i><\/b><i style=\"font-style: italic;\">,<\/i>\u00a0si inseriscono nelle ricerche intraprese da\u00a0<b style=\"font-weight: bold;\">alviani<\/b>\u00a0sin dalla seconda met\u00e0 degli anni Sessanta sulle incidenze di fattori chimici e fisici nel processo di elaborazione visiva. L\u2019artista ha progettato delle composizioni cromatiche di forme concave e convesse generate da calcoli matematici. Le opere interagiscono con la percezione dell\u2019osservatore attraverso fenomenologie cromatiche programmate con rigore scientifico che danno via a effetti ottici in continuo mutamento.<\/div>\n<div><\/div>\n<div><b style=\"font-weight: bold;\">L\u2019incontro \u00e8 aperto gratuitamente al pubblico fino a esaurimento posti.\u00a0<\/b>E\u2019 consigliabile la prenotazione (T.\u00a0<span id=\"ecxskype_c2c_container\" class=\"ecxskype_c2c_container ecxnotranslate\" dir=\"ltr\" tabindex=\"-1\" data-numbertocall=\"+390249763649\" data-isfreecall=\"false\" data-isrtl=\"false\" data-ismobile=\"false\"><span class=\"ecxskype_c2c_highlighting_inactive_common\" dir=\"ltr\"><span id=\"ecxnon_free_num_ui\" class=\"ecxskype_c2c_textarea_span\"><span class=\"ecxskype_c2c_text_span\">+39 02 49763649<\/span><span class=\"ecxskype_c2c_free_text_span\">\u00a0<\/span><\/span><\/span><\/span>\u00a0E &#8211;<a style=\"font-weight: inherit; color: #0068cf;\" href=\"mailto:milano@artcurial.com\">milano@artcurial.com<\/a>\u00a0).<span class=\"ecxskype_c2c_print_container ecxnotranslate\">+39 02 49763649<\/span><\/div>\n<div>Al termine della presentazione sar\u00e0 offerto un aperitivo.<\/div>\n<div><\/div>\n<div>\u201c<i style=\"font-style: italic;\">Con le mostre in anteprima, le giornate di expertise gratuite e \u201cCollezionismi\u201d, serie di incontri a tema dedicati alla scoperta e approfondimento di ambiti di collezionismo specifici, \u201cAperitivi Culturali\u201d va ad arricchire il gi\u00e0 ricco ed eterogeno programma di iniziative che Artcurial desidera offrire nella propria sede milanese al grande pubblico\u201d\u00a0<\/i>Gioia Sardagna Ferrari, direttrice della sede milanese di Artcurial.<\/div>\n<div><\/div>\n<div><\/div>\n<div><b style=\"font-weight: bold;\">\u00a0<\/b><\/div>\n<div><span style=\"color: #800000;\"><b style=\"font-weight: bold;\">GETULIO ALVIANI, CENNI BIOGRAFICI<\/b><\/span><\/div>\n<div><b style=\"font-weight: bold;\">getulio alviani<\/b>\u00a0\u00e8 nato a Udine il 5 settembre 1939, \u00e8 \u201cideatore plastico\u201d, grafico, teorico e collezionista. La sua formazione scultorea si arricchisce negli anni giovanili di studi tecnico-meccanici che lo portano a riflettere sulle relazioni tra comunicazione visiva, percezione e programmazione elettronica, realizzando strutture cinetico \u2013 vibratili e alcuni tra i primi esempi di opera d\u2019arte ambientale. Nel corso della sua attivit\u00e0 si \u00e8 sempre interessato alle potenzialit\u00e0 offerte dall\u2019applicazione di nozioni matematiche e fisiche alla creazione artistica, producendo opere caratterizzate da fenomeni termo \u2013 meccanici ed evaporazioni. Partecipa a numerose esposizioni personali e collettive di respiro internazionale, tra le altre: \u201cArte Programmata\u201d, tenutasi nel 1962 presso il Negozio Olivetti di Piazza San Marco a Venezia che presentava al grande pubblico tutte le ricerche in ambito cinetico-visivo intraprese dalle nuove generazioni italiane informate sul clima artistico internazionale; nel 1964 partecipa alla Biennale di Venezia; nel 1965 \u00e8 tra i protagonisti della grande rassegna di arte cinetica tenutasi al MoMA di New York dal titolo \u201cThe Responsive Eye\u201d. Dal 1976, detiene la cattedra di pittura presso l\u2019Accademia di Belle Arti di Carrara, tra il 1981 e il 1985 dirige il Museo d\u2019Arte Moderna di Ciudad de Bolivar in Venezuela.<\/div>\n<div><\/div>\n<div><\/div>\n<div><span style=\"color: #800000;\"><b style=\"font-weight: bold;\">ARTCURIAL<\/b><\/span><\/div>\n<div><i style=\"font-style: italic;\"><\/i>Fondata nel 2002, Artcurial \u00e8 oggi leader tra le case d\u2019asta francesi, con 123 aste organizzate da oltre 27 dipartimenti specifici. Nel 2013 la casa d\u2019aste ha raggiunto, complessivamente, un ammontare di vendita totale pari a \u20ac 178.1 milioni con un incremento del 24% rispetto al 2012. In particolare, Artcurial ha battuto la terza cifra pi\u00f9 alta dell\u2019anno con la scultura\u00a0<i style=\"font-style: italic;\">La Rivi\u00e8re\u00a0<\/i>di Aristide Maillol, aggiudicata a pi\u00f9 di 6,1 milioni di euro. Nel 2014, Artcurial prosegue il trend di crescita, rafforzando gli ambiti relativi al ventesimo secolo con i nuovi dipartimenti: Fotografia, Limited Editions e Arte Tribale. Artcurial, inoltre, conferma la propria posizione di leader nel mercato europeo nel settore dei Fumetti, del collezionismo d\u2019auto in Europa continentale, dei gioielli e orologi in Francia e a Monte Carlo e la pittura degli antichi maestri a ParigiCon una forte propensione internazionale, Artcurial rafforza la sua presenza all\u2019estero con uffici dedicati a Milano e a Bruxelles, organizzando esposizioni itineranti negli Stati Uniti e in Asia.<\/div>\n<div><b style=\"font-weight: bold;\">Gioia Sardagna Ferrari<\/b>\u00a0dirige la sede italiana di Artcurial, inaugurata nel 2012 presso Palazzo Crespi in Corso Venezia 22. La sede italiana presenta\u00a0<b style=\"font-weight: bold;\">mostre in anteprima delle aste\u00a0<\/b>di prestigio di Parigi (in aprile e in novembre) e<b style=\"font-weight: bold;\">\u00a0mostre temporanee di collezioni private\u00a0<\/b>di grande pregio e interesse, altrimenti non visibili dal pubblico;\u00a0<b style=\"font-weight: bold;\">promuove giornate di Expertise gratuite<\/b>, con il coinvolgimento degli esperti dei 26 dipartimenti di cui la casa d\u2019aste si occupa e occasioni di dibattito, con\u00a0<b style=\"font-weight: bold;\">incontri e conferenze\u00a0<\/b>aperti al pubblico, come i cicli \u201cCollezionismi\u201d e \u201cAperitivi Culturali\u201d.<\/div>\n<div>La presenza continuativa e permanente in Italia di Artcurial consente anche di stabilire pi\u00f9 stretti legami con i numerosi clienti italiani che ogni estate si danno appuntamento a Montecarlo, in occasione delle aste di gioielli e orologi.<\/div>\n<p><b style=\"font-weight: bold;\">\u00a0<\/b><\/p>\n<div><b style=\"font-weight: bold;\">\u00a0<\/b><\/div>\n<div><b style=\"font-weight: bold;\">\u00a0<\/b><\/div>\n<div><span style=\"color: #800000;\"><b style=\"font-weight: bold;\">SCHEDA DEL LIBRO D\u2019ARTISTA<\/b><\/span><\/div>\n<div><b style=\"font-weight: bold;\">Publius Cornelius Tacitus \u2013 getulio alviani,<\/b><\/div>\n<div><b style=\"font-weight: bold;\">De vita et moribus Iulii Agricolae<\/b>\u00a0,\u00a0<b style=\"font-weight: bold;\">2013<\/b><\/div>\n<div>Formato 35&#215;35<\/div>\n<div>40 pag<\/div>\n<div>Testi nella versione originale e nelle traduzioni in italiano, inglese, francese e tedesco<\/div>\n<div>composti da Rodolfo Campi \u00ecn Garamond c. 14<\/div>\n<div>Stampa Tipoteca Italiana Fondazione<\/div>\n<div>Carta di Amatruda puro cotone da 200g.<\/div>\n<div>Tutti gli esemplari sono corredati da una incisione all\u2019acquaforte-acquatinta di Getulio Alviani numerata e firmata dall\u2019artista<\/div>\n<div>Incisioni stampate da Roberto Giudici su Zerkall da 600 g.<\/div>\n<div>I primi 18 esemplari sono arricchiti da una scultura in acciaio e pigmenti dello stesso Getulio Alviani, numerata e firmata su foto.<\/div>\n<div><\/div>\n<div><\/div>\n<div><span style=\"color: #800000;\"><b style=\"font-weight: bold;\">INFORMAZIONI PRATICHE<\/b><\/span><\/div>\n<div><b style=\"font-weight: bold;\">Sede\u00a0 \u00a0\u00a0\u00a0\u00a0\u00a0\u00a0\u00a0\u00a0\u00a0\u00a0\u00a0\u00a0\u00a0\u00a0<\/b>ARTCURIAL in Italia | Palazzo Crespi &#8211; Corso Venezia 22 | \u00a0Milano<\/div>\n<div><b style=\"font-weight: bold;\">Evento<\/b>\u00a0\u00a0\u00a0\u00a0\u00a0\u00a0\u00a0\u00a0\u00a0\u00a0\u00a0 Presentazione del libro d\u2019artista:<\/div>\n<div>\u00a0\u00a0\u00a0\u00a0\u00a0\u00a0\u00a0\u00a0\u00a0\u00a0\u00a0\u00a0\u00a0\u00a0\u00a0\u00a0\u00a0\u00a0\u00a0\u00a0\u00a0\u00a0\u00a0\u00a0<b style=\"font-weight: bold;\">Publius Cornelius Tacitus-getulio alviani<i style=\"font-style: italic;\">, De vita et moribus Iulii Agricolae<\/i><\/b><\/div>\n<div><b style=\"font-weight: bold;\">Quando\u00a0\u00a0\u00a0\u00a0\u00a0\u00a0\u00a0\u00a0\u00a0\u00a0\u00a0<\/b>mercoled\u00ec 8 ottobre 2014, ore 18.30<\/div>\n<div><b style=\"font-weight: bold;\">Biglietto \u00a0\u00a0\u00a0\u00a0\u00a0\u00a0\u00a0\u00a0\u00a0<\/b>Ingresso Libero<\/div>\n<div><b style=\"font-weight: bold;\">Contatti \u00a0\u00a0\u00a0\u00a0\u00a0\u00a0\u00a0\u00a0\u00a0 T<\/b>\u00a0<span id=\"ecxskype_c2c_container\" class=\"ecxskype_c2c_container ecxnotranslate\" dir=\"ltr\" tabindex=\"-1\" data-numbertocall=\"+390249763649\" data-isfreecall=\"false\" data-isrtl=\"false\" data-ismobile=\"false\"><span class=\"ecxskype_c2c_highlighting_inactive_common\" dir=\"ltr\"><span id=\"ecxnon_free_num_ui\" class=\"ecxskype_c2c_textarea_span\"><span class=\"ecxskype_c2c_text_span\">02 49 76 36 49<\/span><span class=\"ecxskype_c2c_free_text_span\">\u00a0<\/span><\/span><\/span><\/span>\u00a0\u00a0\u00a0<b style=\"font-weight: bold;\">Email\u00a0\u00a0<\/b>milano@artcurial.com<span class=\"ecxskype_c2c_print_container ecxnotranslate\">02 49 76 36 49<\/span><\/div>\n<div><b style=\"font-weight: bold;\">Website\u00a0\u00a0\u00a0\u00a0\u00a0\u00a0\u00a0\u00a0\u00a0\u00a0<\/b><a style=\"font-weight: inherit; color: #0068cf;\" href=\"http:\/\/www.artcurial.com\/\" target=\"_blank\">www.artcurial.com<\/a><\/div>\n<\/div>\n<\/div>\n","protected":false},"excerpt":{"rendered":"<p>ARTCURIAL Palazzo Crespi, Corso Venezia 22, Milano 20121 Mercoled\u00ec 8 ottobre 2014 alle ore 18.30 Aperitivi Culturali \u00a0 getulio alviani in conversazione con Egidio Fiorin presenta il libro d\u2019artista \u00a0 getulio alviani Publius Curnelius Tacitus \u2013 getulio alviani \u00a0\u201cDe vita et moribus Iulii Agricolae\u201d \u00a0 \u00a0Edito da Colophonarte \u00a0 ingresso libero \u00a0 Domani,\u00a0mercoled\u00ec 8 ottobre &hellip; <a href=\"https:\/\/www.gdapress.it\/it\/index.php\/45512\/appuntamenti\/artcurial-getulio-alviani-milano.html\" class=\"more-link\">Read more <span class=\"screen-reader-text\">ARTCURIAL   GETULIO ALVIANI MILANO<\/span><\/a><\/p>\n","protected":false},"author":2,"featured_media":0,"comment_status":"closed","ping_status":"open","sticky":false,"template":"","format":"standard","meta":{"footnotes":""},"categories":[2245],"tags":[8742,8476,13704],"class_list":["post-45512","post","type-post","status-publish","format-standard","hentry","category-appuntamenti","tag-alviani","tag-artcurial","tag-florin"],"_links":{"self":[{"href":"https:\/\/www.gdapress.it\/it\/index.php\/wp-json\/wp\/v2\/posts\/45512","targetHints":{"allow":["GET"]}}],"collection":[{"href":"https:\/\/www.gdapress.it\/it\/index.php\/wp-json\/wp\/v2\/posts"}],"about":[{"href":"https:\/\/www.gdapress.it\/it\/index.php\/wp-json\/wp\/v2\/types\/post"}],"author":[{"embeddable":true,"href":"https:\/\/www.gdapress.it\/it\/index.php\/wp-json\/wp\/v2\/users\/2"}],"replies":[{"embeddable":true,"href":"https:\/\/www.gdapress.it\/it\/index.php\/wp-json\/wp\/v2\/comments?post=45512"}],"version-history":[{"count":2,"href":"https:\/\/www.gdapress.it\/it\/index.php\/wp-json\/wp\/v2\/posts\/45512\/revisions"}],"predecessor-version":[{"id":45515,"href":"https:\/\/www.gdapress.it\/it\/index.php\/wp-json\/wp\/v2\/posts\/45512\/revisions\/45515"}],"wp:attachment":[{"href":"https:\/\/www.gdapress.it\/it\/index.php\/wp-json\/wp\/v2\/media?parent=45512"}],"wp:term":[{"taxonomy":"category","embeddable":true,"href":"https:\/\/www.gdapress.it\/it\/index.php\/wp-json\/wp\/v2\/categories?post=45512"},{"taxonomy":"post_tag","embeddable":true,"href":"https:\/\/www.gdapress.it\/it\/index.php\/wp-json\/wp\/v2\/tags?post=45512"}],"curies":[{"name":"wp","href":"https:\/\/api.w.org\/{rel}","templated":true}]}}