
{"id":45497,"date":"2014-10-08T08:12:13","date_gmt":"2014-10-08T06:12:13","guid":{"rendered":"http:\/\/www.gdapress.it\/it\/?p=45497"},"modified":"2014-10-08T08:12:28","modified_gmt":"2014-10-08T06:12:28","slug":"in-attesa-dellexpo-artisti-milano","status":"publish","type":"post","link":"https:\/\/www.gdapress.it\/it\/index.php\/45497\/arte\/in-attesa-dellexpo-artisti-milano.html","title":{"rendered":"IN ATTESA DELL\u2019EXPO. ARTISTI A MILANO"},"content":{"rendered":"<h5><a href=\"http:\/\/www.gdapress.it\/it\/..\/public\/it\/2014\/10\/in-CAMMINO_4.jpg\"><img loading=\"lazy\" decoding=\"async\" class=\"alignleft size-medium wp-image-45498\" src=\"http:\/\/www.gdapress.it\/it\/..\/public\/it\/2014\/10\/in-CAMMINO_4-164x300.jpg\" alt=\"in CAMMINO_4\" width=\"164\" height=\"300\" srcset=\"https:\/\/www.gdapress.it\/it\/..\/public\/it\/2014\/10\/in-CAMMINO_4-164x300.jpg 164w, https:\/\/www.gdapress.it\/it\/..\/public\/it\/2014\/10\/in-CAMMINO_4-219x400.jpg 219w, https:\/\/www.gdapress.it\/it\/..\/public\/it\/2014\/10\/in-CAMMINO_4.jpg 317w\" sizes=\"auto, (max-width: 164px) 100vw, 164px\" \/><\/a><\/h5>\n<h5><strong><em>IN ATTESA DELL\u2019EXPO<\/em><\/strong><strong>. <\/strong><strong><em>ARTISTI A MILANO<\/em><\/strong><\/h5>\n<p><em>mostra promossa <\/em>dalla Galleria Scoglio di Quarto Onlus<\/p>\n<p><em>in collaborazione con <\/em>Provincia di Milano<\/p>\n<p><em>curata da<\/em> Gabriella Brembati<\/p>\n<h2>Spazio Soderini della Provincia di Milano<\/h2>\n<p>Via Strozzi angolo Via Soderini,Milano<\/p>\n<p><strong><em>dall\u2019 <\/em><\/strong><strong>8 ottobre <em>al<\/em> 18 novembre 2014<\/strong><\/p>\n<p><em>orari<\/em>: da luned\u00ec a venerd\u00ec dalle 11.00 alle 19.00<\/p>\n<p><em>catalogo edito da<\/em> Galleria Scoglio di Quarto Onlus <em>con testo<\/em> <em>di <\/em>Giorgio Bonomi<\/p>\n<p>&nbsp;<\/p>\n<p>&nbsp;<\/p>\n<p>Si tiene dall\u20198 ottobre al 18 novembre 2014, presso lo Spazio Soderini, in Via Strozzi angolo Via Soderini, Milano, edificio della Provincia di Milano caratterizzato da un\u2019affascinante architettura, la mostra <strong><em>In attesa dell\u2019Expo. Artisti a Milano<\/em><\/strong>.<\/p>\n<p>&nbsp;<\/p>\n<p>Una collettiva di artisti legati a Milano, per nascita, per trasferimento o semplicemente per stima nei confronti della \u201ccapitale\u201d, non solo morale ma anche artistica d\u2019Italia, esponendo un buon numero dei loro lavori. Operano con le tecniche \u201cnobili\u201d dell\u2019arte visiva, cio\u00e8 la pittura e la scultura, e si esprimono nei grandi filoni linguistici dell\u2019informale, dell\u2019astrazione, della matericit\u00e0 e della liricit\u00e0. Sono artisti lontani dalle luminarie delle apparenze effimere e modaiole, che hanno segnato tappe importanti dell\u2019arte italiana e che sicuramente hanno molto da dire.<\/p>\n<p><strong>\u00a0<\/strong><\/p>\n<p><em>\u201cNel rinnovato Spazio Soderini ospitiamo una mostra collettiva con la quale la Provincia di Milano e l\u2019Assessorato alla Cultura inizia un percorso verso l\u2019Expo 2015. &#8211; <\/em>sottolinea <strong>Novo Umberto Maerna,<\/strong> <strong>Vice Presidente e Assessore alla Cultura della Provincia di Milano <\/strong><strong>&#8211;<\/strong><em>L\u2019obiettivo \u00e8 valorizzare e accrescere la conoscenza dei grandi artisti che hanno contribuito a far grande Milano, e la cultura milanese e lombarda.\u201d<\/em><\/p>\n<p>&nbsp;<\/p>\n<p>L\u2019esposizione \u00e8 composta da opere di: Alvaro &#8211; Giuliana Balice &#8211; Alessandra Bonoli &#8211; Adalberto Borioli &#8211; Ludovico Calchi Novati &#8211; Mauro Cappelletti &#8211; Mariangela De Maria &#8211; Bruno Marcelloni &#8211; Antonio Musella &#8211; Carlo Nangeroni &#8211; Manlio Onorato &#8211; Laure Rizzi &#8211; Alessandro Savelli &#8211; Stefano Soddu &#8211; Armanda Verdirame &#8211; Pierantonio Verga &#8211; Simona Weller &#8211; Giorgio Zuter.<\/p>\n<p>&nbsp;<\/p>\n<p>\u00abChi mi conosce sa che ho sempre guardato con grande interesse gli artisti giovani, e giovanissimi, e ho lavorato molto con loro, tuttavia non sono mai stato contagiato dal \u201cgiovanilismo\u201d. Se \u00e8 vero e doveroso il \u201clasciamo spazio ai giovani\u201d, \u00e8 pur vero che gli artisti che non lo sono pi\u00f9 possono esprimere, sicuramente, valori pi\u00f9 alti ed anche pi\u00f9 innovativi di quelli.\u00bb (dal testo in catalogo di Giorgio Bonomi).<\/p>\n<p>&nbsp;<\/p>\n<p><strong>Per informazioni:<\/strong><\/p>\n<p><strong>-Provincia di Milano 02 77406864 \u2013 02 77404453 www.provincia.milano.it<\/strong><\/p>\n<p><strong>-Scoglio di Quarto ONLUS\u00a0 3485630381 www.galleriascogliodiquarto.com<\/strong><\/p>\n<p><strong>\u00a0<\/strong><\/p>\n","protected":false},"excerpt":{"rendered":"<p>IN ATTESA DELL\u2019EXPO. ARTISTI A MILANO mostra promossa dalla Galleria Scoglio di Quarto Onlus in collaborazione con Provincia di Milano curata da Gabriella Brembati Spazio Soderini della Provincia di Milano Via Strozzi angolo Via Soderini,Milano dall\u2019 8 ottobre al 18 novembre 2014 orari: da luned\u00ec a venerd\u00ec dalle 11.00 alle 19.00 catalogo edito da Galleria &hellip; <a href=\"https:\/\/www.gdapress.it\/it\/index.php\/45497\/arte\/in-attesa-dellexpo-artisti-milano.html\" class=\"more-link\">Read more <span class=\"screen-reader-text\">IN ATTESA DELL\u2019EXPO. ARTISTI A MILANO<\/span><\/a><\/p>\n","protected":false},"author":2,"featured_media":0,"comment_status":"closed","ping_status":"open","sticky":false,"template":"","format":"standard","meta":{"footnotes":""},"categories":[4],"tags":[1775,504,13700],"class_list":["post-45497","post","type-post","status-publish","format-standard","hentry","category-arte","tag-expo","tag-mlano","tag-spazio-soderini"],"_links":{"self":[{"href":"https:\/\/www.gdapress.it\/it\/index.php\/wp-json\/wp\/v2\/posts\/45497","targetHints":{"allow":["GET"]}}],"collection":[{"href":"https:\/\/www.gdapress.it\/it\/index.php\/wp-json\/wp\/v2\/posts"}],"about":[{"href":"https:\/\/www.gdapress.it\/it\/index.php\/wp-json\/wp\/v2\/types\/post"}],"author":[{"embeddable":true,"href":"https:\/\/www.gdapress.it\/it\/index.php\/wp-json\/wp\/v2\/users\/2"}],"replies":[{"embeddable":true,"href":"https:\/\/www.gdapress.it\/it\/index.php\/wp-json\/wp\/v2\/comments?post=45497"}],"version-history":[{"count":2,"href":"https:\/\/www.gdapress.it\/it\/index.php\/wp-json\/wp\/v2\/posts\/45497\/revisions"}],"predecessor-version":[{"id":45500,"href":"https:\/\/www.gdapress.it\/it\/index.php\/wp-json\/wp\/v2\/posts\/45497\/revisions\/45500"}],"wp:attachment":[{"href":"https:\/\/www.gdapress.it\/it\/index.php\/wp-json\/wp\/v2\/media?parent=45497"}],"wp:term":[{"taxonomy":"category","embeddable":true,"href":"https:\/\/www.gdapress.it\/it\/index.php\/wp-json\/wp\/v2\/categories?post=45497"},{"taxonomy":"post_tag","embeddable":true,"href":"https:\/\/www.gdapress.it\/it\/index.php\/wp-json\/wp\/v2\/tags?post=45497"}],"curies":[{"name":"wp","href":"https:\/\/api.w.org\/{rel}","templated":true}]}}