
{"id":45433,"date":"2014-10-07T08:10:07","date_gmt":"2014-10-07T06:10:07","guid":{"rendered":"http:\/\/www.gdapress.it\/it\/?p=45433"},"modified":"2014-10-07T08:10:07","modified_gmt":"2014-10-07T06:10:07","slug":"daniela-poggi-in-anima-animale-teatro-spazio-roma","status":"publish","type":"post","link":"https:\/\/www.gdapress.it\/it\/index.php\/45433\/teatro\/daniela-poggi-in-anima-animale-teatro-spazio-roma.html","title":{"rendered":"Daniela Poggi in ANIMA ANIMALE  Teatro Lo Spazio Roma"},"content":{"rendered":"<div style=\"color: #444444; text-align: left;\" align=\"center\"><a href=\"http:\/\/www.gdapress.it\/it\/..\/public\/it\/2014\/10\/ImageProxy.jpg\"><img loading=\"lazy\" decoding=\"async\" class=\"alignleft size-full wp-image-45434\" src=\"http:\/\/www.gdapress.it\/it\/..\/public\/it\/2014\/10\/ImageProxy.jpg\" alt=\"ImageProxy\" width=\"295\" height=\"352\" srcset=\"https:\/\/www.gdapress.it\/it\/..\/public\/it\/2014\/10\/ImageProxy.jpg 295w, https:\/\/www.gdapress.it\/it\/..\/public\/it\/2014\/10\/ImageProxy-251x300.jpg 251w\" sizes=\"auto, (max-width: 295px) 100vw, 295px\" \/><\/a><\/div>\n<div style=\"color: #444444; text-align: left;\" align=\"center\"><span style=\"font-family: Tahoma;\"><b style=\"font-weight: bold;\">TEATRO LO SPAZIO<br \/>\nStagione teatrale 2013\/2014<\/b><\/p>\n<p><i style=\"font-style: italic;\">Direzione Artistica:\u00a0<b style=\"font-weight: bold;\">Alberto Bassetti<\/b>\u00a0e\u00a0<b style=\"font-weight: bold;\">Francesco Verdinelli<\/b><\/i><br \/>\n<\/span><\/div>\n<p style=\"color: #444444; text-align: left;\"><span style=\"font-family: Tahoma;\"><br \/>\n<span style=\"color: #1f497d;\"><strong style=\"font-weight: bold;\">DAL 7 AL 19 OTTOBRE 2014<\/strong><\/span><\/p>\n<p>Cubatea presenta<br \/>\n<strong style=\"font-weight: bold;\">DANIELA POGGI<\/strong><br \/>\nin<br \/>\n<span style=\"color: #c00000;\"><strong style=\"font-weight: bold;\">ANIMA ANIMALE<\/strong><\/span><br \/>\n(READING)<\/p>\n<p>Drammaturgia e allestimento a cura di<br \/>\n<strong style=\"font-weight: bold;\">LUCA DE BEI<\/strong><\/p>\n<p>Musiche originali di<br \/>\n<strong style=\"font-weight: bold;\">FRANCESCO VERDINELLI<\/strong><\/p>\n<p><em style=\"font-style: italic;\">Un viaggio nel sorprendente mondo dei sentimenti ed emozioni degli animali attraverso racconti, testimonianze, storie di vita.<\/em><\/span><\/p>\n<p style=\"color: #444444; text-align: left;\"><span style=\"font-family: Tahoma;\"><br \/>\n&#8220;Se per anima intendiamo la parte incorporea dell&#8217;essere, sede della sensibilit\u00e0, del giudizio e della volont\u00e0, fonte dei pensieri, dei desideri e delle passioni, ebbene s\u00ec, gli animali hanno un&#8217;anima. Se per anima intendiamo il coraggio, i sentimenti nobili, gli istinti generosi di un essere considerato dal punto di vista morale, ebbene s\u00ec, gli animali hanno un&#8217;anima. Se per anima intendiamo un&#8217;entit\u00e0 immateriale, ma pur tuttavia sottile e sostanziale, che si separa dal corpo nel momento della morte; se per anima s&#8217;intende una copia conforme dell&#8217;essere, che riproduce fedelmente ci\u00f2 che egli fu nella sua vita e che gli consente di continuare a vivere in un altro mondo, ebbene s\u00ec, gli animali hanno un&#8217;anima.&#8221;\u00a0 (JEAN PRIEUR)<\/p>\n<p>Sono sempre pi\u00f9 numerose le voci che si levano a difesa degli abitanti non umani che condividono con noi la vita sulla Terra. Come Monsignor Mario Canciani il parroco di San Giovanni dei Fiorentini a Roma, il \u201cprete che non scaccia i cani dalla chiesa\u201d. Sempre pi\u00f9 numerosi sono anche coloro che sostengono che gli animali abbiano un\u2019anima. Papa Giovanni Paolo II tempo fa invit\u00f2 i teologi a studiare un nuovo tipo di rapporto uomo-animale, fino ad arrivare a sostenere che \u201canche gli animali hanno un soffio divino\u201d mentre Papa Paolo VI rispose cos\u00ec ad un signore che raccontava del dolore per la morte del suo cane: \u201class\u00f9 lo ritroverai.\u201d\u00a0 Del resto chi vive quotidianamente con un cane o un gatto pu\u00f2 tranquillamente testimoniare che questi animali hanno oltre all\u2019intelligenza, all\u2019istinto, a un loro linguaggio, alla capacit\u00e0 di rapportarsi a noi umani, anche una profonda sensibilit\u00e0, una memoria inossidabile, la capacit\u00e0 di discernere tra bene e male, e poi il coraggio, la generosit\u00e0, l\u2019attitudine a prendersi cura, alla fedelt\u00e0, all\u2019abnegazione. Di cosa altro dovrebbe essere dotato un essere vivente per poter affermare che possiede un\u2019anima? Ma degli altri animali, quelli meno fortunati, quelli che vengono trattati come oggetti, stipati negli allevamenti intensivi prima di essere uccisi per finire sulla nostra tavola, cosa sappiamo? E di quelli selvaggi che vivono lontani da noi? Ebbene, attraverso storie di mucche coraggiose, galline caparbie, maiali innamorati, elefanti che si commuovono (oltre naturalmente a storie dei nostri amici cani e gatti) entreremo nel meraviglioso mondo della sensibilit\u00e0 animale.\u00a0 Storie di vita condivisa tra umani e animali.<\/p>\n<p>Daniela Poggi\u00a0 dar\u00e0 voce alle vite di queste creature identificandosi con i loro sentimenti fino\u00a0 a\u00a0 diventare essa stessa quella creatura e fino a farci vivere (anche attraverso immagini, suoni, musiche) ci\u00f2 che gli animali provano, sentono, temono ed amano. A conferma che l\u2019uomo non \u00e8 l\u2019unico depositario di emozioni, sentimenti, passioni, ma che ci\u00f2 appartiene ad ogni creatura di questo pianeta.<br \/>\n<\/span><\/p>\n","protected":false},"excerpt":{"rendered":"<p>TEATRO LO SPAZIO Stagione teatrale 2013\/2014 Direzione Artistica:\u00a0Alberto Bassetti\u00a0e\u00a0Francesco Verdinelli DAL 7 AL 19 OTTOBRE 2014 Cubatea presenta DANIELA POGGI in ANIMA ANIMALE (READING) Drammaturgia e allestimento a cura di LUCA DE BEI Musiche originali di FRANCESCO VERDINELLI Un viaggio nel sorprendente mondo dei sentimenti ed emozioni degli animali attraverso racconti, testimonianze, storie di vita. &hellip; <a href=\"https:\/\/www.gdapress.it\/it\/index.php\/45433\/teatro\/daniela-poggi-in-anima-animale-teatro-spazio-roma.html\" class=\"more-link\">Read more <span class=\"screen-reader-text\">Daniela Poggi in ANIMA ANIMALE  Teatro Lo Spazio Roma<\/span><\/a><\/p>\n","protected":false},"author":2,"featured_media":0,"comment_status":"closed","ping_status":"open","sticky":false,"template":"","format":"standard","meta":{"footnotes":""},"categories":[1],"tags":[27,17444,12121],"class_list":["post-45433","post","type-post","status-publish","format-standard","hentry","category-teatro","tag-roma","tag-teatro","tag-teatro-lo-spazio"],"_links":{"self":[{"href":"https:\/\/www.gdapress.it\/it\/index.php\/wp-json\/wp\/v2\/posts\/45433","targetHints":{"allow":["GET"]}}],"collection":[{"href":"https:\/\/www.gdapress.it\/it\/index.php\/wp-json\/wp\/v2\/posts"}],"about":[{"href":"https:\/\/www.gdapress.it\/it\/index.php\/wp-json\/wp\/v2\/types\/post"}],"author":[{"embeddable":true,"href":"https:\/\/www.gdapress.it\/it\/index.php\/wp-json\/wp\/v2\/users\/2"}],"replies":[{"embeddable":true,"href":"https:\/\/www.gdapress.it\/it\/index.php\/wp-json\/wp\/v2\/comments?post=45433"}],"version-history":[{"count":1,"href":"https:\/\/www.gdapress.it\/it\/index.php\/wp-json\/wp\/v2\/posts\/45433\/revisions"}],"predecessor-version":[{"id":45435,"href":"https:\/\/www.gdapress.it\/it\/index.php\/wp-json\/wp\/v2\/posts\/45433\/revisions\/45435"}],"wp:attachment":[{"href":"https:\/\/www.gdapress.it\/it\/index.php\/wp-json\/wp\/v2\/media?parent=45433"}],"wp:term":[{"taxonomy":"category","embeddable":true,"href":"https:\/\/www.gdapress.it\/it\/index.php\/wp-json\/wp\/v2\/categories?post=45433"},{"taxonomy":"post_tag","embeddable":true,"href":"https:\/\/www.gdapress.it\/it\/index.php\/wp-json\/wp\/v2\/tags?post=45433"}],"curies":[{"name":"wp","href":"https:\/\/api.w.org\/{rel}","templated":true}]}}