
{"id":45402,"date":"2014-09-25T22:45:22","date_gmt":"2014-09-25T20:45:22","guid":{"rendered":"http:\/\/www.gdapress.it\/it\/?p=45402"},"modified":"2014-10-06T22:45:46","modified_gmt":"2014-10-06T20:45:46","slug":"nuova-linea-eucerin-ultrasensitive-anti-rose-risposta-pelle-ipersensibile","status":"publish","type":"post","link":"https:\/\/www.gdapress.it\/it\/index.php\/45402\/benessere\/nuova-linea-eucerin-ultrasensitive-anti-rose-risposta-pelle-ipersensibile.html","title":{"rendered":"La nuova linea Eucerin UltraSENSITIVE &#038; ANTI-ROSE \u00e8 la risposta alla pelle ipersensibile"},"content":{"rendered":"<p><a href=\"http:\/\/www.gdapress.it\/it\/..\/public\/it\/2014\/10\/Anti-RoseTrattamento-Notte.jpg\"><img loading=\"lazy\" decoding=\"async\" class=\"alignleft size-medium wp-image-45403\" src=\"http:\/\/www.gdapress.it\/it\/..\/public\/it\/2014\/10\/Anti-RoseTrattamento-Notte-106x300.jpg\" alt=\"Anti-RoseTrattamento-Notte\" width=\"106\" height=\"300\" srcset=\"https:\/\/www.gdapress.it\/it\/..\/public\/it\/2014\/10\/Anti-RoseTrattamento-Notte-106x300.jpg 106w, https:\/\/www.gdapress.it\/it\/..\/public\/it\/2014\/10\/Anti-RoseTrattamento-Notte-142x400.jpg 142w, https:\/\/www.gdapress.it\/it\/..\/public\/it\/2014\/10\/Anti-RoseTrattamento-Notte.jpg 1484w\" sizes=\"auto, (max-width: 106px) 100vw, 106px\" \/><\/a><\/p>\n<p>&nbsp;<\/p>\n<p>&nbsp;<\/p>\n<p>&nbsp;<\/p>\n<p><a href=\"http:\/\/www.gdapress.it\/it\/..\/public\/it\/2014\/10\/Anti-roseTrattamento-Giorno.jpg\"><img loading=\"lazy\" decoding=\"async\" class=\"alignleft size-medium wp-image-45404\" src=\"http:\/\/www.gdapress.it\/it\/..\/public\/it\/2014\/10\/Anti-roseTrattamento-Giorno-106x300.jpg\" alt=\"Anti-roseTrattamento-Giorno\" width=\"106\" height=\"300\" srcset=\"https:\/\/www.gdapress.it\/it\/..\/public\/it\/2014\/10\/Anti-roseTrattamento-Giorno-106x300.jpg 106w, https:\/\/www.gdapress.it\/it\/..\/public\/it\/2014\/10\/Anti-roseTrattamento-Giorno-142x400.jpg 142w, https:\/\/www.gdapress.it\/it\/..\/public\/it\/2014\/10\/Anti-roseTrattamento-Giorno.jpg 1484w\" sizes=\"auto, (max-width: 106px) 100vw, 106px\" \/><\/a><\/p>\n<p>&nbsp;<\/p>\n<p>&nbsp;<\/p>\n<p>&nbsp;<\/p>\n<p><a href=\"http:\/\/www.gdapress.it\/it\/..\/public\/it\/2014\/10\/Ultra-Sensitive-Trattamento-Lenitivo-106x300.jpg\"><img loading=\"lazy\" decoding=\"async\" class=\"alignleft size-full wp-image-45405\" src=\"http:\/\/www.gdapress.it\/it\/..\/public\/it\/2014\/10\/Ultra-Sensitive-Trattamento-Lenitivo-106x300.jpg\" alt=\"Ultra-Sensitive-Trattamento-Lenitivo-106x300\" width=\"106\" height=\"300\" \/><\/a><\/p>\n<p>&nbsp;<\/p>\n<p>&nbsp;<\/p>\n<p>&nbsp;<\/p>\n<p>&nbsp;<\/p>\n<p><a href=\"http:\/\/www.gdapress.it\/it\/..\/public\/it\/2014\/10\/Ultra-Sensitive-Lozione-Detergente.jpg\"><img loading=\"lazy\" decoding=\"async\" class=\"alignleft size-medium wp-image-45406\" src=\"http:\/\/www.gdapress.it\/it\/..\/public\/it\/2014\/10\/Ultra-Sensitive-Lozione-Detergente-78x300.jpg\" alt=\"Ultra-Sensitive-Lozione-Detergente\" width=\"78\" height=\"300\" srcset=\"https:\/\/www.gdapress.it\/it\/..\/public\/it\/2014\/10\/Ultra-Sensitive-Lozione-Detergente-78x300.jpg 78w, https:\/\/www.gdapress.it\/it\/..\/public\/it\/2014\/10\/Ultra-Sensitive-Lozione-Detergente-104x400.jpg 104w\" sizes=\"auto, (max-width: 78px) 100vw, 78px\" \/><\/a><\/p>\n<p>&nbsp;<\/p>\n<p>&nbsp;<\/p>\n<p>&nbsp;<\/p>\n<p>&nbsp;<\/p>\n<p>&nbsp;<\/p>\n<p>&nbsp;<\/p>\n<p>&nbsp;<\/p>\n<p>&nbsp;<\/p>\n<p>&nbsp;<\/p>\n<p>Quattro nuove referenze che Eucerin lancia per aiutare chi soffre di ipereattivit\u00e0 cutanea. Essenziali per la pelle ipersensibile, soggetta ad allergie, arrossamenti, bruciori e macchie indesiderate, per il 20% delle donne, una su cinque.<\/p>\n<p>La ricerca Eucerin ha sviluppato una linea innovativa di prodotti che agiscono efficacemente su tre fattori che caratterizzano la pelle ipersensibile, barriera cutanea compromessa, reazione forte e immediata delle fibre nervose dell\u2019epidermide, infiammazione acuta o cronica causata da fattori interni ed esterni, per rispondere a tutti i livelli di sensibilit\u00e0 cutanea, con un nuovo ingrediente: un principio attivo esclusivo ed ultra-efficace.<\/p>\n<p>La pelle ipersensibile \u00e8 quella che reagisce a diversi fattori generalmente ben tollerati, invece, da una pelle normale. Stress, sbalzi improvvisi di temperatura, cattive abitudini nella detersione, cosmetici troppo aggressivi, tutto questo pu\u00f2 determinare una <strong>reazione della cute<\/strong>, con conseguenti <strong>arrossamenti, bruciori e prurito, secchezza<\/strong> e sensazione di \u201cpelle che tira\u201d. Questo accade perch\u00e9 la cute ipersensibile ha la barriera cutanea compromessa e le fibre nervose dell\u2019epidermide sono pi\u00f9 intolleranti e reagiscono immediatamente allo stimolo in maniera anche molto intensa.<\/p>\n<p>Di pelle ipereattiva soffre il 78% delle donne italiane, ma il problema pu\u00f2 colpire anche gli uomini e in ogni fascia d\u2019et\u00e0. Non \u00e8 una condizione patologica, ma un disturbo molto fastidioso per chi ne soffre e, nei casi pi\u00f9 gravi, anche invalidante (basti pensare a chi \u00e8 colpito da rossori intensi e bruciori al viso quando deve parlare in pubblico o \u00e8 travolto dalle emozioni).<\/p>\n<p>Per tutti coloro che devono quotidianamente convivere con la pelle ipersensibile c\u2019\u00e8 oggi una nuova risposta cosmetica: la offre Eucerin con la nuova linea pensata appositamente per le esigenze specifiche della cute molto reattiva. <strong>Eucerin UltraSensitive<\/strong> e <strong>Eucerin Anti-Rose<\/strong> affrontano il problema con 4 nuove referenze, per rispondere a tutti i livelli di sensibilit\u00e0 cutanea con un nuovo ingrediente, il principio attivo <strong>SymSitive<\/strong>. Agisce all\u2019origine dell\u2019ipereattivit\u00e0 con un effetto calmante immediato e duraturo, proteggendo e rafforzando la barriera della pelle.<br \/>\nFanno parte della nuova linea la Lozione Detergente, che rimuove con delicatezza ogni traccia di make up, il Trattamento Lenitivo texture leggera, per un immediata sensazione di benessere, il Trattamento Giorno Neutralizzante Anti-Rose, che grazie agli speciali pigmenti verdi contrasta velocemente l\u2019arrossamento e, grazie all\u2019Spf 25, protegge anche dai raggi Uv e, infine, il Trattamento Notte Lenitivo Anti-Rose, che lavora durante il riposo notturno per rafforzare la pelle contro intolleranze e ipereattivit\u00e0.<br \/>\nTutti i prodotti &#8211; che sono gi\u00e0 in distribuzione in farmacia &#8211; contengono un numero limitato di ingredienti (meno di 13 materie prime), hanno una formula pura e una confezione anticontaminazione, che garantisce l\u2019ottimale conservazione della formula fino alla fine dei flaconi.<\/p>\n<p>&nbsp;<\/p>\n","protected":false},"excerpt":{"rendered":"<p>&nbsp; &nbsp; &nbsp; &nbsp; &nbsp; &nbsp; &nbsp; &nbsp; &nbsp; &nbsp; &nbsp; &nbsp; &nbsp; &nbsp; &nbsp; &nbsp; &nbsp; &nbsp; &nbsp; Quattro nuove referenze che Eucerin lancia per aiutare chi soffre di ipereattivit\u00e0 cutanea. Essenziali per la pelle ipersensibile, soggetta ad allergie, arrossamenti, bruciori e macchie indesiderate, per il 20% delle donne, una su cinque. La ricerca &hellip; <a href=\"https:\/\/www.gdapress.it\/it\/index.php\/45402\/benessere\/nuova-linea-eucerin-ultrasensitive-anti-rose-risposta-pelle-ipersensibile.html\" class=\"more-link\">Read more <span class=\"screen-reader-text\">La nuova linea Eucerin UltraSENSITIVE &#038; ANTI-ROSE \u00e8 la risposta alla pelle ipersensibile<\/span><\/a><\/p>\n","protected":false},"author":2,"featured_media":0,"comment_status":"closed","ping_status":"open","sticky":false,"template":"","format":"standard","meta":{"footnotes":""},"categories":[729],"tags":[13664,2439,3228,13665],"class_list":["post-45402","post","type-post","status-publish","format-standard","hentry","category-benessere","tag-anti-rose","tag-creme","tag-eucerin","tag-lenitiva"],"_links":{"self":[{"href":"https:\/\/www.gdapress.it\/it\/index.php\/wp-json\/wp\/v2\/posts\/45402","targetHints":{"allow":["GET"]}}],"collection":[{"href":"https:\/\/www.gdapress.it\/it\/index.php\/wp-json\/wp\/v2\/posts"}],"about":[{"href":"https:\/\/www.gdapress.it\/it\/index.php\/wp-json\/wp\/v2\/types\/post"}],"author":[{"embeddable":true,"href":"https:\/\/www.gdapress.it\/it\/index.php\/wp-json\/wp\/v2\/users\/2"}],"replies":[{"embeddable":true,"href":"https:\/\/www.gdapress.it\/it\/index.php\/wp-json\/wp\/v2\/comments?post=45402"}],"version-history":[{"count":1,"href":"https:\/\/www.gdapress.it\/it\/index.php\/wp-json\/wp\/v2\/posts\/45402\/revisions"}],"predecessor-version":[{"id":45407,"href":"https:\/\/www.gdapress.it\/it\/index.php\/wp-json\/wp\/v2\/posts\/45402\/revisions\/45407"}],"wp:attachment":[{"href":"https:\/\/www.gdapress.it\/it\/index.php\/wp-json\/wp\/v2\/media?parent=45402"}],"wp:term":[{"taxonomy":"category","embeddable":true,"href":"https:\/\/www.gdapress.it\/it\/index.php\/wp-json\/wp\/v2\/categories?post=45402"},{"taxonomy":"post_tag","embeddable":true,"href":"https:\/\/www.gdapress.it\/it\/index.php\/wp-json\/wp\/v2\/tags?post=45402"}],"curies":[{"name":"wp","href":"https:\/\/api.w.org\/{rel}","templated":true}]}}