
{"id":45319,"date":"2014-10-04T08:35:07","date_gmt":"2014-10-04T06:35:07","guid":{"rendered":"http:\/\/www.gdapress.it\/it\/?p=45319"},"modified":"2014-10-04T08:35:07","modified_gmt":"2014-10-04T06:35:07","slug":"lviii-appuntamento-obesity-week-parma","status":"publish","type":"post","link":"https:\/\/www.gdapress.it\/it\/index.php\/45319\/medicina\/lviii-appuntamento-obesity-week-parma.html","title":{"rendered":"L&#8217;VIII APPUNTAMENTO DI OBESITY WEEK &#8211; PARMA"},"content":{"rendered":"<div>\n<div>\n<div>\n<div>\n<div>\n<div>\n<div>\n<div>\n<div>\n<div>\n<div>\n<div>\n<div>\n<h1 style=\"color: #000000;\" align=\"center\"><span class=\"ecx\" style=\"font-family: Helvetica;\"><span class=\"ecxApple-style-span\">A Parma, dal 4 all&#8217;11 ottobre p.v., ci si occupa e preoccupa di alimentazione, salute e cultura del cibo<\/span><\/span><span class=\"ecxApple-style-span\">\u00a0<\/span><\/h1>\n<h1 style=\"color: #000000;\"><span class=\"ecx\" style=\"font-size: medium;\"><span class=\"ecx\" style=\"font-family: Helvetica;\"><span class=\"ecxApple-style-span\"><span style=\"color: #141413;\">L\u2019obesit\u00e0 \u00e8 considerato il maggiore problema sanitario nei paesi industrializzati. Secondo il report \u201cHealth at a Glance Europe 2010\u201d, messo a punto dall&#8217;OCSE e dalla Commissione europea oltre la met\u00e0 degli abitanti del Vecchio Continente \u00e8 in sovrappeso, con un tasso di obesit\u00e0 che \u00e8 addirittura raddoppiato negli ultimi 20 anni nella maggior parte degli Stati membri dell&#8217;UE. L&#8217;obesit\u00e0 \u00e8 in aumento in tutta Europa\u00a0<\/span><\/span><\/span><span class=\"ecxApple-style-span\" style=\"color: #141413;\">e desta preoccupazione in particolare\u00a0<\/span><span class=\"ecxApple-style-span\" style=\"color: #141413;\">tra i bambini.<\/span><\/span><\/h1>\n<\/div>\n<\/div>\n<\/div>\n<\/div>\n<\/div>\n<\/div>\n<\/div>\n<\/div>\n<\/div>\n<\/div>\n<\/div>\n<\/div>\n<\/div>\n<div style=\"color: #000000;\">\n<p class=\"ecxMsoNormal\" style=\"color: #000000;\"><span style=\"color: #141413;\">L\u2019edizione 2014 dell\u2019OW si propone, in vista di EXPO 2015, di valorizzare il \u201cModello Parma\u201d, frutto di un cammino secolare in campo agroalimentare, certamente un modello di successo in termini di sostenibilit\u00e0 economica, ambientale, sociale ed etica, e intende analizzarne le caratteristiche peculiari di forte radicamento territoriale, felice collocamento geografico, diversificazione funzionale, stretto legame con la cultura e la storia locale, capacit\u00e0 di innovazione tecnologica, eticit\u00e0 sociale e sostenibilit\u00e0 ambientale, ecc., con particolare attenzione ai temi propri della tutela della salute e del benessere in senso lato e senza sottovalutare criticit\u00e0 e rischi futuri soprattutto in termini di sostenibilit\u00e0 ambientale e tutela della biodiversit\u00e0.\u00a0<\/span><\/p>\n<p class=\"ecxMsoNormal\" style=\"color: #000000;\"><span class=\"ecxApple-style-span\" style=\"color: #141413;\">Un\u2019intera settimana dedicata al cibo e allo stile di vita, coinvolgendo oltre al mondo sanitario, quello economico, sociale, culturale e religioso, pu\u00f2 rappresentare una risposta importante alla sfida dell\u2019obesit\u00e0: questo \u00e8 l\u2019Obesity Week.<\/span><\/p>\n<p class=\"ecxMsoNormal\" style=\"color: #000000;\"><span style=\"color: #141413;\">\u00a0<\/span><\/p>\n<p class=\"ecxMsoNormal\" style=\"color: #000000;\">\n<p class=\"ecxMsoNormal\" style=\"color: #000000;\" align=\"center\"><b style=\"font-weight: bold;\"><span style=\"color: #581217;\">PROGRAMMA DEGLI INCONTRI<\/span><\/b><\/p>\n<p class=\"ecxMsoNormal\" style=\"color: #000000;\"><b style=\"font-weight: bold;\"><span style=\"color: #581217;\">\u00a0<\/span><\/b><b style=\"font-weight: bold;\"><span style=\"color: #581217;\"><span class=\"ecx\" style=\"font-size: medium;\">sabato 4 ottobre<\/span><\/span><\/b><\/p>\n<p class=\"ecxMsoNormal\" style=\"color: #000000;\"><span class=\"ecx\" style=\"font-size: medium;\"><span style=\"color: #141413;\">Sala Congressi Aurea Camera di Commercio di Parma Via Verdi, 2 &#8211; Parma Ore 09.00 &#8211; 12.00 Convegno Il \u201cmodello Parma\u201d come proposta sostenibile di sviluppo agro-industriale\u00a0<\/span><span style=\"color: #141413;\">In collaborazione con CEA Centro Etica Ambientale &#8211; Parma<\/span><\/span><\/p>\n<p class=\"ecxMsoNormal\" style=\"color: #000000;\"><span style=\"color: #581217;\"><span class=\"ecx\" style=\"font-size: medium;\">\u00a0<\/span><\/span><b style=\"font-weight: bold;\"><span style=\"color: #581217;\"><span class=\"ecx\" style=\"font-size: medium;\">lunedi 6 ottobre<\/span><\/span><\/b><\/p>\n<p class=\"ecxMsoNormal\" style=\"color: #000000;\"><span style=\"color: #141413;\"><span class=\"ecx\" style=\"font-size: medium;\">Libreria La Feltrinelli<\/span><\/span><\/p>\n<p class=\"ecxMsoNormal\" style=\"color: #000000;\"><span class=\"ecx\" style=\"font-size: medium;\"><span style=\"color: #141413;\">Strada Farini, 17 &#8211; Parma Ore 18.30 &#8211; 19.30 CaffExpo, Caff\u00e8 Scientifici Letterari La sfida della prima colazione: sempre la solita zuppa?\u00a0<\/span><span style=\"color: #141413;\">In collaborazione con Universit\u00e0 Cattolica del Sacro Cuore<\/span><\/span><\/p>\n<p class=\"ecxMsoNormal\" style=\"color: #000000;\"><span style=\"color: #581217;\"><span class=\"ecx\" style=\"font-size: medium;\">\u00a0<\/span><\/span><b style=\"font-weight: bold;\"><span style=\"color: #581217;\"><span class=\"ecx\" style=\"font-size: medium;\">martedi 7 ottobre<\/span><\/span><\/b><\/p>\n<p class=\"ecxMsoNormal\" style=\"color: #000000;\"><span style=\"color: #141413;\"><span class=\"ecx\" style=\"font-size: medium;\">Sede dell\u2019Ordine dei Medici Chirurghi e Odontoiatri della Provincia di Parma Via Po, 134 &#8211; Parma Ore 21.00 &#8211; 23.00<\/span><\/span><\/p>\n<p class=\"ecxMsoNormal\" style=\"color: #000000;\"><span class=\"ecx\" style=\"font-size: medium;\"><span style=\"color: #141413;\">Convegno medico I Martedi dell\u2019Ordine Microbiota intestinale e obesit\u00e0\u00a0<\/span><span style=\"color: #141413;\">In collaborazione con Ordine dei Medici di Parma<\/span><\/span><\/p>\n<p class=\"ecxMsoNormal\" style=\"color: #000000;\"><span style=\"color: #581217;\"><span class=\"ecx\" style=\"font-size: medium;\">\u00a0<\/span><\/span><b style=\"font-weight: bold;\"><span style=\"color: #581217;\"><span class=\"ecx\" style=\"font-size: medium;\">mercoledi 8 ottobre<\/span><\/span><\/b><\/p>\n<p class=\"ecxMsoNormal\" style=\"color: #000000;\"><span class=\"ecx\" style=\"font-size: medium;\"><span style=\"color: #141413;\">Sede da definire Convegno Cucinare sano e con gusto: trucchi e strategie ai fornelli\u00a0<\/span><span style=\"color: #141413;\">In collaborazione con Federazione Italiana Cuochi<\/span><\/span><\/p>\n<p class=\"ecxMsoNormal\" style=\"color: #000000;\"><span style=\"color: #141413;\"><span class=\"ecx\" style=\"font-size: medium;\">\u00a0<\/span><\/span><b style=\"font-weight: bold;\"><span style=\"color: #581217;\"><span class=\"ecx\" style=\"font-size: medium;\">giovedi 9 ottobre<\/span><\/span><\/b><\/p>\n<p class=\"ecxMsoNormal\" style=\"color: #000000;\"><span style=\"color: #141413;\"><span class=\"ecx\" style=\"font-size: medium;\">Aula Canuto &#8211; Dipartimento di Anatomia Umana c\/o Ospedale Maggiore Azienda Ospedaliero-Universitaria di Parma Viale Gramsci, 14 &#8211; Parma<\/span><\/span><\/p>\n<p class=\"ecxMsoNormal\" style=\"color: #000000;\"><span style=\"color: #141413;\"><span class=\"ecx\" style=\"font-size: medium;\">Ore 15.00 &#8211; 18.00<\/span><\/span><\/p>\n<p class=\"ecxMsoNormal\" style=\"color: #000000;\"><span class=\"ecx\" style=\"font-size: medium;\"><span style=\"color: #141413;\">Convegno medico ECM Il mondo del calcio: alimentazione e allenamento del calciatore\u00a0<\/span><span style=\"color: #141413;\">In collaborazione con Facolt\u00e0 di Scienze Motorie &#8211; Universit\u00e0 degli Studi di Parma<\/span><\/span><\/p>\n<p class=\"ecxMsoNormal\" style=\"color: #000000;\"><span style=\"color: #581217;\"><span class=\"ecx\" style=\"font-size: medium;\">\u00a0<\/span><\/span><b style=\"font-weight: bold;\"><span style=\"color: #581217;\"><span class=\"ecx\" style=\"font-size: medium;\">venerdi 10 ottobre<\/span><\/span><\/b><\/p>\n<p class=\"ecxMsoNormal\" style=\"color: #000000;\"><span style=\"color: #141413;\"><span class=\"ecx\" style=\"font-size: medium;\">Sala congressi dell\u2019Azienda Ospedaliero-Universitaria<\/span><\/span><\/p>\n<p class=\"ecxMsoNormal\" style=\"color: #000000;\"><span class=\"ecx\" style=\"font-size: medium;\"><span style=\"color: #141413;\">Via Abbeveratoia &#8211; Parma Ore 9.00 &#8211; 13-00, 15.00 &#8211; 18.00 Congresso medico ECM Da qui all\u2019obesit\u00e0: l\u2019alleanza terapeutica nella prevenzione e trattamento dell\u2019obesit\u00e0\u00a0<\/span><span style=\"color: #141413;\">In collaborazione con SIO e ADI regionale Emilia Romagna<\/span><\/span><\/p>\n<p class=\"ecxMsoNormal\" style=\"color: #000000;\"><span style=\"color: #581217;\"><span class=\"ecx\" style=\"font-size: medium;\">\u00a0<\/span><\/span><b style=\"font-weight: bold;\"><span style=\"color: #581217;\"><span class=\"ecx\" style=\"font-size: medium;\">sabato 11 ottobre<\/span><\/span><\/b><\/p>\n<p class=\"ecxMsoNormal\" style=\"color: #000000;\"><span style=\"color: #141413;\"><span class=\"ecx\" style=\"font-size: medium;\">Sala congressi dell\u2019Azienda Ospedaliero-Universitaria<\/span><\/span><\/p>\n<p class=\"ecxMsoNormal\" style=\"color: #000000;\"><span style=\"color: #141413;\"><span class=\"ecx\" style=\"font-size: medium;\">Via Abbeveratoia &#8211; Parma Ore 9.00 &#8211; 13.00 Congresso medico ECM Obesit\u00e0 infantile: approccio clinico integrato<\/span><\/span><\/p>\n<p class=\"ecxMsoNormal\" style=\"color: #000000;\"><span style=\"color: #141413;\"><span class=\"ecx\" style=\"font-size: medium;\">In collaborazione con Gruppo di Studio sull\u2019Obesit\u00e0 SIEDP<\/span><\/span><\/p>\n<p class=\"ecxMsoNormal\" style=\"color: #000000;\"><span style=\"color: #581217;\"><span class=\"ecx\" style=\"font-size: medium;\">\u00a0<\/span><\/span><b style=\"font-weight: bold;\"><span style=\"color: #581217;\"><span class=\"ecx\" style=\"font-size: medium;\">sabato 11 ottobre<\/span><\/span><\/b><\/p>\n<p class=\"ecxMsoNormal\" style=\"color: #000000;\"><span style=\"color: #141413;\"><span class=\"ecx\" style=\"font-size: medium;\">Museo Archeologico Nazionale di Parma<\/span><\/span><\/p>\n<p class=\"ecxMsoNormal\" style=\"color: #000000;\"><span style=\"color: #141413;\"><span class=\"ecx\" style=\"font-size: medium;\">Palazzo della Pilotta &#8211; Parma Ore 16.00 &#8211; 18.00 Convegno L\u2019evoluzione del modello di sviluppo agroalimentare parmense, dall\u2019antichit\u00e0 ad oggi<\/span><\/span><\/p>\n<p class=\"ecxMsoNormal\" style=\"color: #000000;\"><span style=\"color: #141413;\"><span class=\"ecx\" style=\"font-size: medium;\">In collaborazione con il Museo Archeologico Nazionale di Parma<\/span><\/span><\/p>\n<p style=\"color: #000000;\">\n<\/div>\n<div>\n<div>\n<div style=\"color: #000000;\">\n<div>\n<p class=\"ecxMsoNormal\"><span class=\"ecxApple-style-span\">\u00a0Segreteria Organizzativa\/Provider ECM: \u00a0<\/span><\/p>\n<p class=\"ecxMsoNormal\"><span class=\"ecx\" style=\"font-size: medium;\"><b style=\"font-weight: bold;\">\u00a0 Mattioli 1885 srl<\/b>, Strada di Lodesana 649\/sx, 43036 Fidenza (Parma)\u00a0\u00a0\u00a0\u00a0\u00a0tel. 0524\/530383\u00a0\u00a0\u00a0\u00a0fax 0524\/82537<\/span><\/p>\n<p class=\"ecxMsoNormal\"><span class=\"ecx\" style=\"font-size: medium;\">\u00a0 e-mail\u00a0<a style=\"font-weight: inherit; color: #0068cf;\" href=\"mailto:ecm@mattioli1885.com\"><span style=\"color: #0013ff;\">ecm@mattioli1885.com<\/span><\/a>\u00a0\u00a0\u00a0Sito Web\u00a0<a style=\"font-weight: inherit; color: #0068cf;\" href=\"http:\/\/mailtrack.me\/tracking\/raWzMz50paMkCGRkAwH5ZQL4ZQDzMKWjqzA2pzSaqaR9BQDjAwtjAmRzrKMurUMkCGR0AQDlBQp2ZwEM\" target=\"_blank\"><span style=\"color: #0013ff;\">www.mattioli1885.com<\/span><\/a><\/span><\/p>\n<\/div>\n<\/div>\n<\/div>\n<\/div>\n<p><span id=\"ecxOLK_SRC_BODY_SECTION\" style=\"color: #000000;\"><\/span><\/p>\n","protected":false},"excerpt":{"rendered":"<p>A Parma, dal 4 all&#8217;11 ottobre p.v., ci si occupa e preoccupa di alimentazione, salute e cultura del cibo\u00a0 L\u2019obesit\u00e0 \u00e8 considerato il maggiore problema sanitario nei paesi industrializzati. Secondo il report \u201cHealth at a Glance Europe 2010\u201d, messo a punto dall&#8217;OCSE e dalla Commissione europea oltre la met\u00e0 degli abitanti del Vecchio Continente \u00e8 &hellip; <a href=\"https:\/\/www.gdapress.it\/it\/index.php\/45319\/medicina\/lviii-appuntamento-obesity-week-parma.html\" class=\"more-link\">Read more <span class=\"screen-reader-text\">L&#8217;VIII APPUNTAMENTO DI OBESITY WEEK &#8211; PARMA<\/span><\/a><\/p>\n","protected":false},"author":2,"featured_media":0,"comment_status":"closed","ping_status":"open","sticky":false,"template":"","format":"standard","meta":{"footnotes":""},"categories":[10],"tags":[17452,13643,472],"class_list":["post-45319","post","type-post","status-publish","format-standard","hentry","category-medicina","tag-medicina","tag-obesity-week","tag-parma"],"_links":{"self":[{"href":"https:\/\/www.gdapress.it\/it\/index.php\/wp-json\/wp\/v2\/posts\/45319","targetHints":{"allow":["GET"]}}],"collection":[{"href":"https:\/\/www.gdapress.it\/it\/index.php\/wp-json\/wp\/v2\/posts"}],"about":[{"href":"https:\/\/www.gdapress.it\/it\/index.php\/wp-json\/wp\/v2\/types\/post"}],"author":[{"embeddable":true,"href":"https:\/\/www.gdapress.it\/it\/index.php\/wp-json\/wp\/v2\/users\/2"}],"replies":[{"embeddable":true,"href":"https:\/\/www.gdapress.it\/it\/index.php\/wp-json\/wp\/v2\/comments?post=45319"}],"version-history":[{"count":1,"href":"https:\/\/www.gdapress.it\/it\/index.php\/wp-json\/wp\/v2\/posts\/45319\/revisions"}],"predecessor-version":[{"id":45320,"href":"https:\/\/www.gdapress.it\/it\/index.php\/wp-json\/wp\/v2\/posts\/45319\/revisions\/45320"}],"wp:attachment":[{"href":"https:\/\/www.gdapress.it\/it\/index.php\/wp-json\/wp\/v2\/media?parent=45319"}],"wp:term":[{"taxonomy":"category","embeddable":true,"href":"https:\/\/www.gdapress.it\/it\/index.php\/wp-json\/wp\/v2\/categories?post=45319"},{"taxonomy":"post_tag","embeddable":true,"href":"https:\/\/www.gdapress.it\/it\/index.php\/wp-json\/wp\/v2\/tags?post=45319"}],"curies":[{"name":"wp","href":"https:\/\/api.w.org\/{rel}","templated":true}]}}