
{"id":45209,"date":"2014-10-02T07:39:35","date_gmt":"2014-10-02T05:39:35","guid":{"rendered":"http:\/\/www.gdapress.it\/it\/?p=45209"},"modified":"2014-10-02T07:40:27","modified_gmt":"2014-10-02T05:40:27","slug":"giorgio-riva-permanente-milano-arte-tecnologia","status":"publish","type":"post","link":"https:\/\/www.gdapress.it\/it\/index.php\/45209\/arte\/giorgio-riva-permanente-milano-arte-tecnologia.html","title":{"rendered":"GIORGIO RIVA ALLA PERMANENTE DI MILANO TRA ARTE E TECNOLOGIA"},"content":{"rendered":"<p><a href=\"http:\/\/www.gdapress.it\/it\/..\/public\/it\/2014\/10\/image007.jpg\"><img loading=\"lazy\" decoding=\"async\" class=\"alignleft size-full wp-image-45211\" src=\"http:\/\/www.gdapress.it\/it\/..\/public\/it\/2014\/10\/image007.jpg\" alt=\"image007\" width=\"254\" height=\"253\" srcset=\"https:\/\/www.gdapress.it\/it\/..\/public\/it\/2014\/10\/image007.jpg 254w, https:\/\/www.gdapress.it\/it\/..\/public\/it\/2014\/10\/image007-150x150.jpg 150w\" sizes=\"auto, (max-width: 254px) 100vw, 254px\" \/><\/a><\/p>\n<p><strong>OMAGGIO A GIORGIO RIVA<\/strong><\/p>\n<p><strong>NELL\u2019INTRECCIO DELLE ARTI<\/strong><\/p>\n<p><strong>\u00a0<\/strong><strong><em>A cura di Rosella Ghezzi e Chiara Vanzetto<\/em><\/strong><\/p>\n<p><strong>Milano, Museo della Permanente<\/strong><\/p>\n<p><strong>3 \u2013 12 ottobre 2014<\/strong><\/p>\n<p><em>inaugurazione\u00a0\u00a0\u00a0\u00a0\u00a0\u00a0\u00a0\u00a0\u00a0\u00a0\u00a0\u00a0\u00a0 <\/em>gioved\u00ec 2 ottobre ore 18.30<\/p>\n<p><em>orari di apertura<\/em>\u00a0\u00a0\u00a0\u00a0\u00a0\u00a0\u00a0\u00a0\u00a0 da marted\u00ec a domenica 10.00-13.00 e 14.30-18.30; chiuso luned\u00ec<\/p>\n<p><em>ingresso libero<\/em><\/p>\n<p><em>informazioni \u00a0\u00a0\u00a0\u00a0 \u00a0\u00a0\u00a0\u00a0\u00a0\u00a0\u00a0\u00a0\u00a0\u00a0\u00a0<\/em>tel. 02 6551445<\/p>\n<p><em>website \u00a0\u00a0\u00a0\u00a0\u00a0\u00a0\u00a0\u00a0\u00a0\u00a0\u00a0\u00a0\u00a0\u00a0\u00a0\u00a0\u00a0\u00a0\u00a0\u00a0\u00a0\u00a0\u00a0\u00a0<\/em><a href=\"http:\/\/www.lapermanente.it\">www.lapermanente.it<\/a><\/p>\n<p><em>sede <\/em>\u00a0\u00a0\u00a0\u00a0\u00a0\u00a0\u00a0\u00a0\u00a0\u00a0\u00a0\u00a0\u00a0\u00a0\u00a0 \u00a0\u00a0\u00a0\u00a0\u00a0\u00a0\u00a0\u00a0\u00a0\u00a0\u00a0Palazzo della Permanente, via Filippo Turati 34 Milano<\/p>\n<p>La Societ\u00e0 per le Belle Arti ed Esposizione Permanente ospita una <strong>selezione di installazioni e sculture luminescenti e sonore<\/strong> di <strong>Giorgio Riva<\/strong>, architetto e artista milanese che da sempre ricerca l\u2019uso di un linguaggio polisemico, muovendosi tra la pittura e la scultura, la musica e le arti multimediali.<\/p>\n<p>La mostra, a cura di <strong>Rosella Ghezzi<\/strong> e <strong>Chiara Vanzetto<\/strong>, propone alcune opere rappresentative di Giorgio Riva. Gi\u00e0 nel 1996, nella personale <em>Plasmare ideando,<\/em> l\u2019artista aveva esposto al Museo della Permanente i suoi lavori nati dalla sperimentazione e dalla contaminazione di diversi strumenti espressivi.<\/p>\n<p>Dall\u2019interazione tra suoni e immagini \u00e8 nata nel 2009 la composizione<strong> <em>A quattro mani<\/em>, <\/strong>opera video-acustica realizzata insieme al musicista <strong>Francesco Rampichini<\/strong>, che verr\u00e0 proiettata alla Permanente <strong>sabato 11 ottobre<\/strong>,<strong> alle ore 11.00 e alle ore 17.00<\/strong>, in occasione della <strong>Decima Giornata del Contemporaneo<\/strong>, organizzata da <strong>AMACI<\/strong>. Per garantire un\u2019adeguata fruizione da parte del pubblico, <strong>\u00e8 necessario prenotare telefonando al numero 02 6551445, dal luned\u00ec al venerd\u00ec dalle 9 alle 13 e dalle 14.30 alle 18.30<\/strong>.<\/p>\n<p>&nbsp;<\/p>\n<p><strong><em>\u201c\u00e8 con onore ed entusiasmo &#8211; dichiara il Presidente della Permanente, Giulio Gallera &#8211; che la nostra istituzione ha voluto dedicare un omaggio al lavoro e alla ricerca di Giorgio Riva, architetto e artista innovativo, interprete autentico del rapporto tra arte e tecnologia. Nella logica del tempo e in linea con la vocazione alla contemporaneit\u00e0 che caratterizza l\u2019attivit\u00e0\u00a0 del nostro ente da oltre un secolo, ci proponiamo, con questa iniziativa e molte altre in programma, di coinvolgere un pubblico sempre pi\u00f9 vasto, invitandolo a scoprire le \u00a0molteplici forme espressive di oggi attraverso esposizioni, dibattiti e performance.\u201d<\/em><\/strong><\/p>\n<p><strong><em>Note biografiche<\/em><\/strong><\/p>\n<p><strong>Giorgio Antonio Riva<\/strong> nasce a Milano nel 1933. Nel \u201953 conclude gli studi classici e nel \u201959 si laurea in architettura al Politecnico di Milano, dove diventa assistente di Ernesto N. Rogers.<\/p>\n<p>Seguono anni dedicati a studi interdisciplinari e a progetti di architettura, ma anche a intense ricerche di pittura e scultura che sfoceranno nei <em>Foglio-plasma<\/em>, bassorilievi colorati dalle molteplici fisionomie. Nell\u201988, in polemica con le teorie linguistiche di R. Barthes, pubblica il romanzo-saggio \u201cChiamami oriente\u201d. E\u2019 del \u201892 il primo approccio con il linguaggio digitale, ma gi\u00e0 nella personale del \u201996 al Museo della Permanente un\u2019intera sezione \u00e8 dedicata alla pittura elettronica. Le <em>Info-grafie<\/em>, stampe numerate tratte da matrici informatiche, sono esposte per la prima volta nel \u201998 nelle ampie mostre di Madrid e Siviglia. Nel \u201999 presenta a Brera il Cd-Rom <em>Dedicato a Piero<\/em>, ricostruzione cromatica e geometrico-prospettica del Polittico agostiniano di Piero della Francesca, realizzata per il Museo Poldi Pezzoli. Tra il 2000 e il 2002 escono i cd <em>Info-plasma. Sei lezioni politecniche<\/em> e <em>Al di l\u00e0 dell\u2019opposizione binaria<\/em>, nei quali presenta dieci \u201cfile metamorfici\u201d e una selezione di lezioni tratte dal corso che tiene presso il Politecnico di Milano. E\u2019 del 2005 <em>Confini?<\/em>, mostra delle prime <em>Luminose<strong>. <\/strong><\/em>Nel 2009 viene pubblicata <em>A quattro mani<\/em>, l\u2019opera video-acustica composta assieme a Francesco Rampichini. Nel 2012 la mostra <em>Scolpire la luce<\/em>.<\/p>\n<p><strong>Francesco Rampichini<\/strong>, musicista, ideatore dell\u2019Acusmetria\u00ae che definisce \u201ccodice delle proporzioni geometriche nella rappresentazione acustica della prospettiva spaziale\u201d, ha dato vita ad un\u2019ampia gamma di interconnessioni fra suono e immagine, dove trovano applicazione i risultati delle sue ricerche sugli isomorfismi rilevabili nei due versanti. Nel volume \u201cAcusmetria-Il suono invisibile\u201d (Franco Angeli, 2004) delinea fondamenti e processi di questo nuovo linguaggio. Fra i suoi lavori, le musiche per il \u201cTeatro Romano\u201d della Camera di Commercio di Milano, l\u2019allestimento \u201cCapriccio spaziale\u201d (Techn\u00e9 2005, Spazio Oberdan Milano), le musiche di scena per \u201cStraniero Bandito\u201d (con M. Popolizio, Bergamo Scienza 2006), \u201cIo, Charles Darwin\u201d (Sala Sinopoli, Auditorium di Roma, 2007), \u201cStaminalia\u201d (Fondazione Gulbenkian, Lisbona, 2010) e l\u2019opera video acustica \u201cA quattro mani\u201d con Giorgio Riva (Maggioli, 2009).<\/p>\n<p>&nbsp;<\/p>\n<p>&nbsp;<\/p>\n<p>&nbsp;<\/p>\n<p>&nbsp;<\/p>\n<p><em>\u00a0<\/em><\/p>\n<p><em>\u00a0<\/em><\/p>\n<p><em>\u00a0<\/em><\/p>\n<p><em>\u00a0<\/em><\/p>\n","protected":false},"excerpt":{"rendered":"<p>OMAGGIO A GIORGIO RIVA NELL\u2019INTRECCIO DELLE ARTI \u00a0A cura di Rosella Ghezzi e Chiara Vanzetto Milano, Museo della Permanente 3 \u2013 12 ottobre 2014 inaugurazione\u00a0\u00a0\u00a0\u00a0\u00a0\u00a0\u00a0\u00a0\u00a0\u00a0\u00a0\u00a0\u00a0 gioved\u00ec 2 ottobre ore 18.30 orari di apertura\u00a0\u00a0\u00a0\u00a0\u00a0\u00a0\u00a0\u00a0\u00a0 da marted\u00ec a domenica 10.00-13.00 e 14.30-18.30; chiuso luned\u00ec ingresso libero informazioni \u00a0\u00a0\u00a0\u00a0 \u00a0\u00a0\u00a0\u00a0\u00a0\u00a0\u00a0\u00a0\u00a0\u00a0\u00a0tel. 02 6551445 website \u00a0\u00a0\u00a0\u00a0\u00a0\u00a0\u00a0\u00a0\u00a0\u00a0\u00a0\u00a0\u00a0\u00a0\u00a0\u00a0\u00a0\u00a0\u00a0\u00a0\u00a0\u00a0\u00a0\u00a0www.lapermanente.it sede \u00a0\u00a0\u00a0\u00a0\u00a0\u00a0\u00a0\u00a0\u00a0\u00a0\u00a0\u00a0\u00a0\u00a0\u00a0 \u00a0\u00a0\u00a0\u00a0\u00a0\u00a0\u00a0\u00a0\u00a0\u00a0\u00a0Palazzo della &hellip; <a href=\"https:\/\/www.gdapress.it\/it\/index.php\/45209\/arte\/giorgio-riva-permanente-milano-arte-tecnologia.html\" class=\"more-link\">Read more <span class=\"screen-reader-text\">GIORGIO RIVA ALLA PERMANENTE DI MILANO TRA ARTE E TECNOLOGIA<\/span><\/a><\/p>\n","protected":false},"author":2,"featured_media":0,"comment_status":"closed","ping_status":"open","sticky":false,"template":"","format":"standard","meta":{"footnotes":""},"categories":[4],"tags":[17446,13609,17,13610],"class_list":["post-45209","post","type-post","status-publish","format-standard","hentry","category-arte","tag-arte","tag-lapermanente","tag-milano","tag-riva"],"_links":{"self":[{"href":"https:\/\/www.gdapress.it\/it\/index.php\/wp-json\/wp\/v2\/posts\/45209","targetHints":{"allow":["GET"]}}],"collection":[{"href":"https:\/\/www.gdapress.it\/it\/index.php\/wp-json\/wp\/v2\/posts"}],"about":[{"href":"https:\/\/www.gdapress.it\/it\/index.php\/wp-json\/wp\/v2\/types\/post"}],"author":[{"embeddable":true,"href":"https:\/\/www.gdapress.it\/it\/index.php\/wp-json\/wp\/v2\/users\/2"}],"replies":[{"embeddable":true,"href":"https:\/\/www.gdapress.it\/it\/index.php\/wp-json\/wp\/v2\/comments?post=45209"}],"version-history":[{"count":2,"href":"https:\/\/www.gdapress.it\/it\/index.php\/wp-json\/wp\/v2\/posts\/45209\/revisions"}],"predecessor-version":[{"id":45212,"href":"https:\/\/www.gdapress.it\/it\/index.php\/wp-json\/wp\/v2\/posts\/45209\/revisions\/45212"}],"wp:attachment":[{"href":"https:\/\/www.gdapress.it\/it\/index.php\/wp-json\/wp\/v2\/media?parent=45209"}],"wp:term":[{"taxonomy":"category","embeddable":true,"href":"https:\/\/www.gdapress.it\/it\/index.php\/wp-json\/wp\/v2\/categories?post=45209"},{"taxonomy":"post_tag","embeddable":true,"href":"https:\/\/www.gdapress.it\/it\/index.php\/wp-json\/wp\/v2\/tags?post=45209"}],"curies":[{"name":"wp","href":"https:\/\/api.w.org\/{rel}","templated":true}]}}