
{"id":45145,"date":"2014-09-30T07:56:45","date_gmt":"2014-09-30T05:56:45","guid":{"rendered":"http:\/\/www.gdapress.it\/it\/?p=45145"},"modified":"2014-09-30T07:57:17","modified_gmt":"2014-09-30T05:57:17","slug":"joan-jonas-in-hangarbicocca-light-time-tales","status":"publish","type":"post","link":"https:\/\/www.gdapress.it\/it\/index.php\/45145\/arte\/joan-jonas-in-hangarbicocca-light-time-tales.html","title":{"rendered":"Joan Jonas in HangarBicocca con Light Time Tales"},"content":{"rendered":"<p class=\"ecxMsoNormal\" style=\"color: #444444;\" align=\"center\"><a href=\"http:\/\/www.gdapress.it\/it\/..\/public\/it\/2014\/09\/image001.jpg\"><img loading=\"lazy\" decoding=\"async\" class=\"alignleft size-full wp-image-45146\" src=\"http:\/\/www.gdapress.it\/it\/..\/public\/it\/2014\/09\/image001.jpg\" alt=\"image001\" width=\"417\" height=\"235\" srcset=\"https:\/\/www.gdapress.it\/it\/..\/public\/it\/2014\/09\/image001.jpg 417w, https:\/\/www.gdapress.it\/it\/..\/public\/it\/2014\/09\/image001-300x169.jpg 300w\" sizes=\"auto, (max-width: 417px) 100vw, 417px\" \/><\/a><\/p>\n<p class=\"ecxMsoNormal\" style=\"color: #444444;\" align=\"center\">\n<p class=\"ecxMsoNormal\" style=\"color: #444444;\" align=\"center\">\n<p class=\"ecxMsoNormal\" style=\"color: #444444;\" align=\"center\">\n<p class=\"ecxMsoNormal\" style=\"color: #444444;\" align=\"center\">\n<p class=\"ecxMsoNormal\" style=\"color: #444444;\" align=\"center\">\n<p class=\"ecxMsoNormal\" style=\"color: #444444;\" align=\"center\">\n<p class=\"ecxMsoNormal\" style=\"color: #444444;\" align=\"center\">\n<p class=\"ecxMsoNormal\" style=\"color: #444444;\" align=\"center\">\n<p class=\"ecxMsoNormal\" style=\"color: #444444;\" align=\"center\">\n<p class=\"ecxMsoNormal\" style=\"color: #444444;\" align=\"center\"><b style=\"font-weight: bold;\"><span lang=\"IT\">Pirelli HangarBicocca presenta\u00a0<i style=\"font-style: italic;\">Light Time Tales<\/i>,<\/span><\/b><\/p>\n<p class=\"ecxMsoNormal\" style=\"color: #444444;\" align=\"center\"><b style=\"font-weight: bold;\"><span lang=\"IT\">la pi\u00f9 ampia mostra mai dedicata a Joan Jonas.<\/span><\/b><\/p>\n<p class=\"ecxMsoNormal\" style=\"color: #444444;\" align=\"center\"><b style=\"font-weight: bold;\"><span lang=\"IT\">\u00a0<\/span><\/b><\/p>\n<p class=\"ecxMsoNormal\" style=\"color: #444444;\" align=\"center\"><b style=\"font-weight: bold;\"><span lang=\"IT\">Il progetto espositivo, a cura di Andrea Lissoni, riunisce venti opere, tra installazioni<\/span><\/b><\/p>\n<p class=\"ecxMsoNormal\" style=\"color: #444444;\" align=\"center\"><b style=\"font-weight: bold;\"><span lang=\"IT\">e video, di una delle pi\u00f9 riconosciute artiste contemporanee<\/span><\/b><\/p>\n<p class=\"ecxMsoNormal\" style=\"color: #444444;\" align=\"center\"><b style=\"font-weight: bold;\"><span lang=\"IT\">che ha inventato nuove forme di narrazione, attraversando i confini fra le discipline.<\/span><\/b><\/p>\n<p class=\"ecxMsoNormal\" style=\"color: #444444;\" align=\"center\"><b style=\"font-weight: bold;\"><span lang=\"IT\">\u00a0<\/span><\/b><\/p>\n<p class=\"ecxMsoNormal\" style=\"color: #444444;\" align=\"center\"><b style=\"font-weight: bold;\"><span lang=\"IT\">2 Ottobre 2014 &#8211; 1 Febbraio 2015<\/span><\/b><\/p>\n<p class=\"ecxMsoNormal\" style=\"color: #444444;\" align=\"center\"><b style=\"font-weight: bold;\"><span lang=\"IT\">Inaugurazione 1 Ottobre 2014<\/span><\/b><\/p>\n<p class=\"ecxMsoNormal\"><span lang=\"IT\">Pirelli HangarBicocca presenta dal 2 Ottobre 2014 al 1 febbraio 2015\u00a0<b style=\"font-weight: bold;\"><i style=\"font-style: italic;\">Light Time Tales,<\/i>\u00a0<\/b>\u00a0mostra antologica dedicata a Joan Jonas, protagonista dell\u2019arte degli ultimi 50 anni.<\/span><\/p>\n<p class=\"ecxMsoNormal\"><span lang=\"IT\">Curata da Andrea Lissoni, la rassegna comprende dieci installazioni e nove video monocanale, riunendo per la prima volta in Italia\u00a0<b style=\"font-weight: bold;\">le pi\u00f9 importanti opere di Joan Jonas<\/b>: dalle pi\u00f9 storiche come\u00a0<i style=\"font-style: italic;\">Mirage<\/i>\u00a0(<\/span><span lang=\"IT\" style=\"color: black;\">1976\/1994\/2005<\/span><span lang=\"IT\">) e\u00a0<i style=\"font-style: italic;\">Volcano Saga<\/i>\u00a0(1985\/1994) alle pi\u00f9 recenti come\u00a0<i style=\"font-style: italic;\">Lines in the Sand<\/i>\u00a0(2002),\u00a0<i style=\"font-style: italic;\">Reanimation<\/i>\u00a0(2010\/2012\/2013) e altre mai esposte in Europa, come\u00a0<i style=\"font-style: italic;\">Double Lunar Rabbits,<\/i>(2010), oltre a una nuova produzione appositamente concepita per HangarBicocca. Le opere sono mostrate insieme a film e video prodotti dagli anni 60 a oggi, come\u00a0<i style=\"font-style: italic;\">Wind<\/i>\u00a0(1968) e\u00a0<i style=\"font-style: italic;\">Merlo\u00a0<\/i>(1974).<\/span><\/p>\n<p class=\"ecxMsoNormal\"><span lang=\"IT\">Il 21 ottobre, durante il periodo di mostra, verr\u00e0 inoltre presentata\u00a0<b style=\"font-weight: bold;\">la performance\u00a0<i style=\"font-style: italic;\">Reanimation<\/i><\/b>, realizzata in collaborazione con il musicista e compositore jazz Jason Moran: un\u2019occasione per confrontarsi con l\u2019esperienza della tensione performativa di Joan Jonas.<\/span><\/p>\n<p class=\"ecxMsoNormal\"><span lang=\"IT\">Il progetto espositivo, nella sua globalit\u00e0, intende offrire testimonianza al grande pubblico del percorso e della\u00a0<b style=\"font-weight: bold;\">costante evoluzione artistica<\/b>\u00a0di Joan Jonas. Grande sperimentatrice, ma sempre aperta alle collaborazioni multidisciplinari, l\u2019artista porta avanti un linguaggio individuale che si snoda fra video, installazioni e performance intrecciati in un continuo rinnovamento di nuclei figurativi e di soluzioni formali divenuti un\u00a0<b style=\"font-weight: bold;\">modello per molti artisti delle nuove generazioni<\/b>.<\/span><\/p>\n<p class=\"ecxMsoNormal\"><span lang=\"IT\">Nel 2015 Joan Jonas rappresenter\u00e0 gli Stati Uniti d\u2019America alla\u00a0<b style=\"font-weight: bold;\"><span style=\"color: black;\">Biennale di Venezia, 56<\/span><\/b><\/span><span lang=\"HI\">\u00aa<\/span><b style=\"font-weight: bold;\"><span lang=\"IT\" style=\"color: black;\">\u00a0Esposizione Internazionale d\u2019Arte,<\/span><\/b><span lang=\"IT\" style=\"color: black;\">\u00a0con un progetto presentato dal<\/span><span lang=\"IT\">\u00a0MIT List Visual Arts Center.<\/span><\/p>\n<p class=\"ecxMsoNormal\"><span lang=\"IT\">\u00a0<\/span><\/p>\n<p class=\"ecxMsoNormal\"><b style=\"font-weight: bold;\"><span style=\"text-decoration: underline;\"><span lang=\"IT\">I temi<\/span><\/span><\/b><\/p>\n<p class=\"ecxMsoNormal\"><span lang=\"IT\">\u00a0<\/span><\/p>\n<p class=\"ecxMsoNormal\"><span lang=\"IT\">Tra le prime artiste donne a utilizzare il video accanto alla performance, Joan Jonas fin dagli anni 60 esplora il\u00a0<b style=\"font-weight: bold;\">tema dell\u2019identit\u00e0 e le relazioni tra il<\/b>\u00a0<b style=\"font-weight: bold;\">corpo e la sua rappresentazione<\/b>, sempre sfuggendo a un\u2019immagine stereotipata di se stessa. Partendo da una formazione legata alla storia dell&#8217;arte e alla scultura, il linguaggio di Jonas attraversa la danza, il cinema sperimentale, la musica contemporanea, il teatro giapponese N\u014d e Kabuki e il disegno. Nelle sue opere coesistono\u00a0<b style=\"font-weight: bold;\">miti e ricordi personali,<\/b>\u00a0<b style=\"font-weight: bold;\">magia e quotidianit\u00e0, poesia e psicoanalisi<\/b>, con uno sguardo attento verso altre culture, come quella della comunit\u00e0 Hopi del Sud-Ovest degli USA o quella antica della civilt\u00e0 minoica.<\/span><\/p>\n<p class=\"ecxMsoNormal\"><span lang=\"IT\">Fortemente influenzata dalle varie forme della letteratura, utilizza specchi, maschere, costumi, veli e travestimenti per indagare i codici della rappresentazione. Avvia un intenso lavoro sui testi e sulla traduzione di narrazioni in movimento, soffermandosi sullo studio del sonoro messo in relazione al tempo e allo spazio. Nel suo agire interdisciplinare, porta avanti un\u2019indagine sul\u00a0<b style=\"font-weight: bold;\">video come mezzo artistico che tende a svelare l\u2019illusione del racconto<\/b>\u00a0e a rivelarne i meccanismi. Forte rilievo nel pensiero dell\u2019artista ha<b style=\"font-weight: bold;\">la natura, considerata come un contesto in continua evoluzione<\/b>\u00a0<b style=\"font-weight: bold;\">da preservare<\/b>\u00a0poich\u00e9 fonte di sostentamento spirituale. I paesaggi, sia urbani sia naturali, e gli animali sono spesso i protagonisti delle sue opere capaci di offrire al pubblico un\u2019esperienza di coinvolgimento emotivo, rappresentando l\u2019espressione di stati d&#8217;animo fondamentali. Allo stesso tempo, la dialettica fra il tempo passato e il tempo presente, indica un tratto autobiografico e un motivo di riflessione\u00a0 su temi universali e sullo stato del mondo attuale.<\/span><\/p>\n<p class=\"ecxMsoNormal\"><span lang=\"IT\">La resistenza alla classificazione dell\u2019opera d\u2019arte come oggetto di mercato, l\u2019affermazione dello sguardo femminile, la necessit\u00e0 della collaborazione e\u00a0<b style=\"font-weight: bold;\">il senso della trasmissione del sapere<\/b>, entro cui si iscrive il lungo percorso d&#8217;insegnamento di Joan Jonas, rappresentano un convinto\u00a0<i style=\"font-style: italic;\">statement<\/i>\u00a0politico.<\/span><\/p>\n<p class=\"ecxMsoNormal\"><b style=\"font-weight: bold;\"><span style=\"text-decoration: underline;\"><span lang=\"IT\">\u00a0<\/span><\/span><\/b><\/p>\n<p class=\"ecxMsoNormal\"><b style=\"font-weight: bold;\"><span style=\"text-decoration: underline;\"><span lang=\"IT\">La mostra<\/span><\/span><\/b><\/p>\n<p class=\"ecxMsoNormal\"><span lang=\"IT\">\u00a0<\/span><\/p>\n<p class=\"ecxMsoNormal\"><span lang=\"IT\">La mostra in HangarBicocca si apre con una serie di opere video che restituiscono immediatamente al visitatore la\u00a0<b style=\"font-weight: bold;\">ricerca pionieristica di Joan Jonas rispetto al mezzo video<\/b>\u00a0e cinematografico e alle sue molteplici modalit\u00e0 di diffusione e di visione: dalla macroscala delle proiezioni a quella pi\u00f9 ridotta dei monitor sino ai\u00a0<i style=\"font-style: italic;\">My New Theater<\/i>, dispositivi che possono essere ricondotti sia a sculture, sia a piccoli teatrini portatili.<\/span><\/p>\n<p class=\"ecxMsoNormal\"><b style=\"font-weight: bold;\"><span lang=\"IT\">Il titolo della mostra<\/span><\/b><span lang=\"IT\">\u00a0fa riferimento tanto alle caratteristiche del lavoro dell\u2019artista \u201ctime based\u201d, basato sul tempo e sulla luce, sul video e sul racconto, quanto\u00a0 alla\u00a0<b style=\"font-weight: bold;\">specificit\u00e0 di HangarBicocca<\/b>: uno spazio esteso, in cui il buio accoglie le opere come luminose capsule temporali che incorporano racconti e possibilit\u00e0 di storie.<\/span><\/p>\n<p class=\"ecxMsoNormal\"><span lang=\"IT\">Il percorso di\u00a0<i style=\"font-style: italic;\">Light Time Tales<\/i>\u00a0si sviluppa intorno a\u00a0<b style=\"font-weight: bold;\">tre opere centrali<\/b>, installate seguendo un criterio circolare &#8211; di temi e di soggetti che si rincorrono e aggiornano -, ma non cronologico, che intende enfatizzare la natura ciclica di una ricerca artistica aperta, sempre in divenire e mai monolitica. La prima \u00e8 la proiezione video\u00a0<b style=\"font-weight: bold;\"><i style=\"font-style: italic;\">Waltz\u00a0<\/i><\/b>(2003) in cui viene interrogato, non senza divertimento, il ruolo dell\u2019artista e del suo corpo invecchiato, attraverso immagini che la ritraggono\u00a0 mentre indossa balzani costumi e compie azioni tanto semplici quanto misteriose sulla spiaggia e in un bosco, insieme a alcuni perfomer.\u00a0<b style=\"font-weight: bold;\"><i style=\"font-style: italic;\">Mirage<\/i>\u00a0<\/b>(<\/span><span lang=\"IT\" style=\"color: black;\">1976\/1994\/2005<\/span><span lang=\"IT\">) \u00e8 una delle opere pi\u00f9 emblematiche della produzione di Joan Jonas. La complessa installazione esplora gli aspetti formali della ricerca iniziale e li ricombina con nuove soluzioni. Essa ripropone gli elementi della performance realizzata nel 1976 in cui l\u2019artista con il volto coperto da una maschera messicana svolge alcune azioni come correre sul palco, eseguire disegni gestuali, soffiare dentro un cono e interagire con elementi scultorei. L\u2019opera, poi tradotta in installazione, \u00e8 composta da alcuni oggetti di scena, tre monitor e tre proiezioni.\u00a0<b style=\"font-weight: bold;\"><i style=\"font-style: italic;\">Reanimation<\/i><\/b>\u00a0(2010\/2012\/2013), installata nell\u2019ultima area dello spazio espositivo chiamata \u201cCubo\u201d, \u00e8 l\u2019installazione pi\u00f9 recente e rappresenta un esempio significativo dell\u2019evoluzione sperimentale dell\u2019artista. Joan Jonas, riguardo a quest&#8217;opera, afferma: \u201cquesto lavoro racconta gli spazi inesplorati come metafora e l\u2019attualit\u00e0 dell\u2019archeologia dell\u2019oceano\u201d. Quattro griglie di legno e carta giapponese formano gli schermi utilizzati per la proiezione di video che mostrano paesaggi nordici, montagne al tramonto e disegni di inchiostro nero tracciati sulla neve. Una struttura metallica contiene numerosi cristalli appesi e due\u00a0<i style=\"font-style: italic;\">My New Theaters<\/i>\u00a0completano l\u2019opera proiettando alcuni estratti dei video\u00a0<i style=\"font-style: italic;\">Disturbances<\/i>\u00a0(1974) e\u00a0<i style=\"font-style: italic;\">Melancholia<\/i>\u00a0(2005).<\/span><\/p>\n<p class=\"ecxMsoNormal\"><span lang=\"IT\">\u00a0<\/span><\/p>\n<p class=\"ecxMsoNormal\"><b style=\"font-weight: bold;\"><span style=\"text-decoration: underline;\"><span lang=\"IT\">L\u2019artista<\/span><\/span><\/b><\/p>\n<p class=\"ecxMsoNormal\"><span lang=\"IT\">\u00a0<\/span><\/p>\n<p class=\"ecxMsoNormal\"><span lang=\"IT\">Joan Jonas (New York, 1936) \u00e8 una delle pi\u00f9 rispettate e riconosciute artiste viventi. Considerata la\u00a0<b style=\"font-weight: bold;\">massima autorit\u00e0 in campo di storia e teoria della performance<\/b>, si \u00e8 affermata negli anni 60 e 70 grazie alla sua pionieristica pratica performativa e video. Il suo lavoro ha reinterpretato in modo assolutamente originale la\u00a0<b style=\"font-weight: bold;\">relazione tra l\u2019arte e le forme della narrazione<\/b>, includendo nelle sue opere, accanto all\u2019immagine video, agli oggetti di scena (i cosiddetti\u00a0<i style=\"font-style: italic;\">prop<\/i>) e alla performance, la presenza della parola come motore di immaginario. E\u2019 attualmente\u00a0<b style=\"font-weight: bold;\">Professore Emerito presso il Massachusetts Institute of Technology (MIT)<\/b>\u00a0Program in Art, Culture and Technology di Boston ed \u00e8 autrice di testi di riferimento sul tema della performance art. Ha partecipato alle pi\u00f9 importanti mostre collettive degli ultimi trent\u2019anni, fra cui la\u00a0<b style=\"font-weight: bold;\">Biennale di Venezia<\/b>\u00a0nel 2009 e a ben sei edizioni della prestigiosa rassegna<b style=\"font-weight: bold;\">documenta di Kassel<\/b>\u00a0(1972, 1977, 1982, 1987, 2002, 2012).<\/span><\/p>\n<p class=\"ecxMsoNormal\"><span lang=\"IT\">\u00a0<\/span><\/p>\n<p class=\"ecxMsoNormal\"><b style=\"font-weight: bold;\"><span style=\"text-decoration: underline;\"><span lang=\"IT\">Il programma espositivo di Pirelli HangarBicocca<\/span><\/span><\/b><\/p>\n<p class=\"ecxMsoNormal\"><span lang=\"IT\">\u00a0<\/span><\/p>\n<p class=\"ecxMsoNormal\"><span lang=\"IT\">L\u2019esposizione\u00a0<i style=\"font-style: italic;\">Light Time Tales<\/i>\u00a0si colloca all\u2019interno del programma di mostre firmato da Vicente Todol\u00ed insieme ad Andrea Lissoni. Il progetto espositivo \u00e8 presentato in concomitanza con la mostra personale\u00a0<i style=\"font-style: italic;\">Papagaio<\/i>\u00a0di Jo\u00e3o Maria Gusm\u00e3o &amp; Pedro Paiva allestita nello spazio espositivo dello \u201cShed\u201d (fino al 26 ottobre 2014). Il calendario di Pirelli HangarBicocca proseguir\u00e0 con le mostre di C\u00e9line Condorelli (dicembre 2014), Juan Mu\u00f1oz (aprile 2015),\u00a0 Dami\u00e1n Ortega (giugno 2015) e Philippe Parreno (ottobre 2015).<b style=\"font-weight: bold;\">\u00a0<\/b>\u00a0<\/span><\/p>\n<p class=\"ecxMsoNormal\"><b style=\"font-weight: bold;\"><span style=\"text-decoration: underline;\"><span lang=\"IT\">\u00a0<\/span><\/span><\/b><\/p>\n<p class=\"ecxMsoNormal\"><b style=\"font-weight: bold;\"><span style=\"text-decoration: underline;\"><span lang=\"IT\">Pirelli HangarBicocca<\/span><\/span><\/b><\/p>\n<p class=\"ecxMsoNormal\"><span lang=\"IT\">\u00a0<\/span><\/p>\n<p class=\"ecxMsoNormal\"><span lang=\"IT\">HangarBicocca, lo spazio per l\u2019arte contemporanea di Pirelli, \u00e8 il naturale proseguimento di una lunga tradizione di attenzione verso la cultura, la ricerca e l\u2019innovazione che accompagna l\u2019azienda fin dalla sua fondazione avvenuta oltre 140 anni fa. Grazie all\u2019impegno di Pirelli, HangarBicocca rende accessibile al pubblico una programmazione di alto livello e una serie di attivit\u00e0 per ragazzi e famiglie, ed \u00e8 diventato ormai un punto di riferimento per Milano e per il pubblico internazionale.<\/span><\/p>\n<p class=\"ecxMsoNormal\"><b style=\"font-weight: bold;\"><span style=\"text-decoration: underline;\"><span lang=\"IT\">\u00a0<\/span><\/span><\/b><\/p>\n<p class=\"ecxMsoNormal\"><b style=\"font-weight: bold;\"><span style=\"text-decoration: underline;\"><span lang=\"IT\">Scheda Info<\/span><\/span><\/b><\/p>\n<p class=\"ecxMsoNormal\"><b style=\"font-weight: bold;\"><span style=\"text-decoration: underline;\"><span lang=\"IT\">\u00a0<\/span><\/span><\/b><\/p>\n<p class=\"ecxMsoNormal\"><span lang=\"IT\">Istituzione\u00a0\u00a0\u00a0\u00a0\u00a0\u00a0\u00a0\u00a0\u00a0\u00a0\u00a0\u00a0\u00a0\u00a0\u00a0\u00a0\u00a0\u00a0\u00a0\u00a0\u00a0\u00a0\u00a0\u00a0\u00a0\u00a0\u00a0\u00a0\u00a0\u00a0\u00a0\u00a0\u00a0\u00a0\u00a0\u00a0\u00a0\u00a0\u00a0\u00a0\u00a0\u00a0\u00a0 Pirelli HangarBicocca<\/span><\/p>\n<p class=\"ecxMsoNormal\"><b style=\"font-weight: bold;\"><span lang=\"IT\">\u00a0<\/span><\/b><\/p>\n<p class=\"ecxMsoNormal\"><span lang=\"IT\">Artista \u00a0\u00a0\u00a0\u00a0\u00a0\u00a0\u00a0\u00a0\u00a0\u00a0\u00a0\u00a0\u00a0\u00a0\u00a0\u00a0\u00a0\u00a0\u00a0\u00a0\u00a0\u00a0\u00a0\u00a0\u00a0\u00a0\u00a0\u00a0\u00a0\u00a0\u00a0\u00a0\u00a0\u00a0\u00a0\u00a0\u00a0\u00a0\u00a0\u00a0\u00a0\u00a0\u00a0\u00a0\u00a0\u00a0\u00a0\u00a0 Joan Jonas<\/span><\/p>\n<p class=\"ecxMsoNormal\"><span lang=\"IT\">\u00a0<\/span><\/p>\n<p class=\"ecxMsoNormal\"><span lang=\"IT\">Titolo \u00a0\u00a0\u00a0\u00a0\u00a0\u00a0\u00a0\u00a0\u00a0\u00a0\u00a0\u00a0\u00a0\u00a0\u00a0\u00a0\u00a0\u00a0\u00a0\u00a0\u00a0\u00a0\u00a0\u00a0\u00a0\u00a0\u00a0\u00a0\u00a0\u00a0\u00a0\u00a0\u00a0\u00a0\u00a0\u00a0\u00a0\u00a0\u00a0\u00a0\u00a0\u00a0\u00a0\u00a0\u00a0\u00a0\u00a0\u00a0\u00a0\u00a0<i style=\"font-style: italic;\">Light Time Tales<\/i><\/span><\/p>\n<p class=\"ecxMsoNormal\"><i style=\"font-style: italic;\"><span lang=\"IT\" style=\"color: red;\">\u00a0<\/span><\/i><\/p>\n<p class=\"ecxMsoNormal\"><span lang=\"IT\">A cura di \u00a0\u00a0\u00a0\u00a0\u00a0\u00a0\u00a0\u00a0\u00a0\u00a0\u00a0\u00a0\u00a0\u00a0\u00a0\u00a0\u00a0\u00a0\u00a0\u00a0\u00a0\u00a0\u00a0\u00a0\u00a0\u00a0\u00a0\u00a0\u00a0\u00a0\u00a0\u00a0\u00a0\u00a0\u00a0\u00a0\u00a0\u00a0\u00a0\u00a0\u00a0\u00a0\u00a0\u00a0 Andrea Lissoni<\/span><\/p>\n<p class=\"ecxMsoNormal\"><span lang=\"IT\">\u00a0<\/span><\/p>\n<p class=\"ecxMsoNormal\"><span lang=\"IT\">Inaugurazione \u00a0\u00a0\u00a0\u00a0\u00a0\u00a0\u00a0\u00a0\u00a0\u00a0\u00a0\u00a0\u00a0\u00a0\u00a0\u00a0\u00a0\u00a0\u00a0\u00a0\u00a0\u00a0\u00a0\u00a0\u00a0\u00a0\u00a0\u00a0\u00a0\u00a0\u00a0\u00a0\u00a0\u00a0\u00a0 1\u00a0 Ottobre 2014, ore 19<\/span><\/p>\n<p class=\"ecxMsoNormal\"><span lang=\"IT\">\u00a0<\/span><\/p>\n<p class=\"ecxMsoNormal\"><span lang=\"IT\">Conferenza stampa\u00a0\u00a0\u00a0\u00a0\u00a0\u00a0\u00a0\u00a0\u00a0\u00a0\u00a0\u00a0\u00a0\u00a0\u00a0\u00a0\u00a0\u00a0\u00a0\u00a0\u00a0\u00a0\u00a0\u00a0\u00a0\u00a0\u00a0 30 Settembre 2014<\/span><\/p>\n<p class=\"ecxMsoNormal\"><span lang=\"IT\">\u00a0<\/span><\/p>\n<p class=\"ecxMsoNormal\"><span lang=\"IT\">Periodo di mostra\u00a0\u00a0\u00a0\u00a0\u00a0\u00a0\u00a0\u00a0\u00a0\u00a0\u00a0\u00a0\u00a0\u00a0\u00a0\u00a0\u00a0\u00a0\u00a0\u00a0\u00a0\u00a0\u00a0\u00a0\u00a0\u00a0\u00a0\u00a0\u00a0\u00a0\u00a0 2 Ottobre 2014 \u2013 1 Febbraio 2015<\/span><\/p>\n<p class=\"ecxMsoNormal\"><span lang=\"IT\">\u00a0<\/span><\/p>\n<p class=\"ecxMsoNormal\"><span lang=\"IT\">Performance\u00a0\u00a0\u00a0\u00a0\u00a0\u00a0\u00a0\u00a0\u00a0\u00a0\u00a0\u00a0\u00a0\u00a0\u00a0\u00a0\u00a0\u00a0\u00a0\u00a0\u00a0\u00a0\u00a0\u00a0\u00a0\u00a0\u00a0\u00a0\u00a0\u00a0\u00a0\u00a0\u00a0\u00a0\u00a0\u00a0\u00a0\u00a0 21 Ottobre 2014<\/span><\/p>\n<p class=\"ecxMsoNormal\"><span lang=\"IT\">\u00a0<\/span><\/p>\n<p class=\"ecxMsoNormal\"><span lang=\"IT\">Indirizzo \u00a0\u00a0\u00a0\u00a0\u00a0\u00a0\u00a0\u00a0\u00a0\u00a0\u00a0\u00a0\u00a0\u00a0\u00a0\u00a0\u00a0\u00a0\u00a0\u00a0\u00a0\u00a0\u00a0\u00a0\u00a0\u00a0\u00a0\u00a0\u00a0\u00a0\u00a0\u00a0\u00a0\u00a0\u00a0\u00a0\u00a0\u00a0\u00a0\u00a0\u00a0\u00a0\u00a0\u00a0\u00a0 Via Chiese 2, Milano<\/span><\/p>\n<p class=\"ecxMsoNormal\"><span lang=\"IT\">\u00a0<\/span><\/p>\n<p class=\"ecxMsoNormal\"><span lang=\"IT\">Orari \u00a0\u00a0\u00a0\u00a0\u00a0\u00a0\u00a0\u00a0\u00a0\u00a0\u00a0\u00a0\u00a0\u00a0\u00a0\u00a0\u00a0\u00a0\u00a0\u00a0\u00a0\u00a0\u00a0\u00a0\u00a0\u00a0\u00a0\u00a0\u00a0\u00a0\u00a0\u00a0\u00a0\u00a0\u00a0\u00a0\u00a0\u00a0\u00a0\u00a0\u00a0\u00a0\u00a0\u00a0\u00a0\u00a0\u00a0\u00a0\u00a0\u00a0 Gioved\u00ec \u2013 Domenica dalle 11.00 alle 23.00<\/span><\/p>\n<p class=\"ecxMsoNormal\"><span lang=\"IT\">\u00a0<\/span><\/p>\n<p class=\"ecxMsoNormal\"><span lang=\"IT\">Ingresso \u00a0\u00a0\u00a0\u00a0\u00a0\u00a0\u00a0\u00a0\u00a0\u00a0\u00a0\u00a0\u00a0\u00a0\u00a0\u00a0\u00a0\u00a0\u00a0\u00a0\u00a0\u00a0\u00a0\u00a0\u00a0\u00a0\u00a0\u00a0\u00a0\u00a0\u00a0\u00a0\u00a0\u00a0\u00a0\u00a0\u00a0\u00a0\u00a0\u00a0\u00a0\u00a0\u00a0\u00a0 Gratuito<\/span><\/p>\n<p class=\"ecxMsoNormal\"><span lang=\"IT\">\u00a0<\/span><\/p>\n<p class=\"ecxMsoNormal\"><span lang=\"IT\">Laboratori \u00a0\u00a0\u00a0\u00a0\u00a0\u00a0\u00a0\u00a0\u00a0\u00a0\u00a0\u00a0\u00a0\u00a0\u00a0\u00a0\u00a0\u00a0\u00a0\u00a0\u00a0\u00a0\u00a0\u00a0\u00a0\u00a0\u00a0\u00a0\u00a0\u00a0\u00a0\u00a0\u00a0\u00a0\u00a0\u00a0\u00a0\u00a0\u00a0\u00a0\u00a0\u00a0 Per bambini tutti i weekend (11.15 \u2013 15.30)<\/span><\/p>\n<p class=\"ecxMsoNormal\"><span lang=\"IT\">\u00a0<\/span><\/p>\n<p class=\"ecxMsoNormal\"><span lang=\"IT\">Info per il pubblico\u00a0\u00a0\u00a0\u00a0\u00a0\u00a0\u00a0\u00a0\u00a0\u00a0\u00a0\u00a0\u00a0\u00a0\u00a0\u00a0\u00a0\u00a0\u00a0\u00a0\u00a0\u00a0\u00a0\u00a0\u00a0\u00a0\u00a0\u00a0\u00a0\u00a0 02.66111573\/<span style=\"color: black;\">\u00a0<a style=\"font-weight: inherit; color: blue;\" href=\"https:\/\/www.hangarbicocca.org\/\" target=\"_blank\">www.hangarbicocca.org<\/a><\/span><\/span><\/p>\n<p class=\"ecxMsoNormal\"><span lang=\"IT\">\u00a0<\/span><\/p>\n","protected":false},"excerpt":{"rendered":"<p>Pirelli HangarBicocca presenta\u00a0Light Time Tales, la pi\u00f9 ampia mostra mai dedicata a Joan Jonas. \u00a0 Il progetto espositivo, a cura di Andrea Lissoni, riunisce venti opere, tra installazioni e video, di una delle pi\u00f9 riconosciute artiste contemporanee che ha inventato nuove forme di narrazione, attraversando i confini fra le discipline. \u00a0 2 Ottobre 2014 &#8211; &hellip; <a href=\"https:\/\/www.gdapress.it\/it\/index.php\/45145\/arte\/joan-jonas-in-hangarbicocca-light-time-tales.html\" class=\"more-link\">Read more <span class=\"screen-reader-text\">Joan Jonas in HangarBicocca con Light Time Tales<\/span><\/a><\/p>\n","protected":false},"author":2,"featured_media":0,"comment_status":"closed","ping_status":"open","sticky":false,"template":"","format":"standard","meta":{"footnotes":""},"categories":[4],"tags":[1431,13596,17],"class_list":["post-45145","post","type-post","status-publish","format-standard","hentry","category-arte","tag-hangar-bicocca","tag-joan-jonas","tag-milano"],"_links":{"self":[{"href":"https:\/\/www.gdapress.it\/it\/index.php\/wp-json\/wp\/v2\/posts\/45145","targetHints":{"allow":["GET"]}}],"collection":[{"href":"https:\/\/www.gdapress.it\/it\/index.php\/wp-json\/wp\/v2\/posts"}],"about":[{"href":"https:\/\/www.gdapress.it\/it\/index.php\/wp-json\/wp\/v2\/types\/post"}],"author":[{"embeddable":true,"href":"https:\/\/www.gdapress.it\/it\/index.php\/wp-json\/wp\/v2\/users\/2"}],"replies":[{"embeddable":true,"href":"https:\/\/www.gdapress.it\/it\/index.php\/wp-json\/wp\/v2\/comments?post=45145"}],"version-history":[{"count":2,"href":"https:\/\/www.gdapress.it\/it\/index.php\/wp-json\/wp\/v2\/posts\/45145\/revisions"}],"predecessor-version":[{"id":45148,"href":"https:\/\/www.gdapress.it\/it\/index.php\/wp-json\/wp\/v2\/posts\/45145\/revisions\/45148"}],"wp:attachment":[{"href":"https:\/\/www.gdapress.it\/it\/index.php\/wp-json\/wp\/v2\/media?parent=45145"}],"wp:term":[{"taxonomy":"category","embeddable":true,"href":"https:\/\/www.gdapress.it\/it\/index.php\/wp-json\/wp\/v2\/categories?post=45145"},{"taxonomy":"post_tag","embeddable":true,"href":"https:\/\/www.gdapress.it\/it\/index.php\/wp-json\/wp\/v2\/tags?post=45145"}],"curies":[{"name":"wp","href":"https:\/\/api.w.org\/{rel}","templated":true}]}}