
{"id":45104,"date":"2014-09-28T21:25:36","date_gmt":"2014-09-28T19:25:36","guid":{"rendered":"http:\/\/www.gdapress.it\/it\/?p=45104"},"modified":"2014-09-28T21:25:36","modified_gmt":"2014-09-28T19:25:36","slug":"punti-vista-mostra-allumanitaria-milano","status":"publish","type":"post","link":"https:\/\/www.gdapress.it\/it\/index.php\/45104\/arte\/punti-vista-mostra-allumanitaria-milano.html","title":{"rendered":"Punti di vista &#8211; mostra all&#8217;Umanitaria &#8211; Milano"},"content":{"rendered":"<p><strong>MOSTRA COLLETTIVA ALL\u2019UMANITARIA- CHIOSTRO DEI GLICINI<\/strong><\/p>\n<p>&nbsp;<\/p>\n<p><strong>PUNTI di VISTA<\/strong><\/p>\n<p>&nbsp;<\/p>\n<p>Dal 29 settembre al 4 ottobre 2014 dalle ore 16 alle ore 20<\/p>\n<p><strong>Inaugurazione luned\u00ec 29 settembre 2014 ore 18<\/strong><\/p>\n<p>&nbsp;<\/p>\n<p>SOCIETA&#8217; UMANITARIA MILANO \u2013 CHIOSTRO DEI GLICINI<\/p>\n<p>Via Francesco Daverio 7 Milano<\/p>\n<p>&nbsp;<\/p>\n<p><strong>A cura di Vanna Mazzei<\/strong><\/p>\n<p><strong>Fausta DOSSI, Matteo LAUSETTI, Lucio PERNA, Cinzia VENEGONI ROCCHI<\/strong><\/p>\n<p>&nbsp;<\/p>\n<p>&nbsp;<\/p>\n<p>&nbsp;<\/p>\n<p>Quattro artisti selezionati per raccontarsi al pubblico non solo attraverso il linguaggio dell\u2019arte visiva, ma anche della parola, per offrire allo spettatore una chiave di lettura sul tema prescelto dall\u2019artista e sul suo percorso di analisi.<\/p>\n<p>&nbsp;<\/p>\n<p>\u201cUna mostra &#8211; sottolinea la curatrice, Vanna Mazzei, &#8211; concepita \u201c dalla parte del pubblico \u201c che verr\u00e0 immediatamente informato, fin dall&#8217;inizio del percorso espositivo del \u201c punto di vista \u201c dell&#8217;artista sugli argomenti che le opere in mostra propongono e rappresentano. Un modo per superare quella troppo nota e diffusa diffidenza del grande pubblico di \u201cnon addetti ai lavori\u201d verso l&#8217;arte contemporanea e la sua comprensione\u201d.<\/p>\n<p>&nbsp;<\/p>\n<p>Fausta Dossi, Matteo Lausetti, Lucio Perna e Cinzia Venegoni Rocchi, sono stati selezionati dalla curatrice perch\u00e9 hanno in comune il senso della sperimentazione e ciascuno segue percorsi diversi e si esprime con un linguaggio personalissimo.<\/p>\n<p>&nbsp;<\/p>\n<p>Ecco come si raccontano al pubblico:<\/p>\n<p>&nbsp;<\/p>\n<p><strong>Fausta Dossi: <\/strong><\/p>\n<p><em>\u201c\u2026..Ho il bisogno istintivo di poter agire sulla massa plastica realizzando parti mobili su perni, cos\u00ec da modificare i volumi, le prospettive, il gioco della luce sulla superficie \u2026. in modo da evidenziare l\u2019articolazione ed un\u2019eventuale rotazione che apra spazi. .. Le opere pittoriche (presentano parti) cucite su tela come fossero paesaggi dimenticati, il segno che nella scultura \u00e8 mobile sulla tela l\u2019ho voluto come fosse provvisorio\u2026\u201d.<\/em><\/p>\n<p><em>\u00a0<\/em><\/p>\n<p><strong>\u00a0Matteo Lusetti: <\/strong><\/p>\n<p><em>\u201cNelle mie opere emerge l\u2019urgenza di sondare percorsi espressivi personali e intensi che parlano di quella parte di noi pi\u00f9 intima e nascosta dove tutto diventa eccessivo, scomposto, frammentato, contrastato e contraddittorio. .. Sono opere da tastare, da sentire, con tutti i sensi per perdersi nei rilievi e nelle asperit\u00e0 delle tele alla ricerca del fragile ed effimero equilibrio che la vita ci permette nella speranza di una soluzione all\u2019eterna domanda mai chiaramente espressa. Quale serenit\u00e0 \u00e8 possibile per noi?\u201d\u2026\u2026<\/em><\/p>\n<p>&nbsp;<\/p>\n<p><strong>Lucio Perna: <\/strong><\/p>\n<p><em>\u201c Le opere che ho selezionato per questa mostra hanno tutte lo stesso titolo:\u00a0 CONFINI. Ma\u00a0 i miei\u00a0 \u201c confini \u201c non rappresentano luoghi ricavati dalla geografia fisica o politica, sono piuttosto manifestazione e rappresentazione di un\u2019idea. Il mio \u201c Punto di vista \u201c \u00e8 che\u00a0 l\u2019arte sia allo stesso tempo strumento e luogo di libert\u00e0 intellettuale. Strumento di indagine e di\u00a0 conoscenza impiegata per individuare,\u00a0 di volta in volta, nuovi confini in una geografia non pi\u00f9 e non solo fisica ma psicologicamente, culturalmente ed emozionalmente\u00a0 aderente all\u2019esigenza di\u00a0 nuove libere spazialit\u00e0\u201d<\/em><\/p>\n<p><strong>Cinzia Venegoni Ronchi:<\/strong><\/p>\n<p><em>\u201cFerro, rame, piombo sono materiali forti, pesanti, duri che, attraverso il mio lavoro si rivelano in tutta la loro morbidezza e precariet\u00e0. Il piombo si lascia modellare docilmente fino ad assumere un aspetto quasi liquido. Il ferro e&#8217; saldato ma si muove, ondeggia. Il rame riflette e illumina nel suo ruolo cromatico. Infine il legno, vivo e pulsante di suo, si colora e si sfalda nella sua potenza. L&#8217;arte e&#8217; comunicazione e l&#8217;artista, testimone del suo tempo, ne rivela i messaggi,i contenuti, i &#8220;punti di vista&#8221;. Il senso di precariet\u00e0, instabilit\u00e0 e costrizione porta con s\u00e9&#8217; sempre e comunque una speranza di rinascita,una ricerca continua del bagliore della vita.<\/em><\/p>\n<p><em>\u00a0<\/em><\/p>\n<p>&nbsp;<\/p>\n<p>Catalogo in sede<\/p>\n<p>Per informazioni : tel 340.4514588<\/p>\n<p>&nbsp;<\/p>\n","protected":false},"excerpt":{"rendered":"<p>MOSTRA COLLETTIVA ALL\u2019UMANITARIA- CHIOSTRO DEI GLICINI &nbsp; PUNTI di VISTA &nbsp; Dal 29 settembre al 4 ottobre 2014 dalle ore 16 alle ore 20 Inaugurazione luned\u00ec 29 settembre 2014 ore 18 &nbsp; SOCIETA&#8217; UMANITARIA MILANO \u2013 CHIOSTRO DEI GLICINI Via Francesco Daverio 7 Milano &nbsp; A cura di Vanna Mazzei Fausta DOSSI, Matteo LAUSETTI, Lucio &hellip; <a href=\"https:\/\/www.gdapress.it\/it\/index.php\/45104\/arte\/punti-vista-mostra-allumanitaria-milano.html\" class=\"more-link\">Read more <span class=\"screen-reader-text\">Punti di vista &#8211; mostra all&#8217;Umanitaria &#8211; Milano<\/span><\/a><\/p>\n","protected":false},"author":2,"featured_media":0,"comment_status":"closed","ping_status":"open","sticky":false,"template":"","format":"standard","meta":{"footnotes":""},"categories":[4],"tags":[17,13582,1463],"class_list":["post-45104","post","type-post","status-publish","format-standard","hentry","category-arte","tag-milano","tag-punti-di-vista","tag-umanitaria"],"_links":{"self":[{"href":"https:\/\/www.gdapress.it\/it\/index.php\/wp-json\/wp\/v2\/posts\/45104","targetHints":{"allow":["GET"]}}],"collection":[{"href":"https:\/\/www.gdapress.it\/it\/index.php\/wp-json\/wp\/v2\/posts"}],"about":[{"href":"https:\/\/www.gdapress.it\/it\/index.php\/wp-json\/wp\/v2\/types\/post"}],"author":[{"embeddable":true,"href":"https:\/\/www.gdapress.it\/it\/index.php\/wp-json\/wp\/v2\/users\/2"}],"replies":[{"embeddable":true,"href":"https:\/\/www.gdapress.it\/it\/index.php\/wp-json\/wp\/v2\/comments?post=45104"}],"version-history":[{"count":1,"href":"https:\/\/www.gdapress.it\/it\/index.php\/wp-json\/wp\/v2\/posts\/45104\/revisions"}],"predecessor-version":[{"id":45105,"href":"https:\/\/www.gdapress.it\/it\/index.php\/wp-json\/wp\/v2\/posts\/45104\/revisions\/45105"}],"wp:attachment":[{"href":"https:\/\/www.gdapress.it\/it\/index.php\/wp-json\/wp\/v2\/media?parent=45104"}],"wp:term":[{"taxonomy":"category","embeddable":true,"href":"https:\/\/www.gdapress.it\/it\/index.php\/wp-json\/wp\/v2\/categories?post=45104"},{"taxonomy":"post_tag","embeddable":true,"href":"https:\/\/www.gdapress.it\/it\/index.php\/wp-json\/wp\/v2\/tags?post=45104"}],"curies":[{"name":"wp","href":"https:\/\/api.w.org\/{rel}","templated":true}]}}