
{"id":45078,"date":"2014-09-25T17:57:42","date_gmt":"2014-09-25T15:57:42","guid":{"rendered":"http:\/\/www.gdapress.it\/it\/?p=45078"},"modified":"2014-09-26T08:03:08","modified_gmt":"2014-09-26T06:03:08","slug":"dio-ci-aiuti-stasera-marche-protagoniste-piccolo-schermo","status":"publish","type":"post","link":"https:\/\/www.gdapress.it\/it\/index.php\/45078\/turismo\/dio-ci-aiuti-stasera-marche-protagoniste-piccolo-schermo.html","title":{"rendered":"\u201cCHE DIO CI AIUTI\u201d , DA STASERA LE MARCHE PROTAGONISTE SUL PICCOLO SCHERMO"},"content":{"rendered":"<p class=\"ecxMsoNormal\" style=\"color: #444444;\"><a href=\"http:\/\/www.gdapress.it\/it\/..\/public\/it\/2014\/09\/Foto2-1.jpg\"><img loading=\"lazy\" decoding=\"async\" class=\"alignleft size-large wp-image-45079\" src=\"http:\/\/www.gdapress.it\/it\/..\/public\/it\/2014\/09\/Foto2-1-480x400.jpg\" alt=\"Foto2 (1)\" width=\"480\" height=\"400\" srcset=\"https:\/\/www.gdapress.it\/it\/..\/public\/it\/2014\/09\/Foto2-1-480x400.jpg 480w, https:\/\/www.gdapress.it\/it\/..\/public\/it\/2014\/09\/Foto2-1-300x249.jpg 300w, https:\/\/www.gdapress.it\/it\/..\/public\/it\/2014\/09\/Foto2-1.jpg 1516w\" sizes=\"auto, (max-width: 480px) 100vw, 480px\" \/><\/a><\/p>\n<p class=\"ecxMsoNormal\" style=\"color: #444444;\">\n<p class=\"ecxMsoNormal\" style=\"color: #444444;\">\n<p class=\"ecxMsoNormal\" style=\"color: #444444;\">\n<p class=\"ecxMsoNormal\" style=\"color: #444444;\">\n<p class=\"ecxMsoNormal\" style=\"color: #444444;\">\n<p class=\"ecxMsoNormal\" style=\"color: #444444;\">\n<p class=\"ecxMsoNormal\" style=\"color: #444444;\">\n<p class=\"ecxMsoNormal\" style=\"color: #444444;\">\n<p class=\"ecxMsoNormal\" style=\"color: #444444;\">\n<p class=\"ecxMsoNormal\" style=\"color: #444444;\">\n<p class=\"ecxMsoNormal\" style=\"color: #444444;\">\n<p class=\"ecxMsoNormal\" style=\"color: #444444;\">\n<p class=\"ecxMsoNormal\" style=\"color: #444444;\">\n<p class=\"ecxMsoNormal\" style=\"color: #444444;\"><b style=\"font-weight: bold;\"><span style=\"color: black;\">La fiction pi\u00f9 seguita di RAI UNO, alla terza serie, \u00e8 stata girata a Fabriano e in molte localit\u00e0 marchigiane. Pillole promozionali con gi attori protagonisti anticipano la messa in onda.\u00a0\u00a0\u00a0\u00a0\u00a0<\/span><\/b><\/p>\n<p class=\"ecxMsoNormal\" style=\"color: #444444;\"><span style=\"color: black;\">\u00a0<\/span><span style=\"color: black;\">Da\u00a0 stasera e per dieci puntate le Marche saranno ancora protagoniste, questa volta sul piccolo schermo, ma per un grande pubblico. Saranno lo s<\/span>fondo della 3\u00b0 serie della fiction televisiva \u201cChe Dio ci aiuti\u201d \u00a0in onda in prima visione su RAIUNO, che si ripropone ai tanti affezionati con una novit\u00e0 :\u00a0 il trasferimento di \u00a0Suor Angela (Elena Sofia Ricci),\u00a0protagonista della serie TV, a Fabriano in un convento appena restaurato; \u00a0insieme a lei un cast di personaggi gi\u00e0 noti come Suor Costanza (la burbera madre superiora interpretata da Valeria Fabrizi ) e le altre consorelle insieme ad un vivace e problematico gruppo di giovani.<\/p>\n<p class=\"ecxMsoNormal\" style=\"color: #444444;\"><span style=\"color: black;\">Oggi proprio a Fabriano la conferenza stampa con tutto il cast ancora impegnato nelle riprese degli ultimi episodi. Il presidente della Regione Gian Mario Spacca ha ricevuto i complimenti di Matilde Bernabei ( presidente della Casa di produzione\u00a0\u00a0 Lux Vide) per \u201cl\u2019ottima squadra regionale, guidata da Raimondo Orsetti,\u00a0 che ha lavorato con intelligenza operativa per superare ogni tipo di problema in modalit\u00e0 davvero efficiente , doti non facili da trovare in altre istituzioni pubbliche italiane, per facilitare il lavoro\u00a0 della produzione e del cast tecnico e artistico.\u201d\u00a0\u00a0<\/span><\/p>\n<p class=\"ecxMsoNormal\" style=\"color: #444444;\"><span style=\"color: black;\">\u201cSiamo orgogliosi\u00a0 &#8211; ha affermato il presidente Spacca &#8211; di aver avviato una fruttuosa\u00a0 collaborazione con la Lux Vide e ringraziamo la troupe e tutti coloro che hanno lavorato a questo bellissimo progetto che \u00e8 ormai una realt\u00e0 di successo consolidato. Siamo sicuri che il rapporto avviato potr\u00e0 continuare con altre iniziative.\u00a0 Abbiamo dedicato un quota precisa del POR , per la programmazione dei prossimi sette anni, destinata a proseguire\u00a0 una strategia di valorizzazione del distretto culturale marchigiano e quindi anche delle realizzazioni filmiche e televisive, consapevoli che ormai questo territorio \u00e8 oggetto di molta attenzione da parte dei produttori , grazie anche all\u2019attivit\u00e0 della Fondazione Marche Cinema e di Film Commission che hanno svolto un grande lavoro di comunicazione e promozione. Questa produzione televisiva, infatti,\u00a0 rientra in un programma di valorizzazione del nostro territorio, ma anche della comunit\u00e0 marchigiana \u2013 ha sottolineato il presidente Spacca &#8211; perch\u00e9 sia maggiormente apprezzata e la sua reputazione cresca nella considerazione del nostro Paese e a livello internazionale.\u00a0 Un programma che si sta sviluppando e passa attraverso il film su Leopardi e altre pellicole nell\u2019ultimo periodo e, appunto,\u00a0 attraverso questa fiction, la pi\u00f9 seguita dei programmi Rai. La trasmissione metter\u00e0 in evidenza la bellezza delle Marche grazie a molte\u00a0 localit\u00e0 da Fabriano a San Benedetto e Ascoli Piceno, attraverso Pesaro Urbino, Genga, il Furlo, Portonovo, Castelraimondo, Macerata , Fermo,Camerino\u00a0 tutte le principali citt\u00e0 delle Marche sono state toccate\u00a0 e raccontate o attraverso la trama della fiction o\u00a0 con le clip che anticipano la messa in onda.\u00a0 Pillole\u00a0 di bellezza marchigiana , interpretate dagli stessi attori, veri e propri spot promozionali a vantaggio del nostro territorio. Il contributo della Regione, come in tutte le altre occasioni che hanno riguardato la promozione delle Marche\u00a0 si \u00e8 avvalso di fondi europei mettendo a disposizione circa 1 milione di euro.\u201d<\/span><\/p>\n<p class=\"ecxMsoNormal\" style=\"color: #444444;\">Saranno 20 episodi che andranno in onda in 10 serate (due episodi a puntata)e sar\u00e0 curioso ammirare quanto alcuni luoghi marchigiani siano saranno telegenici. Ecco alcune delle location A\u00a0\u00a0<span style=\"text-decoration: underline;\">Fabriano<\/span>: Piazza Del Comune; Esterno Oratorio Della Carita\u2019; Loggiato e Largo San Francesco; Piazza Della Cattedrale; Ospedale; Scuola Primaria Allegretto Di Nuzio; Giardini Regina Margherita; Piazza Amedeo Di Savoia; Piazzale Matteotti; Piazza Quintino Sella \u2013 Museo Della Carta; Palasport; Pinacoteca Civica Bruno Malajoli; Fondazione Carifac; Balcone Del Vescovado;\u00a0\u00a0<span style=\"text-decoration: underline;\">Monterado<\/span>\u00a0&#8211; Villa privata;\u00a0\u00a0<span style=\"text-decoration: underline;\">Gola del Furlo<\/span>;\u00a0\u00a0<span style=\"text-decoration: underline;\">Urbino<\/span>\u00a0\u2013 Universit\u00e0;\u00a0\u00a0<span style=\"text-decoration: underline;\">Camerino<\/span>\u00a0&#8211; Universit\u00e0 e Tempio dell\u2019Assunta;\u00a0\u00a0<span style=\"text-decoration: underline;\">Portonovo<\/span>;\u00a0\u00a0<span style=\"text-decoration: underline;\">Grotte di Frasassi<\/span>;\u00a0<span style=\"text-decoration: underline;\">Fermo<\/span>\u00a0&#8211; Cisterne Romane;\u00a0<span style=\"text-decoration: underline;\">Ascoli Piceno<\/span>\u00a0&#8211; Forte Malatesta e Cartiera Papale.<\/p>\n<p class=\"ecxMsoNormal\" style=\"color: #444444;\">\u00a0Anche Stefania Benatti e Anna Olivucci della Fondazione Marche Cinema hanno evidenziato la validit\u00e0 delle clip che trainano la messa in onda:\u00a0 \u201cun \u2018eccezionale impatto turistico e comunicativo di questo tipo di operazione, a ridosso di una serie tv che nell\u2019ultima stagione &#8211; con uno share di oltre il 24% &#8211; risulta essere la pi\u00f9 seguita e amata dal pubblico.\u201d La nuova stagione di \u201cChe Dio ci aiuti\u201d \u00e8 stata realizzata con l\u2019intervento della Regione Marche, cofinanziato con risorse dell\u2019Unione Europea &#8211; Fondo Europeo di Sviluppo Regionale,<span style=\"color: #1f3864;\">\u00a0<\/span>in collaborazione con Marche Film Commission e Fondazione Marche Cinema Multimedia.\u00a0 Anna Olivucci ha ricordato che il sostegno a questa produzione LuxVide, in collaborazione con Rai Fiction , ha \u00a0gi\u00e0 rappresentato per il nostro territorio una interessante proposta occupazionale , avendo \u00a0impegnato a livello locale \u00a040 soggetti tra maestranze e fornitori \u00a0 e 200 figurazioni, compresi ruoli secondari.<\/p>\n<p class=\"ecxMsoNormal\" style=\"color: #444444;\">\u00a0 Matilde Bernabei di Lux Vide\u00a0 ha ricordato che l\u2019idea di venire a girare nelle Marche \u00e8 stata sua , ben conoscendone la bellezza e l\u2019accoglienza, \u201canche se andrebbero conosciute ancora meglio perch\u00e9 rappresentano un modello sotto molti punti di vista, da quello produttivo a quello sociale e organizzativo , oltre che di paesaggio. E che \u00e8 quasi un dovere morale del Servizio pubblico televisivo far conoscere le realt\u00e0 positive del nostro Paese, quelle che ce la possono fare cogliendo le opportunit\u00e0, come sanno fare le Marche. \u201c\u00a0 Anche Elena Sofia Ricci ha manifestato\u00a0 un entusiasmo autentico per la nostra regione che gi\u00e0 conosceva: \u201c L\u2019\u2019accoglienza mi ha fatto sentire in famiglia, a casa, qui mi sento in benessere. Questo ha facilitato anche il lavoro e ringrazio tutta la citt\u00e0 che ci ha coccolato ed accolto, ormai conosciamo tutti e ci hanno dimostrato una disponibilit\u00e0 eccezionale. \u201c Il regista Francesco Vicario ha sottolineato che le citt\u00e0 marchigiane sono esteticamente funzionali ad un lavoro televisivo, sono telegeniche , raccolte\u00a0 oltre che accoglienti, l\u2019ideale per far lavorare comodamente.<\/p>\n<p class=\"ecxMsoNormal\" style=\"color: #444444;\"><span style=\"color: #1f497d;\">\u00a0<\/span><\/p>\n","protected":false},"excerpt":{"rendered":"<p>La fiction pi\u00f9 seguita di RAI UNO, alla terza serie, \u00e8 stata girata a Fabriano e in molte localit\u00e0 marchigiane. Pillole promozionali con gi attori protagonisti anticipano la messa in onda.\u00a0\u00a0\u00a0\u00a0\u00a0 \u00a0Da\u00a0 stasera e per dieci puntate le Marche saranno ancora protagoniste, questa volta sul piccolo schermo, ma per un grande pubblico. Saranno lo sfondo &hellip; <a href=\"https:\/\/www.gdapress.it\/it\/index.php\/45078\/turismo\/dio-ci-aiuti-stasera-marche-protagoniste-piccolo-schermo.html\" class=\"more-link\">Read more <span class=\"screen-reader-text\">\u201cCHE DIO CI AIUTI\u201d , DA STASERA LE MARCHE PROTAGONISTE SUL PICCOLO SCHERMO<\/span><\/a><\/p>\n","protected":false},"author":2,"featured_media":0,"comment_status":"closed","ping_status":"open","sticky":false,"template":"","format":"standard","meta":{"footnotes":""},"categories":[9],"tags":[162,17451],"class_list":["post-45078","post","type-post","status-publish","format-standard","hentry","category-turismo","tag-marche","tag-turismo"],"_links":{"self":[{"href":"https:\/\/www.gdapress.it\/it\/index.php\/wp-json\/wp\/v2\/posts\/45078","targetHints":{"allow":["GET"]}}],"collection":[{"href":"https:\/\/www.gdapress.it\/it\/index.php\/wp-json\/wp\/v2\/posts"}],"about":[{"href":"https:\/\/www.gdapress.it\/it\/index.php\/wp-json\/wp\/v2\/types\/post"}],"author":[{"embeddable":true,"href":"https:\/\/www.gdapress.it\/it\/index.php\/wp-json\/wp\/v2\/users\/2"}],"replies":[{"embeddable":true,"href":"https:\/\/www.gdapress.it\/it\/index.php\/wp-json\/wp\/v2\/comments?post=45078"}],"version-history":[{"count":2,"href":"https:\/\/www.gdapress.it\/it\/index.php\/wp-json\/wp\/v2\/posts\/45078\/revisions"}],"predecessor-version":[{"id":45082,"href":"https:\/\/www.gdapress.it\/it\/index.php\/wp-json\/wp\/v2\/posts\/45078\/revisions\/45082"}],"wp:attachment":[{"href":"https:\/\/www.gdapress.it\/it\/index.php\/wp-json\/wp\/v2\/media?parent=45078"}],"wp:term":[{"taxonomy":"category","embeddable":true,"href":"https:\/\/www.gdapress.it\/it\/index.php\/wp-json\/wp\/v2\/categories?post=45078"},{"taxonomy":"post_tag","embeddable":true,"href":"https:\/\/www.gdapress.it\/it\/index.php\/wp-json\/wp\/v2\/tags?post=45078"}],"curies":[{"name":"wp","href":"https:\/\/api.w.org\/{rel}","templated":true}]}}