
{"id":45064,"date":"2014-09-25T23:42:36","date_gmt":"2014-09-25T21:42:36","guid":{"rendered":"http:\/\/www.gdapress.it\/it\/?p=45064"},"modified":"2014-09-25T23:42:36","modified_gmt":"2014-09-25T21:42:36","slug":"delle-donne-appuntamento-nazionale-26-28-settembre-2014","status":"publish","type":"post","link":"https:\/\/www.gdapress.it\/it\/index.php\/45064\/cultura\/delle-donne-appuntamento-nazionale-26-28-settembre-2014.html","title":{"rendered":"IL TEMPO DELLE DONNE: APPUNTAMENTO NAZIONALE 26-28 SETTEMBRE 2014"},"content":{"rendered":"<p><span style=\"color: #444444; font-family: 'Book Antiqua'; font-size: large;\"><b style=\"font-weight: bold;\">Tre giorni in Triennale con #tempodelledonne, e Milano \u00e8 #citt\u00e0delledonne\u00a0<\/b><\/span><br style=\"color: #444444;\" \/><span style=\"color: #444444; font-family: 'Book Antiqua'; font-size: large;\"><b style=\"font-weight: bold;\">Inchiesta, spettacolo, laboratorio, divertimento, formazione, arte, partecipazione\u00a0<\/b><\/span><br style=\"color: #444444;\" \/><span style=\"color: #444444; font-family: 'Book Antiqua'; font-size: large;\"><b style=\"font-weight: bold;\">100 eventi con ospiti italiani e stranieri in teatri, gallerie, universit\u00e0, biblioteche\u00a0<\/b><\/span><br style=\"color: #444444;\" \/><br style=\"color: #444444;\" \/><br style=\"color: #444444;\" \/><span style=\"color: #444444; font-family: 'Book Antiqua'; font-size: large;\">\u00a0La prima edizione nazionale de\u00a0<b style=\"font-weight: bold;\">Il Tempo delle Donne<\/b>, evento del Corriere della Sera, avr\u00e0 luogo dal 26 al 28 settembre 2014 a Milano, negli spazi della\u00a0<b style=\"font-weight: bold;\">Triennale<\/b>\u00a0e del\u00a0<b style=\"font-weight: bold;\">Teatro dell\u2019Arte<\/b>, con il patrocinio del\u00a0<b style=\"font-weight: bold;\">Comune di Milano<\/b>.\u00a0<\/span><br style=\"color: #444444;\" \/><br style=\"color: #444444;\" \/><span style=\"color: #444444; font-family: 'Book Antiqua'; font-size: large;\"><b style=\"font-weight: bold;\"><span style=\"text-decoration: underline;\">Il Tempo delle Donne<\/span><\/b><span style=\"text-decoration: underline;\">\u00a0&#8211; Storie, idee, azioni per partecipare al cambiamento<\/span>\u00a0\u00e8 un progetto del Corriere della Sera che ha scelto di costruire sulle donne e con le donne una grande inchiesta, che raccoglie e incrocia le voci di personalit\u00e0 pubbliche, esperte, artiste, giornaliste e giornalisti, lettrici e lettori. Organizzato con\u00a0<b style=\"font-weight: bold;\">La 27ma Ora\u00a0<\/b>e\u00a0<b style=\"font-weight: bold;\">IO Donna,<\/b>\u00a0<b style=\"font-weight: bold;\">Fondazione Corriere della Sera<\/b>\u00a0e\u00a0<b style=\"font-weight: bold;\">Valore D<\/b>,\u00a0<b style=\"font-weight: bold;\">Il Tempo delle Donne<\/b>\u00a0\u00e8 nato un anno fa e non si \u00e8 pi\u00f9 fermato: il palinsesto \u00e8 cresciuto di mese in mese coinvolgendo donne e uomini in una felice serie di incontri, spettacoli, laboratori.<\/span><span style=\"color: #444444;\">\u00a0<\/span><br style=\"color: #444444;\" \/><br style=\"color: #444444;\" \/><span style=\"color: #444444; font-family: 'Book Antiqua'; font-size: large;\"><b style=\"font-weight: bold;\">Expo Milano 2015<\/b>, partner de\u00a0<b style=\"font-weight: bold;\">Il Tempo delle Donne<\/b>\u00a0fin dagli eventi di avvicinamento della primavera, con il progetto<b style=\"font-weight: bold;\">\u00a0WE-Women for Expo<\/b>\u00a0contribuisce attivamente al palinsesto di settembre parlando di temi legati all\u2019Esposizione Universale. \u00a0<\/span><span style=\"color: #444444;\">\u00a0<\/span><br style=\"color: #444444;\" \/><br style=\"color: #444444;\" \/><span style=\"color: #444444; font-family: 'Book Antiqua'; font-size: large;\">\u201cQuello fin qui ideato, prodotto e messo in scena\u201d spiega\u00a0<b style=\"font-weight: bold;\">Barbara Stefanelli<\/b>, vicedirettrice del Corriere della Sera, \u201c\u00e8 un percorso che ha cercato di indagare su scienza e politica, arte e cucina, sessualit\u00e0, tecnologie e lavoro, per raccontare come stanno le donne nel nostro tempo. E, soprattutto, come vorrebbero stare. Cercheremo di mischiare i linguaggi, di informare e divertire, senza chiuderci nel recinto del dibattito. Ci saranno workshop, mostre, conversazioni, video produzioni e anche una grande festa. Tutto dedicato alle donne. E agli uomini che amano le donne.\u201d E aggiunge: \u201cPer noi non ci sono ideologie, non ci sono codici di genere: conta solo la libert\u00e0. E libert\u00e0 \u00e8 partecipazione\u201d.\u00a0<\/span><br style=\"color: #444444;\" \/><br style=\"color: #444444;\" \/><span style=\"color: #444444; font-family: 'Book Antiqua'; font-size: large;\">\u201cPer\u00a0<b style=\"font-weight: bold;\">Il Tempo delle Donne<\/b>, La 27ma Ora e IO Donna hanno lavorato fianco a fianco per raccontare storie, persone, valori capaci di lasciare il segno \u2013 piccolo o grande \u2013 nel nostro tempo e nel nostro destino\u201d racconta\u00a0<b style=\"font-weight: bold;\">Diamante D&#8217;Alessio<\/b>, direttrice di IO Donna. \u201cSiamo molto felici della ricchezza di idee che stiamo condividendo con il pubblico delle nostre lettrici.\u201d<\/span><span style=\"color: #444444;\">\u00a0<\/span><br style=\"color: #444444;\" \/><br style=\"color: #444444;\" \/><span style=\"color: #444444; font-family: 'Book Antiqua'; font-size: large;\">La creazione di una vasta rete ha reso possibile aggregare energie e idee intorno all\u2019iniziativa del Corriere della Sera, rendendo\u00a0<b style=\"font-weight: bold;\">Il Tempo delle Donne<\/b>\u00a0un progetto collettivo dove vive e cresce il racconto del nostro tempo. L\u2019adesione \u00e8 stata cos\u00ec vasta da non poter contenere nei tre giorni tutti gli eventi proposti: accanto al palinsesto\u00a0<b style=\"font-weight: bold;\">#tempodelledonne<\/b>\u00a0delle giornate 26, 27 e 28 settembre, si \u00e8 creato un palinsesto parallelo,\u00a0<b style=\"font-weight: bold;\">#citt\u00e0delledonne<\/b>, che \u00e8 gi\u00e0 iniziato e proseguir\u00e0 fino ai primi di ottobre. I due percorsi sono contrassegnati dal fiore cangiante che\u00a0<b style=\"font-weight: bold;\">Il Tempo delle Donne<\/b>\u00a0ha scelto da tempo come simbolo. Nel suo insieme,\u00a0<b style=\"font-weight: bold;\">Il Tempo delle Donne<\/b>\u00a0offrir\u00e0 oltre 100 appuntamenti.<\/span><span style=\"color: #444444;\">\u00a0<\/span><br style=\"color: #444444;\" \/><br style=\"color: #444444;\" \/><span style=\"color: #444444; font-family: 'Book Antiqua'; font-size: large;\">\u201cAbbiamo messo in rete decine e decine di eventi dedicati alla maternit\u00e0, all\u2019informazione, al lavoro, alla ricerca, tutti declinati al femminile\u201d \u2013 racconta\u00a0<b style=\"font-weight: bold;\">Piergaetano Marchetti<\/b>, presidente della Fondazione Corriere della Sera. \u201cLicei, universit\u00e0, teatri, associazioni, carceri, cinema e biblioteche hanno risposto con entusiasmo, confermando lo spirito di partecipazione costruito in anni di collaborazione.\u201d<\/span><span style=\"color: #444444;\">\u00a0<\/span><br style=\"color: #444444;\" \/><span style=\"color: #444444; font-family: 'Book Antiqua'; font-size: large;\">\u00a0<\/span><span style=\"color: #444444;\">\u00a0<\/span><br style=\"color: #444444;\" \/><span style=\"color: #444444; font-family: 'Book Antiqua'; font-size: large;\">A proposito della manifestazione, il vicensindaco di Milano\u00a0<b style=\"font-weight: bold;\">Ada Lucia De Cesaris\u00a0<\/b>commenta: \u201cMilano vuole essere accogliente e aperta anche per le donne, per questo si interroga e si confronta su quali sono i tempi e i modi per garantire loro tutte le opportunit\u00e0, senza rinunce\u201d.<\/span><span style=\"color: #444444;\">\u00a0<\/span><br style=\"color: #444444;\" \/><br style=\"color: #444444;\" \/><span style=\"color: #444444; font-family: 'Book Antiqua'; font-size: large;\">\u201c<b style=\"font-weight: bold;\">Il Tempo delle Donne<\/b>\u00a0\u00e8 un appuntamento culturale molto importante per la nostra citt\u00e0\u201d aggiunge<b style=\"font-weight: bold;\">Filippo Del Corno<\/b>, assessore alla Cultura al Comune di Milano, \u201cstimolante, trasversale e multitasking, come sono le donne milanesi di oggi. Un programma ricco di iniziative dal quale emerge la capacit\u00e0 delle donne di condividere e confrontarsi imparando l\u2019una dall\u2019altra, indipendentemente dall\u2019et\u00e0, la professione e il ceto sociale\u201d.<\/span><span style=\"color: #444444;\">\u00a0<\/span><br style=\"color: #444444;\" \/><br style=\"color: #444444;\" \/><span style=\"color: #444444; font-family: 'Book Antiqua'; font-size: large;\">Negli spazi della Triennale si svolger\u00e0 la tre giorni fitta di appuntamenti realizzati da La 27ma Ora, IO Donna, Fondazione Corriere della Sera, Valore D, WE-Women for Expo: dal 26 al 28 settembre (venerd\u00ec, sabato e domenica),\u00a0<b style=\"font-weight: bold;\">#tempodelledonne<\/b>\u00a0sar\u00e0 un evento fiume, dove navigare da soli o in gruppo dalle dieci del mattino a mezzanotte, con un palinsesto di proposte che permetter\u00e0 di individuare percorsi individuali molto vari: tre macro sezioni &#8211; inchieste, conversazioni, workshop &#8211; a intervalli di due ore proporranno incontri a partecipazione libera. Ci saranno anche laboratori per bambini e mostre permanenti. Le serate saranno all\u2019insegna dello spettacolo.\u00a0<\/span><br style=\"color: #444444;\" \/><span style=\"color: #444444; font-family: 'Book Antiqua'; font-size: large;\">Tutto sar\u00e0 a ingresso gratuito, per alcuni appuntamenti sar\u00e0 richiesta la prenotazione.<\/span><span style=\"color: #444444;\">\u00a0<\/span><br style=\"color: #444444;\" \/><br style=\"color: #444444;\" \/><span style=\"color: #444444; font-family: 'Book Antiqua'; font-size: large;\">Impossibile raccontare per esteso il palinsesto delle tre giornate, che avranno come madrine nella cerimonia di apertura le sei rettrici italiane (79 i rettori maschi):\u00a0<b style=\"font-weight: bold;\">Monica Barni, Daria de Pretis, Paola Inverardi, Cristina Messa, Elda Morlicchi\u00a0<\/b>e<b style=\"font-weight: bold;\">\u00a0Aurelia Sole.<\/b><\/span><span style=\"color: #444444;\">\u00a0<\/span><br style=\"color: #444444;\" \/><br style=\"color: #444444;\" \/><span style=\"color: #444444; font-family: 'Book Antiqua'; font-size: large;\">Tra gli ospiti del\u00a0<b style=\"font-weight: bold;\">#tempodelledonne<\/b>, per citare solo alcuni nomi, le ministre\u00a0<b style=\"font-weight: bold;\">Beatrice Lorenzin<\/b>\u00a0e<b style=\"font-weight: bold;\">Roberta Pinotti; Giusi Nicolini, Catia Pellegrino, Elisabetta Tripodi<\/b>; studiosi come\u00a0<b style=\"font-weight: bold;\">Gustavo Pietropolli Charmet, Silvia Fegetti Finzi, Barbara Mapelli, Nuccio Ordine, Andrea Vitullo\u00a0<\/b>e<b style=\"font-weight: bold;\">\u00a0Riccarda Zezza<\/b>; attrici, tra cui\u00a0<b style=\"font-weight: bold;\">Cristiana Capotondi, Paola Cortellesi, Elena Sofia Ricci, Maria Sole Tognazzi<\/b>; scrittori:\u00a0<b style=\"font-weight: bold;\">Silvia Avallone, Gianni Biondillo, Irene Cao, Ivan Cotroneo, Margherita d\u2019Amico, Cristina De Stefano, Beatrice Masini, Candida Morvillo, Benedetta\u00a0<\/b>e<b style=\"font-weight: bold;\">\u00a0Cristina Parodi, Valeria Parrella, Pulsatilla, Igiaba Scego, Antonio Scurati;\u00a0<\/b>e poi:\u00a0<b style=\"font-weight: bold;\">Camilla Baresani, Lella Costa, Geppi Cucciari, Ilaria D\u2019Amico\u00a0<\/b>e<b style=\"font-weight: bold;\">\u00a0Camila Raznovic<\/b>\u00a0come conduttrici; testimoni come\u00a0<b style=\"font-weight: bold;\">Ilaria Capua, Cristiana Collu, Caroline Drucker, Patrizia Grieco, Rossella Orlandi<\/b>; la fotografa\u00a0<b style=\"font-weight: bold;\">Cristina Nunez<\/b>, con workshop sull\u2019autoscatto; le sorelle\u00a0<b style=\"font-weight: bold;\">Nonino<\/b>, con i loro aperitivi; il pane fatto a mano di\u00a0<b style=\"font-weight: bold;\">Margherita\u00a0<\/b>e<b style=\"font-weight: bold;\">\u00a0Valeria Simili<\/b>; seminari per i pi\u00f9 piccoli, per scoprire informatica e matematica, con la collaborazione di Microsoft; shooting fotografici ispirati alla giovane dama del Pollaiolo, in collaborazione con il Museo Poldi Pezzoli.<\/span><span style=\"color: #444444;\">\u00a0<\/span><br style=\"color: #444444;\" \/><br style=\"color: #444444;\" \/><span style=\"color: #444444; font-family: 'Book Antiqua'; font-size: large;\">Teatro, musica e spettacolo per gli appuntamenti serali: venerd\u00ec sar\u00e0 di scena\u00a0<b style=\"font-weight: bold;\">Maria Cassi<\/b>\u00a0in My life with men\u2026 and other animals, regia di Peter Snaider; sabato, il concerto Il nostro canto libero sei tu offerto ai lettori e alle lettrici, con le musiciste classiche\u00a0<b style=\"font-weight: bold;\">Laura Gorna\u00a0<\/b>e<b style=\"font-weight: bold;\">\u00a0Cecilia Radic<\/b>,\u00a0<b style=\"font-weight: bold;\">Rossana Casale,<\/b><b style=\"font-weight: bold;\">Andrea Mir\u00f2<\/b>,\u00a0<b style=\"font-weight: bold;\">Roberto Vecchioni<\/b>, e un finale a sorpresa. E poi grande festa in giardino, con\u00a0<b style=\"font-weight: bold;\">Alice Rohrwacher<\/b>.<\/span><span style=\"color: #444444;\">\u00a0<\/span><br style=\"color: #444444;\" \/><br style=\"color: #444444;\" \/><span style=\"color: #444444; font-family: 'Book Antiqua'; font-size: large;\">Il palinsesto\u00a0<b style=\"font-weight: bold;\">#citt\u00e0delledonne<\/b>, che ha preso vita gi\u00e0 dall\u201911 settembre e proseguir\u00e0 fino ai primi di ottobre, comprende spettacoli e reading, presentazioni di libri, workshop, lezioni, anteprime, rappresentazioni teatrali, visite guidate, laboratori e seminari. I temi sono a 360 gradi, nella logica inclusiva che ha guidato fin dalla nascita gli appuntamenti de\u00a0<b style=\"font-weight: bold;\">Il Tempo delle Donne<\/b>.<\/span><span style=\"color: #444444;\">\u00a0<\/span><br style=\"color: #444444;\" \/><br style=\"color: #444444;\" \/><span style=\"color: #444444; font-family: 'Book Antiqua'; font-size: large;\">Hanno aderito decine di istituzioni e associazioni:\u00a0<b style=\"font-weight: bold;\">Accademia Palermo 8, Anteo spazioCinema, Arci, Avanade, Carcere di San Vittore, Centro di Ricerca Interuniversitario Culture di Genere, Comune di Milano, Cooperativa Minotauro, Fondazione Masi, Gallerie d\u2019Italia, ISPI Istituto per gli Studi di Politica Internazionale, Khorakhan\u00e8, Libera Universit\u00e0 delle Donne, Libera Universit\u00e0 di Lingue e Comunicazione IULM, Liceo Classico Manzoni, LIM Librerie Indipendenti di Milano, Lobby europea delle donne, L\u2019Oreal, Museo Poldi Pezzoli, Olinda, Outis &#8211; Trame d\u2019autore, Piccolo Teatro, Pio Albergo Trivulzio, Pirelli Fondazione HangarBicocca, Politecnico di Milano, Quartieri Tranquilli, Rete Biblioteche Civiche, Teatro Elfo Puccini &#8211; Festival MILANoLTRE, Teatro Franco Parenti, Universit\u00e0 Cattolica del Sacro Cuore, Universit\u00e0 Commerciale Luigi Bocconi, Universit\u00e0 degli Studi di Milano, Universit\u00e0 degli Studi di Milano-Bicocca, Universit\u00e0 Vita-Salute San Raffaele, Young Women Network<\/b>.\u00a0<\/span><br style=\"color: #444444;\" \/><br style=\"color: #444444;\" \/><span style=\"color: #444444; font-family: 'Book Antiqua'; font-size: large;\"><b style=\"font-weight: bold;\">Il Tempo delle Donne<\/b>\u00a0\u00e8 stato da subito sostenuto da aziende prestigiose che contribuiscono alla realizzazione del progetto con eventi e conversazioni dedicate. Tra questi:\u00a0<b style=\"font-weight: bold;\">Poste Italiane<\/b>, partner istituzionale;\u00a0<b style=\"font-weight: bold;\">Dolce &amp; Gabbana Beauty<\/b>, main partner,\u00a0<b style=\"font-weight: bold;\">Luxottica<\/b>, main partner;\u00a0<b style=\"font-weight: bold;\">Swatch<\/b>, che rinnova la sua adesione in qualit\u00e0 di party partner,\u00a0<b style=\"font-weight: bold;\">Farmaceutici Dott. Ciccarelli<\/b>\u00a0con il brand\u00a0<b style=\"font-weight: bold;\">Cera di Cupra<\/b>\u00a0e infine\u00a0<b style=\"font-weight: bold;\">Vodafone<\/b>, partner tecnologico.<\/span><span style=\"color: #444444;\">\u00a0<\/span><br style=\"color: #444444;\" \/><br style=\"color: #444444;\" \/><br style=\"color: #444444;\" \/><span style=\"color: #444444; font-family: 'Book Antiqua'; font-size: large;\">Per conoscere\u00a0<b style=\"font-weight: bold;\">Il Tempo delle Donne<\/b>, le inchieste, il programma dettagliato, le prenotazioni:<\/span><a style=\"color: #0068cf;\" href=\"http:\/\/iltempodelledonne.corriere.it\/\" target=\"_blank\"><span style=\"color: #4181ff; font-family: 'Book Antiqua'; font-size: large;\"><span style=\"text-decoration: underline;\">iltempodelledonne.corriere.it<\/span><\/span><\/a><span style=\"color: #4181ff; font-family: 'Book Antiqua'; font-size: large;\">,\u00a0<\/span><a style=\"color: #0068cf;\" href=\"http:\/\/www.vivimilano.it\/\" target=\"_blank\"><span style=\"color: #4181ff; font-family: 'Book Antiqua'; font-size: large;\"><span style=\"text-decoration: underline;\">vivimilano.it<\/span><\/span><\/a><span style=\"color: #444444;\">\u00a0<\/span><\/p>\n","protected":false},"excerpt":{"rendered":"<p>Tre giorni in Triennale con #tempodelledonne, e Milano \u00e8 #citt\u00e0delledonne\u00a0Inchiesta, spettacolo, laboratorio, divertimento, formazione, arte, partecipazione\u00a0100 eventi con ospiti italiani e stranieri in teatri, gallerie, universit\u00e0, biblioteche\u00a0\u00a0La prima edizione nazionale de\u00a0Il Tempo delle Donne, evento del Corriere della Sera, avr\u00e0 luogo dal 26 al 28 settembre 2014 a Milano, negli spazi della\u00a0Triennale\u00a0e del\u00a0Teatro dell\u2019Arte, con &hellip; <a href=\"https:\/\/www.gdapress.it\/it\/index.php\/45064\/cultura\/delle-donne-appuntamento-nazionale-26-28-settembre-2014.html\" class=\"more-link\">Read more <span class=\"screen-reader-text\">IL TEMPO DELLE DONNE: APPUNTAMENTO NAZIONALE 26-28 SETTEMBRE 2014<\/span><\/a><\/p>\n","protected":false},"author":2,"featured_media":0,"comment_status":"closed","ping_status":"open","sticky":false,"template":"","format":"standard","meta":{"footnotes":""},"categories":[5],"tags":[17447,622,13576,17],"class_list":["post-45064","post","type-post","status-publish","format-standard","hentry","category-cultura","tag-cultura","tag-expo-2015","tag-il-tempo-delle-donne","tag-milano"],"_links":{"self":[{"href":"https:\/\/www.gdapress.it\/it\/index.php\/wp-json\/wp\/v2\/posts\/45064","targetHints":{"allow":["GET"]}}],"collection":[{"href":"https:\/\/www.gdapress.it\/it\/index.php\/wp-json\/wp\/v2\/posts"}],"about":[{"href":"https:\/\/www.gdapress.it\/it\/index.php\/wp-json\/wp\/v2\/types\/post"}],"author":[{"embeddable":true,"href":"https:\/\/www.gdapress.it\/it\/index.php\/wp-json\/wp\/v2\/users\/2"}],"replies":[{"embeddable":true,"href":"https:\/\/www.gdapress.it\/it\/index.php\/wp-json\/wp\/v2\/comments?post=45064"}],"version-history":[{"count":1,"href":"https:\/\/www.gdapress.it\/it\/index.php\/wp-json\/wp\/v2\/posts\/45064\/revisions"}],"predecessor-version":[{"id":45065,"href":"https:\/\/www.gdapress.it\/it\/index.php\/wp-json\/wp\/v2\/posts\/45064\/revisions\/45065"}],"wp:attachment":[{"href":"https:\/\/www.gdapress.it\/it\/index.php\/wp-json\/wp\/v2\/media?parent=45064"}],"wp:term":[{"taxonomy":"category","embeddable":true,"href":"https:\/\/www.gdapress.it\/it\/index.php\/wp-json\/wp\/v2\/categories?post=45064"},{"taxonomy":"post_tag","embeddable":true,"href":"https:\/\/www.gdapress.it\/it\/index.php\/wp-json\/wp\/v2\/tags?post=45064"}],"curies":[{"name":"wp","href":"https:\/\/api.w.org\/{rel}","templated":true}]}}