
{"id":45062,"date":"2014-09-25T23:34:54","date_gmt":"2014-09-25T21:34:54","guid":{"rendered":"http:\/\/www.gdapress.it\/it\/?p=45062"},"modified":"2014-09-25T23:34:54","modified_gmt":"2014-09-25T21:34:54","slug":"there-is-place-like-home-roma","status":"publish","type":"post","link":"https:\/\/www.gdapress.it\/it\/index.php\/45062\/arte\/there-is-place-like-home-roma.html","title":{"rendered":"There is no place like home | Roma"},"content":{"rendered":"<p class=\"ecxMsoNormal\" style=\"color: #444444;\" align=\"center\"><b style=\"font-weight: bold;\"><span lang=\"EN-US\">THERE IS NO PLACE LIKE HOME<\/span><\/b><\/p>\n<p class=\"ecxMsoNormal\" style=\"color: #444444;\" align=\"center\">via Aurelia Antica 425<\/p>\n<p class=\"ecxMsoNormal\" style=\"color: #444444;\" align=\"center\">Roma<\/p>\n<p class=\"ecxMsoNormal\" style=\"color: #444444;\" align=\"center\"><b style=\"font-weight: bold;\"><span style=\"font-size: medium;\">26-27-28 settembre 2014<\/span><\/b><\/p>\n<p class=\"ecxMsoNormal\" style=\"color: #444444;\" align=\"center\">opening 26 settembre 22:30<\/p>\n<p class=\"ecxMsoNormal\" style=\"color: #444444;\" align=\"center\">H24<\/p>\n<p class=\"ecxMsoNormal\" style=\"color: #444444;\"><b style=\"font-weight: bold;\"><i style=\"font-style: italic;\"><span style=\"color: black;\">There is No Place Like Home<\/span><\/i><\/b><b style=\"font-weight: bold;\"><span style=\"color: black;\">\u00a0<\/span><\/b><span style=\"color: black;\">\u00e8 il titolo del progetto espositivo che avr\u00e0 luogo a\u00a0<b style=\"font-weight: bold;\">Roma in via Aurelia Antica 425 dal 26 al 28 settembre 2014<\/b>. L&#8217;orario e la curatela si distinguono per originalit\u00e0: sar\u00e0 una mostra no-stop aperta 24 ore su 24 e curata da un gruppo di artisti che hanno deciso spontaneamente di unirsi per portare l\u2019attenzione sul progettare come gesto d\u2019incontro. Il progetto \u00e8 nato dalla condivisione di intenti di Stanislao Di Giugno, Giuseppe Pietroniro, Marco Raparelli e Alessandro Cicoria, con la collaborazione di Martina Adami, Giuliana Benassi, Davide Franceschini, Valeria Giampietro e Giulia Lopalco.<\/span><\/p>\n<p class=\"ecxMsoNormal\" style=\"color: #444444;\"><span style=\"color: black;\">\u00a0<\/span><\/p>\n<p class=\"ecxMsoNormal\" style=\"color: #444444;\"><span style=\"color: black;\">E&#8217; una scelta mossa dal desiderio di dare forma a un\u2019azione aggregativa che meglio si potrebbe definire come un\u2019occasione di partecipazione, un avvicinamento tra artisti attraverso la condivisione di un progetto autonomo che parte dall&#8217;individuo per presentarsi in forma corale. L&#8217;anima del progetto \u00e8 del tutto sperimentale e si inserisce nella compagine strutturale del sistema \u201carte\u201d, introducendo un cambiamento di rapporti tra le principali componenti chiamate in causa (curatore, artista, opera, spazio espositivo) e una conseguente riflessione sui valori di ciascun elemento, con l&#8217;intenzione di costruire una visione alternativa. Non ci sar\u00e0 una regia critica a dettare un tema dominante, il luogo espositivo sar\u00e0 mutevole e gli inviti saranno rivolti dagli artisti ad altri artisti. La mostra avr\u00e0 come scenario un cantiere, una casa in costruzione senza muri, senza accessi convenzionali e dotata solo di elementi portanti: una metafora ideale di questo progetto in fieri che si costruir\u00e0 nel tempo.<\/span><\/p>\n<p class=\"ecxMsoNormal\" style=\"color: #444444;\"><span style=\"color: black;\">Ventinove artisti\u00a0<b style=\"font-weight: bold;\">Stefano Arienti, Simone Berti, Alessandro Cicoria,\u00a0<\/b><\/span><b style=\"font-weight: bold;\"><span style=\"color: black;\">Eli Corti\u00f1as,<i style=\"font-style: italic;\"><span style=\"text-decoration: underline;\">\u00a0<\/span><\/i><\/span><\/b><b style=\"font-weight: bold;\"><span style=\"color: black;\">Stanislao Di Giugno, Loredana Di Lillo, Flavio Favelli, Stefania Galegati S<\/span><\/b><b style=\"font-weight: bold;\"><span style=\"color: #1a1a1a;\">hines<\/span><\/b><b style=\"font-weight: bold;\"><span style=\"color: black;\">, Vitoria Gasteiz, Daniele Genadry, goldiechiari, Thomas Hutton, Giovanni Kronenberg, Michaela M. Langenstein,<\/span><\/b><b style=\"font-weight: bold;\"><span style=\"color: black;\">\u00a0Emiliano Maggi, Matteo Nasini, Norberto &amp; Scintilla &#8211;\u00a0<\/span><\/b><b style=\"font-weight: bold;\"><span style=\"color: black;\">Antonio Grulli<\/span><\/b><b style=\"font-weight: bold;\"><span style=\"color: black;\">, Nicola Pecoraro, Alessandro Piangiamore, Federico Pietrella, Cesare Pietroiusti, Giuseppe Pietroniro, Luigi Presicce, Daniele Puppi, Marco Raparelli, Max Renkel, Andrea Salvino, Alessandro Sarra, Corrado Sassi, Vedovamazzei<\/span><\/b><span style=\"color: black;\">\u00a0<\/span><span style=\"color: black;\">presenteranno un lavoro e, in diversi orari che verranno comunicati di volta in volta, accoglieranno il pubblico con una performance.<\/span><\/p>\n<p class=\"ecxMsoNormal\" style=\"color: #444444;\"><span style=\"color: black;\">La mostra \u00e8 pensata come un cantiere in evoluzione dove si alterneranno performance, eventi e dibattiti. La mostra inaugura alle ore 22.30 di venerd\u00ec 26 settembre e durer\u00e0 tre giorni consecutivi, anche nelle ore notturne.<\/span><\/p>\n<p class=\"ecxMsoNormal\" style=\"color: #444444;\"><span style=\"color: black;\">Il catalogo di\u00a0<b style=\"font-weight: bold;\"><i style=\"font-style: italic;\">There is No Place Like Home\u00a0<\/i><\/b>\u00a0sar\u00e0 edito da Nero.<\/span><\/p>\n<p class=\"ecxMsoNormal\" style=\"color: #444444;\"><span style=\"color: black;\">Il progetto \u00e8 stato realizzato con il patrocinio dell&#8217;American Academy in Rome, in collaborazione con Roma Art 2nights, il contributo di ATPDiary e Where&#8217;s Art e il sostegno di Edil Dama, Valentina Ciarallo Giubilarte, Ines Musumeci Greco, Spazio Mohoc, Marion Franchetti, Birra Menabrea, NEO comunicazione, Studio Geddes.<\/span><\/p>\n<p class=\"ecxMsoNormal\" style=\"color: #444444;\"><b style=\"font-weight: bold;\"><span lang=\"EN-US\">Titolo<\/span><\/b><span lang=\"EN-US\">: THERE IS NO PLACE LIKE HOME<\/span><\/p>\n<p class=\"ecxMsoNormal\" style=\"color: #444444;\"><span lang=\"EN-US\">\u00a0<\/span><\/p>\n<p class=\"ecxMsoNormal\" style=\"color: #444444;\"><b style=\"font-weight: bold;\">Artisti<\/b>:\u00a0\u00a0<span style=\"color: black;\">Stefano Arienti, Simone Berti, Alessandro Cicoria,\u00a0<\/span><span style=\"color: black;\">Eli Corti\u00f1as,\u00a0<\/span><span style=\"color: black;\">Stanislao Di Giugno, Loredana Di Lillo, Flavio Favelli, Stefania Galegati S<\/span><span style=\"color: #1a1a1a;\">hines<\/span><span style=\"color: black;\">, Vitoria Gasteiz, Daniele Genadry, goldiechiari, Thomas Hutton, Giovanni Kronenberg, Michaela M. Langenstein,<\/span><span style=\"color: black;\">\u00a0Emiliano Maggi, Matteo Nasini, Norberto &amp; Scintilla &#8211;\u00a0<\/span><span style=\"color: black;\">Antonio Grulli<\/span><span style=\"color: black;\">, Nicola Pecoraro, Alessandro Piangiamore, Federico Pietrella, Cesare Pietroiusti, Giuseppe Pietroniro, Luigi Presicce, Daniele Puppi, Marco Raparelli, Max Renkel, Andrea Salvino, Alessandro Sarra, Corrado Sassi, Vedovamazzei<\/span><\/p>\n<p class=\"ecxMsoNormal\" style=\"color: #444444;\">\n<p class=\"ecxMsoNormal\" style=\"color: #444444;\"><b style=\"font-weight: bold;\">Organizzatori<\/b>:\u00a0\u00a0<span style=\"color: black;\">Stanislao Di Giugno, Giuseppe Pietroniro, Marco Raparelli, Alessandro Cicoria<\/span><\/p>\n<p class=\"ecxMsoNormal\" style=\"color: #444444;\">\n<p class=\"ecxMsoNormal\" style=\"color: #444444;\"><b style=\"font-weight: bold;\">Collaboratori<\/b>:\u00a0<span style=\"color: black;\">Martina Adami, Giuliana Benassi, Davide Franceschini, Valeria Giampietro, Giulia Lopalco<\/span><\/p>\n<p class=\"ecxMsoNormal\" style=\"color: #444444;\">\n<p class=\"ecxMsoNormal\" style=\"color: #444444;\"><b style=\"font-weight: bold;\">Luogo<\/b>: Via Aurelia Antica 425 \u2013 Roma<\/p>\n<p class=\"ecxMsoNormal\" style=\"color: #444444;\">\n<p class=\"ecxMsoNormal\" style=\"color: #444444;\"><b style=\"font-weight: bold;\">Durata<\/b>: 26-27-28 settembre 2014<\/p>\n<p class=\"ecxMsoNormal\" style=\"color: #444444;\">\n<p class=\"ecxMsoNormal\" style=\"color: #444444;\"><b style=\"font-weight: bold;\">Inaugurazione<\/b>: 26 settembre \u2013 ore: 22:30<\/p>\n<p class=\"ecxMsoNormal\" style=\"color: #444444;\">\n<p class=\"ecxMsoNormal\" style=\"color: #444444;\"><b style=\"font-weight: bold;\">Orario<\/b>: h24<\/p>\n<p class=\"ecxMsoNormal\" style=\"color: #444444;\">\n<p class=\"ecxMsoNormal\" style=\"color: #444444;\"><b style=\"font-weight: bold;\">Info e contatti<\/b>:\u00a0<a style=\"font-weight: inherit; color: #0068cf;\" href=\"mailto:thereisnoplaceshow@gmail.com\"><span style=\"color: black;\">thereisnoplaceshow@gmail.com<\/span><\/a><\/p>\n<p class=\"ecxMsoNormal\" style=\"color: #444444;\"><span class=\"ecxMsoHyperlink\"><span style=\"color: black;\"><span style=\"text-decoration: underline;\">mob.<\/span><\/span><\/span>+39 333 1230817\u00a0\u00a0\/ +39 339 5214530<\/p>\n<p class=\"ecxMsoNormal\" style=\"color: #444444;\">\n<p class=\"ecxMsoNormal\" style=\"color: #444444;\"><b style=\"font-weight: bold;\">con il patrocinio dell&#8217;\u00a0<\/b>American Academy in Rome<b style=\"font-weight: bold;\"><\/b><\/p>\n<p class=\"ecxMsoNormal\" style=\"color: #444444;\"><b style=\"font-weight: bold;\">\u00a0<\/b><\/p>\n<p class=\"ecxMsoNormal\" style=\"color: #444444;\"><b style=\"font-weight: bold;\">in collaborazione con\u00a0<\/b>Roma Art2nights<\/p>\n<p class=\"ecxMsoNormal\" style=\"color: #444444;\">\n<p class=\"ecxMsoNormal\" style=\"color: #444444;\"><b style=\"font-weight: bold;\">Media Partners<\/b><\/p>\n<p class=\"ecxMsoNormal\" style=\"color: #444444;\"><span style=\"color: black;\">ATPDiary, Nero, Where&#8217;s Art<\/span><\/p>\n<p class=\"ecxMsoNormal\" style=\"color: #444444;\"><span style=\"color: black;\">\u00a0<\/span><\/p>\n<p class=\"ecxMsoNormal\" style=\"color: #444444;\"><b style=\"font-weight: bold;\">Supporters<\/b><\/p>\n<p class=\"ecxMsoNormal\" style=\"color: #444444;\">Edil Dama, Valentina Ciarallo Giubilarte, Ines Musumeci Greco, Spazio Mohoc, Marion Franchetti, Birra\u00a0<span style=\"color: black;\">Menabrea,\u00a0<\/span>NEO comunicazione, Studio Geddes<\/p>\n","protected":false},"excerpt":{"rendered":"<p>THERE IS NO PLACE LIKE HOME via Aurelia Antica 425 Roma 26-27-28 settembre 2014 opening 26 settembre 22:30 H24 There is No Place Like Home\u00a0\u00e8 il titolo del progetto espositivo che avr\u00e0 luogo a\u00a0Roma in via Aurelia Antica 425 dal 26 al 28 settembre 2014. L&#8217;orario e la curatela si distinguono per originalit\u00e0: sar\u00e0 una &hellip; <a href=\"https:\/\/www.gdapress.it\/it\/index.php\/45062\/arte\/there-is-place-like-home-roma.html\" class=\"more-link\">Read more <span class=\"screen-reader-text\">There is no place like home | Roma<\/span><\/a><\/p>\n","protected":false},"author":2,"featured_media":0,"comment_status":"closed","ping_status":"open","sticky":false,"template":"","format":"standard","meta":{"footnotes":""},"categories":[4],"tags":[27,13575],"class_list":["post-45062","post","type-post","status-publish","format-standard","hentry","category-arte","tag-roma","tag-there-is-no-place-like-home"],"_links":{"self":[{"href":"https:\/\/www.gdapress.it\/it\/index.php\/wp-json\/wp\/v2\/posts\/45062","targetHints":{"allow":["GET"]}}],"collection":[{"href":"https:\/\/www.gdapress.it\/it\/index.php\/wp-json\/wp\/v2\/posts"}],"about":[{"href":"https:\/\/www.gdapress.it\/it\/index.php\/wp-json\/wp\/v2\/types\/post"}],"author":[{"embeddable":true,"href":"https:\/\/www.gdapress.it\/it\/index.php\/wp-json\/wp\/v2\/users\/2"}],"replies":[{"embeddable":true,"href":"https:\/\/www.gdapress.it\/it\/index.php\/wp-json\/wp\/v2\/comments?post=45062"}],"version-history":[{"count":1,"href":"https:\/\/www.gdapress.it\/it\/index.php\/wp-json\/wp\/v2\/posts\/45062\/revisions"}],"predecessor-version":[{"id":45063,"href":"https:\/\/www.gdapress.it\/it\/index.php\/wp-json\/wp\/v2\/posts\/45062\/revisions\/45063"}],"wp:attachment":[{"href":"https:\/\/www.gdapress.it\/it\/index.php\/wp-json\/wp\/v2\/media?parent=45062"}],"wp:term":[{"taxonomy":"category","embeddable":true,"href":"https:\/\/www.gdapress.it\/it\/index.php\/wp-json\/wp\/v2\/categories?post=45062"},{"taxonomy":"post_tag","embeddable":true,"href":"https:\/\/www.gdapress.it\/it\/index.php\/wp-json\/wp\/v2\/tags?post=45062"}],"curies":[{"name":"wp","href":"https:\/\/api.w.org\/{rel}","templated":true}]}}