
{"id":44948,"date":"2014-09-19T17:10:55","date_gmt":"2014-09-19T15:10:55","guid":{"rendered":"http:\/\/www.gdapress.it\/it\/?p=44948"},"modified":"2014-09-22T17:13:58","modified_gmt":"2014-09-22T15:13:58","slug":"milano-mostra-fotografia-naturalistica-prestigiosa-mondo-wildlife-photographer-of-the-year-museo-minguzzi","status":"publish","type":"post","link":"https:\/\/www.gdapress.it\/it\/index.php\/44948\/arte\/milano-mostra-fotografia-naturalistica-prestigiosa-mondo-wildlife-photographer-of-the-year-museo-minguzzi.html","title":{"rendered":"a Milano la mostra di fotografia naturalistica pi\u00f9 prestigiosa al mondo &#8221; Wildlife Photographer of the Year&#8221; &#8211; Museo Minguzzi"},"content":{"rendered":"<p class=\"ecxMsoNormal\" style=\"color: #444444;\"><span style=\"color: black;\">Torna anche quest\u2019anno al\u00a0<b style=\"font-weight: bold;\">Museo Minguzzi<\/b>\u00a0di Milano, in via Palermo 11, la mostra di fotografia naturalistica pi\u00f9 prestigiosa al mondo, il\u00a0<b style=\"font-weight: bold;\">Wildlife Photographer of the Year<\/b>.<\/span><\/p>\n<p class=\"ecxMsoNormal\" style=\"color: #444444;\"><span style=\"color: black;\">Di propriet\u00e0 del\u00a0<b style=\"font-weight: bold;\">Natural History Museum\u00a0<\/b>di Londra e della rivista\u00a0<b style=\"font-weight: bold;\">BBC Wildlife Magazine<\/b>, il\u00a0<b style=\"font-weight: bold;\"><i style=\"font-style: italic;\">Wildlife Photographer of the Year Competition<\/i><\/b>\u00a0festeggia quest&#8217;anno la sua 49esima edizione e comprende le 100 fotografie vincitrici del concorso (selezionate tra pi\u00f9 di 43.000): immagini sensazionali per variet\u00e0 e qualit\u00e0 artistica che sorprenderanno tutti, amanti della fotografia e della natura.<\/span><\/p>\n<p class=\"ecxMsoNormal\" style=\"color: #444444;\"><span style=\"color: black;\">Sono ormai numerosissimi coloro che ogni anno, in tutto il mondo, attendono con impazienza l&#8217;inaugurazione londinese della mostra, collezionano i cataloghi delle passate edizioni e commentano in rete le fotografie selezionate.<\/span><\/p>\n<p class=\"ecxMsoNormal\" style=\"color: #444444;\"><span style=\"color: black;\">L&#8217;Associazione culturale\u00a0<b style=\"font-weight: bold;\">Radicediunopercento<\/b>, \u00e8 dunque particolarmente felice di poter ospitare, nell&#8217;unica tappa milanese, un&#8217;esposizione di tale rilevanza e in grado, tra l\u2019altro, di restituire l\u2019immagine di una Milano sempre pi\u00f9 attenta alle problematiche ambientali e naturalistiche.<\/span><\/p>\n<p class=\"ecxMsoNormal\" style=\"color: #444444;\">\n<p class=\"ecxMsoNormal\" style=\"color: #444444;\"><span style=\"color: black;\">Fitto e di grande interesse il programma di iniziative correlate alla mostra: tre\u00a0<b style=\"font-weight: bold;\">incontri con fotografi\u00a0<\/b>di rilevanza internazionale; una serata con\u00a0<b style=\"font-weight: bold;\">Sea Shepherd,\u00a0<\/b>organizzazione internazionale di salvaguardia dell\u2019ambiente; due\u00a0<b style=\"font-weight: bold;\">workshop di fotografia con Marco Urso<\/b>, docente per corsi riconosciuti dalla<\/span><span style=\"color: black;\">Federazione Italiana Associazioni Fotografiche e vincitore del Primo Premio assoluto nel concorso \u201cla Bellezza della Natura\u201d \u2013 medaglia d\u2019oro FIAF 2014.<\/span><\/p>\n<p class=\"ecxMsoNormal\" style=\"color: #444444;\">\n<p class=\"ecxMsoNormal\" style=\"color: #444444;\"><span style=\"color: black;\">Tutte le informazioni sul sito della mostra:\u00a0<b style=\"font-weight: bold;\"><a style=\"font-weight: inherit; color: blue;\" href=\"http:\/\/www.wpymilano.it\/\" target=\"_blank\">www.wpymilano.it<\/a><\/b><\/span><\/p>\n<p class=\"ecxMsoNormal\" style=\"color: #444444;\">\n<p class=\"ecxMsoNormal\" style=\"color: #444444;\"><span style=\"color: black;\">La mostra \u00e8 aperta al pubblico\u00a0<b style=\"font-weight: bold;\">dal 19 settembre al 26 ottobre 2014<\/b>.<\/span><\/p>\n<p class=\"ecxMsoNormal\" style=\"color: #444444;\">\n<p class=\"ecxMsoNormal\" style=\"color: #444444;\"><b style=\"font-weight: bold;\"><span style=\"color: black;\">Orario:\u00a0<\/span><\/b><span style=\"color: black;\">Tutti i giorni: 10 -19 ; gioved\u00ec: 10 &#8211; 22<\/span><\/p>\n<p class=\"ecxMsoNormal\" style=\"color: #444444;\"><b style=\"font-weight: bold;\"><span style=\"color: black;\">Biglietto<\/span><\/b><span style=\"color: black;\">: Intero: \u20ac 6,00 &#8211; Ridotto: \u20ac 4,00 (convenzioni FAI e Touring Club,<\/span><\/p>\n<p class=\"ecxMsoNormal\" style=\"color: #444444;\"><span style=\"color: black;\">bambini 6 &#8211; 12 anni, over 65) &#8211; Gratuito: bambini 0-5 anni<\/span><\/p>\n<p class=\"ecxMsoNormal\" style=\"color: #444444;\"><span style=\"color: black;\">Promozione family friendly: con i 2 genitori (adulti) paganti, gratuit\u00e0 per 1 bambino\/ragazzo (6 &#8211; 12 anni) su 2 da loro accompagnati<\/span><\/p>\n<p class=\"ecxMsoNormal\" style=\"color: #444444;\"><b style=\"font-weight: bold;\"><span style=\"color: black;\">Tessera associativa<\/span><\/b><span style=\"color: black;\">: \u20ac 1,00<\/span><\/p>\n<p class=\"ecxMsoNormal\" style=\"color: #444444;\"><b style=\"font-weight: bold;\"><span style=\"color: black;\">Materiale didattico<\/span><\/b><span style=\"color: black;\">: scheda A3 a colori con attivit\u00e0 varie. Gratuita<\/span><\/p>\n<p class=\"ecxMsoNormal\" style=\"color: #444444;\"><b style=\"font-weight: bold;\"><span style=\"color: black;\">Bookshop<\/span><\/b><span style=\"color: black;\">: merchandise della mostra, cataloghi, libri di natura e fotografia, libri per bambini e ragazzi.<\/span><\/p>\n","protected":false},"excerpt":{"rendered":"<p>Torna anche quest\u2019anno al\u00a0Museo Minguzzi\u00a0di Milano, in via Palermo 11, la mostra di fotografia naturalistica pi\u00f9 prestigiosa al mondo, il\u00a0Wildlife Photographer of the Year. Di propriet\u00e0 del\u00a0Natural History Museum\u00a0di Londra e della rivista\u00a0BBC Wildlife Magazine, il\u00a0Wildlife Photographer of the Year Competition\u00a0festeggia quest&#8217;anno la sua 49esima edizione e comprende le 100 fotografie vincitrici del concorso (selezionate &hellip; <a href=\"https:\/\/www.gdapress.it\/it\/index.php\/44948\/arte\/milano-mostra-fotografia-naturalistica-prestigiosa-mondo-wildlife-photographer-of-the-year-museo-minguzzi.html\" class=\"more-link\">Read more <span class=\"screen-reader-text\">a Milano la mostra di fotografia naturalistica pi\u00f9 prestigiosa al mondo &#8221; Wildlife Photographer of the Year&#8221; &#8211; Museo Minguzzi<\/span><\/a><\/p>\n","protected":false},"author":2,"featured_media":0,"comment_status":"closed","ping_status":"open","sticky":false,"template":"","format":"standard","meta":{"footnotes":""},"categories":[4],"tags":[17446,159,10962],"class_list":["post-44948","post","type-post","status-publish","format-standard","hentry","category-arte","tag-arte","tag-fotografia","tag-museo-minguzzi"],"_links":{"self":[{"href":"https:\/\/www.gdapress.it\/it\/index.php\/wp-json\/wp\/v2\/posts\/44948","targetHints":{"allow":["GET"]}}],"collection":[{"href":"https:\/\/www.gdapress.it\/it\/index.php\/wp-json\/wp\/v2\/posts"}],"about":[{"href":"https:\/\/www.gdapress.it\/it\/index.php\/wp-json\/wp\/v2\/types\/post"}],"author":[{"embeddable":true,"href":"https:\/\/www.gdapress.it\/it\/index.php\/wp-json\/wp\/v2\/users\/2"}],"replies":[{"embeddable":true,"href":"https:\/\/www.gdapress.it\/it\/index.php\/wp-json\/wp\/v2\/comments?post=44948"}],"version-history":[{"count":1,"href":"https:\/\/www.gdapress.it\/it\/index.php\/wp-json\/wp\/v2\/posts\/44948\/revisions"}],"predecessor-version":[{"id":44949,"href":"https:\/\/www.gdapress.it\/it\/index.php\/wp-json\/wp\/v2\/posts\/44948\/revisions\/44949"}],"wp:attachment":[{"href":"https:\/\/www.gdapress.it\/it\/index.php\/wp-json\/wp\/v2\/media?parent=44948"}],"wp:term":[{"taxonomy":"category","embeddable":true,"href":"https:\/\/www.gdapress.it\/it\/index.php\/wp-json\/wp\/v2\/categories?post=44948"},{"taxonomy":"post_tag","embeddable":true,"href":"https:\/\/www.gdapress.it\/it\/index.php\/wp-json\/wp\/v2\/tags?post=44948"}],"curies":[{"name":"wp","href":"https:\/\/api.w.org\/{rel}","templated":true}]}}