
{"id":44906,"date":"2014-09-18T10:31:13","date_gmt":"2014-09-18T08:31:13","guid":{"rendered":"http:\/\/www.gdapress.it\/it\/?p=44906"},"modified":"2014-09-18T10:31:13","modified_gmt":"2014-09-18T08:31:13","slug":"peter-regli-allistituto-svizzero-milano","status":"publish","type":"post","link":"https:\/\/www.gdapress.it\/it\/index.php\/44906\/arte\/peter-regli-allistituto-svizzero-milano.html","title":{"rendered":"PETER REGLI all&#8217;Istituto Svizzero a Milano"},"content":{"rendered":"<p><a href=\"http:\/\/www.gdapress.it\/it\/..\/public\/it\/2014\/09\/RH_256.jpeg\"><img loading=\"lazy\" decoding=\"async\" class=\"alignleft size-large wp-image-44907\" src=\"http:\/\/www.gdapress.it\/it\/..\/public\/it\/2014\/09\/RH_256-299x400.jpeg\" alt=\"RH_256\" width=\"299\" height=\"400\" srcset=\"https:\/\/www.gdapress.it\/it\/..\/public\/it\/2014\/09\/RH_256-299x400.jpeg 299w, https:\/\/www.gdapress.it\/it\/..\/public\/it\/2014\/09\/RH_256-224x300.jpeg 224w, https:\/\/www.gdapress.it\/it\/..\/public\/it\/2014\/09\/RH_256.jpeg 319w\" sizes=\"auto, (max-width: 299px) 100vw, 299px\" \/><\/a><\/p>\n<p><strong>PETER REGLI<\/strong><\/p>\n<p>Ages of Smoke (RH NO 313, 2014)<\/p>\n<p>&nbsp;<\/p>\n<p><strong>19 settembre \u2013 10 novembre 2014<\/strong><\/p>\n<p>&nbsp;<\/p>\n<p><strong>Inaugurazione:<\/strong><\/p>\n<p><strong>Gioved\u00ec 18 settembre, ore 18.30<\/strong><\/p>\n<p>&nbsp;<\/p>\n<p>Istituto Svizzero di Roma &#8211; Sede di Milano<\/p>\n<p>Via Vecchio Politecnico 3<\/p>\n<p>20121 Milano<\/p>\n<p>T. +39 02 76 01 61 18<\/p>\n<p>milano@istitutosvizzero.it<\/p>\n<p><strong>\u00a0<\/strong><\/p>\n<p>Presentato a Milano per la sua <strong>prima mostra personale in Italia<\/strong>, <strong>RH NO 313, 2014 <\/strong>aggiunge un nuovo capitolo sulla critica all\u2019architettura e alla tradizione classica occidentale nella storia delle arti visive. Scrive un contributo sui simboli del <em>potere<\/em> e della sessualit\u00e0 nella storia dell\u2019arte.<\/p>\n<p>&nbsp;<\/p>\n<p><strong>Reality Hacking<\/strong> \u00e8 il progetto <em>in progress<\/em> di <strong>Peter Regli<\/strong>, iniziato nel 1995. Con \u201creality hacking\u201d, l\u2019artista definisce le \u201cincursioni nella realt\u00e0\u201d operate dai suoi interventi <em>site specific<\/em>. Allo stesso modo di un hacker, che irrompe nel web per alterare un sistema informatico, le opere di Regli combinano capacit\u00e0 tecnica e intelletto per oltrepassare i limiti della percezione di un sistema specifico.<\/p>\n<p>Da quasi vent\u2019anni, Regli realizza interventi autorizzati nel paesaggio e in spazi per l\u2019arte contemporanea. Il suo lavoro \u2013 principalmente sculture e installazioni \u2013 include numerosi riferimenti a precedenti nella storia dell\u2019arte che hanno scardinato il sistema di un ordine visivo e concettuale precostituito: dall\u2019arte classica e antica a Gordon Matta Clark \u2013 \u201cil suo approccio, per me, \u00e8 il pi\u00f9 radicale di tutti\u201d.<\/p>\n<p>Possiamo definire il lavoro pi\u00f9 recente di Regli come una ricerca sui limiti della scultura, intesa come disciplina fatta di pesi e di misure, di linee orizzontali e verticali. Il risultato \u00e8 una serie di oggetti che azzardano composizioni inedite e sopportano pesi specifici monumentali, che analizzano leggi fisiche da applicare a ciascuno dei suoi progetti.<\/p>\n<p><strong>\u00a0<\/strong><\/p>\n<p><strong>Peter Regli <\/strong>(1959, Andermatt. Vive e lavora a New York) ha studiato alla Z\u00fcrcher Hochschule der K\u00fcnste (ZHdK). Sue mostre personali e collettive si sono svolte in musei e istituzioni pubbliche internazionali, tra queste: Haus f\u00fcr Kunst Uri, Altdorf (2013); Kunsthalle Sankt Gallen, San Gallo (2011); CAN, Neuch\u00e2tel (2010); Nanjing Triennale, Cina (2008); Helmhaus Z\u00fcrich, Zurigo; Le Cr\u00e9dac, Ivry-sur-Seine, Francia (2007); Blank Projects, Citt\u00e0 del Capo, Sudafrica; Kunsthaus Z\u00fcrich, Zurigo (2006); Museo de Arte Contempor\u00e1neo, Santiago de Chile, Cile; National Gallery, Praga (2005); K\u00fcnstlerhaus Dortmund, Germania (2004); Centre d\u2019art contemporain, Ginevra; Centre Culturel Suisse, Parigi (2003); Museum of Modern Art, New York (2002).<\/p>\n<p>&nbsp;<\/p>\n<p>www.realityhacking.com<\/p>\n","protected":false},"excerpt":{"rendered":"<p>PETER REGLI Ages of Smoke (RH NO 313, 2014) &nbsp; 19 settembre \u2013 10 novembre 2014 &nbsp; Inaugurazione: Gioved\u00ec 18 settembre, ore 18.30 &nbsp; Istituto Svizzero di Roma &#8211; Sede di Milano Via Vecchio Politecnico 3 20121 Milano T. +39 02 76 01 61 18 milano@istitutosvizzero.it \u00a0 Presentato a Milano per la sua prima mostra &hellip; <a href=\"https:\/\/www.gdapress.it\/it\/index.php\/44906\/arte\/peter-regli-allistituto-svizzero-milano.html\" class=\"more-link\">Read more <span class=\"screen-reader-text\">PETER REGLI all&#8217;Istituto Svizzero a Milano<\/span><\/a><\/p>\n","protected":false},"author":2,"featured_media":0,"comment_status":"closed","ping_status":"open","sticky":false,"template":"","format":"standard","meta":{"footnotes":""},"categories":[4],"tags":[2482,17,13536],"class_list":["post-44906","post","type-post","status-publish","format-standard","hentry","category-arte","tag-istituto-svizzero","tag-milano","tag-peter-regli"],"_links":{"self":[{"href":"https:\/\/www.gdapress.it\/it\/index.php\/wp-json\/wp\/v2\/posts\/44906","targetHints":{"allow":["GET"]}}],"collection":[{"href":"https:\/\/www.gdapress.it\/it\/index.php\/wp-json\/wp\/v2\/posts"}],"about":[{"href":"https:\/\/www.gdapress.it\/it\/index.php\/wp-json\/wp\/v2\/types\/post"}],"author":[{"embeddable":true,"href":"https:\/\/www.gdapress.it\/it\/index.php\/wp-json\/wp\/v2\/users\/2"}],"replies":[{"embeddable":true,"href":"https:\/\/www.gdapress.it\/it\/index.php\/wp-json\/wp\/v2\/comments?post=44906"}],"version-history":[{"count":1,"href":"https:\/\/www.gdapress.it\/it\/index.php\/wp-json\/wp\/v2\/posts\/44906\/revisions"}],"predecessor-version":[{"id":44908,"href":"https:\/\/www.gdapress.it\/it\/index.php\/wp-json\/wp\/v2\/posts\/44906\/revisions\/44908"}],"wp:attachment":[{"href":"https:\/\/www.gdapress.it\/it\/index.php\/wp-json\/wp\/v2\/media?parent=44906"}],"wp:term":[{"taxonomy":"category","embeddable":true,"href":"https:\/\/www.gdapress.it\/it\/index.php\/wp-json\/wp\/v2\/categories?post=44906"},{"taxonomy":"post_tag","embeddable":true,"href":"https:\/\/www.gdapress.it\/it\/index.php\/wp-json\/wp\/v2\/tags?post=44906"}],"curies":[{"name":"wp","href":"https:\/\/api.w.org\/{rel}","templated":true}]}}