
{"id":44844,"date":"2014-08-29T23:13:55","date_gmt":"2014-08-29T21:13:55","guid":{"rendered":"http:\/\/www.gdapress.it\/it\/?p=44844"},"modified":"2014-09-13T23:21:08","modified_gmt":"2014-09-13T21:21:08","slug":"clarins-scoperta-soluzioni-efficaci-misura","status":"publish","type":"post","link":"https:\/\/www.gdapress.it\/it\/index.php\/44844\/benessere\/clarins-scoperta-soluzioni-efficaci-misura.html","title":{"rendered":"Clarins: alla scoperta di soluzioni efficaci. E&#8230; \u201csu misura\u201d!"},"content":{"rendered":"<p><a href=\"http:\/\/www.gdapress.it\/it\/..\/public\/it\/2014\/09\/MULTI-INTENSIVE-JOUR-CLARINS-30-ML.jpg\"><img loading=\"lazy\" decoding=\"async\" class=\"alignleft size-medium wp-image-44845\" src=\"http:\/\/www.gdapress.it\/it\/..\/public\/it\/2014\/09\/MULTI-INTENSIVE-JOUR-CLARINS-30-ML-300x300.jpg\" alt=\"130120-CLARINS-29B-2014 VENTE CREME MULTI INTENSIVE CREME HAUTE\" width=\"300\" height=\"300\" srcset=\"https:\/\/www.gdapress.it\/it\/..\/public\/it\/2014\/09\/MULTI-INTENSIVE-JOUR-CLARINS-30-ML-300x300.jpg 300w, https:\/\/www.gdapress.it\/it\/..\/public\/it\/2014\/09\/MULTI-INTENSIVE-JOUR-CLARINS-30-ML-150x150.jpg 150w, https:\/\/www.gdapress.it\/it\/..\/public\/it\/2014\/09\/MULTI-INTENSIVE-JOUR-CLARINS-30-ML-399x400.jpg 399w\" sizes=\"auto, (max-width: 300px) 100vw, 300px\" \/><\/a><\/p>\n<p>&nbsp;<\/p>\n<p>&nbsp;<\/p>\n<p><a href=\"http:\/\/www.gdapress.it\/it\/..\/public\/it\/2014\/09\/MULTI-REGENERANTE-JOUR-CLARINS-30-ML.jpg\"><img loading=\"lazy\" decoding=\"async\" class=\"alignleft size-medium wp-image-44846\" src=\"http:\/\/www.gdapress.it\/it\/..\/public\/it\/2014\/09\/MULTI-REGENERANTE-JOUR-CLARINS-30-ML-300x300.jpg\" alt=\"130120-CLARINS-27B-2014 VENTE CREME MULTI REGENERANTE JOUR 30ml\" width=\"300\" height=\"300\" srcset=\"https:\/\/www.gdapress.it\/it\/..\/public\/it\/2014\/09\/MULTI-REGENERANTE-JOUR-CLARINS-30-ML-300x300.jpg 300w, https:\/\/www.gdapress.it\/it\/..\/public\/it\/2014\/09\/MULTI-REGENERANTE-JOUR-CLARINS-30-ML-150x150.jpg 150w, https:\/\/www.gdapress.it\/it\/..\/public\/it\/2014\/09\/MULTI-REGENERANTE-JOUR-CLARINS-30-ML-399x400.jpg 399w\" sizes=\"auto, (max-width: 300px) 100vw, 300px\" \/><\/a>\u00a0 \u00a0<a href=\"http:\/\/www.gdapress.it\/it\/..\/public\/it\/2014\/09\/MULTI-ACTIVE-JOUR-CLARINS-30-ML.jpg\"><img loading=\"lazy\" decoding=\"async\" class=\"alignleft size-medium wp-image-44847\" src=\"http:\/\/www.gdapress.it\/it\/..\/public\/it\/2014\/09\/MULTI-ACTIVE-JOUR-CLARINS-30-ML-300x300.jpg\" alt=\"130120-CLARINS-26B-2014 VENTE CREME MULTI ACTIVE JOUR 30ml FERME\" width=\"300\" height=\"300\" srcset=\"https:\/\/www.gdapress.it\/it\/..\/public\/it\/2014\/09\/MULTI-ACTIVE-JOUR-CLARINS-30-ML-300x300.jpg 300w, https:\/\/www.gdapress.it\/it\/..\/public\/it\/2014\/09\/MULTI-ACTIVE-JOUR-CLARINS-30-ML-150x150.jpg 150w, https:\/\/www.gdapress.it\/it\/..\/public\/it\/2014\/09\/MULTI-ACTIVE-JOUR-CLARINS-30-ML-399x400.jpg 399w\" sizes=\"auto, (max-width: 300px) 100vw, 300px\" \/><\/a><\/p>\n<p>&nbsp;<\/p>\n<p>&nbsp;<\/p>\n<p>&nbsp;<\/p>\n<p>&nbsp;<\/p>\n<p>&nbsp;<\/p>\n<p>&nbsp;<\/p>\n<p>&nbsp;<\/p>\n<p>&nbsp;<\/p>\n<p>I 3\u00a0 antiet\u00e0 giorno targati Clarins: Multi-Active (30 anni), Multi-R\u00e9g\u00e9n\u00e9rante (40 anni) e Multi-Intensive (50 anni) \u2013 sono proposti, per la prima volta e in edizione limitata, nel formato smart da 30 ml. Da settembre in profumeria per poter scoprire la straordinaria qualit\u00e0 delle formule Clarins.<\/p>\n<p>Un viso pi\u00f9 giovane, pi\u00f9 a lungo. Ad ogni et\u00e0. Nessun miracolo chez Clarins, ma trattamenti che rispondono, in modo specifico, ai cambiamenti e bisogni della pelle col passare del tempo. Tre specifiche linee antiet\u00e0 Clarins, frutto dell\u2019innovazione costante e dell\u2019expertise vegetale dei propri Laboratori, per garantire soluzioni su misura a:<\/p>\n<p><strong>30 anni, <\/strong>contrastando la comparsa delle rughe precoci <strong>(Multi-Active);<\/strong><strong>\u202840 anni, <\/strong>assicurando un\u2019azione antirughe e rassodante <strong>(Multi-R\u00e9g\u00e9n\u00e9rante); 50+ anni, <\/strong>ridensificando la pelle a tutti i livelli <strong>(Multi-Intensive).<\/strong><\/p>\n<p>Per permettere alle consumatrici di scoprirne l\u2019efficacia (e i risultati visibili), Clarins presenta oggi le <strong>formule Jour <\/strong>in versione \u201cToutes Peaux\u201d nell\u2019inedito e speciale formato da <strong>30 ml, <\/strong>con un prezzo unico che invita alla prova. Non solo: si rivela anche un praticissimo \u201cpot\u201d, pronto a seguire nel beauty del week-end le donne che gi\u00e0 affidano a Clarins la propria bellezza! In profumeria da settembre.<\/p>\n<p>E\u2019 vero. Clarins rende la vita pi\u00f9 bella, ogni giorno, ad ogni et\u00e0. Questa visione unica della bellezza, ispirata a valori autentici e al rispetto delle donne, ha fatto di Clarins il N 1 in Europa nei trattamenti di bellezza in profumeria selettiva.<\/p>\n<h1>Multi-Active Jour<\/h1>\n<h2>Rughe precoci? No, grazie!<\/h2>\n<p>Giornate vissute di corsa, notti troppe corte&#8230; Multi-Active Jour \u00e4 dedicata alle giovani donne \u201cmultiattive\u201d. Oltre ad una protezione antiossidante costante (merito di un\u2019innovazione tecnologica Clarins, le Multi-Lamellins, \u201cvettori\u201d di origine vegetale che assicurano un rilascio progressivo degli attivi), con estratto di ambiaty agisce efficacemente sui primi bersagli dell\u2019invecchiamento causato dalle aggressioni esterne, rendendo la pelle idealmente levigata, vellutata al tatto, e il colorito fresco e luminoso.<\/p>\n<h1>Multi-R\u00c9g\u00c9n\u00c9rante Jour<\/h1>\n<h2>La crema preferita da migliaia di donne nel mondo.<\/h2>\n<p>Oltre 2 milioni di creme Multi-R\u00e9g\u00e9n\u00e9rante vendute ogni anno nel mondo&#8230; Una Multi- R\u00e9g\u00e9n\u00e9rante venduta ogni 7 secondi*&#8230; Prime a mettere in evidenza il legame tra rughe e perdita di tonicit\u00e0, continuamente riformulate, le Multi-R\u00e9g\u00e9n\u00e9rante sono diventate autentici riferimenti in tema antiet\u00e0, rispondendo ai bisogni della pelle delle donne di 40 anni. I potenti estratti di piante racchiusi, tra cui timo limone e banana verde bio, consolidano tutti i legami della compattezza cutanea, con effetto lifting immediato.<\/p>\n<p>*Dati interni Clarins, sell-in a volume nel mondo, dal 2000 al 2012.<\/p>\n<h1>Haute Exigence Jour Multi-Intensive<\/h1>\n<h2>Il partner di bellezza delle 50+: ridensifica, lifta, illumina.<\/h2>\n<p>Recentemente riformulata alla luce di una scoperta scientifica fondamentale Clarins sulla pelle resa fragile dai cambiamenti ormonali e di un nuovo attivo vegetale esclusivo Clarins, l\u2019harungana bio, \u00e4 un trattamento dal potere ridensificante senza precedenti, a tutti i livelli cutanei (superficie, epidermide, derma). Rughe e rilassamento cutaneo si attenuano, la pelle \u00e4 pi\u00c7 densa, compatta, luminosa. Il viso risplende e la donna di 50 anni e pi\u00c7 \u00e4 semplicemente&#8230; favolosa!<\/p>\n<p><strong>Disponibili da Settembre 2014 presso le Profumerie concessionarie e Grandi Magazzini.<\/strong><\/p>\n<p>&nbsp;<\/p>\n","protected":false},"excerpt":{"rendered":"<p>&nbsp; &nbsp; \u00a0 \u00a0 &nbsp; &nbsp; &nbsp; &nbsp; &nbsp; &nbsp; &nbsp; &nbsp; I 3\u00a0 antiet\u00e0 giorno targati Clarins: Multi-Active (30 anni), Multi-R\u00e9g\u00e9n\u00e9rante (40 anni) e Multi-Intensive (50 anni) \u2013 sono proposti, per la prima volta e in edizione limitata, nel formato smart da 30 ml. Da settembre in profumeria per poter scoprire la straordinaria qualit\u00e0 &hellip; <a href=\"https:\/\/www.gdapress.it\/it\/index.php\/44844\/benessere\/clarins-scoperta-soluzioni-efficaci-misura.html\" class=\"more-link\">Read more <span class=\"screen-reader-text\">Clarins: alla scoperta di soluzioni efficaci. E&#8230; \u201csu misura\u201d!<\/span><\/a><\/p>\n","protected":false},"author":2,"featured_media":0,"comment_status":"closed","ping_status":"open","sticky":false,"template":"","format":"standard","meta":{"footnotes":""},"categories":[729],"tags":[2254,13519,13520],"class_list":["post-44844","post","type-post","status-publish","format-standard","hentry","category-benessere","tag-beltade","tag-clarins","tag-multi-active"],"_links":{"self":[{"href":"https:\/\/www.gdapress.it\/it\/index.php\/wp-json\/wp\/v2\/posts\/44844","targetHints":{"allow":["GET"]}}],"collection":[{"href":"https:\/\/www.gdapress.it\/it\/index.php\/wp-json\/wp\/v2\/posts"}],"about":[{"href":"https:\/\/www.gdapress.it\/it\/index.php\/wp-json\/wp\/v2\/types\/post"}],"author":[{"embeddable":true,"href":"https:\/\/www.gdapress.it\/it\/index.php\/wp-json\/wp\/v2\/users\/2"}],"replies":[{"embeddable":true,"href":"https:\/\/www.gdapress.it\/it\/index.php\/wp-json\/wp\/v2\/comments?post=44844"}],"version-history":[{"count":1,"href":"https:\/\/www.gdapress.it\/it\/index.php\/wp-json\/wp\/v2\/posts\/44844\/revisions"}],"predecessor-version":[{"id":44848,"href":"https:\/\/www.gdapress.it\/it\/index.php\/wp-json\/wp\/v2\/posts\/44844\/revisions\/44848"}],"wp:attachment":[{"href":"https:\/\/www.gdapress.it\/it\/index.php\/wp-json\/wp\/v2\/media?parent=44844"}],"wp:term":[{"taxonomy":"category","embeddable":true,"href":"https:\/\/www.gdapress.it\/it\/index.php\/wp-json\/wp\/v2\/categories?post=44844"},{"taxonomy":"post_tag","embeddable":true,"href":"https:\/\/www.gdapress.it\/it\/index.php\/wp-json\/wp\/v2\/tags?post=44844"}],"curies":[{"name":"wp","href":"https:\/\/api.w.org\/{rel}","templated":true}]}}