
{"id":44758,"date":"2014-09-11T23:40:04","date_gmt":"2014-09-11T21:40:04","guid":{"rendered":"http:\/\/www.gdapress.it\/it\/?p=44758"},"modified":"2014-09-11T23:50:26","modified_gmt":"2014-09-11T21:50:26","slug":"miss-italia-jesolo-la7","status":"publish","type":"post","link":"https:\/\/www.gdapress.it\/it\/index.php\/44758\/spettacoli\/miss-italia-jesolo-la7.html","title":{"rendered":"MISS ITALIA DA JESOLO SU La7"},"content":{"rendered":"<p><a href=\"http:\/\/www.gdapress.it\/it\/..\/public\/it\/2014\/09\/Simona-Ventura-Patrizia-Mirigliani.jpg\"><img loading=\"lazy\" decoding=\"async\" class=\"alignleft size-large wp-image-44759\" src=\"http:\/\/www.gdapress.it\/it\/..\/public\/it\/2014\/09\/Simona-Ventura-Patrizia-Mirigliani-266x400.jpg\" alt=\"Simona Ventura - Patrizia Mirigliani\" width=\"266\" height=\"400\" srcset=\"https:\/\/www.gdapress.it\/it\/..\/public\/it\/2014\/09\/Simona-Ventura-Patrizia-Mirigliani-266x400.jpg 266w, https:\/\/www.gdapress.it\/it\/..\/public\/it\/2014\/09\/Simona-Ventura-Patrizia-Mirigliani-199x300.jpg 199w\" sizes=\"auto, (max-width: 266px) 100vw, 266px\" \/><\/a><\/p>\n<p>Miss Italia \u00e8 il concorso di bellezza che racconta la storia<\/p>\n<p>del nostro Paese; \u00e8 un rito emblematico della femminilit\u00e0<\/p>\n<p>nazionale, un fatto sociale, una manifestazione per<\/p>\n<p>famiglie e il sogno di ogni\u00a0giovane donna.<\/p>\n<p>E\u2019 un simbolo che esprime il fascino e la personalit\u00e0<\/p>\n<p>della donna italiana, ma anche un marchio che<\/p>\n<p>racchiude l\u2019attivit\u00e0 professionale di un\u2019Azienda, dei suoi<\/p>\n<p>venti rappresentanti regionali e di chi realizza le 500<\/p>\n<p>selezioni che si svolgono sul territorio: registi, scenografi<\/p>\n<p>presentatori, truccatori e parrucchieri. Un\u2019organizzazione<\/p>\n<p>tradizionalmente ritenuta esemplare per efficienza e<\/p>\n<p>seriet\u00e0.<\/p>\n<p>Miss Italia appartiene alla cultura del nostro Paese, \u201c\u00e8 la<\/p>\n<p>gara di bellezza che pi\u00f9 ha inciso nella storia del nostro<\/p>\n<p>costume. E\u2019 il concorso che si adatta al mondo italiano che<\/p>\n<p>cambia\u201d; \u201c\u00e8 lo specchio d\u2019Italia perch\u00e9 tutto si svolge alla<\/p>\n<p>luce del sole\u201d, scrivono famosi giornalisti. E\u2019 soprattutto<\/p>\n<p>un appuntamento che fa parte dell\u2019immaginario collettivo<\/p>\n<p>poich\u00e9 riesce a raccontare in maniera semplice la storia<\/p>\n<p>di ragazze comuni che per qualche giorno salgono alla<\/p>\n<p>ribalta, avviandosi poi, forti di questa esperienza, incontro<\/p>\n<p>alla loro carriera e alla loro vita. Basta guardare l\u2019elenco di<\/p>\n<p>quante hanno partecipato e sono poi diventate famose, a<\/p>\n<p>partire da Sofia Loren, a Gina Lollobrigida, a Lucia Bos\u00e8,<\/p>\n<p>fino ad Anna Valle e a tutte coloro che sono protagoniste<\/p>\n<p>in tv, nel cinema, nella moda e nella pubblicit\u00e0.<\/p>\n<p><a href=\"http:\/\/www.gdapress.it\/it\/..\/public\/it\/2014\/09\/gruppo-24-ragazze.jpg\"><img loading=\"lazy\" decoding=\"async\" class=\"alignleft size-large wp-image-44760\" src=\"http:\/\/www.gdapress.it\/it\/..\/public\/it\/2014\/09\/gruppo-24-ragazze-500x333.jpg\" alt=\"gruppo 24 ragazze\" width=\"500\" height=\"333\" srcset=\"https:\/\/www.gdapress.it\/it\/..\/public\/it\/2014\/09\/gruppo-24-ragazze-500x333.jpg 500w, https:\/\/www.gdapress.it\/it\/..\/public\/it\/2014\/09\/gruppo-24-ragazze-300x200.jpg 300w\" sizes=\"auto, (max-width: 500px) 100vw, 500px\" \/><\/a><\/p>\n<p>Il Concorso, creato da Dino Villani nel 1939, condotto<\/p>\n<p>per quasi mezzo secolo da Enzo Mirigliani, \u00e8 guidato<\/p>\n<p>dagli inizi degli anni Duemila dalla figlia Patrizia la<\/p>\n<p>quale ha messo ancora al primo posto la correttezza, il<\/p>\n<p>rispetto delle regole, l\u2019etica; la tutela della donna e della<\/p>\n<p>sua dignit\u00e0; la difesa della tradizione e, di pari passo, il<\/p>\n<p>suo ammodernamento, anche tecnologico.<\/p>\n<p>Ed \u00e8 cos\u00ec che Miss Italia si presenta oggi con la sua storia e<\/p>\n<p>la sua intatta popolarit\u00e0, un concorso moderno, affiancato<\/p>\n<p>da aziende sponsor di prima grandezza, e con l\u2019attenzione<\/p>\n<p>rivolta ai problemi sociali, come quelli della prevenzione<\/p>\n<p>delle malattie femminili, ma anche deciso ad opporsi a<\/p>\n<p>qualunque forma di violenza sulle donne.<\/p>\n<p>Moderno al punto da aprire le porte a tutte le ragazze,<\/p>\n<p>fino a 30 anni di et\u00e0, ed anche &#8211; pur avendone diritto &#8211; alle<\/p>\n<p>ragazze non ancora in possesso della nostra cittadinanza:<\/p>\n<p>\u00e8 la nuova bellezza che cambia, multietnica e consapevole,<\/p>\n<p>e che va oltre gli stereotipi estetici per contemplare,<\/p>\n<p>invece, tutto ci\u00f2 che il nostro Paese sa offrire.<\/p>\n<p>Il concorso quest&#8217;anno \u00e8 su La7 con il seguente programma:<\/p>\n<p>GiovEd\u00ec 11 SETTEMbRE<\/p>\n<p>Ore 23.00 &#8211; La7. \u201cMiss Italia Le Selezioni\u201d, prima puntata.<\/p>\n<p>vEnERd\u00ec 12 SETTEMbRE<\/p>\n<p>Ore 9.30 &#8211; Teatro Vivaldi. Assegnazione dei titoli nazionali.<\/p>\n<p>Ore 23.00 &#8211; La7. \u201cMiss Italia Le Selezioni\u201d, seconda puntata<\/p>\n<p>SAbATo 13 SETTEMbRE<\/p>\n<p>Ore 12.00 &#8211; Conferenza stampa di presentazione della serata finale.<\/p>\n<p>doMEniCA 14 SETTEMbRe<\/p>\n<p>Ore 21.00 &#8211; La7 e La7d Finale di Miss Italia 2014. Conduce Simona Ventura.<\/p>\n<p>LunEd\u00ec 15 SETTEMbRE<\/p>\n<p>Ore 11.00 &#8211; Servizi fotografici a Miss Italia 2014.<\/p>\n<p>Ore 12.30 &#8211; Conferenza stampa per la presentazione della vincitrice e chiusura della manifestazione.<\/p>\n<p>Il programma si svolge ad Jesolo ed \u00a0\u00e8 condotto da Simona Ventura, noto volto della TV, e si avvale di una giuria composta da \u00a0Marco Belinelli, Emis Killa, Sandro Mayer, Alessandro Preziosi, Alena Seredova.\u00a0Le loro votazioni, insieme a quella del \u00a0pubblico da casa, che potr\u00e0 come sempre esprimere le proprie preferenze attraverso il televoto (894.000 da fisso; \u00a04770471 da mobile), decreteranno chi tra le TOP 24 sar\u00e0 incoronata Miss Italia 2014<\/p>\n<p>MISS ITALIA \u2013 LA SQUADRA<\/p>\n<p>Scritto da: PAOLA PAPA, IRENE GHERGO e PEPPI NOCERA<\/p>\n<p>e da: ALESSANDRO SAITTA e SONIA SOLDERA<\/p>\n<p>Regia: LELE BISCUSSI<\/p>\n<p>Produttore esecutivo Magnolia: RAFFAELLA GRESELE<\/p>\n<p>Fotografia: IVAN PIERRI<\/p>\n<p>Scenografie: MARCO CALZAVARA<\/p>\n<p>Costumi: CLAUDIA TORTORA<\/p>\n<p>Direzione Artistica: DANIELA BELLINI e ROBERTA MASTROMICHELE<\/p>\n<p>Direttore di Produzione Magnolia: FILIPPO FORCELLA<\/p>\n<p>&nbsp;<\/p>\n<p>&nbsp;<\/p>\n<p>&nbsp;<\/p>\n","protected":false},"excerpt":{"rendered":"<p>Miss Italia \u00e8 il concorso di bellezza che racconta la storia del nostro Paese; \u00e8 un rito emblematico della femminilit\u00e0 nazionale, un fatto sociale, una manifestazione per famiglie e il sogno di ogni\u00a0giovane donna. E\u2019 un simbolo che esprime il fascino e la personalit\u00e0 della donna italiana, ma anche un marchio che racchiude l\u2019attivit\u00e0 professionale &hellip; <a href=\"https:\/\/www.gdapress.it\/it\/index.php\/44758\/spettacoli\/miss-italia-jesolo-la7.html\" class=\"more-link\">Read more <span class=\"screen-reader-text\">MISS ITALIA DA JESOLO SU La7<\/span><\/a><\/p>\n","protected":false},"author":2,"featured_media":0,"comment_status":"closed","ping_status":"open","sticky":false,"template":"","format":"standard","meta":{"footnotes":""},"categories":[8],"tags":[9223,6454,13492,13491,6485],"class_list":["post-44758","post","type-post","status-publish","format-standard","hentry","category-spettacoli","tag-jesolo","tag-la7","tag-mirigliani","tag-miss-italia","tag-simona-ventura"],"_links":{"self":[{"href":"https:\/\/www.gdapress.it\/it\/index.php\/wp-json\/wp\/v2\/posts\/44758","targetHints":{"allow":["GET"]}}],"collection":[{"href":"https:\/\/www.gdapress.it\/it\/index.php\/wp-json\/wp\/v2\/posts"}],"about":[{"href":"https:\/\/www.gdapress.it\/it\/index.php\/wp-json\/wp\/v2\/types\/post"}],"author":[{"embeddable":true,"href":"https:\/\/www.gdapress.it\/it\/index.php\/wp-json\/wp\/v2\/users\/2"}],"replies":[{"embeddable":true,"href":"https:\/\/www.gdapress.it\/it\/index.php\/wp-json\/wp\/v2\/comments?post=44758"}],"version-history":[{"count":4,"href":"https:\/\/www.gdapress.it\/it\/index.php\/wp-json\/wp\/v2\/posts\/44758\/revisions"}],"predecessor-version":[{"id":44764,"href":"https:\/\/www.gdapress.it\/it\/index.php\/wp-json\/wp\/v2\/posts\/44758\/revisions\/44764"}],"wp:attachment":[{"href":"https:\/\/www.gdapress.it\/it\/index.php\/wp-json\/wp\/v2\/media?parent=44758"}],"wp:term":[{"taxonomy":"category","embeddable":true,"href":"https:\/\/www.gdapress.it\/it\/index.php\/wp-json\/wp\/v2\/categories?post=44758"},{"taxonomy":"post_tag","embeddable":true,"href":"https:\/\/www.gdapress.it\/it\/index.php\/wp-json\/wp\/v2\/tags?post=44758"}],"curies":[{"name":"wp","href":"https:\/\/api.w.org\/{rel}","templated":true}]}}