
{"id":44741,"date":"2014-09-10T10:05:22","date_gmt":"2014-09-10T08:05:22","guid":{"rendered":"http:\/\/www.gdapress.it\/it\/?p=44741"},"modified":"2014-09-10T10:05:22","modified_gmt":"2014-09-10T08:05:22","slug":"mostre-dautunno-24-ore-cultura","status":"publish","type":"post","link":"https:\/\/www.gdapress.it\/it\/index.php\/44741\/arte\/mostre-dautunno-24-ore-cultura.html","title":{"rendered":"LE MOSTRE D\u2019AUTUNNO DI 24 ORE CULTURA"},"content":{"rendered":"<p><a href=\"http:\/\/www.gdapress.it\/it\/..\/public\/it\/2014\/09\/Chagall-617x330.jpg\"><img loading=\"lazy\" decoding=\"async\" class=\"alignleft size-large wp-image-44742\" src=\"http:\/\/www.gdapress.it\/it\/..\/public\/it\/2014\/09\/Chagall-617x330-500x267.jpg\" alt=\"Chagall--617x330\" width=\"500\" height=\"267\" srcset=\"https:\/\/www.gdapress.it\/it\/..\/public\/it\/2014\/09\/Chagall-617x330-500x267.jpg 500w, https:\/\/www.gdapress.it\/it\/..\/public\/it\/2014\/09\/Chagall-617x330-300x160.jpg 300w, https:\/\/www.gdapress.it\/it\/..\/public\/it\/2014\/09\/Chagall-617x330.jpg 617w\" sizes=\"auto, (max-width: 500px) 100vw, 500px\" \/><\/a><\/p>\n<p><strong>Marc Chagall. Una retrospettiva 1908-1985<\/strong><\/p>\n<p><strong>17 settembre 2014 \u2013 1 febbraio 2015<\/strong><\/p>\n<p><strong>Palazzo Reale, Milano<\/strong><\/p>\n<p>La mostra <strong>Marc Chagall. Una retrospettiva 1908-1985<\/strong>che si aprir\u00e0 il 17 settembre a Palazzo Reale di Milano \u00e8 la pi\u00f9 grande retrospettiva mai dedicata in Italia a Marc Chagall, con oltre 220 opere \u2013 prevalentemente dipinti, a partire dal 1908, data in cui Chagall realizz\u00f2 il suo primo quadro, <em>Le petit salon<\/em>, fino alle ultime, monumentali opere degli anni \u201880 \u2013 che guideranno i visitatori lungo tutto il percorso artistico di Marc Chagall, accostando, spesso per la prima volta, opere ancora nelle collezioni degli eredi, e talvolta inedite, a capolavori provenienti dai maggiori musei del mondo, quali il MoMa, il Metropolitan Museum di New York, la National Gallery di Washington, il Museo Nazionale Russo di S. Pietroburgo, il Centre Pompidou, oltre a 50 collezioni pubbliche e private che hanno generosamente collaborato.<\/p>\n<p>All\u2019interno di un rigoroso e completo percorso cronologico, la mostra si articoler\u00e0 in sezioni, partendo dalle opere degli esordi realizzate in Russia;\u00a0durante il primo soggiorno francese, e il successivo rientro in Russia fino al 1921; con l\u2019autobiografia scritta da Chagall al momento del suo definitivo abbandono della Russia, si aprir\u00e0 il secondo periodo del suo esilio, prima in Francia e poi, negli anni \u201940, in America dove vivr\u00e0 anche la tragedia della morte dell\u2019amatissima moglie Bella; con il rientro in Francia e la scelta definitiva di stabilirsi in Costa Azzurra Chagall ritrover\u00e0 il suo linguaggio poetico pi\u00f9 disteso, rasserenato dai colori e dall\u2019atmosfera del Midi.<\/p>\n<p>La mostra <strong>Marc Chagall. Una retrospettiva 1908-1985<\/strong> \u00e8 promossa dal Comune di Milano-Cultura, \u00e8 organizzata e prodotta da Palazzo Reale, 24 ORE Cultura \u2013 Gruppo 24 ORE, Arthemisia Group e GAmm\u00a0 Giunti,\u00a0 \u00e8 ideata da Claudia Zevi &amp; Partners e curata da\u00a0Claudia Zevi con la collaborazione di Meret Meyer.<\/p>\n<p>Il catalogo sar\u00e0 pubblicato in coedizione da GAmm Giunti e 24 ORE CULTURA.<\/p>\n<p>&nbsp;<\/p>\n<p><strong>Info e prenotazioni\u00a0\u00a0\u00a0\u00a0\u00a0\u00a0\u00a0\u00a0\u00a0\u00a0\u00a0\u00a0 <\/strong>02 54911 | <a href=\"http:\/\/www.ticket.it\/chagall\">http:\/\/www.ticket.it\/chagall<\/a> | <a href=\"http:\/\/www.mostrachagall.it\">http:\/\/www.mostrachagall.it<\/a><\/p>\n<p><strong>Costo biglietto\u00a0\u00a0\u00a0\u00a0\u00a0\u00a0\u00a0\u00a0\u00a0\u00a0\u00a0\u00a0\u00a0\u00a0\u00a0\u00a0\u00a0\u00a0\u00a0 \u20ac 12,00 <\/strong><strong>INGRESSO SINGOLO INTERO<\/strong> audioguida gratuita<\/p>\n<p><strong>\u20ac 10,00 INGRESSO SINGOLO RIDOTTO<\/strong> audioguida gratuita<\/p>\n<p>&nbsp;<\/p>\n<p><strong>\u00a0<\/strong><\/p>\n<p><strong>La Divina Marchesa. Arte e vita di Luisa Casati dalla Belle \u00c9poque agli anni folli<\/strong><\/p>\n<p><strong>4 ottobre 2014 \u2013 8 marzo 2015<\/strong><\/p>\n<p><strong>Palazzo Fortuny, Venezia<\/strong><\/p>\n<p>Venezia rievoca la figura e il mito della donna che affascin\u00f2 d\u2019Annunzio e con le sue follie divenne la musa dei pi\u00f9 grandi artisti del tempo da Boldini a Bakst, da Marinetti a Balla, da Man Ray ad Alberto Martini, da Van Dongen a Romain e Brooks.<\/p>\n<p>Palazzo Fortuny a Venezia, uno dei \u201cluoghi\u201d pi\u00f9 amati dalla Divina Marchesa, sar\u00e0 la sede della prima straordinaria mostra interamente dedicata a Luisa Casati Stampa, la donna che a inizio Novecento, con il trucco esagerato, le trasgressive ed eccentriche performance e una vita sopra le righe, fu capace di trasformare se stessa in opera d\u2019arte, leggenda vivente, conturbante e sorprendente rappresentazione di modernit\u00e0 e avanguardia: un mito che ispira ancora oggi gli artisti e le grandi maison dell\u2019alta moda.<\/p>\n<p>L\u2019esposizione, ideata da Daniela Ferretti, curata da Fabio Benzi e Gioia Mori, \u00e8 coprodotta dalla Fondazione Musei Civici di Venezia e da 24ORE Cultura &#8211; Gruppo 24 Ore, conta oltre un centinaio opere tra dipinti, disegni, gioielli, sculture, fotografie e abiti provenienti da collezioni private e da musei internazionali.<\/p>\n<p>Il percorso della mostra, attraverso continui rimandi, ricostruisce le relazioni sociali e artistiche che attraversarono la vita di Luisa Casati Stampa: dalla gabbia dorata dell\u2019alta societ\u00e0 all\u2019incontro con Gabriele d\u2019Annunzio &#8211; che la cambi\u00f2 per sempre e che divenne un legame d\u2019amore e amicizia che dur\u00f2 tutta la vita &#8211; dalle stravaganze ai travestimenti,alla pratica dell\u2019occulto per arrivare al periodo \u201cfuturista\u201d in cui incontra Filippo Tommaso Marinetti e sposa la causa del movimento artistico, promuovendone gli artisti e collezionando le loro opere, per concludersi con la rovina economica e l\u2019esilio nella capitale britannica dove muore nel giugno 1957.<\/p>\n<p>Il catalogo \u00e8 edito da 24 ORE Cultura.<\/p>\n<p>&nbsp;<\/p>\n<p><strong>Info e prenotazioni:<\/strong><a href=\"http:\/\/www.mostracasati.it\">http:\/\/www.mostracasati.it<\/a><\/p>\n<p><strong>Costo biglietto\u00a0\u00a0\u00a0\u00a0\u00a0\u00a0\u00a0\u00a0\u00a0\u00a0\u00a0\u00a0\u00a0\u00a0\u00a0\u00a0\u00a0\u00a0\u00a0 \u20ac 12,00 INGRESSO SINGOLO INTERO audioguida gratuita<\/strong><\/p>\n<p><strong>\u20ac 10,00 INGRESSO SINGOLO RIDOTTO audioguida gratuita <\/strong><\/p>\n<p><strong>\u00a0<\/strong><\/p>\n<p><strong>\u00a0<\/strong><\/p>\n<p><strong>Alberto Giacometti<\/strong><\/p>\n<p><strong>8 ottobre 2014 \u2013 1 febbraio 2015<\/strong><\/p>\n<p><strong>GAM Galleria d\u2019Arte Moderna, Milano<\/strong><\/p>\n<p>&nbsp;<\/p>\n<p>A cura di Catherine Grenier, direttore e capo curatore della Fondazione \u2018Alberto e Annette Giacometti\u2019 di Parigi, da cui arrivano le oltre 60 opere in mostra, l\u2019esposizione \u00e8 promossa dal Comune di Milano-Cultura, organizzata e prodotta dalla Galleria d\u2019Arte Moderna di Milano e da 24 ORE Cultura \u2013 Gruppo 24 ORE ed \u00e8 la prima di 4 grandi mostre dedicate alla scultura che saranno ospitate dalla GAM di Milano, recentemente riallestita.<\/p>\n<p>Il visitatore potr\u00e0 seguire, attraverso le sculture, i dipinti e i disegni realizzati tra gli anni Venti e Sessanta, l\u2019evoluzione artistica di Giacometti, dai suoi inizi in Svizzera alla maturit\u00e0, trascorsa perlopi\u00f9 nell\u2019atelier di rue Hippolyte-Maindron a Parigi: un percorso cronologico che si articola in cinque sezioni, costituite a loro volta da diversi gruppi tematici, e che permette di ripercorrere la carriera dell\u2019artista: dall\u2019esordio a contatto con il Post-cubismo e il Surrealismo, all\u2019et\u00e0 pi\u00f9 avanzata, durante la quale il filo conduttore diventa la perpetua ricerca di qualcosa che gli sfugge.<\/p>\n<p>Il catalogo \u00e8 edito da 24 ORE Cultura.<\/p>\n<p>&nbsp;<\/p>\n<p><strong>Info e prenotazioni<\/strong>\u00a0\u00a0\u00a0\u00a0\u00a0\u00a0\u00a0\u00a0\u00a0\u00a0\u00a0\u00a0 02\u00a0 54916 | <a href=\"http:\/\/www.ticket.it\/giacometti\">http:\/\/www.ticket.it\/giacometti<\/a> | <a href=\"http:\/\/www.mostragiacometti.it\">http:\/\/www.mostragiacometti.it<\/a><\/p>\n<p><strong>Costo biglietto\u00a0\u00a0\u00a0\u00a0\u00a0\u00a0\u00a0\u00a0\u00a0\u00a0\u00a0\u00a0\u00a0\u00a0\u00a0\u00a0\u00a0\u00a0\u00a0 \u20ac 12,00 INGRESSO SINGOLO INTERO audioguida gratuita<\/strong><\/p>\n<p><strong>\u20ac 10,00 INGRESSO SINGOLO RIDOTTO audioguida gratuita <\/strong><\/p>\n<p>&nbsp;<\/p>\n<p>&nbsp;<\/p>\n<p><strong>VAN GOGH. L\u2019uomo e la terra<\/strong><\/p>\n<p><strong>18 ottobre 2014 &#8211; 8 marzo 2015<\/strong><\/p>\n<p><strong>Milano, Palazzo Reale<\/strong><\/p>\n<p>\u201cVan Gogh. L\u2019uomo e la terra\u201d la mostra che aprir\u00e0 a Palazzo Reale di Milano dal 18 ottobre 2014 (fino all\u20198 marzo 2015) \u00e8 un viaggio nel mondo dell\u2019arte, ma soprattutto nella filosofia esistenziale del grande olandese che si pone a perfetto corollario del tema di Expo 2015 &#8211; Nutrire il pianeta.<\/p>\n<p>Promossa dal Comune di Milano &#8211; Cultura, prodotta e organizzata da Palazzo Reale di Milano, Arthemisia Group e 24 ORE Cultura &#8211; Gruppo 24 ORE, in collaborazione con Kr\u00f6ller-M\u00fcller Museum di Otterlo e realizzata anche grazie al sostegno del Gruppo Unipol, l\u2019esposizione &#8211; posta a perfetto corollario del tema di Expo 2015 &#8211; Nutrire il pianeta &#8211; documenta un viaggio nel mondo dell\u2019arte, ma soprattutto nella filosofia esistenziale del grande artista, che cerca nel mondo contadino, nelle creature semplici e pure, il senso della vita e delle cose. Lo trova nella fatica, nel duro lavoro della vita agreste.<\/p>\n<p>Il corpus centrale della mostra, patrocinata dall\u2019Ambasciata del Regno dei paesi Bassi a Roma e inserita negli eventi ufficiali del Van Gogh Europe, \u00e8 costituito da opere provenienti dal Kr\u00f6ller-M\u00fcller Museum di Otterlo a cui se ne aggiungono altre provenienti dal Van Gogh Museum di Amsterdam, dal Museo Soumaya-Fundaci\u00f3n Carlos Slim di Citt\u00e0 del Messico, dal Centraal Museum di Utrecht e da collezioni private normalmente inaccessibili.<\/p>\n<p>La mostra pertanto si pone come un\u2019occasione unica per approfondire, attraverso gli occhi dell\u2019artista, il complesso rapporto tra l\u2019essere umano e la natura che lo circonda.<\/p>\n<p>Il catalogo \u00e8 edito da 24 ORE cultura.<\/p>\n<p>&nbsp;<\/p>\n<p><strong>Info e prenotazioni\u00a0\u00a0\u00a0\u00a0\u00a0\u00a0\u00a0\u00a0\u00a0\u00a0\u00a0\u00a0 <\/strong>39 02 54913 |<a href=\"http:\/\/www.ticket.it\/vangogh\">http:\/\/www.ticket.it\/vangogh<\/a> |<a href=\"http:\/\/www.vangoghmilano.it\">http:\/\/www.vangoghmilano.it<\/a><\/p>\n<p><strong>Costo biglietto\u00a0\u00a0\u00a0\u00a0\u00a0\u00a0\u00a0\u00a0\u00a0\u00a0\u00a0\u00a0\u00a0\u00a0\u00a0\u00a0\u00a0\u00a0\u00a0 \u20ac 12,00 <\/strong><strong>INGRESSO SINGOLO INTERO<\/strong> audioguida gratuita<\/p>\n<p><strong>\u20ac 10,00 INGRESSO SINGOLO RIDOTTO<\/strong> audioguida gratuita<\/p>\n<p>&nbsp;<\/p>\n<p>&nbsp;<\/p>\n<p>&nbsp;<\/p>\n<p>&nbsp;<\/p>\n<p>&nbsp;<\/p>\n<p>&nbsp;<\/p>\n<p>&nbsp;<\/p>\n","protected":false},"excerpt":{"rendered":"<p>Marc Chagall. Una retrospettiva 1908-1985 17 settembre 2014 \u2013 1 febbraio 2015 Palazzo Reale, Milano La mostra Marc Chagall. Una retrospettiva 1908-1985che si aprir\u00e0 il 17 settembre a Palazzo Reale di Milano \u00e8 la pi\u00f9 grande retrospettiva mai dedicata in Italia a Marc Chagall, con oltre 220 opere \u2013 prevalentemente dipinti, a partire dal 1908, &hellip; <a href=\"https:\/\/www.gdapress.it\/it\/index.php\/44741\/arte\/mostre-dautunno-24-ore-cultura.html\" class=\"more-link\">Read more <span class=\"screen-reader-text\">LE MOSTRE D\u2019AUTUNNO DI 24 ORE CULTURA<\/span><\/a><\/p>\n","protected":false},"author":2,"featured_media":0,"comment_status":"closed","ping_status":"open","sticky":false,"template":"","format":"standard","meta":{"footnotes":""},"categories":[4],"tags":[1997,2328,3513,3961],"class_list":["post-44741","post","type-post","status-publish","format-standard","hentry","category-arte","tag-24-ore-cultura","tag-chagall","tag-giacometti","tag-van-gogh"],"_links":{"self":[{"href":"https:\/\/www.gdapress.it\/it\/index.php\/wp-json\/wp\/v2\/posts\/44741","targetHints":{"allow":["GET"]}}],"collection":[{"href":"https:\/\/www.gdapress.it\/it\/index.php\/wp-json\/wp\/v2\/posts"}],"about":[{"href":"https:\/\/www.gdapress.it\/it\/index.php\/wp-json\/wp\/v2\/types\/post"}],"author":[{"embeddable":true,"href":"https:\/\/www.gdapress.it\/it\/index.php\/wp-json\/wp\/v2\/users\/2"}],"replies":[{"embeddable":true,"href":"https:\/\/www.gdapress.it\/it\/index.php\/wp-json\/wp\/v2\/comments?post=44741"}],"version-history":[{"count":1,"href":"https:\/\/www.gdapress.it\/it\/index.php\/wp-json\/wp\/v2\/posts\/44741\/revisions"}],"predecessor-version":[{"id":44743,"href":"https:\/\/www.gdapress.it\/it\/index.php\/wp-json\/wp\/v2\/posts\/44741\/revisions\/44743"}],"wp:attachment":[{"href":"https:\/\/www.gdapress.it\/it\/index.php\/wp-json\/wp\/v2\/media?parent=44741"}],"wp:term":[{"taxonomy":"category","embeddable":true,"href":"https:\/\/www.gdapress.it\/it\/index.php\/wp-json\/wp\/v2\/categories?post=44741"},{"taxonomy":"post_tag","embeddable":true,"href":"https:\/\/www.gdapress.it\/it\/index.php\/wp-json\/wp\/v2\/tags?post=44741"}],"curies":[{"name":"wp","href":"https:\/\/api.w.org\/{rel}","templated":true}]}}