
{"id":44664,"date":"2014-09-06T10:49:55","date_gmt":"2014-09-06T08:49:55","guid":{"rendered":"http:\/\/www.gdapress.it\/it\/?p=44664"},"modified":"2014-09-06T10:51:22","modified_gmt":"2014-09-06T08:51:22","slug":"torna-fiorinsieme-small-gardens-in-the-city-brescia","status":"publish","type":"post","link":"https:\/\/www.gdapress.it\/it\/index.php\/44664\/appuntamenti\/torna-fiorinsieme-small-gardens-in-the-city-brescia.html","title":{"rendered":"Torna Fiorinsieme con \u201cSmall Gardens in the City\u201d Brescia"},"content":{"rendered":"<p><a href=\"http:\/\/www.gdapress.it\/it\/..\/public\/it\/2014\/09\/fins2014_pieghevole_06-1_lr.jpg\"><img loading=\"lazy\" decoding=\"async\" class=\"alignleft size-large wp-image-44667\" src=\"http:\/\/www.gdapress.it\/it\/..\/public\/it\/2014\/09\/fins2014_pieghevole_06-1_lr-196x400.jpg\" alt=\"fins2014_pieghevole_06-1_lr\" width=\"196\" height=\"400\" srcset=\"https:\/\/www.gdapress.it\/it\/..\/public\/it\/2014\/09\/fins2014_pieghevole_06-1_lr-196x400.jpg 196w, https:\/\/www.gdapress.it\/it\/..\/public\/it\/2014\/09\/fins2014_pieghevole_06-1_lr-147x300.jpg 147w, https:\/\/www.gdapress.it\/it\/..\/public\/it\/2014\/09\/fins2014_pieghevole_06-1_lr.jpg 588w\" sizes=\"auto, (max-width: 196px) 100vw, 196px\" \/><\/a><\/p>\n<p>&nbsp;<\/p>\n<p><strong>Dal 6 al 14 Settembre 2014 in Piazza Paolo VI<\/strong>, la Piazza del Duomo di Brescia, si terr\u00e0 la <strong>nona edizione di Fiorinsieme<\/strong>, l&#8217;evento green ideato e progettato da <strong>Associazione Florovivaisti Bresciani in collaborazione con il Comune di Brescia<\/strong>, che nel corso degli anni ha attirato decine di migliaia di visitatori trasformando i 1200 metri quadrati di una delle piazze pi\u00f9 belle d\u2019Italia in una splendida serra a cielo aperto, con fiori e piante di ogni tipo, incontri sul verde e una mostra mercato con il meglio della produzione florovivaistica della nostra provincia.<\/p>\n<p>&nbsp;<\/p>\n<p>Il titolo della nuova edizione \u00e8 <strong>\u201cSmall Gardens in the City<\/strong>\u201d, che vedr\u00e0 l\u2019allestimento di una grande area verde a prato calpestabile e <strong>6 piccoli giardini<\/strong>, come perfette soluzioni per spazi verdi contenuti, progettati e realizzati da aziende costruttrici del verde associate. Tra i piccoli giardini nascer\u00e0 un piccolo bosco urbano (urban forestry) con alcuni gruppi arborei di specie differenti e alcune specie vegetali con fioriture di effetto ed arbusti particolari, collezioni di perenni e stagionali di pregio dal punto di vista botanico. Lungo il percorso, accompagnato da pannelli descrittivi delle specie botaniche, ci saranno sette aiuole con variet\u00e0 particolari come <em>Peperoncino in cinque variet\u00e0, Vinca del Madagascar, Gossypium (Cotone), Arachis hypogaea (Arachide), Mecardonia, Lavandula pinnata, Sedum pluricaule, Ceratostigma plumbaginoides, Gaura lindheimeri \u2018Pink\u2019, Lippia nodiflora, Lantana Camara, Veronica Spicata, Lobularia maritima, Salvia farinacea<\/em>.<\/p>\n<p>&nbsp;<\/p>\n<p>Il programma prevede incontri gratuiti in Piazza Paolo VI e, novit\u00e0 di quest\u2019anno,<strong> presso il Capitolium in Via dei Musei <\/strong>che per l\u2019occasione si vestir\u00e0 di piante e fiori, con esperti del verde dell\u2019Associazione Florovivaisti Bresciani che affronteranno importanti argomenti legati al mondo delle piante: dalle <strong>aromatiche e officinali <\/strong>ai molteplici utilizzi dell\u2019<strong>Aloe<\/strong> e della <strong>lavanda<\/strong>, le <strong>piante che fanno bene alla salute<\/strong> e i migliori consigli per mantenere un prato o coltivare un <strong>orto biologico<\/strong>, fino all\u2019incontro e <strong>show cooking<\/strong> il 14 Settembre in Piazza Paolo VI con lo <strong>chef Gianfranco Grassi<\/strong> di Buonissimo con dimostrazioni e consigli su come utilizzare le aromatiche in cucina. A conclusione dell\u2019incontro verranno offerti alcuni assaggi.<\/p>\n<p>&nbsp;<\/p>\n<p><strong>Venerd\u00ec 12 Settembre dalle 9,00 alle 12,30<\/strong> \u00e8 in programma presso la sala auditorium della Fondazione CAB (Via Trieste n\u00b08, Brescia) un <strong>importante convegno dal titolo \u201c<em>Il verde come elemento del vivere bene il pianeta<\/em>\u201d<\/strong>, relatori: Dott. Agr. Lorenzo Bazzana (Capo servizio Tecnico-Economico Coldiretti Nazionale), Prof.ssa Nadia Marchettini (Docente Chimica dell\u2019Ambiente e Beni Culturali \u2013 Un. Siena), Per. Agr. Francesco Mati (Pres. Fed. prodotto Florovivaismo Naz.le Confagricoltura), Dott. Antonio Vivenzi (Associazione Nazionale Comuni Virtuosi); Al convegno saranno presenti l\u2019Assessore all\u2019Agricoltura della Regione Lombardia Giovanni Fava, Alberto Manzo, responsabile Tavolo Tecnico Florovivaismo del Mipaaf Roma, l\u2019Assessore Ambiente e Protezione Civile del Comune di Brescia Giovanni Fondra, il presidente dell\u2019Associazione Florovivaisti Bresciani e Regionale Nada Forbici, Organizazioni agricole provinciali e Alberto Folonari di Fondazione CAB.<\/p>\n<p>Argomento del convegno <strong>il legame tra l\u2019ambiente e il verde: l\u2019importanza di realizzare un verde di qualit\u00e0, elementi di educazione ambientale, funzioni del verde e i benefici in termini di salute<\/strong>.<\/p>\n<p>Domenica 14 saranno invece in programma dimostrazioni e installazioni floreali a cura del \u201cGruppo Fioristi Professionisti Brescia (ASCOM)\u201d che saranno presenti in Piazza Paolo VI anche per offrire consigli di arte floreale al pubblico.<\/p>\n<p>&nbsp;<\/p>\n<p>Nei week-end, una decina di espositori provenienti dalla nostra provincia esporranno le loro principali produzioni per una colorata mostra mercato: <strong>piante grasse, bromelie, tsillandsie, orchidee, piantine di lavanda, stagionali, annuali, perenni e molto altro<\/strong> per nove giorni trasformeranno Brescia nella capitale del verde.<\/p>\n<p>&nbsp;<\/p>\n<p>Per l\u2019intera durata dell\u2019evento, presso lo storico <strong>Hotel Vittoria<\/strong> in Via X Giornate 20, si terr\u00e0 una mostra fotografica di <strong>Ferruccio Carassale<\/strong>, famoso fotografo del mensile <strong>Gardenia<\/strong>, dal titolo \u201cTrasparenze\u201d, \u00a0esposizione di ventiquattro opere, romantiche e misteriose, dedicate alle rose di un giardino dormiente del nord-est italiano.<\/p>\n<p>&nbsp;<\/p>\n<p>L\u2019<strong>Associazione Florovivaisti Bresciani <\/strong>da ormai molti anni si batte per diffondere una corretta cultura del verde; Fiorinsieme \u00e8 un grandioso progetto che ogni anno si rinnova nella tematiche ma si impegna sempre ad attirare l\u2019attenzione sui principali argomenti che ruotano intorno al mondo del florovivaismo e della progettazione del verde, come trasmettere le corrette conoscenze botaniche al pubblico e far conoscere e riconoscere il valore e l\u2019importanza dell\u2019intervento di progettisti qualificati, \u00a0produttori professionisti, ed esperti costruttori-manutentori di spazi verdi di qualit\u00e0.<\/p>\n<p>&nbsp;<\/p>\n<p>Fiorinsieme, che nell\u2019arco di 8 anni ha potuto contare su decine di migliaia di visitatori per edizione, vuole essere uno stimolo per tutti a pensare la citt\u00e0 in modo pi\u00f9 \u201cgreen\u201d perch\u00e8 un centro storico verde ricco di parchi, giardini e aiuole studiati e mantenuti dai professionisti del settore non pu\u00f2 che diventare un modello unico di vivibilit\u00e0, e perch\u00e8 no, un modello da esportare anche altrove, portando avanti l\u2019idea di recupero e di sostenibilit\u00e0 ambientale come un nuovo modo di concepire il verde.<\/p>\n<p><strong>\u00a0<\/strong><\/p>\n<p><strong>Informazioni<\/strong><\/p>\n<p>dal 6 al 14 Settembre 2014 &#8211; Piazza Paolo VI (Piazza Duomo), Brescia<\/p>\n<p>dal 13 al 14 Settembre 2014 &#8211; Capitolium (Via Musei), Brescia<\/p>\n<p>Segreteria organizzativa: info@florovivaistibs.it &#8211; Tel +39 030 3534008<\/p>\n<p>Ufficio stampa: Andrea Mazza \u2013 stampa@florovivaistibs.it \u2013 Tel +39 3391351913<\/p>\n<p>www.fiorinsieme.it<\/p>\n<p>www.florovivaistibs.it<\/p>\n<p>&nbsp;<\/p>\n<p>&nbsp;<\/p>\n<p><strong>I 6 \u201csmall gardens\u201d<\/strong><\/p>\n<p><em>\u00a0<\/em><\/p>\n<ol>\n<li><strong><em>\u201cIl giardino dell\u2019intimit\u00e0\u201d<\/em><\/strong><em> &#8211; Az. Agr. Botturi<\/em><\/li>\n<li><strong><em>\u201cIl giardino di Horai &#8211; La montagna della vita eterna\u201d<\/em><\/strong><em> &#8211; Az. Agr. Cammarata Ezio<\/em><\/li>\n<li><strong><em>\u201cUn terrazzo tra profumi e salute\u201d<\/em><\/strong><em> &#8211; Az. Agr. Il Verde Mariani<\/em><\/li>\n<li><strong><em>\u201cThe modern garden\u201d<\/em><\/strong><em> &#8211; Az. Agr. <\/em><em>Moretti<\/em><\/li>\n<li><strong><em>\u201cIl giardino provenzale\u201d<\/em><\/strong><em> &#8211; Vivai Loda<\/em><\/li>\n<li><strong><em>\u201cIl giardino della meditazione\u201d<\/em><\/strong><em> &#8211;\u00a0 Zubani Garden<\/em><\/li>\n<\/ol>\n<p>&nbsp;<\/p>\n<p>&nbsp;<\/p>\n<p><strong>Programma incontri<\/strong><\/p>\n<p>&nbsp;<\/p>\n<p><strong>SABATO 6 SETTEMBRE<\/strong><\/p>\n<p>&nbsp;<\/p>\n<p><strong><em>Mostra Mercato<\/em><\/strong><\/p>\n<p><strong>Luogo<\/strong>: Piazza Paolo VI (Piazza Duomo)<\/p>\n<p><strong>Orario<\/strong>: 10.00-19.00<\/p>\n<p>&nbsp;<\/p>\n<p><strong><em>\u201cTrasparenze\u201d, 24 fotografie di F. Carassale (fotografo di Gardenia) dedicate alle rose<\/em><\/strong><\/p>\n<p><strong>Luogo<\/strong>: Hotel Vittoria (Via X Giornate 20)<\/p>\n<p><strong>\u00a0<\/strong><\/p>\n<p><strong>DOMENICA 7 SETTEMBRE<\/strong><\/p>\n<p>&nbsp;<\/p>\n<p><strong><em>\u201cAromatiche e officinali in giardino\u201d, consigli pratici per la cura e l\u2019utilizzo<\/em><\/strong><\/p>\n<p><strong>Docente<\/strong>: Elena Betti<\/p>\n<p><strong>Luogo<\/strong>: Piazza Paolo VI (Piazza Duomo)<\/p>\n<p><strong>Orario<\/strong>: 16.00-16.45<\/p>\n<p>&nbsp;<\/p>\n<p><strong><em>\u201cAloe: un valido rimedio per la salute\u201d, le molecole bioattive dell\u2019 Aloe benefiche per l\u2019uomo e gli animali<\/em><\/strong><\/p>\n<p><strong>Docente<\/strong>: Chiara Dester<\/p>\n<p><strong>Luogo<\/strong>: Piazza Paolo VI (Piazza Duomo)<\/p>\n<p><strong>Orario<\/strong>: 17.00-17.45<\/p>\n<p>&nbsp;<\/p>\n<p><strong><em>\u201cTrasparenze\u201d, 24 fotografie di F. Carassale (fotografo di Gardenia) dedicate alle rose <\/em><\/strong><\/p>\n<p><strong>Luogo<\/strong>: Hotel Vittoria (Via X Giornate 20)<\/p>\n<p>&nbsp;<\/p>\n<p><strong><em>Mostra Mercato<\/em><\/strong><\/p>\n<p><strong>Luogo<\/strong>: Piazza Paolo VI (Piazza Duomo)<\/p>\n<p><strong>Orario<\/strong>: 10.00-19.00<\/p>\n<p>&nbsp;<\/p>\n<p><strong>VENERD\u00ec 12 SETTEMBRE<\/strong><\/p>\n<p><strong>\u00a0<\/strong><\/p>\n<p><strong><em>\u201cIl verde come elemento del vivere bene il pianeta\u201d<\/em><\/strong><\/p>\n<p>Verranno affrontate le tematiche legate all\u2019ambiente ed al verde (urbano o in senso lato), l\u2019importanza di realizzare un verde di qualit\u00e0, collegamenti con Expo 2015, educazione ambientale, le funzioni del verde ed i benefici in termine di salute.<\/p>\n<p><strong>Relatori<\/strong>: Dott. Agr. Lorenzo Bazzana (Capo servizio Tecnico-Economico Coldiretti Nazionale), Prof.ssa Nadia Marchettini (Docente Chimica dell\u2019Ambiente e Beni Culturali \u2013 Un. Siena), Per. Agr. Francesco Mati (Pres. Fed. prodotto Florovivaismo Nazionale Confagricoltura), Dott. Antonio Vivenzi (Associazione Nazionale Comuni Virtuosi).<\/p>\n<p><strong>Luogo<\/strong>: Sala Auditorium Fondazione CAB (Via Trieste, 8)<\/p>\n<p><strong>Orario<\/strong>: 9.00-12.30<\/p>\n<p>&nbsp;<\/p>\n<p><strong><em>\u201cTrasparenze\u201d, 24 fotografie di F. Carassale (fotografo di Gardenia) dedicate alle rose <\/em><\/strong><\/p>\n<p><strong>Luogo<\/strong>: Hotel Vittoria (Via X Giornate 20)<\/p>\n<p>&nbsp;<\/p>\n<p><strong><br \/>\n<\/strong><\/p>\n<p><strong>SABATO 13 SETTEMBRE<\/strong><\/p>\n<p>&nbsp;<\/p>\n<p><strong><em>\u201cSalute e benessere con le piante\u201d, come rendere i nostri ambienti di vita, salubri ed energetici!<\/em><\/strong><\/p>\n<p><strong>Docente<\/strong>: Mario Chesini<\/p>\n<p><strong>Luogo<\/strong>: Capitolium, Via Musei<\/p>\n<p><strong>Orario<\/strong>: 16.00-16.45<\/p>\n<p>&nbsp;<\/p>\n<p><strong><em>\u201cL\u2019orto biologico\u201d &#8211; Tecniche e consigli per un orto salutare e di qualit\u00e0<\/em><\/strong><\/p>\n<p><strong>Docente<\/strong>: Angelo Sala<\/p>\n<p><strong>Luogo<\/strong>: Capitolium, Via Musei<\/p>\n<p><strong>Orario<\/strong>: 17.00-17.45<\/p>\n<p>&nbsp;<\/p>\n<p><strong><em>\u201cTrasparenze\u201d, 24 fotografie di F. Carassale (fotografo di Gardenia) dedicate alle rose <\/em><\/strong><\/p>\n<p><strong>Luogo<\/strong>: Hotel Vittoria (Via X Giornate 20)<\/p>\n<p>&nbsp;<\/p>\n<p><strong><em>Mostra Mercato<\/em><\/strong><\/p>\n<p><strong>Luogo<\/strong>: Piazza Paolo VI (Piazza Duomo)<\/p>\n<p><strong>Orario<\/strong>: 10.00-19.00<\/p>\n<p>&nbsp;<\/p>\n<p><strong>DOMENICA 14 SETTEMBRE<\/strong><\/p>\n<p>&nbsp;<\/p>\n<p><strong><em>Installazione floreale a cura del \u201cGruppo Fioristi Professionisti Brescia\u201d (ASCOM)<\/em><\/strong><\/p>\n<p><strong><em>I fioristi saranno disponibili per consigli su addobbi floreali<\/em><\/strong><\/p>\n<p><strong>Luogo<\/strong>: Piazza Paolo VI (Piazza Duomo)<\/p>\n<p><strong>Orario<\/strong>: 10.00-12.00<\/p>\n<p>&nbsp;<\/p>\n<p><strong><em>Dimostrazioni di arte floreale a cura del \u201cGruppo Fioristi Professionisti Brescia\u201d (ASCOM)<\/em><\/strong><\/p>\n<p><strong>Luogo<\/strong>: Piazza Paolo VI (Piazza Duomo)<\/p>\n<p><strong>Orario<\/strong>: 15.00-17.00<\/p>\n<p>&nbsp;<\/p>\n<p><strong><em>\u201cIl prato biologico\u201d, Consigli per camminare su un tappeto erboso naturale<\/em><\/strong><\/p>\n<p><strong>Docente<\/strong>: Andrea Piva<\/p>\n<p><strong>Luogo<\/strong>: Capitolium, Via Musei<\/p>\n<p><strong>Orario<\/strong>: 16.00-16.45<\/p>\n<p>&nbsp;<\/p>\n<p><strong><em>\u201cLa lavanda e le sue propriet\u00e0\u201d, Dalla coltivazione all\u2019olio essenziale, il rimedio naturale per corpo e mente<\/em><\/strong><\/p>\n<p><strong>Docente<\/strong>: Federica Meneghin<\/p>\n<p><strong>Luogo<\/strong>: Capitolium, Via Musei<\/p>\n<p><strong>Orario<\/strong>: 17.00-17.45<\/p>\n<p>&nbsp;<\/p>\n<p><strong><em>Cucinare con le erbe (Chef Gianfranco Grassi di \u201cBuonissimo\u201d)<\/em><\/strong><\/p>\n<p>Show cooking con dimostrazione e ricette per utilizzare le aromatiche in cucina, a cura dello Chef Gianfranco Grassi di \u201cBuonissimo\u201d. A conclusione dell\u2019incontro verranno offerti alcuni assaggi.<\/p>\n<p><strong>Luogo<\/strong>: Piazza Paolo VI (Piazza Duomo)<\/p>\n<p><strong>Orario<\/strong>: dalle ore 17.30<\/p>\n<p>&nbsp;<\/p>\n<p><strong><em>\u201cTrasparenze\u201d, 24 fotografie di F. Carassale (fotografo di Gardenia) dedicate alle rose <\/em><\/strong><\/p>\n<p><strong>Luogo<\/strong>: Hotel Vittoria (Via X Giornate 20)<\/p>\n<p>&nbsp;<\/p>\n<p><strong><em>Mostra Mercato<\/em><\/strong><\/p>\n<p><strong>Luogo<\/strong>: Piazza Paolo VI (Piazza Duomo)<\/p>\n<p><strong>Orario<\/strong>: 10.00-19.00<\/p>\n<p>&nbsp;<\/p>\n<p><strong>Mostra Mercato, le aziende presenti<\/strong><\/p>\n<p><em>\u00a0<\/em><\/p>\n<ol>\n<li><strong>Floricoltura S.G. di Sandrini Sergio<\/strong><\/li>\n<\/ol>\n<p><em>Borgosatollo, Bs<\/em><\/p>\n<ol start=\"2\">\n<li><strong>Az. Agr. Vivaio Volta di Cherubini Luisa<\/strong><\/li>\n<\/ol>\n<p><em>Brescia<\/em><\/p>\n<ol start=\"3\">\n<li><strong>Az. Agr. G&amp;G di Giacomini Fausto &amp; C.<\/strong><\/li>\n<\/ol>\n<p><em>Prevalle, Bs<\/em><\/p>\n<ol start=\"4\">\n<li><strong>Floricoltura Corazza di Adriano Corazza<\/strong><\/li>\n<\/ol>\n<p><em>Polpenazze del Garda, Bs<\/em><\/p>\n<ol start=\"5\">\n<li><strong>Carnosa &amp; Spinosa Soc. Agr. di Careddu &amp; C<\/strong><\/li>\n<\/ol>\n<p><em>Manerba del Garda, Bs<\/em><\/p>\n<ol start=\"6\">\n<li><strong>Lavanda del Lago (Vivai F.lli Lopresti)<\/strong><\/li>\n<\/ol>\n<p><em>Calcinato, Bs<\/em><\/p>\n<ol start=\"7\">\n<li><strong>Floricoltura Chesini f.lli<\/strong><\/li>\n<\/ol>\n<p><em>Montichiari, Bs<\/em><\/p>\n<ol start=\"8\">\n<li><strong>Az. Agr. Sala Angelo<\/strong><\/li>\n<\/ol>\n<p><em>Pontevico, Bs<\/em><\/p>\n<ol start=\"9\">\n<li><strong>Az. Agr. Vivai piante Zanelli Mauro<\/strong><\/li>\n<\/ol>\n<p><em>Montichiari, Bs<\/em><\/p>\n<ol>\n<li><strong>Az. Agr. Baldini Marina<\/strong><\/li>\n<\/ol>\n<p><em>Carzago Riviera, Bs <\/em><\/p>\n<ol>\n<li><strong>Sanitaria Servizi Ambientali srl<\/strong><\/li>\n<\/ol>\n<p><em>Gavardo, Bs<\/em><\/p>\n<ol start=\"2\">\n<li><strong>Loda Guglielmo Macchine Agricole<\/strong><\/li>\n<\/ol>\n<p><em>Borgosatollo, Bs<\/em><\/p>\n<p><em>\u00a0<\/em><\/p>\n<p><em>\u00a0<\/em><\/p>\n<p><em>\u00a0<\/em><\/p>\n","protected":false},"excerpt":{"rendered":"<p>&nbsp; Dal 6 al 14 Settembre 2014 in Piazza Paolo VI, la Piazza del Duomo di Brescia, si terr\u00e0 la nona edizione di Fiorinsieme, l&#8217;evento green ideato e progettato da Associazione Florovivaisti Bresciani in collaborazione con il Comune di Brescia, che nel corso degli anni ha attirato decine di migliaia di visitatori trasformando i 1200 &hellip; <a href=\"https:\/\/www.gdapress.it\/it\/index.php\/44664\/appuntamenti\/torna-fiorinsieme-small-gardens-in-the-city-brescia.html\" class=\"more-link\">Read more <span class=\"screen-reader-text\">Torna Fiorinsieme con \u201cSmall Gardens in the City\u201d Brescia<\/span><\/a><\/p>\n","protected":false},"author":2,"featured_media":0,"comment_status":"closed","ping_status":"open","sticky":false,"template":"","format":"standard","meta":{"footnotes":""},"categories":[2245],"tags":[1469,5488],"class_list":["post-44664","post","type-post","status-publish","format-standard","hentry","category-appuntamenti","tag-brescia","tag-fiorinsieme"],"_links":{"self":[{"href":"https:\/\/www.gdapress.it\/it\/index.php\/wp-json\/wp\/v2\/posts\/44664","targetHints":{"allow":["GET"]}}],"collection":[{"href":"https:\/\/www.gdapress.it\/it\/index.php\/wp-json\/wp\/v2\/posts"}],"about":[{"href":"https:\/\/www.gdapress.it\/it\/index.php\/wp-json\/wp\/v2\/types\/post"}],"author":[{"embeddable":true,"href":"https:\/\/www.gdapress.it\/it\/index.php\/wp-json\/wp\/v2\/users\/2"}],"replies":[{"embeddable":true,"href":"https:\/\/www.gdapress.it\/it\/index.php\/wp-json\/wp\/v2\/comments?post=44664"}],"version-history":[{"count":3,"href":"https:\/\/www.gdapress.it\/it\/index.php\/wp-json\/wp\/v2\/posts\/44664\/revisions"}],"predecessor-version":[{"id":44668,"href":"https:\/\/www.gdapress.it\/it\/index.php\/wp-json\/wp\/v2\/posts\/44664\/revisions\/44668"}],"wp:attachment":[{"href":"https:\/\/www.gdapress.it\/it\/index.php\/wp-json\/wp\/v2\/media?parent=44664"}],"wp:term":[{"taxonomy":"category","embeddable":true,"href":"https:\/\/www.gdapress.it\/it\/index.php\/wp-json\/wp\/v2\/categories?post=44664"},{"taxonomy":"post_tag","embeddable":true,"href":"https:\/\/www.gdapress.it\/it\/index.php\/wp-json\/wp\/v2\/tags?post=44664"}],"curies":[{"name":"wp","href":"https:\/\/api.w.org\/{rel}","templated":true}]}}