
{"id":44661,"date":"2014-09-06T10:45:41","date_gmt":"2014-09-06T08:45:41","guid":{"rendered":"http:\/\/www.gdapress.it\/it\/?p=44661"},"modified":"2014-09-06T10:45:41","modified_gmt":"2014-09-06T08:45:41","slug":"cristalli-sguardo-mondo-cristallografia","status":"publish","type":"post","link":"https:\/\/www.gdapress.it\/it\/index.php\/44661\/appuntamenti\/cristalli-sguardo-mondo-cristallografia.html","title":{"rendered":"CRISTALLI! UNO SGUARDO SUL MONDO DELLA CRISTALLOGRAFIA"},"content":{"rendered":"<p><strong>\u00a0<a href=\"http:\/\/www.gdapress.it\/it\/..\/public\/it\/2014\/09\/locandina-mostra-Cristalli.jpg\"><img loading=\"lazy\" decoding=\"async\" class=\"alignleft size-large wp-image-44662\" src=\"http:\/\/www.gdapress.it\/it\/..\/public\/it\/2014\/09\/locandina-mostra-Cristalli-297x400.jpg\" alt=\"locandina mostra Cristalli\" width=\"297\" height=\"400\" srcset=\"https:\/\/www.gdapress.it\/it\/..\/public\/it\/2014\/09\/locandina-mostra-Cristalli-297x400.jpg 297w, https:\/\/www.gdapress.it\/it\/..\/public\/it\/2014\/09\/locandina-mostra-Cristalli-222x300.jpg 222w, https:\/\/www.gdapress.it\/it\/..\/public\/it\/2014\/09\/locandina-mostra-Cristalli.jpg 1240w\" sizes=\"auto, (max-width: 297px) 100vw, 297px\" \/><\/a><\/strong><\/p>\n<p><strong>6 \u2013 28\u00a0 SETTEMBRE<\/strong><\/p>\n<p><strong>COMO, SAN PIETRO IN ATRIO \u2013 via Odescalchi, 3<\/strong><\/p>\n<p><strong>\u00a0<\/strong><\/p>\n<p>In occasione <strong>dell\u2019anno internazionale della cristallografia<\/strong> <strong>l\u2019Universit\u00e0 degli Studi dell\u2019Insubria di Como<\/strong>, in collaborazione con <strong>l\u2019Istituto di Cristallografia, il Comune di Como, e il Consiglio Nazionale delle Ricerche (To.Sca.Lab.)<\/strong>, organizza la mostra storico-didattica \u201c<strong>CRISTALLI! Uno sguardo sul mondo della cristallografia<\/strong>\u201d, che si terr\u00e0 <strong>dal 6 al 28 settembre<\/strong> <strong>a San Pietro in Atrio a Como<\/strong>.<\/p>\n<p>&nbsp;<\/p>\n<p>Durante la mostra si potranno ammirare minerali e gemme, prendere parte a <strong>incontri tematici, letture di poesie, giochi e altri eventi formativi <\/strong>tra cui le <strong>conferenze<\/strong> \u201cDa lucrezio e W. H. Bragg, passando per Primo Levi\u201d di Davide Viterbo e \u201cLetture dal Lapidario di Clara Jan\u00e9s\u201d di Nieves Arribas il 6 settembre a partire dalle 16.30; \u201cPillole dal mondo: da Voghera a Bombay\u201d di Walter Cabri e \u201cIl giro del mondo in 20 Aminoacidi\u201d di Emilio Parisini il 13 settembre, a partire dalle 16.30; \u201cCristallografia e Beni Culturali: nuove tecniche per Antiche Tecnologie\u201d di Gilberto Artioli e \u201cIl mistero dei Cristalli Giganti\u201d di Juan M. Garc\u00eca Ruiz e Javier Trueba il 20 settembre, a partire dalle 16.30.<\/p>\n<p>&nbsp;<\/p>\n<p><strong>La Cristallografia<\/strong><\/p>\n<p>La Cristallografia \u00e8 la scienza che si occupa dello studio dei cristalli. In splendida sinergia con discipline scientifiche ben consolidate \u2013 come la Matematica, la Fisica, la Chimica, la Mineralogia e le Scienze della Vita \u2013 la Cristallografia ha contribuito nell\u2019ultimo secolo allo sviluppo della Scienza e costituito la base per scoperte di elevata rilevanza scientifica.<\/p>\n<p>Da disciplina puramente descrittiva e di catalogazione, di stile \u201cottocentesco\u201d e Linneano, grazie allo sviluppo di teorie raffinate e all\u2019avanzamento di nuove tecniche strumentali e di calcolo la Cristallografia rappresenta oggi una risorsa fondamentale per numerose altre discipline, tra cui le Scienze dei Materiali, le Biotecnologie, la tutela dei Beni Culturali, e tante altre.<\/p>\n<p>Computer, cellulari, e farmaci moderni non esisterebbero senza l\u2019apporto fornito dai cristallografi che operano nei diversi ambiti di ricerca, utilizzando le pi\u00f9 avanzate tecniche strumentali disponibili, per lo pi\u00f9 basate sul fenomeno della diffrazione da cristalli, osservata per la prima volta 100 anni fa.<\/p>\n<p><strong>\u00a0<\/strong><\/p>\n<p><strong>La mostra sar\u00e0 inaugurata sabato 6 settembre alle 16.30 e sar\u00e0 aperta dal 6 al 28 settembre, da marted\u00ec a domenica. Ingresso libero e gratuito.<\/strong><\/p>\n<p><strong>\u00c8 possibile concordare visite guidate per gruppi o scolaresche contattando i responsabili: Norberto Masciocchi \u2013 <a href=\"mailto:norberto.masciocchi@uninsubria.it\">norberto.masciocchi@uninsubria.it<\/a>, Antonella Guagliardi \u2013 <a href=\"mailto:antonella.guagliardi@uninsubria.it\">antonella.guagliardi@uninsubria.it<\/a>, Simona Galli \u2013 <a href=\"mailto:simona.galli@uninsubria.it\">simona.galli@uninsubria.it<\/a>. <\/strong><\/p>\n<p>&nbsp;<\/p>\n<p>&nbsp;<\/p>\n<p><strong>Per informazioni<\/strong><\/p>\n<p>Norberto Masciocchi \u2013 <a href=\"mailto:norberto.masciocchi@uninsubria.it\">norberto.masciocchi@uninsubria.it<\/a>, Antonella Guagliardi \u2013<a href=\"mailto:antonella.guagliardi@uninsubria.it\">antonella.guagliardi@uninsubria.it<\/a>, Simona Galli \u2013 <a href=\"mailto:simona.galli@uninsubria.it\">simona.galli@uninsubria.it<\/a>.<\/p>\n<p>&nbsp;<\/p>\n","protected":false},"excerpt":{"rendered":"<p>\u00a0 6 \u2013 28\u00a0 SETTEMBRE COMO, SAN PIETRO IN ATRIO \u2013 via Odescalchi, 3 \u00a0 In occasione dell\u2019anno internazionale della cristallografia l\u2019Universit\u00e0 degli Studi dell\u2019Insubria di Como, in collaborazione con l\u2019Istituto di Cristallografia, il Comune di Como, e il Consiglio Nazionale delle Ricerche (To.Sca.Lab.), organizza la mostra storico-didattica \u201cCRISTALLI! Uno sguardo sul mondo della cristallografia\u201d, &hellip; <a href=\"https:\/\/www.gdapress.it\/it\/index.php\/44661\/appuntamenti\/cristalli-sguardo-mondo-cristallografia.html\" class=\"more-link\">Read more <span class=\"screen-reader-text\">CRISTALLI! UNO SGUARDO SUL MONDO DELLA CRISTALLOGRAFIA<\/span><\/a><\/p>\n","protected":false},"author":2,"featured_media":0,"comment_status":"closed","ping_status":"open","sticky":false,"template":"","format":"standard","meta":{"footnotes":""},"categories":[2245],"tags":[1479,13472,300],"class_list":["post-44661","post","type-post","status-publish","format-standard","hentry","category-appuntamenti","tag-como","tag-cristalli","tag-mostra"],"_links":{"self":[{"href":"https:\/\/www.gdapress.it\/it\/index.php\/wp-json\/wp\/v2\/posts\/44661","targetHints":{"allow":["GET"]}}],"collection":[{"href":"https:\/\/www.gdapress.it\/it\/index.php\/wp-json\/wp\/v2\/posts"}],"about":[{"href":"https:\/\/www.gdapress.it\/it\/index.php\/wp-json\/wp\/v2\/types\/post"}],"author":[{"embeddable":true,"href":"https:\/\/www.gdapress.it\/it\/index.php\/wp-json\/wp\/v2\/users\/2"}],"replies":[{"embeddable":true,"href":"https:\/\/www.gdapress.it\/it\/index.php\/wp-json\/wp\/v2\/comments?post=44661"}],"version-history":[{"count":1,"href":"https:\/\/www.gdapress.it\/it\/index.php\/wp-json\/wp\/v2\/posts\/44661\/revisions"}],"predecessor-version":[{"id":44663,"href":"https:\/\/www.gdapress.it\/it\/index.php\/wp-json\/wp\/v2\/posts\/44661\/revisions\/44663"}],"wp:attachment":[{"href":"https:\/\/www.gdapress.it\/it\/index.php\/wp-json\/wp\/v2\/media?parent=44661"}],"wp:term":[{"taxonomy":"category","embeddable":true,"href":"https:\/\/www.gdapress.it\/it\/index.php\/wp-json\/wp\/v2\/categories?post=44661"},{"taxonomy":"post_tag","embeddable":true,"href":"https:\/\/www.gdapress.it\/it\/index.php\/wp-json\/wp\/v2\/tags?post=44661"}],"curies":[{"name":"wp","href":"https:\/\/api.w.org\/{rel}","templated":true}]}}