
{"id":44643,"date":"2014-09-06T10:22:00","date_gmt":"2014-09-06T08:22:00","guid":{"rendered":"http:\/\/www.gdapress.it\/it\/?p=44643"},"modified":"2014-09-06T10:22:00","modified_gmt":"2014-09-06T08:22:00","slug":"fondazione-peano-cuneo-miguel-berrocal-collezione-lorenzelli","status":"publish","type":"post","link":"https:\/\/www.gdapress.it\/it\/index.php\/44643\/arte\/fondazione-peano-cuneo-miguel-berrocal-collezione-lorenzelli.html","title":{"rendered":"FONDAZIONE PEANO, CUNEO | MIGUEL BERROCAL. COLLEZIONE LORENZELLI"},"content":{"rendered":"<p><a href=\"http:\/\/www.gdapress.it\/it\/..\/public\/it\/2014\/09\/Opus-18-Roma-1958-ferro-forgiato-e-saldato-cm-32x56x42.jpeg\"><img loading=\"lazy\" decoding=\"async\" class=\"alignleft size-medium wp-image-44644\" src=\"http:\/\/www.gdapress.it\/it\/..\/public\/it\/2014\/09\/Opus-18-Roma-1958-ferro-forgiato-e-saldato-cm-32x56x42-300x245.jpeg\" alt=\"Opus 18  Roma, 1958, ferro forgiato e saldato, cm 32x56x42\" width=\"300\" height=\"245\" srcset=\"https:\/\/www.gdapress.it\/it\/..\/public\/it\/2014\/09\/Opus-18-Roma-1958-ferro-forgiato-e-saldato-cm-32x56x42-300x245.jpeg 300w, https:\/\/www.gdapress.it\/it\/..\/public\/it\/2014\/09\/Opus-18-Roma-1958-ferro-forgiato-e-saldato-cm-32x56x42.jpeg 407w\" sizes=\"auto, (max-width: 300px) 100vw, 300px\" \/><\/a><\/p>\n<p>Miguel Berrocal<br \/>\nCollezione Lorenzelli<\/p>\n<p>Fondazione Peano, Cuneo<br \/>\n6 &#8211; 28 settembre 2014<br \/>\nIn collaborazione con la Fundaci\u00f3n Escultor Berrocal para las Artes<\/p>\n<p>Inaugurazione: sabato 6 settembre 2014, ore 17.30<\/p>\n<p>Dall\u20198 al 26 settembre 2014 la Fondazione Peano a Cuneo, fedele alla propria missione di<br \/>\nistituzione promotrice della scultura, presenta una mostra dedicata al grande artista<br \/>\nspagnolo Miguel Berrocal, con opere della Collezione Lorenzelli gi\u00e0 in mostra presso la<br \/>\nLorenzelli Arte a Milano ed appartenenti alla collezione della famiglia dei noti galleristi.<\/p>\n<p>Caratteristica distintiva del lavoro di Miguel Berrocal \u00e8 il concetto di ripetizione e<br \/>\nmoltiplicazione, a partire da un prototipo iniziale, e l\u2019idea di scomposizione di un\u2019opera in<br \/>\nnumerose parti, ciascuna delle quali deve potersi incastrare perfettamente con le altre nella<br \/>\nrealizzazione di un pi\u00f9 ampio progetto complessivo.<\/p>\n<p>A partire da una tecnica eccelsa e dalla profonda conoscenza dei materiali, il lavoro di<br \/>\nBerrocal rappresenta una combinazione fra arte e scienza. Per Berrocal scolpire \u2013 che si<br \/>\ntratti di bronzo, marmo, legno o kevlar &#8211; non \u00e8 solo un problema di tecnica e disegno. Si tratta<br \/>\ndi trovare un linguaggio fisico e simbolico, un linguaggio concettuale che trascende il limite<br \/>\ndel visibile, passando dagli occhi alla mente. La scultura di Berrocal non intende infatti<br \/>\nrappresentare le cose, ma la loro natura profonda, la loro anima.<\/p>\n<p>Riconosciuto fin da subito come uno dei pi\u00f9 grandi scultori \u2013 artigiani del ferro \u2013 spagnoli,<br \/>\nBerrocal \u00e8 stato invitato a partecipare a tre edizioni della Biennale di Venezia e le sue<br \/>\nopere monumentali sono esposte in numerose istituzioni e citt\u00e0 del mondo. Noto in<\/p>\n<p>Italia anche in virt\u00f9 della sua lunga permanenza nella citt\u00e0 di Verona dove ha vissuto per<br \/>\ncirca quant\u2019anni, all\u2019artista \u00e8 inoltre dedicata la Fundaci\u00f3n Escultor Berrocal para las Artes<br \/>\n(www.berrocal.net), con sede a Villanueva de Algaidas, M\u00e1laga, voluta dagli eredi di<br \/>\nBerrocal a completamento del progetto pensato dall\u2019artista ma mai portato a termine a causa<br \/>\ndella sua scomparsa. La Fundaci\u00f3n \u00e8 partner di questa iniziativa che suggella la<br \/>\ncollaborazione tra le due fondazioni nata nel 2012 e voluta fortemente da Cristina Berrocal<br \/>\nSajonia Coburgo e da Attilia Peano, scomparsa nel 2013, a cui viene dedicata questa<br \/>\nrassegna.<\/p>\n<p>Miguel Berrocal \u00e8 un artista che si caratterizza per l\u2019idea di \u201cmultiplo\u201d e di<br \/>\n\u201cscomposizione dello spazio\u201d. La sua produzione \u00e8 stata influenzata dall\u2019insegnamento<br \/>\ndello scultore Angel Ferrant che lo aveva avvicinato alla dimensione ludica della scultura cos\u00ec<br \/>\ncome all\u2019interesse per gli oggetti incontrati casualmente in relazione alla possibilit\u00e0 di<br \/>\nsmontarli e rimontarli diversamente, dando loro una nuova veste di opera tridimensionale e<br \/>\ndalla propria formazione matematico-architettonica data dagli studi alla Escuela Superior de<br \/>\nArquitectura presso la Facultad de Ciencias Exactas di Madrid.<\/p>\n<p>Miguel Berrocal \u00e8 stato un formidabile artigiano ma anche un eccellente tecnico che<br \/>\nconosceva perfettamente i materiali e le tecniche di fusione. Berrocal ha abbandonato in<br \/>\nparte il concetto di scultura intesa come rappresentazione attraverso masse e volumi per<br \/>\ninteressarsi al concetto di vuoto e spazio interno che lo hanno portato a decomporre lo<br \/>\nspazio, a frammentare l\u2019opera in parti diverse che, a loro volta, mettono in discussione il<br \/>\nconcetto di integrit\u00e0 e unicit\u00e0 dell\u2019opera stessa.<\/p>\n<p>Le opere di Berrocal sono sculture che lo spettatore pu\u00f2 toccare, smontare e<br \/>\nricomporre in modo diverso, aspetto che ha portato spesso a parlare di Berrocal come<br \/>\n\u201cl\u2019artista dei puzzle\u201d.<\/p>\n<p>Miguel Ortiz Berrocal (1933-2006)<br \/>\nNato nel 1933 a Villanueva de Algaidas, M\u00e1laga, ha iniziato la sua formazione accademica<br \/>\npresso la Facolt\u00e0 di Scienze Esatte di Madrid, studiando matematica nei primi due anni<br \/>\nnecessari per l&#8217;ammissione alla Scuola di Architettura. Nel frattempo ha frequentato la Scuola<br \/>\ndi Arti e Mestieri, sotto la guida di \u00c1ngel Ferrant e successivamente del ceramista Pierre<br \/>\nCanivet a Parigi. Sin dalla giovent\u00f9 si \u00e8 interessato a un sistema di scultura che si<br \/>\nscompone, trasforma e ricompone, modalit\u00e0 che ha poi caratterizzato la sua produzione<br \/>\nartistica nel corso degli anni. Cos\u00ec, lo stesso tema, si ripete in una dimensione differente, in<br \/>\ncombinazione con nuovi elementi disposti in modo diverso. A partire dal 1952, con la sua<br \/>\nprima galleria, Miguel Berrocal ha esposto in tutto il mondo e il suo lavoro \u00e8 oggi presente in<br \/>\nimportanti musei e istituzioni europee e americane, che hanno consacrato Berrocal come<br \/>\nuno tra i pi\u00f9 grandi e significativi artisti del nostro tempo. Dopo aver vissuto e lavorato in Italia<br \/>\na Negrar, Verona, per un lungo periodo a partire dal 1964, nel 2005 Berrocal decide di<br \/>\ntornare in Andalusia per aprire un nuovo studio nella sua citt\u00e0 natale di Villanueva de<br \/>\nAlgaidas. Ad Antequera, M\u00e1laga, \u00e8 scomparso il 31 maggio 2006, in piena attivit\u00e0 creativa.<\/p>\n<p>La Fondazione Peano<br \/>\nCostituita nel 1993 con lo scopo di promuovere la scultura e il suo inserimento nell\u2019ambiente<br \/>\nnaturale urbano, tra i suoi progetti, la Fondazione Peano indice annualmente il Concorso<br \/>\nInternazionale \u201cScultura da vivere\u201d, rivolto agli studenti delle Accademie di Belle Arti. L\u2019opera<br \/>\ndel vincitore, selezionato da un\u2019apposita giuria di artisti e critici d\u2019arte, viene di volta in volta<br \/>\ndestinata a diversi spazi verdi della citt\u00e0 di Cuneo.<br \/>\nNegli anni la Fondazione ha inoltre realizzato mostre collettive e personali, sia all\u2019interno<br \/>\ndella sala espositiva sia nel giardino museale, con una particolare attenzione alla produzione<br \/>\nscultorea di artisti presenti in provincia e nella regione, a conferma del suo ruolo di stimolo<br \/>\nnel panorama locale e regionale e, allo stesso tempo, con una visione internazionale.<\/p>\n<p>Informazioni<\/p>\n<p>Sede:<br \/>\nFondazione Peano<br \/>\nCorso Francia 47, Cuneo<br \/>\nwww.fondazionepeano.it<br \/>\nwww.berrocal.net<br \/>\ntel: 0171 603649<\/p>\n<p>Orari di apertura:<br \/>\ndal gioved\u00ec alla domenica ore 16-19 dal 6 al 28 settembre 2014<\/p>\n<p>Ingresso gratuito<\/p>\n","protected":false},"excerpt":{"rendered":"<p>Miguel Berrocal Collezione Lorenzelli Fondazione Peano, Cuneo 6 &#8211; 28 settembre 2014 In collaborazione con la Fundaci\u00f3n Escultor Berrocal para las Artes Inaugurazione: sabato 6 settembre 2014, ore 17.30 Dall\u20198 al 26 settembre 2014 la Fondazione Peano a Cuneo, fedele alla propria missione di istituzione promotrice della scultura, presenta una mostra dedicata al grande artista &hellip; <a href=\"https:\/\/www.gdapress.it\/it\/index.php\/44643\/arte\/fondazione-peano-cuneo-miguel-berrocal-collezione-lorenzelli.html\" class=\"more-link\">Read more <span class=\"screen-reader-text\">FONDAZIONE PEANO, CUNEO | MIGUEL BERROCAL. COLLEZIONE LORENZELLI<\/span><\/a><\/p>\n","protected":false},"author":2,"featured_media":0,"comment_status":"closed","ping_status":"open","sticky":false,"template":"","format":"standard","meta":{"footnotes":""},"categories":[4],"tags":[17446,2586,13470],"class_list":["post-44643","post","type-post","status-publish","format-standard","hentry","category-arte","tag-arte","tag-cuneo","tag-fondazione-peano"],"_links":{"self":[{"href":"https:\/\/www.gdapress.it\/it\/index.php\/wp-json\/wp\/v2\/posts\/44643","targetHints":{"allow":["GET"]}}],"collection":[{"href":"https:\/\/www.gdapress.it\/it\/index.php\/wp-json\/wp\/v2\/posts"}],"about":[{"href":"https:\/\/www.gdapress.it\/it\/index.php\/wp-json\/wp\/v2\/types\/post"}],"author":[{"embeddable":true,"href":"https:\/\/www.gdapress.it\/it\/index.php\/wp-json\/wp\/v2\/users\/2"}],"replies":[{"embeddable":true,"href":"https:\/\/www.gdapress.it\/it\/index.php\/wp-json\/wp\/v2\/comments?post=44643"}],"version-history":[{"count":1,"href":"https:\/\/www.gdapress.it\/it\/index.php\/wp-json\/wp\/v2\/posts\/44643\/revisions"}],"predecessor-version":[{"id":44645,"href":"https:\/\/www.gdapress.it\/it\/index.php\/wp-json\/wp\/v2\/posts\/44643\/revisions\/44645"}],"wp:attachment":[{"href":"https:\/\/www.gdapress.it\/it\/index.php\/wp-json\/wp\/v2\/media?parent=44643"}],"wp:term":[{"taxonomy":"category","embeddable":true,"href":"https:\/\/www.gdapress.it\/it\/index.php\/wp-json\/wp\/v2\/categories?post=44643"},{"taxonomy":"post_tag","embeddable":true,"href":"https:\/\/www.gdapress.it\/it\/index.php\/wp-json\/wp\/v2\/tags?post=44643"}],"curies":[{"name":"wp","href":"https:\/\/api.w.org\/{rel}","templated":true}]}}