
{"id":44353,"date":"2014-06-30T23:40:18","date_gmt":"2014-06-30T21:40:18","guid":{"rendered":"http:\/\/www.gdapress.it\/it\/?p=44353"},"modified":"2014-07-28T23:45:04","modified_gmt":"2014-07-28T21:45:04","slug":"milano-bernardino-luini-i-suoi-figli-omaggio-ad-geniale-protagonista-rinascimento-lombardo","status":"publish","type":"post","link":"https:\/\/www.gdapress.it\/it\/index.php\/44353\/arte\/milano-bernardino-luini-i-suoi-figli-omaggio-ad-geniale-protagonista-rinascimento-lombardo.html","title":{"rendered":"Milano  BERNARDINO LUINI E I SUOI FIGLI Omaggio ad un geniale protagonista del Rinascimento lombardo"},"content":{"rendered":"<p><a href=\"http:\/\/www.gdapress.it\/it\/..\/public\/it\/2014\/07\/Luini-1.jpg\"><img loading=\"lazy\" decoding=\"async\" class=\"alignleft size-thumbnail wp-image-44354\" src=\"http:\/\/www.gdapress.it\/it\/..\/public\/it\/2014\/07\/Luini-1-150x150.jpg\" alt=\"Luini 1\" width=\"150\" height=\"150\" \/><\/a><\/p>\n<p>&nbsp;<\/p>\n<p><a href=\"http:\/\/www.gdapress.it\/it\/..\/public\/it\/2014\/07\/Luini-2.jpg\"><img loading=\"lazy\" decoding=\"async\" class=\"alignleft size-thumbnail wp-image-44355\" src=\"http:\/\/www.gdapress.it\/it\/..\/public\/it\/2014\/07\/Luini-2-150x150.jpg\" alt=\"Luini 2\" width=\"150\" height=\"150\" \/><\/a><\/p>\n<p>&nbsp;<\/p>\n<p><a href=\"http:\/\/www.gdapress.it\/it\/..\/public\/it\/2014\/07\/Luini-3.jpg\"><img loading=\"lazy\" decoding=\"async\" class=\"alignleft size-thumbnail wp-image-44356\" src=\"http:\/\/www.gdapress.it\/it\/..\/public\/it\/2014\/07\/Luini-3-150x150.jpg\" alt=\"Luini 3\" width=\"150\" height=\"150\" \/><\/a><\/p>\n<p>&nbsp;<\/p>\n<p>&nbsp;<\/p>\n<p>&nbsp;<\/p>\n<p>&nbsp;<\/p>\n<p><a href=\"http:\/\/www.gdapress.it\/it\/..\/public\/it\/2014\/07\/Luini-4.jpg\"><img loading=\"lazy\" decoding=\"async\" class=\"alignleft size-thumbnail wp-image-44357\" src=\"http:\/\/www.gdapress.it\/it\/..\/public\/it\/2014\/07\/Luini-4-150x150.jpg\" alt=\"Luini 4\" width=\"150\" height=\"150\" \/><\/a><\/p>\n<p>&nbsp;<\/p>\n<p>&nbsp;<\/p>\n<p>&nbsp;<\/p>\n<p>Palazzo Reale di Milano ospita una grande mostra dedicata a Bernardino Luini, uno degli artisti pi\u00f9 importanti del Cinquecento milanese, che seppe creare un\u2019arte unica, delicata ma incisiva, che fondeva la tradizione lombarda con le importanti novit\u00e0 introdotte da Leonardo da Vinci durante il suo soggiorno in citt\u00e0.<\/p>\n<p>Organizzata in collaborazione con la Pinacoteca di Brera, la mostra illustra Luini in tutta la sua grandezza di pittore, indiscusso protagonista di quegli anni a Milano, lavorando ad alcune grandi opere nelle chiese cittadine come in San Giorgio al Palazzo, in San Maurizio al Monastero Maggiore, nell\u2019Abbazia di Chiaravalle, in Santa Maria della Passione accrescendo sempre pi\u00f9 la propria fama di grande artista, fino a ricevere commissioni in tutta la Lombardia, da Pavia a Saronno, fino a Lugano. Queste sue qualit\u00e0 fecero del Luini uno degli artisti pi\u00f9 amati da Federico Borromeo, come ben testimoniano le molte opere custodite alla Pinacoteca Ambrosiana.<\/p>\n<p>Il lungo percorso espositivo, distribuito dalle sale del piano nobile fino alla sala delle Cariatidi, racconta l\u2019intera vicenda lavorativa dell\u2019artista, dalle ricerche giovanili ai quadri della maturit\u00e0, con particolare attenzione da un lato al lavoro dei suoi contemporanei (Bramantino, Lorenzo Lotto, Andrea Solario, Giovanni Francesco Caroto, Cesare da Sesto e molti altri), dall\u2019altro, alla traiettoria artistica dei figli di Luini, e in particolare del pi\u00f9 piccolo Aurelio, che vivono in un contesto in cui l\u2019attivit\u00e0 artistica \u00e8 un mestiere, con regole ben precise. \u201cLa mostra intende dare atto di questa concretezza dell\u2019agire dell\u2019artista, dentro le pratiche di bottega: un modo di procedere ben diverso dalle mitologie romantiche\u201d, affermano i curatori Giovanni Agosti e Jacopo Stoppa.<\/p>\n<p>Un intero secolo di arte lombarda \u00e8 qui illustrato pienamente attraverso tele, tavole, disegni, affreschi staccati, arazzi, sculture in legno e in marmo, codici miniati, volumi a stampa; un totale di circa 200 opere provenienti soprattutto dalle raccolte milanesi (dalla \u201cMadonna del roseto\u201d della Pinacoteca di Brera al \u201cGes\u00f9 Bambino\u201d dell\u2019Ambrosiana, dal \u201cSant\u2019Antonio\u201d del Poldi Pezzoli al ciclo con i ritratti sforzeschi del Castello Sforzesco) e da prestigiosi prestiti europei (per esempio dal Louvre e dallo Jacquemart-Andr\u00e9 di Parigi, dall\u2019Albertina di Vienna, dal Sz\u00e9pm\u0171v\u00e9szeti M\u00fazeum di Budapest) ed americani (dai musei di Houston e di Washington).<\/p>\n<p>\u201cLa mostra di Luini \u00e8 nata dentro la scuola e per la scuola &#8211; sottolineano ancora i curatori &#8211; Nel disegnare questo progetto, infatti, ci siamo mossi come insegnanti e non (solo) come studiosi, con l\u2019intenzione di coinvolgere direttamente gli studenti nel momento di preparazione della manifestazione: hanno collaborato infatti sia studenti di diciotto anni che giovani studiosi che si sono formati con noi\u201d.<\/p>\n<p>Una meritata citazione va fatta anche per l&#8217;allestimento, per cui l&#8217;architetto Piero Lissoni ha cos\u00ec commentato: \u201cTratto questa mostra come se Bernardino Luini fosse un pittore contemporaneo. Ho usato la presenza di monoliti molto efficaci per allestire un\u2019esposizione di circa 200 opere, le quali non toccano mai le pareti. Mi piace l\u2019idea che i dipinti siano leggermente fuori contesto e che dialoghino con Palazzo Reale attraverso un intermediario, le grandi quinte appositamente create. Al contributo del mio studio si aggiungono le aziende che hanno deciso quest\u2019anno di fare sistema con le sedi espositive milanesi per parlare a un pubblico internazionale. Milano \u00e8 pronta a mostrare la sua leadership come citt\u00e0, al pari di Londra e di Parigi\u201d.<\/p>\n<p>L\u2019evento, \u00e8 organizzato da Palazzo Reale insieme alla Soprintendenza per i Beni Storici, Artistici \u00a0\u00a0\u00a0\u00a0\u00a0\u00a0\u00a0\u00a0\u00a0\u00a0\u00a0\u00a0\u00a0\u00a0\u00a0ed Etnoantropologici di Milano, al Dipartimento di Beni Culturali e Ambientali dell\u2019Universit\u00e0 degli Studi di Milano, alla Pinacoteca Ambrosiana e prodotto insieme a 24 ORE Cultura-Gruppo 24 ORE e Arthemisia Group con il sostegno di Ford e di Cosmit; quest\u2019ultimo, Ente organizzatore del Salone del Mobile, quest\u2019anno inaugurato in concomitanza con l\u2019apertura della mostra, con la sua attenzione sempre rivolta ai fatti dell\u2019arte.<\/p>\n<p>La mostra \u00e8 accompagnata da ben due cataloghi: uno con oltre 330 illustrazioni a colori e relative schede approfondite sull\u2019esposizione; l\u2019altro \u00e8 dedicato agli Itinerari, con schede accurate di trenta localit\u00e0 lombarde, piemontesi e ticinesi in cui si trovano opere di Bernardino Luini e dei suoi figli, illustrate grazie ad una campagna fotografica realizzata appositamente da Mauro Magliani; i testi, realizzati da studenti, specializzandi e dottorandi dell\u2019Universit\u00e0 degli Studi di Milano sotto la guida di Giovanni Agosti, Jacopo Stoppa e Rossana Sacchi, hanno fatto emergere numerose novit\u00e0 storico-critiche. Entrambe le pubblicazioni sono edite da Officina Libraria, Casa Editrice di qualit\u00e0 sia per il contenuto che nella forma. (<a href=\"http:\/\/www.officinalibraria.com\">www.officinalibraria.com<\/a>)<\/p>\n<p>&nbsp;<\/p>\n<p>Palazzo Reale \u2013 Piazza Duomo, Milano; fino al 13 Luglio 2014<\/p>\n<p>Orari: luned\u00ec 14.30-19.30; marted\u00ec, mercoled\u00ec, venerd\u00ec, domenica 9.30-19.30; gioved\u00ec e sabato 9.30-22.30<\/p>\n<p>Il servizio di biglietteria termina un\u2019ora prima della chiusura;<\/p>\n<p>Infoline e prevendita: Tel. 02 54914 (attiva dal luned\u00ec al venerd\u00ec dalle 10 alle 17)<\/p>\n<p>Sito Internet ufficiale: <a href=\"http:\/\/www.mostraluini.it\/\">www.mostraluini.it<\/a><\/p>\n<p>&nbsp;<\/p>\n<p>Fabio Giuliani<\/p>\n","protected":false},"excerpt":{"rendered":"<p>&nbsp; &nbsp; &nbsp; &nbsp; &nbsp; &nbsp; &nbsp; &nbsp; &nbsp; Palazzo Reale di Milano ospita una grande mostra dedicata a Bernardino Luini, uno degli artisti pi\u00f9 importanti del Cinquecento milanese, che seppe creare un\u2019arte unica, delicata ma incisiva, che fondeva la tradizione lombarda con le importanti novit\u00e0 introdotte da Leonardo da Vinci durante il suo soggiorno &hellip; <a href=\"https:\/\/www.gdapress.it\/it\/index.php\/44353\/arte\/milano-bernardino-luini-i-suoi-figli-omaggio-ad-geniale-protagonista-rinascimento-lombardo.html\" class=\"more-link\">Read more <span class=\"screen-reader-text\">Milano  BERNARDINO LUINI E I SUOI FIGLI Omaggio ad un geniale protagonista del Rinascimento lombardo<\/span><\/a><\/p>\n","protected":false},"author":2,"featured_media":0,"comment_status":"closed","ping_status":"open","sticky":false,"template":"","format":"standard","meta":{"footnotes":""},"categories":[4],"tags":[12697,17,140],"class_list":["post-44353","post","type-post","status-publish","format-standard","hentry","category-arte","tag-luini","tag-milano","tag-palazzo-reale"],"_links":{"self":[{"href":"https:\/\/www.gdapress.it\/it\/index.php\/wp-json\/wp\/v2\/posts\/44353","targetHints":{"allow":["GET"]}}],"collection":[{"href":"https:\/\/www.gdapress.it\/it\/index.php\/wp-json\/wp\/v2\/posts"}],"about":[{"href":"https:\/\/www.gdapress.it\/it\/index.php\/wp-json\/wp\/v2\/types\/post"}],"author":[{"embeddable":true,"href":"https:\/\/www.gdapress.it\/it\/index.php\/wp-json\/wp\/v2\/users\/2"}],"replies":[{"embeddable":true,"href":"https:\/\/www.gdapress.it\/it\/index.php\/wp-json\/wp\/v2\/comments?post=44353"}],"version-history":[{"count":1,"href":"https:\/\/www.gdapress.it\/it\/index.php\/wp-json\/wp\/v2\/posts\/44353\/revisions"}],"predecessor-version":[{"id":44358,"href":"https:\/\/www.gdapress.it\/it\/index.php\/wp-json\/wp\/v2\/posts\/44353\/revisions\/44358"}],"wp:attachment":[{"href":"https:\/\/www.gdapress.it\/it\/index.php\/wp-json\/wp\/v2\/media?parent=44353"}],"wp:term":[{"taxonomy":"category","embeddable":true,"href":"https:\/\/www.gdapress.it\/it\/index.php\/wp-json\/wp\/v2\/categories?post=44353"},{"taxonomy":"post_tag","embeddable":true,"href":"https:\/\/www.gdapress.it\/it\/index.php\/wp-json\/wp\/v2\/tags?post=44353"}],"curies":[{"name":"wp","href":"https:\/\/api.w.org\/{rel}","templated":true}]}}