
{"id":42179,"date":"2014-05-15T01:03:53","date_gmt":"2014-05-14T23:03:53","guid":{"rendered":"http:\/\/www.gdapress.it\/it\/?p=42179"},"modified":"2014-05-15T01:03:53","modified_gmt":"2014-05-14T23:03:53","slug":"lugano-festival-vladimir-ashkenazy-dirige-losi","status":"publish","type":"post","link":"https:\/\/www.gdapress.it\/it\/index.php\/42179\/musica\/lugano-festival-vladimir-ashkenazy-dirige-losi.html","title":{"rendered":"Lugano Festival: Vladimir Ashkenazy dirige l&#8217;OSI"},"content":{"rendered":"<p align=\"center\" class=\"MsoNormalCxSpPrimo\" style=\"text-align:center\"><a href=\"http:\/\/www.gdapress.it\/it\/..\/public\/it\/2014\/05\/Vladimir_Ashkenazy.jpg\"><img loading=\"lazy\" decoding=\"async\" alt=\"Vladimir_Ashkenazy\" class=\"alignleft size-medium wp-image-42180\" height=\"214\" src=\"http:\/\/www.gdapress.it\/it\/..\/public\/it\/2014\/05\/Vladimir_Ashkenazy-300x214.jpg\" width=\"300\" srcset=\"https:\/\/www.gdapress.it\/it\/..\/public\/it\/2014\/05\/Vladimir_Ashkenazy-300x214.jpg 300w, https:\/\/www.gdapress.it\/it\/..\/public\/it\/2014\/05\/Vladimir_Ashkenazy-500x357.jpg 500w, https:\/\/www.gdapress.it\/it\/..\/public\/it\/2014\/05\/Vladimir_Ashkenazy.jpg 1199w\" sizes=\"auto, (max-width: 300px) 100vw, 300px\" \/><\/a><\/p>\n<p align=\"center\" class=\"MsoNormalCxSpPrimo\" style=\"text-align:center\"><b><span lang=\"IT-CH\" style=\"font-size:14.0pt;\nmso-bidi-font-family:Arial\">15 maggio 2014<o:p><\/o:p><\/span><\/b><\/p>\n<p align=\"center\" class=\"MsoNormalCxSpMedio\" style=\"text-align:center\"><b><span lang=\"IT-CH\" style=\"font-size:14.0pt;\nmso-bidi-font-family:Arial\">Lugano, Palazzo dei Congressi<\/span><\/b><b><i><span lang=\"IT-CH\" style=\"font-size:14.0pt;\nmso-bidi-font-size:12.0pt;mso-bidi-font-family:Arial\"><o:p>&nbsp;<\/o:p><\/span><\/i><\/b><\/p>\n<p align=\"center\" class=\"MsoNormalCxSpMedio\" style=\"text-align:center\"><b><span lang=\"IT-CH\" style=\"font-size:14.0pt;\nmso-bidi-font-family:Arial\">ASHKENAZY E L&rsquo;OSI,<o:p><\/o:p><\/span><\/b><\/p>\n<p align=\"center\" class=\"MsoNormalCxSpMedio\" style=\"text-align:center\"><b><span lang=\"IT-CH\" style=\"font-size:14.0pt;\nmso-bidi-font-family:Arial\">SERATA DA FIABA A LUGANO FESTIVAL<o:p><\/o:p><\/span><\/b><\/p>\n<p class=\"MsoNormalCxSpMedio\"><span lang=\"IT-CH\">&nbsp;<\/span><\/p>\n<p class=\"MsoNormal\" style=\"text-align:justify\"><b><span lang=\"IT-CH\">Un programma dal sapore fiabesco attende il pubblico di Lugano Festival, <u>gioved&igrave; 15 maggio <\/u>al Palazzo dei Congressi. La bacchetta sapiente di <u>Vladimir Ashkenazy <\/u>guider&agrave; i musicisti dell&rsquo;<u>Orchestra della Svizzera Italiana <\/u>attraverso le atmosfere orientaleggianti di <\/span><\/b><b><i><span lang=\"IT-CH\">Shahraz\u0101d <\/span><\/i><span lang=\"IT-CH\">di Rimskij-Korsakov, per poi fare incursione nell&rsquo;immaginario popolare boemo di Anton&iacute;n Dvo\u0159&aacute;k, con sei delle sue Leggende per orchestra. A completare la serata, una pagina di compiuta perfezione formale come l&rsquo;Ouverture Accademica<i> <\/i>di Brahms. <o:p><\/o:p><\/span><\/b><\/p>\n<p class=\"MsoNormal\" style=\"text-align:justify\"><b><span lang=\"IT-CH\" style=\"font-size:11.0pt\"><o:p>&nbsp;<\/o:p><\/span><\/b><\/p>\n<p class=\"MsoNormal\" style=\"text-align:justify\"><span lang=\"IT-CH\" style=\"font-size:11.0pt;mso-bidi-font-weight:bold\">L&rsquo;Orchestra della Svizzera Italiana torna a Lugano Festival, dopo il concerto di apertura, insieme al suo primo direttore ospite, Vladimir Ashkenazy. Un musicista eclettico che, da quando vinse nel 1955 il Concorso Chopin di Varsavia come pianista, ha calcato le scene internazionali sempre da protagonista, sia alla tastiera che sul podio, rivelando profondit&agrave; e originalit&agrave; di vedute ed esplorando un repertorio sconfinato.<o:p><\/o:p><\/span><\/p>\n<p class=\"MsoNormal\" style=\"text-align:justify\"><span lang=\"IT-CH\" style=\"font-size:11.0pt;mso-bidi-font-weight:bold\">Il programma che il maestro russo propone insieme all&rsquo;orchestra ticinese rientra a pieno diritto nel tema dominante dell&rsquo;edizione 2014 di Lugano Festival: il poema sinfonico.<o:p><\/o:p><\/span><\/p>\n<p class=\"MsoNormal\" style=\"text-align:justify\"><span lang=\"IT-CH\" style=\"font-size:11.0pt;mso-bidi-font-weight:bold\">Magnifico esempio di questo genere tipicamente romantico &egrave; infatti <\/span><i><span lang=\"IT-CH\" style=\"font-size:11.0pt\">Shahraz\u0101d<\/span><\/i><span lang=\"IT-CH\" style=\"font-size:11.0pt;mso-bidi-font-weight:bold\"> di Rimsky-Korsakov, in cui l&rsquo;autore si ispira ad alcune delle novelle delle <i>Mille e una notte. <\/i>La ricerca timbrica sui colori dell&rsquo;orchestra raggiunge qui momenti di estrema finezza, cui l&rsquo;OSI ed Ashkenazy sapranno senza dubbio rendere ragione. <o:p><\/o:p><\/span><\/p>\n<p class=\"MsoNormal\" style=\"text-align:justify\"><span lang=\"IT-CH\" style=\"font-size:11.0pt;mso-bidi-font-weight:bold\">Altrettanto affascinanti, anche se slegate da una reale ispirazione letteraria, le Leggende di Dvo\u0159&aacute;k, deliziose miniature in cui fanno capolino movenze di danza popolare e frammenti di melodie folkloriche. Ashkenazy ne sceglie sei e pone come sipario a questo programma ricco di fascino una pagina pi&ugrave; sobria, l&rsquo;Ouverture Accademica di Brahms. Scritta in occasione del conferimento all&rsquo;autore di <\/span><span lang=\"IT-CH\" style=\"font-size:11.0pt\">una laurea onorifica all&rsquo;Universit&agrave; di Breslavia, questa partitura mostra l&rsquo;altro volto del Romanticismo europeo pi&ugrave; maturo: quello della cosiddetta musica pura, che cerca in se stessa la propria ragion d&rsquo;essere in quanto linguaggio autonomo e che evita quindi le contaminazioni letterarie, care invece alla maggior parte degli autori del tempo.<\/span><\/p>\n<p class=\"MsoBodyText3CxSpPrimo\" style=\"margin-bottom:0cm;margin-bottom:.0001pt;\nmso-add-space:auto;text-align:justify;tab-stops:357.75pt\"><b><u><span lang=\"IT-CH\" style=\"font-size:12.0pt;mso-bidi-font-size:8.0pt;mso-bidi-font-family:\nArial\">Appuntamento alle 20.30 presso il Palazzo dei Congressi di Lugano<\/span><\/u><\/b><span lang=\"IT-CH\" style=\"font-size:11.0pt;mso-bidi-font-size:8.0pt;mso-bidi-font-family:\nArial;mso-bidi-font-weight:bold\"><o:p><\/o:p><\/span><\/p>\n<p class=\"MsoBodyText3CxSpUltimo\" style=\"margin-bottom:0cm;margin-bottom:.0001pt;\nmso-add-space:auto;text-align:justify\"><b><span lang=\"IT-CH\" style=\"font-size:\n12.0pt;mso-bidi-font-size:8.0pt;mso-bidi-font-family:Arial\">&nbsp;<\/span><\/b><b><span lang=\"IT-CH\">Il concerto &egrave; realizzato con il sostegno di Corn&egrave;r Banca SA<\/span><\/b><\/p>\n<p class=\"MsoNormal\" style=\"text-align:justify;mso-layout-grid-align:none;\ntext-autospace:none\"><b><span lang=\"IT-CH\">&nbsp;<\/span><\/b><a href=\"http:\/\/www.luganofestival.ch\/\" style=\"text-align: center;\">www.luganofestival.ch<\/a><span style=\"text-align: center;\">&nbsp; &nbsp;&nbsp;<\/span><\/p>\n<p align=\"center\" class=\"MsoBodyText2CxSpPrimo\" style=\"text-align: center;\"><o:p><\/o:p><\/p>\n<p><span class=\"Normale1\"><u><span style=\"font-size:14.0pt;mso-bidi-font-size:12.0pt;\nmso-fareast-font-family:&quot;Times New Roman&quot;;mso-bidi-font-family:&quot;Times New Roman&quot;;\nmso-ansi-language:IT;mso-fareast-language:IT;mso-bidi-language:AR-SA\"><br clear=\"all\" style=\"page-break-before:always\" \/><br \/>\n\t<\/span><\/u><\/span><\/p>\n<p align=\"center\" class=\"MsoBodyText2\" style=\"text-align: center;\"><span class=\"Normale1\"><u><span style=\"font-size:14.0pt;mso-bidi-font-size:12.0pt;\nmso-bidi-font-family:&quot;Times New Roman&quot;\">Gioved&igrave; 15 maggio 2014, ore 20.30<\/span><\/u><\/span><span class=\"Normale1\"><o:p><\/o:p><\/span><\/p>\n<p align=\"center\" class=\"MsoNormalCxSpPrimo\" style=\"text-align:center;tab-stops:\n136.05pt 153.05pt\"><span class=\"Normale1\"><span lang=\"IT-CH\" style=\"font-size:14.0pt;\nmso-bidi-font-size:12.0pt;mso-bidi-font-family:&quot;Times New Roman&quot;\">Lugano, Palazzo dei Congressi<\/span><\/span><\/p>\n<p align=\"center\" class=\"MsoNormalCxSpMedio\" style=\"text-align:center\"><b><span lang=\"IT-CH\" style=\"mso-bidi-font-family:\nArial;font-variant:small-caps\">ORCHESTRA DELLA SVIZZERA ITALIANA<\/span><\/b><b><span lang=\"IT-CH\" style=\"font-size:14.0pt;\nmso-bidi-font-family:Arial;font-variant:small-caps\"><o:p>&nbsp;<\/o:p><\/span><\/b><\/p>\n<h5 align=\"center\" style=\"margin:0cm;margin-bottom:.0001pt;mso-add-space:auto;\ntext-align:center\"><span class=\"Normale1\"><span lang=\"IT-CH\" style=\"font-size: 12pt; font-family: Arial; font-weight: normal;\">Direttore <o:p><\/o:p><\/span><\/span><\/h5>\n<h5 align=\"center\" style=\"margin:0cm;margin-bottom:.0001pt;mso-add-space:auto;\ntext-align:center\"><span class=\"aneretto\"><span lang=\"IT-CH\" style=\"font-size: 12pt; font-family: Arial; font-variant: small-caps;\">VLADIMIR ASHKENAZY<o:p><\/o:p><\/span><\/span><\/h5>\n<p class=\"MsoNormal\"><o:p>&nbsp;<\/o:p><\/p>\n<div style=\"mso-element:para-border-div;border:none;border-bottom:solid windowtext 1.0pt;\nmso-border-bottom-alt:solid windowtext .75pt;padding:0cm 0cm 1.0pt 0cm\"><\/p>\n<p class=\"MsoNormal\" style=\"border:none;mso-border-bottom-alt:solid windowtext .75pt;\npadding:0cm;mso-padding-alt:0cm 0cm 1.0pt 0cm\">&nbsp;<\/p>\n<\/div>\n<p align=\"center\" class=\"MsoNormal\" style=\"text-align:center\"><b><span lang=\"IT-CH\">Johannes Brahms<\/span><\/b><span lang=\"IT-CH\"> (1833-1897)<\/span><\/p>\n<p align=\"center\" class=\"MsoNormal\" style=\"text-align:center\"><span lang=\"IT-CH\">Ouverture Accademica in do minore, op. 80 (1880)<\/span><\/p>\n<p align=\"center\" class=\"MsoNormal\" style=\"text-align:center\"><span lang=\"IT-CH\">&nbsp;<\/span><\/p>\n<p align=\"center\" class=\"MsoNormal\" style=\"text-align:center\"><b><span lang=\"IT-CH\">Anton&iacute;n Dvo\u0159&aacute;k<\/span><\/b><span lang=\"IT-CH\"> (1841-1904)<\/span><\/p>\n<p align=\"center\" class=\"MsoNormal\" style=\"text-align:center\"><span lang=\"IT-CH\">Leggende per orchestra<span class=\"st\"> op. 59, B.122 n. 1, 2, 3, 6, 7, 8 (1881)<\/span><\/span><\/p>\n<p align=\"center\" class=\"Normal\" style=\"text-align:center\"><b><span style=\"font-family: Arial;\">&nbsp;<\/span><\/b><\/p>\n<p align=\"center\" class=\"MsoNormal\" style=\"text-align:center\"><b><span lang=\"IT-CH\">Nikolaj Rimskij-Korsakov<\/span><\/b><span lang=\"IT-CH\"> (1844-1908)<\/span><\/p>\n<p align=\"center\" class=\"MsoNormal\" style=\"text-align:center\"><i><span lang=\"IT-CH\">Shahraz\u0101d<\/span><\/i><span lang=\"IT-CH\">, suite sinfonica op. 35 (1888)<\/span><\/p>\n<p align=\"center\" class=\"Normal\" style=\"text-align:center\"><span lang=\"IT-CH\" style=\"font-family: Arial;\"><o:p>&nbsp;<\/o:p><\/span><\/p>\n<p align=\"center\" class=\"Normal\" style=\"text-align:center\"><span style=\"font-family: Arial;\"><o:p>&nbsp;<\/o:p><\/span><\/p>\n<p class=\"MsoNormal\"><u><span lang=\"IT-CH\">Nota al programma<\/span><\/u><span lang=\"IT-CH\"><o:p><\/o:p><\/span><\/p>\n<p class=\"MsoNormal\" style=\"text-align:justify\"><span lang=\"IT-CH\">&nbsp;<\/span><\/p>\n<p class=\"MsoNormal\" style=\"text-align:justify\"><b><i><span lang=\"IT-CH\">&laquo;Una fiaba &egrave; come un&rsquo;immagine onirica priva di coerenza. Un insieme di cose e fatti meravigliosi, ad esempio una fantasia musicale, le sequenze armoniche di un&rsquo;arpa eolia, la natura stessa&raquo; (Novalis).<o:p><\/o:p><\/span><\/i><\/b><\/p>\n<p class=\"MsoNormal\" style=\"text-align:justify\"><b><i><span lang=\"IT-CH\">&nbsp;<\/span><\/i><\/b><\/p>\n<p class=\"MsoNormal\" style=\"text-align:justify\"><span lang=\"IT-CH\">Fate, orchi, principi e giganti: in genere sono loro i protagonisti delle fiabe, narrazioni che raccontano di avvenimenti e personaggi fantastici. Storicamente &egrave; stato il popolo a veder nascere la cultura della fiaba, perch&eacute; proprio nella parte meno alfabetizzata della societ&agrave; i racconti brevi &ndash; trasmissibili oralmente e dalla morale educativa &ndash; avevano la loro ragion d&rsquo;essere.<\/span><\/p>\n<p class=\"MsoNormal\" style=\"text-align:justify\"><span lang=\"IT-CH\">Cos&igrave; Anton&iacute;n Dvo\u0159&aacute;k, interessatissimo al tema del popolare in musica, ha pensato di prendere la fiaba &ndash; nella variante della leggenda &ndash; come pretesto per addentrarsi nelle sonorit&agrave; folkloriche. Della leggenda, per&ograve;, Dvo\u0159&aacute;k ha volutamente tralasciato il dato primario, cio&egrave; il contenuto narrativo: nessuno dei dieci movimenti che formano le Leggende <span class=\"st\">op. 59 ha infatti il bench&eacute; minimo rimando a una storia, e nemmeno una vaga ispirazione letteraria nel titolo. Si tratta di brani esclusivamente musicali, vere miniature, che presentano dei microcosmi impregnati di sapori boemi: movimenti di danza appena accennati, suggestivi lirismi di possibili canzoni, che lasciano solo intuire quale avrebbe potuto essere la storia da raccontare.<\/span><\/span><\/p>\n<p class=\"MsoNormal\" style=\"text-align:justify\"><span lang=\"IT-CH\">Nikolaj Rimskij-Korsakov aveva invece ben in chiaro la storia che voleva raccontare con la suite sinfonica <i>Shahraz\u0101d<\/i>: il suo particolare interesse per l&rsquo;Oriente e per l&rsquo;esotico avrebbe in essa trovato una sgargiante veste orchestrale ad alcune delle mitiche novelle arabe raccolte nelle <i>Mille e una notte<\/i>. &laquo;Il Sultano Sh\u0101hr\u012by\u0101r, convinto che tutte le donne fossero false ed infedeli, giur&ograve; di mettere a morte ogni sua moglie dopo la prima notte di nozze&raquo; spiega lo stesso Rimskij-Korsakov. &laquo;Ma Shahraz\u0101d riusc&igrave; a salvarsi intrattenendo il suo signore con racconti affascinanti, per mille e una notte consecutive. Il Sultano, roso dalla curiosit&agrave;, rimandava di giorno in giorno l&rsquo;esecuzione della moglie, ed infine rinunci&ograve; alla promessa sanguinaria&raquo;.<\/span><\/p>\n<p class=\"MsoNormal\" style=\"text-align:justify\"><span lang=\"IT-CH\">E Brahms? Nessun compositore romantico sembra pi&ugrave; lontano dal mondo delle fiabe: Brahms non scrisse mai un poema sinfonico e nemmeno un&rsquo;opera lirica. Nell&rsquo;<i>Ouverture Accademica <\/i>&ndash; una <i>lectio magistralis<\/i> in note per la laurea onorifica ricevuta dall&rsquo;Universit&agrave; di Breslavia &ndash; ancora una volta ribad&igrave; la propria poetica musicale, pura e formalista. &Egrave; quindi vero: Brahms con le fiabe non c&rsquo;entra nulla. Se non fosse che la citazione iniziale del poeta Novalis fu proprio il giovane Johannes a trascriverla, ne <i>Lo scrigno del giovane Kreisler<\/i>, il personalissimo album in cui copiava i passaggi fondamentali delle letture, che con assidua regolarit&agrave; scandivano le sue giornate.<\/span><\/p>\n<p class=\"Normal\"><span lang=\"IT-CH\" style=\"background-color: red; background-position: initial initial; background-repeat: initial initial;\"><o:p>&nbsp;<\/o:p><\/span><\/p>\n<p class=\"MsoNormal\" style=\"text-align:justify\"><i><span lang=\"IT-CH\">&nbsp;<\/span><\/i><\/p>\n<p class=\"MsoNormal\" style=\"text-align:justify\"><i><span lang=\"IT-CH\">Gli artisti<\/span><\/i><i><span lang=\"IT-CH\" style=\"font-size:11.0pt\"><o:p><\/o:p><\/span><\/i><\/p>\n<p class=\"MsoNormal\"><span lang=\"IT-CH\">&nbsp;<\/span><\/p>\n<p class=\"MsoNormal\"><o:p>&nbsp;<\/o:p><\/p>\n<p class=\"MsoNormal\"><b>ORCHESTRA DELLA SVIZZERA ITALIANA<\/b><span style=\"font-family:Tahoma;mso-ansi-language:\nIT\"><o:p><\/o:p><\/span><\/p>\n<p class=\"MsoNormal\" style=\"text-align:justify\">Costituita nel 1935 a Lugano, &egrave; stata diretta da grandi personalit&agrave; musicali quali Ansermet, Stravinskij, Stokowski, Celibidache, Scherchen ed ha collaborato con compositori quali Mascagni, R. Strauss, Honegger, Milhaud, Martin, Hindemith e, in tempi pi&ugrave; vicini, Berio, Henze e Penderecki. L&rsquo;OSI &egrave; una delle 13 formazioni a livello professionale attive in Svizzera. Composta da 41 musicisti stabili, &egrave; finanziata principalmente dal Cantone Ticino, dalla Radiotelevisione svizzera, dalla Citt&agrave; di Lugano e dall&rsquo;Associazione Amici dell&rsquo;OSI. Presente da sempre nel cartellone di Lugano Festival e del Progetto Martha Argerich, partecipa regolarmente alle Settimane Musicali di Ascona e alle Stagioni musicali della RSI. Si esibisce nei maggiori centri internazionali. Dal settembre 2013 collabora con Vladimir Ashkenazy, artista di grande ispirazione, direttore e pianista, che per quattro stagioni ricoprir&agrave; il ruolo di direttore ospite principale. Direttore onorario &egrave; Alain Lombard. Numerose le produzioni discografiche con importanti etichette quali Chandos, Hyperion ed EMI; da segnalare per Deutsche Gramophon (2012) il cofanetto per i primi dieci anni del Progetto Argerich.<\/p>\n<p class=\"Normal\" style=\"text-align:justify\"><span lang=\"IT-CH\" style=\"background:\nyellow;mso-highlight:yellow;mso-ansi-language:IT-CH\"><o:p>&nbsp;<\/o:p><\/span><\/p>\n<p class=\"Normal\" style=\"text-align:justify\"><o:p>&nbsp;<\/o:p><\/p>\n<p class=\"MsoNormal\"><b><span lang=\"IT-CH\">Vladimir Ashkenazy <o:p><\/o:p><\/span><\/b><\/p>\n<p class=\"MsoNormal\" style=\"text-align:justify\"><span lang=\"IT-CH\">Si &egrave; imposto sulla scena musicale mondiale con il Concorso Chopin di Varsavia del 1955: &egrave; oggi uno dei pianisti e direttori d&#39;orchestra pi&ugrave; rinomati e riveriti, un artista d&#39;ispirazione continua, la cui vita creativa comprende una vasta gamma di attivit&agrave;. Direttore principale dell&#39;Orchestra Filarmonica Ceca dal 1998 al 2003, &egrave; direttore musicale dell&#39;Orchestra Sinfonica della NHK di Tokyo dal 2004. &Egrave; stato nominato Conductor Laureate dalla Philharmonia Orchestra (dal 2000) e dalla Iceland Symphony Orchestra. Da gennaio 2009 &egrave; direttore principale e consigliere artistico della Sydney Symphony Orchestra. Mantiene contatti regolari con la Cleveland Orchestra (di cui &egrave; stato direttore ospite principale), la San Francisco Symphony e la Deutsche Symphonie-Orchester di Berlino (per la quale ha lavorato come direttore principale e musicale nel periodo 1988-1996). &Egrave; direttore musicale della European Union Youth Orchestra. Continua a dedicarsi al pianoforte, arricchendo costantemente il suo catalogo straordinariamente completo di incisioni. Si occupa di importanti progetti per la tv: recentemente ha elaborato programmi educativi con la NHK TV. Con il figlio Vovka &egrave; regolarmente impegnato in registrazioni e recital per due pianoforti.<\/span><\/p>\n<p class=\"Normal\">L&rsquo;iniziativa &egrave; promossa dalla Fondazione Lugano Festival, in collaborazione con la Citt&agrave; di Lugano e con Lugano Turismo.<\/p>\n<p class=\"MsoNormal\" style=\"text-align:justify\"><span lang=\"IT-CH\">Con il sostegno di Repubblica e Cantone del Ticino\/Fondo Swisslos, Citt&agrave; di Lugano,<o:p><\/o:p><\/span><\/p>\n<p class=\"MsoNormal\" style=\"text-align:justify\"><span lang=\"IT-CH\">RSI Radiotelevisione Svizzera di lingua italiana, FOSI Fondazione per l&rsquo;Orchestra della Svizzera Italiana, Artephila Stiftung, Fondazione Ing. Pasquale Lucchini.<o:p><\/o:p><\/span><\/p>\n<p class=\"MsoNormal\" style=\"text-align:justify\"><span lang=\"IT-CH\">&nbsp;<\/span>Lugano Festival gode inoltre del sostegno di:<\/p>\n<p class=\"MsoNormal\" style=\"text-align:justify\"><span lang=\"IT-CH\">UBS e BSI <o:p><\/o:p><\/span><\/p>\n<p class=\"MsoNormal\" style=\"text-align:justify\"><span lang=\"IT-CH\">&nbsp;<\/span>Media partner: Corriere del Ticino<\/p>\n<p class=\"MsoNormal\" style=\"text-align:justify\"><span lang=\"IT-CH\">&nbsp;<\/span><b style=\"text-align: center;\"><u><span style=\"font-family:Arial\">Modalit&agrave; d&rsquo;ingresso<\/span><\/u><\/b><\/p>\n<p class=\"MsoBodyText2CxSpMedio\" style=\"margin-bottom: 0.0001pt; text-align: justify;\"><b><span lang=\"IT-CH\" style=\"font-family:Arial;mso-ansi-language:IT-CH\">&nbsp;<\/span><\/b><\/p>\n<p align=\"center\" class=\"MsoBodyText2CxSpMedio\" style=\"margin-bottom: 0.0001pt; text-align: center;\"><b><span style=\"font-family:Arial\">Biglietti<o:p><\/o:p><\/span><\/b><\/p>\n<p align=\"center\" class=\"MsoBodyText2CxSpMedio\" style=\"margin-bottom: 0.0001pt; text-align: center;\"><b><span style=\"font-family:Arial\">I categoria <\/span><\/b><span style=\"font-family:Arial\">Fr 70 \/ 60<b><o:p><\/o:p><\/b><\/span><\/p>\n<p align=\"center\" class=\"MsoBodyText2CxSpMedio\" style=\"margin-bottom: 0.0001pt; text-align: center;\"><b><span style=\"font-family:Arial\">II categoria <\/span><\/b><span style=\"font-family:Arial\">Fr 55 \/ 45<o:p><\/o:p><\/span><\/p>\n<p align=\"center\" class=\"MsoBodyText2CxSpMedio\" style=\"margin-bottom: 0.0001pt; text-align: center;\"><b><span style=\"font-family:Arial\">III categoria <\/span><\/b><span style=\"font-family:Arial\">Fr 40 \/ 35<o:p><\/o:p><\/span><\/p>\n<p align=\"center\" class=\"MsoBodyText2CxSpMedio\" style=\"margin-bottom: 0.0001pt; text-align: center;\"><b><span style=\"font-family:Arial\">IV categoria <\/span><\/b><span style=\"font-family:Arial\">Fra 30 \/ 25<o:p><\/o:p><\/span><\/p>\n<p align=\"center\" class=\"MsoBodyText2CxSpMedio\" style=\"margin-bottom: 0.0001pt; text-align: center;\"><span style=\"font-family:Arial\"><o:p>&nbsp;<\/o:p><\/span><\/p>\n<p class=\"MsoBodyText2CxSpMedio\" style=\"margin-bottom: 0.0001pt; text-align: justify;\"><span style=\"font-family:Arial\">Riduzioni per studenti, apprendisti, Corriere del Ticino CdT Club Card e beneficiari AVS e AI.<\/span><span style=\"font-family: Arial; text-align: center;\">&nbsp;<\/span><\/p>\n<p class=\"MsoBodyText2CxSpMedio\" style=\"margin-bottom: 0.0001pt; text-align: justify;\"><span style=\"font-family:Arial\">Prevendita presso tutti i punti Ticket Corner (uffici postali, Manor, stazioni FFS) e online su <a href=\"http:\/\/www.ticketcorner.com\/\">www.ticketcorner.com<\/a><\/span><\/p>\n<p class=\"ListParagraphCxSpPrimo\" style=\"margin-left:0cm;mso-add-space:auto\"><span lang=\"IT-CH\" style=\"font-size:12.0pt;line-height:115%;font-family:Arial\">I biglietti sono inoltre in vendita la sera dei concerti dalle ore 19 <o:p><\/o:p><\/span><\/p>\n<p class=\"ListParagraphCxSpUltimo\" style=\"margin-left:0cm;mso-add-space:auto\"><span lang=\"IT-CH\" style=\"font-size:12.0pt;line-height:115%;font-family:Arial\">al Palazzo dei Congressi &#8211; tel.+41 (0) 91 923 31 20.<\/span><span style=\"text-align: justify;\">&nbsp;<\/span><\/p>\n<p class=\"MsoNormal\" style=\"text-align:justify\"><b><span lang=\"IT-CH\">Info:<o:p><\/o:p><\/span><\/b><\/p>\n<p class=\"MsoNormal\" style=\"text-align:justify\"><b><span lang=\"IT-CH\">Tel. +4158 866 48 30 <\/span><\/b><span lang=\"IT-CH\">luned&igrave;, marted&igrave;, gioved&igrave; 14-17.30<b><o:p><\/o:p><\/b><\/span><\/p>\n<p class=\"MsoNormal\" style=\"text-align:justify\"><b><span lang=\"IT-CH\">info@luganofestival.ch<o:p><\/o:p><\/span><\/b><\/p>\n<p class=\"MsoNormal\" style=\"text-align:justify\"><b><span lang=\"IT-CH\">www.luganofestival.ch<o:p><\/o:p><\/span><\/b><\/p>\n<p class=\"MsoNormal\" style=\"text-align:justify\"><span lang=\"IT-CH\">&nbsp;<\/span><\/p>\n","protected":false},"excerpt":{"rendered":"<p>15 maggio 2014 Lugano, Palazzo dei Congressi&nbsp; ASHKENAZY E L&rsquo;OSI, SERATA DA FIABA A LUGANO FESTIVAL &nbsp; Un programma dal sapore fiabesco attende il pubblico di Lugano Festival, gioved&igrave; 15 maggio al Palazzo dei Congressi. La bacchetta sapiente di Vladimir Ashkenazy guider&agrave; i musicisti dell&rsquo;Orchestra della Svizzera Italiana attraverso le atmosfere orientaleggianti di Shahraz\u0101d di &hellip; <a href=\"https:\/\/www.gdapress.it\/it\/index.php\/42179\/musica\/lugano-festival-vladimir-ashkenazy-dirige-losi.html\" class=\"more-link\">Read more <span class=\"screen-reader-text\">Lugano Festival: Vladimir Ashkenazy dirige l&#8217;OSI<\/span><\/a><\/p>\n","protected":false},"author":2,"featured_media":0,"comment_status":"closed","ping_status":"open","sticky":false,"template":"","format":"standard","meta":{"footnotes":""},"categories":[19],"tags":[469,17453,13024,1264],"class_list":["post-42179","post","type-post","status-publish","format-standard","hentry","category-musica","tag-lugano","tag-musica","tag-osi","tag-svizzera"],"_links":{"self":[{"href":"https:\/\/www.gdapress.it\/it\/index.php\/wp-json\/wp\/v2\/posts\/42179","targetHints":{"allow":["GET"]}}],"collection":[{"href":"https:\/\/www.gdapress.it\/it\/index.php\/wp-json\/wp\/v2\/posts"}],"about":[{"href":"https:\/\/www.gdapress.it\/it\/index.php\/wp-json\/wp\/v2\/types\/post"}],"author":[{"embeddable":true,"href":"https:\/\/www.gdapress.it\/it\/index.php\/wp-json\/wp\/v2\/users\/2"}],"replies":[{"embeddable":true,"href":"https:\/\/www.gdapress.it\/it\/index.php\/wp-json\/wp\/v2\/comments?post=42179"}],"version-history":[{"count":1,"href":"https:\/\/www.gdapress.it\/it\/index.php\/wp-json\/wp\/v2\/posts\/42179\/revisions"}],"predecessor-version":[{"id":42181,"href":"https:\/\/www.gdapress.it\/it\/index.php\/wp-json\/wp\/v2\/posts\/42179\/revisions\/42181"}],"wp:attachment":[{"href":"https:\/\/www.gdapress.it\/it\/index.php\/wp-json\/wp\/v2\/media?parent=42179"}],"wp:term":[{"taxonomy":"category","embeddable":true,"href":"https:\/\/www.gdapress.it\/it\/index.php\/wp-json\/wp\/v2\/categories?post=42179"},{"taxonomy":"post_tag","embeddable":true,"href":"https:\/\/www.gdapress.it\/it\/index.php\/wp-json\/wp\/v2\/tags?post=42179"}],"curies":[{"name":"wp","href":"https:\/\/api.w.org\/{rel}","templated":true}]}}