
{"id":37643,"date":"2013-11-17T03:18:54","date_gmt":"2013-11-17T01:18:54","guid":{"rendered":"http:\/\/www.gdapress.it\/it\/?p=37643"},"modified":"2013-12-27T03:21:12","modified_gmt":"2013-12-27T01:21:12","slug":"anche-questanno-e-gia-natale-regali-presepi-e-sport-invernali-nel-circuito-delle-citta-darte-della-pianura-padana","status":"publish","type":"post","link":"https:\/\/www.gdapress.it\/it\/index.php\/37643\/appuntamenti\/anche-questanno-e-gia-natale-regali-presepi-e-sport-invernali-nel-circuito-delle-citta-darte-della-pianura-padana.html","title":{"rendered":"&#8220;Anche quest&#8217;anno \u00e8 gi\u00e0 Natale!&#8221; Regali, presepi e sport invernali nel Circuito delle Citt\u00e0 d&#8217;Arte della Pianura Padana"},"content":{"rendered":"<table align=\"center\" border=\"0\" cellpadding=\"0\" cellspacing=\"0\" class=\"ecxw600\" style=\"line-height: 17px; color: rgb(123, 119, 105); font-family: Arial, Helvetica, sans-serif; width: 600px;\">\n<tbody>\n<tr>\n<td>\n<table border=\"0\" cellpadding=\"0\" cellspacing=\"0\" class=\"ecxw600\" style=\"width: 600px;\">\n<tbody>\n<tr>\n<td class=\"ecxw550 ecxpict\" style=\"text-align: justify;\" width=\"550\">\n<p style=\"margin: 0px 0px 1.35em; padding: 0px;\"><strong>Mercatini di Natale, dove i prodotti del territorio si trasformano in preziose specialit&agrave; grazie ad una tradizione antica, un giro in pattini su una pista ghiacciata o anche soltanto una cioccolata calda dopo aver ammirato a naso in su le luminarie: scopriamo insieme il Natale delle Citt&agrave; d&#39;Arte della Pianura Padana.<\/strong><\/p>\n<p style=\"margin: 0px 0px 1.35em; padding: 0px; text-align: left;\">&nbsp;<\/p>\n<p style=\"margin: 0px 0px 1.35em; padding: 0px;\">A&nbsp;<strong>Pavia<\/strong>, per Natale, si pu&ograve; provare un abbinamento insolito: shopping e storia. Il Comune organizza quattro passeggiate nel centro cittadino per far conoscere la storia e le gesta di celebri personaggi pavesi. Le guide, cantastorie professionisti, parleranno in&nbsp;<strong>inglese<\/strong>&nbsp;e faranno ogni tanto brevi sintesi in italiano: un&#39;ottima occasione per allenarsi con una lingua straniera in modo semplice ma non banale. Iniziato il&nbsp;<strong>17 novembre<\/strong>&nbsp;con Galvani e Volta, si prosegue con Severino Boezio e con San Siro, si conclude con l&#39;imperatore Federico Barbarossa. Al termine di ogni passeggiata, della durata di un&#39;ora e mezza circa, ci si potr&agrave; svagare girando per i mercatini di Natale: al palazzo Esposizioni &#8211; dal<strong>21 al 24 novembre<\/strong>&nbsp;&ndash; ci sar&agrave; la mostra &quot;1000 idee per i tuoi regali&quot; . Pi&ugrave; avanti, in prossimit&agrave; delle feste, il tradizionale mercatino di Natale in piazza della Vittoria. Per l&#39;Immacolata &ndash;&nbsp;<strong>8 e 9 dicembre<\/strong>&nbsp;&ndash; &quot;Aspettando il Natale in cupola Arnaboldi&quot;, bancarelle ed esposizioni varie sul tema natalizio.<\/p>\n<p style=\"margin: 0px 0px 1.35em; padding: 0px;\">&nbsp;<\/p>\n<p style=\"margin: 0px 0px 1.35em; padding: 0px;\">Sempre in tema di acquisti per Natale, i regali alimentari sono sempre una scelta sicura. Se poi si tratta di dolci non si sbaglia mai. A<strong>&nbsp;Cremona<\/strong>&nbsp;gi&agrave; nel Cinquecento vi era una consolidata usanza da parte di aromatari e speziali di preparare un dolce chiamato torrone, conservato in scatole, che era consuetudine regalare in occasione delle feste natalizie e servire in pranzi e banchetti.<\/p>\n<p style=\"margin: 0px 0px 1.35em; padding: 0px;\">\n\t\t\t\t\t\t\t\t\tPer chi ama sapori pi&ugrave; decisi e adulti,&nbsp;<strong>Cremona<\/strong>&nbsp;offre un altro suo gioiello, la mostarda artigianale. Un armonioso equilibrio di frutta, zucchero e essenza di senape che nasce nel Seicento e arriva ai giorni nostri: ora non serve pi&ugrave; a conservare la frutta ma ad arricchire bolliti, cotechini e formaggi, sia freschi che stagionati. Un posto speciale per conoscere tutti i segreti di questa conserva tipica &egrave; il negozio&nbsp;<strong>Vergani<\/strong>, in corso Matteotti 112. Questa bottega storica risale al 1881, data in cui Secondo Vergani acquist&ograve; il negozio in cui aveva cominciato a lavorare come garzone, dando vita all&#39;azienda che ancora oggi porta il suo nome.<\/p>\n<p style=\"margin: 0px 0px 1.35em; padding: 0px;\">\n\t\t\t\t\t\t\t\t\tIl Natale a&nbsp;<strong>Piacenza<\/strong>&nbsp;comincia ufficialmente il 23 novembre, con l&#39;accensione ufficiale delle luminarie natalizie che sottolineeranno l&#39;atmosfera di festa in citt&agrave;. Non solo: dalla fine del mese in centro una pista per il pattinaggio su ghiaccio permetter&agrave; ad adulti a bambini di divertirsi provando passi, piroette e le inevitabili cadute. Prodotti artigianali e creazioni delle associazioni di volontariato saranno in vendita nel &quot;Mercatino di Natale&quot; a partire dal 29 novembre fino alla vigilia, il 24 dicembre. Presso lo Spazio Mostre di Palazzo Farnese si rinnova a partire dal 5 dicembre fino all&#39;8 gennaio la mostra &quot;Presepi d&#39;autore&quot;<\/p>\n<p><\/p>\n<h2 style=\"line-height: 19px; font-size: 14px; font-family: 'Segoe UI Light', 'Segoe UI Web Light', 'Segoe UI Web Regular', 'Segoe UI', 'Segoe UI Symbol', HelveticaNeue-Light, 'Helvetica Neue', Arial, sans-serif; margin: 0px 0px 10px; text-transform: uppercase; text-align: right; padding: 0px; color: rgb(158, 11, 15) !important;\"><img decoding=\"async\" alt=\"---\" src=\"https:\/\/dub127.mail.live.com\/Handlers\/ImageProxy.mvc?bicild=&amp;canary=%2bjPIUW7oLj6mXzf%2fN7wXqYfePs5%2f8jAOOS6czQljEjs%3d0&amp;url=http%3a%2f%2f155.185.215.54%2fcircuitocittadarte%2fmedia%2fcom_acymailing%2ftemplates%2fcookies%2fimages%2fseparator.jpg\" style=\"max-width: 550px !important; height: auto !important;\" \/><\/h2>\n<h3 style=\"line-height: 19px; font-size: 14px; font-family: 'Segoe UI Light', 'Segoe UI Web Light', 'Segoe UI Web Regular', 'Segoe UI', 'Segoe UI Symbol', HelveticaNeue-Light, 'Helvetica Neue', Arial, sans-serif; margin: 16px 0px 5px; padding: 0px; color: rgb(199, 183, 115) !important;\">Cosa succede in citt&agrave;: notizie in breve dalle Citt&agrave; d&#39;Arte della Pianura Padana<\/h3>\n<p style=\"margin: 0px 0px 1.35em; padding: 0px;\">&nbsp;<\/p>\n<h2 style=\"line-height: 19px; font-size: 14px; font-family: 'Segoe UI Light', 'Segoe UI Web Light', 'Segoe UI Web Regular', 'Segoe UI', 'Segoe UI Symbol', HelveticaNeue-Light, 'Helvetica Neue', Arial, sans-serif; margin: 0px 0px 10px; text-transform: uppercase; text-align: right; padding: 0px; color: rgb(158, 11, 15) !important;\">CREMONA<\/h2>\n<h2 style=\"line-height: 19px; font-size: 14px; font-family: 'Segoe UI Light', 'Segoe UI Web Light', 'Segoe UI Web Regular', 'Segoe UI', 'Segoe UI Symbol', HelveticaNeue-Light, 'Helvetica Neue', Arial, sans-serif; margin: 0px 0px 10px; text-transform: uppercase; text-align: right; padding: 0px; color: rgb(158, 11, 15) !important;\"><img decoding=\"async\" alt=\"---\" src=\"https:\/\/dub127.mail.live.com\/Handlers\/ImageProxy.mvc?bicild=&amp;canary=%2bjPIUW7oLj6mXzf%2fN7wXqYfePs5%2f8jAOOS6czQljEjs%3d0&amp;url=http%3a%2f%2f155.185.215.54%2fcircuitocittadarte%2fmedia%2fcom_acymailing%2ftemplates%2fcookies%2fimages%2fseparator.jpg\" style=\"max-width: 550px !important; height: auto !important;\" \/><\/h2>\n<p style=\"margin: 0px 0px 1.35em; padding: 0px;\"><strong>&quot;MEMORIE DI UNA MAESTRA&quot; accompagnate da una tazza di te e dolcetti<\/strong><br \/>\n\t\t\t\t\t\t\t\t\tViaggio culinario alla scoperta delle eccellenze locali: aceto balsamico tradizionale, lambrusco, amaretto di Modena, croccante del Frignano, nocino, Parmigiano Reggiano, salumi, miele di castagno dell&#39;Appennino, crescentine e tanti altri, da acquistare direttamente dai produttori.<br \/>\n\t\t\t\t\t\t\t\t\t<strong>5 dicembre<\/strong><br \/>\n\t\t\t\t\t\t\t\t\t&nbsp;<\/p>\n<p style=\"margin: 0px 0px 1.35em; padding: 0px;\">\n\t\t\t\t\t\t\t\t\t<strong>&quot;VADO AL MUSEO&#8230; VIENI CON ME!&quot;<\/strong><\/p>\n<p class=\"ecxStandard\" style=\"margin: 0px 0px 1.35em; padding: 0px;\">Dedicato al pubblico delle famiglie, la domenica pomeriggio alle 15,30, un&#39;esperienza condivisa tra adulti e bambini. Itinerari tematici e laboratori, con argomenti e modalit&agrave; sempre diversi e accattivanti.<\/p>\n<p class=\"ecxStandard\" style=\"margin: 0px 0px 1.35em; padding: 0px;\"><strong>15 dicembre<\/strong><\/p>\n<p class=\"ecxStandard\" style=\"margin: 0px 0px 1.35em; padding: 0px;\">Museo della civilt&agrave; contadina, &quot;Il Cambonino Vecchio&quot;, via Castelleone, 51<\/p>\n<p style=\"margin: 0px 0px 1.35em; padding: 0px;\">\n\t\t\t\t\t\t\t\t\t<strong>&quot;DICEMBRE DI FIABE. LETTURA DI FIABE LA DOMENICA MATTINA&quot;<\/strong><\/p>\n<p style=\"margin: 0px 0px 1.35em; padding: 0px;\"><strong>1-8-15 dicembre<\/strong><br \/>\n\t\t\t\t\t\t\t\t\tMuseo di scienze naturali, via Ugolani Dati, 4<\/p>\n<p style=\"margin: 0px 0px 1.35em; padding: 0px;\">&nbsp;<\/p>\n<p>\t\t\t\t\t\t\t\t<a href=\"http:\/\/155.185.215.54\/circuitocittadarte\/index.php?subid=687&amp;option=com_acymailing&amp;no_html=1&amp;ctrl=url&amp;urlid=31&amp;mailid=20\" style=\"font-weight: bold; text-decoration: none; color: rgb(199, 183, 115); cursor: pointer; border: none;\" target=\"_blank\">http:\/\/musei.comune.cremona.it\/index.php<\/a><\/p>\n<p style=\"margin: 0px 0px 1.35em; padding: 0px;\">\n\t\t\t\t\t\t\t\t\t&nbsp;<\/p>\n<h2 style=\"line-height: 19px; font-size: 14px; font-family: 'Segoe UI Light', 'Segoe UI Web Light', 'Segoe UI Web Regular', 'Segoe UI', 'Segoe UI Symbol', HelveticaNeue-Light, 'Helvetica Neue', Arial, sans-serif; margin: 0px 0px 10px; text-transform: uppercase; text-align: right; padding: 0px; color: rgb(158, 11, 15) !important;\">MODENA<\/h2>\n<p style=\"margin: 0px 0px 1.35em; padding: 0px;\"><img decoding=\"async\" alt=\"---\" src=\"https:\/\/dub127.mail.live.com\/Handlers\/ImageProxy.mvc?bicild=&amp;canary=%2bjPIUW7oLj6mXzf%2fN7wXqYfePs5%2f8jAOOS6czQljEjs%3d0&amp;url=http%3a%2f%2f155.185.215.54%2fcircuitocittadarte%2fmedia%2fcom_acymailing%2ftemplates%2fcookies%2fimages%2fseparator.jpg\" style=\"max-width: 550px !important; height: auto !important;\" \/><strong>&quot;L&#39;AMORE E&#39; UNA COSA MERAVIGLIOSA &#8211; GIOIE E DOLORI NELLE ILLUSTRAZIONI DEL MUSEO DELLA FIGURINA&quot;<\/strong><br \/>\n\t\t\t\t\t\t\t\t\tSi va dall&#39;amor cortese di certe figurine agli ammiccamenti dei calendarietti da barbiere, dei giornalini o delle copertine di spartiti, fino alle scene maliziose e impudenti delle scatole di fiammiferi. Pi&ugrave; di 300 immagini che a volte inteneriscono, a volte stupiscono.<br \/>\n\t\t\t\t\t\t\t\t\t<strong>Fino al 2 Marzo 2014<\/strong><br \/>\n\t\t\t\t\t\t\t\t\tMuseo della Figurina, presso Palazzo Santa Margherita<br \/>\n\t\t\t\t\t\t\t\t\tcorso Canalgrande, 103<br \/>\n\t\t\t\t\t\t\t\t\tInfo: Tel: 059 2032919 &#8211; 059 2033090<br \/>\n\t\t\t\t\t\t\t\t\t<a href=\"http:\/\/155.185.215.54\/circuitocittadarte\/index.php?subid=687&amp;option=com_acymailing&amp;no_html=1&amp;ctrl=url&amp;urlid=32&amp;mailid=20\" style=\"font-weight: bold; text-decoration: none; color: rgb(199, 183, 115); cursor: pointer; border: none;\" target=\"_blank\">www.comune.modena.it\/museofigurina\/mostre-figurine\/in-corso<\/a><\/p>\n<p style=\"margin: 0px 0px 1.35em; padding: 0px;\">\n\t\t\t\t\t\t\t\t\t<strong>&quot;GABRIELE BASILICO NELLA COLLEZIONE DELLA GALLERIA CIVICA DI MODENA&quot;<\/strong><br \/>\n\t\t\t\t\t\t\t\t\tFra piste da ballo e periferie urbane, scorci di architetture e aree industriali dismesse, si distende un racconto per immagini &ndash; circa una novantina &ndash; di luoghi indagati dal celebre fotografo milanese, uno dei pi&ugrave; noti interpreti della fotografia di paesaggio del nostro Paese.<br \/>\n\t\t\t\t\t\t\t\t\t<strong>Dal 23 Novembre al 26 Gennaio 2014<\/strong><br \/>\n\t\t\t\t\t\t\t\t\tPalazzina dei Giardini, Corso Canalgrande<br \/>\n\t\t\t\t\t\t\t\t\tInfo: Galleria Civica, 39 059 2032911\/2032940 &#8211; fax +39 059 2032932<br \/>\n\t\t\t\t\t\t\t\t\t<a href=\"http:\/\/155.185.215.54\/circuitocittadarte\/index.php?subid=687&amp;option=com_acymailing&amp;no_html=1&amp;ctrl=url&amp;urlid=33&amp;mailid=20\" style=\"font-weight: bold; text-decoration: none; color: rgb(199, 183, 115); cursor: pointer; border: none;\" target=\"_blank\">www.galleriacivicadimodena.it<\/a><\/p>\n<p style=\"margin: 0px 0px 1.35em; padding: 0px;\">&nbsp;<\/p>\n<h2 style=\"line-height: 19px; font-size: 14px; font-family: 'Segoe UI Light', 'Segoe UI Web Light', 'Segoe UI Web Regular', 'Segoe UI', 'Segoe UI Symbol', HelveticaNeue-Light, 'Helvetica Neue', Arial, sans-serif; margin: 0px 0px 10px; text-transform: uppercase; text-align: right; padding: 0px; color: rgb(158, 11, 15) !important;\">PARMA<img decoding=\"async\" alt=\"---\" src=\"https:\/\/dub127.mail.live.com\/Handlers\/ImageProxy.mvc?bicild=&amp;canary=%2bjPIUW7oLj6mXzf%2fN7wXqYfePs5%2f8jAOOS6czQljEjs%3d0&amp;url=http%3a%2f%2f155.185.215.54%2fcircuitocittadarte%2fmedia%2fcom_acymailing%2ftemplates%2fcookies%2fimages%2fseparator.jpg\" style=\"max-width: 550px !important; height: auto !important;\" \/><\/h2>\n<p class=\"ecxStandard\" style=\"margin: 0px 0px 1.35em; padding: 0px;\"><strong>&ldquo;OBIETTIVO TEATRO &ndash; TRE MOSTRE PER CONOSCERE L&rsquo;OPERA LIRICA NELL&rsquo;ANNO DEL BICENTENARIO VERDIANO&rdquo;<\/strong><\/p>\n<p class=\"ecxStandard\" style=\"margin: 0px 0px 1.35em; padding: 0px;\">Il progetto propone tre mostre &#8211; Il progetto dell&#39;illusione, Teatro per scelta, A scena aperta &#8211; ospitate negli spazi della Galleria San Ludovico, di Palazzo Pigorini e della Pinacoteca Stuard.In mostra vari aspetti del mondo teatrale che hanno segnato anche la storia di Parma, illustrati attraverso documenti, disegni, monumentali ricostruzioni di scenografie teatrali, manifesti, filmati e testimonianze grafiche e fotografiche inedite.<\/p>\n<p class=\"ecxStandard\" style=\"margin: 0px 0px 1.35em; padding: 0px;\"><strong>Fino all&rsquo;8 dicembre<\/strong><\/p>\n<p class=\"ecxStandard\" style=\"margin: 0px 0px 1.35em; padding: 0px;\">Informazioni su biglietti, sedi, orari e Verdicard presso<\/p>\n<p class=\"ecxStandard\" style=\"margin: 0px 0px 1.35em; padding: 0px;\"><a href=\"http:\/\/155.185.215.54\/circuitocittadarte\/index.php?subid=687&amp;option=com_acymailing&amp;no_html=1&amp;ctrl=url&amp;urlid=34&amp;mailid=20\" style=\"font-weight: bold; text-decoration: none; color: rgb(199, 183, 115); cursor: pointer; border: none;\" target=\"_blank\">www.obiettivoteatro.it<\/a><\/p>\n<p style=\"margin: 0px 0px 1.35em; padding: 0px;\">&nbsp;<\/p>\n<h2 style=\"line-height: 19px; font-size: 14px; font-family: 'Segoe UI Light', 'Segoe UI Web Light', 'Segoe UI Web Regular', 'Segoe UI', 'Segoe UI Symbol', HelveticaNeue-Light, 'Helvetica Neue', Arial, sans-serif; margin: 0px 0px 10px; text-transform: uppercase; text-align: right; padding: 0px; color: rgb(158, 11, 15) !important;\">PAVIA<img decoding=\"async\" alt=\"---\" src=\"https:\/\/dub127.mail.live.com\/Handlers\/ImageProxy.mvc?bicild=&amp;canary=%2bjPIUW7oLj6mXzf%2fN7wXqYfePs5%2f8jAOOS6czQljEjs%3d0&amp;url=http%3a%2f%2f155.185.215.54%2fcircuitocittadarte%2fmedia%2fcom_acymailing%2ftemplates%2fcookies%2fimages%2fseparator.jpg\" style=\"max-width: 550px !important; height: auto !important;\" \/><\/h2>\n<p class=\"ecxStandard\" style=\"margin: 0px 0px 1.35em; padding: 0px;\"><strong>&ldquo;CONCERTO DI NATALE &#8211; I SOLISTI DI PAVIA&rdquo;<\/strong><\/p>\n<p class=\"ecxStandard\" style=\"margin: 0px 0px 1.35em; padding: 0px;\">Tradizionale appuntamento con Enrico Dindo e la sua orchestra in occasione della doppia ricorrenza natalizia e di fondazione dell&rsquo;ensemble<\/p>\n<p class=\"ecxStandard\" style=\"margin: 0px 0px 1.35em; padding: 0px;\"><strong>21 dicembre, ore 21 &ndash; ingresso gratuito<\/strong><\/p>\n<p class=\"ecxStandard\" style=\"margin: 0px 0px 1.35em; padding: 0px;\">Teatro Fraschini, corso Strada Nuova 136<\/p>\n<p style=\"margin: 0px 0px 1.35em; padding: 0px;\"><a href=\"http:\/\/155.185.215.54\/circuitocittadarte\/index.php?subid=687&amp;option=com_acymailing&amp;no_html=1&amp;ctrl=url&amp;urlid=35&amp;mailid=20\" style=\"font-weight: bold; text-decoration: none; color: rgb(199, 183, 115); cursor: pointer; border: none;\" target=\"_blank\">http:\/\/www.teatrofraschini.it<\/a><\/p>\n<h2 style=\"line-height: 19px; font-size: 14px; font-family: 'Segoe UI Light', 'Segoe UI Web Light', 'Segoe UI Web Regular', 'Segoe UI', 'Segoe UI Symbol', HelveticaNeue-Light, 'Helvetica Neue', Arial, sans-serif; margin: 0px 0px 10px; text-transform: uppercase; text-align: right; padding: 0px; color: rgb(158, 11, 15) !important;\">PIACENZA<\/h2>\n<h2 style=\"line-height: 19px; font-size: 14px; font-family: 'Segoe UI Light', 'Segoe UI Web Light', 'Segoe UI Web Regular', 'Segoe UI', 'Segoe UI Symbol', HelveticaNeue-Light, 'Helvetica Neue', Arial, sans-serif; margin: 0px 0px 10px; text-transform: uppercase; text-align: right; padding: 0px; color: rgb(158, 11, 15) !important;\"><img decoding=\"async\" alt=\"---\" src=\"https:\/\/dub127.mail.live.com\/Handlers\/ImageProxy.mvc?bicild=&amp;canary=%2bjPIUW7oLj6mXzf%2fN7wXqYfePs5%2f8jAOOS6czQljEjs%3d0&amp;url=http%3a%2f%2f155.185.215.54%2fcircuitocittadarte%2fmedia%2fcom_acymailing%2ftemplates%2fcookies%2fimages%2fseparator.jpg\" style=\"max-width: 550px !important; height: auto !important;\" \/><\/h2>\n<p class=\"ecxStandard\" style=\"margin: 0px 0px 1.35em; padding: 0px;\"><strong>&ldquo;SAN SILVESTRO A TEATRO &#8211; STAGIONE CONCERTI DEL TEATRO MUNICIPALE&rdquo;<\/strong><\/p>\n<p class=\"ecxStandard\" style=\"margin: 0px 0px 1.35em; padding: 0px;\">San Silvestro a Teatro con l&#39;Orchestra Filarmonica Italiana, il Coro del Teatro Municipale di Piacenza e le Voci Bianche del Coro Farnesiano. Musiche di Verdi, Wagner, Puccini, Mascagni, Haendel, Bizet, Rutter, Gounod e Strauss. Direttore: Vito Lombardi<\/p>\n<p class=\"ecxStandard\" style=\"margin: 0px 0px 1.35em; padding: 0px;\"><strong>31 dicembre, ore 17<\/strong><\/p>\n<p class=\"ecxStandard\" style=\"margin: 0px 0px 1.35em; padding: 0px;\">Teatro Municipale, via Verdi 41<\/p>\n<p class=\"ecxStandard\" style=\"margin: 0px 0px 1.35em; padding: 0px;\">Info: IAT PIACENZA 0523 492223<\/p>\n<p class=\"ecxStandard\" style=\"margin: 0px 0px 1.35em; padding: 0px;\"><a href=\"http:\/\/155.185.215.54\/circuitocittadarte\/index.php?subid=687&amp;option=com_acymailing&amp;no_html=1&amp;ctrl=url&amp;urlid=29&amp;mailid=20\" style=\"font-weight: bold; text-decoration: none; color: rgb(199, 183, 115); cursor: pointer; border: none;\" target=\"_blank\">www.teatripiacenza.it<\/a><\/p>\n<p style=\"margin: 0px 0px 1.35em; padding: 0px;\">&nbsp;<\/p>\n<h2 style=\"line-height: 19px; font-size: 14px; font-family: 'Segoe UI Light', 'Segoe UI Web Light', 'Segoe UI Web Regular', 'Segoe UI', 'Segoe UI Symbol', HelveticaNeue-Light, 'Helvetica Neue', Arial, sans-serif; margin: 0px 0px 10px; text-transform: uppercase; text-align: right; padding: 0px; color: rgb(158, 11, 15) !important;\">REGGIO EMILIA<\/h2>\n<h2 style=\"line-height: 19px; font-size: 14px; font-family: 'Segoe UI Light', 'Segoe UI Web Light', 'Segoe UI Web Regular', 'Segoe UI', 'Segoe UI Symbol', HelveticaNeue-Light, 'Helvetica Neue', Arial, sans-serif; margin: 0px 0px 10px; text-transform: uppercase; text-align: right; padding: 0px; color: rgb(158, 11, 15) !important;\"><img decoding=\"async\" alt=\"---\" src=\"https:\/\/dub127.mail.live.com\/Handlers\/ImageProxy.mvc?bicild=&amp;canary=%2bjPIUW7oLj6mXzf%2fN7wXqYfePs5%2f8jAOOS6czQljEjs%3d0&amp;url=http%3a%2f%2f155.185.215.54%2fcircuitocittadarte%2fmedia%2fcom_acymailing%2ftemplates%2fcookies%2fimages%2fseparator.jpg\" style=\"max-width: 550px !important; height: auto !important;\" \/><\/h2>\n<p style=\"margin: 0px 0px 1.35em; padding: 0px;\"><strong>&quot;L&#39;ENIGMA ESCHER &#8211; PARADOSSI GRAFICI TRA ARTE E GEOMETRIA&quot;<\/strong><br \/>\n\t\t\t\t\t\t\t\t\tMaurits Cornelis Escher (1898-1972), si colloca nel panorama della produzione grafica contemporanea europea. La mostra presenta la produzione dell&#39;incisore e grafico olandese dai suoi esordi alla maturit&agrave; e ospita 130 opere.<br \/>\n\t\t\t\t\t\t\t\t\t<strong>Fino al 23 Febbraio 2014<\/strong><br \/>\n\t\t\t\t\t\t\t\t\tPalazzo Magnani, corso Garibaldi 29<br \/>\n\t\t\t\t\t\t\t\t\t<a href=\"http:\/\/155.185.215.54\/circuitocittadarte\/index.php?subid=687&amp;option=com_acymailing&amp;no_html=1&amp;ctrl=url&amp;urlid=30&amp;mailid=20\" style=\"font-weight: bold; text-decoration: none; color: rgb(199, 183, 115); cursor: pointer; border: none;\" target=\"_blank\">http:\/\/turismo.comune.re.it<\/a><\/p>\n<p style=\"margin: 0px 0px 1.35em; padding: 0px;\">&nbsp;<\/p>\n<\/td>\n<td class=\"ecxw25\" width=\"25\">&nbsp;<\/td>\n<\/tr>\n<\/tbody>\n<\/table>\n<\/td>\n<\/tr>\n<tr>\n<td>\n<table border=\"0\" cellpadding=\"0\" cellspacing=\"0\" class=\"ecxw600\" style=\"width: 600px;\">\n<tbody>\n<tr>\n<td class=\"ecxw600\" colspan=\"3\" height=\"18\" width=\"600\">&nbsp;<\/td>\n<\/tr>\n<\/tbody>\n<\/table>\n<\/td>\n<\/tr>\n<\/tbody>\n<\/table>\n","protected":false},"excerpt":{"rendered":"<p>Mercatini di Natale, dove i prodotti del territorio si trasformano in preziose specialit&agrave; grazie ad una tradizione antica, un giro in pattini su una pista ghiacciata o anche soltanto una cioccolata calda dopo aver ammirato a naso in su le luminarie: scopriamo insieme il Natale delle Citt&agrave; d&#39;Arte della Pianura Padana. &nbsp; A&nbsp;Pavia, per Natale, &hellip; <a href=\"https:\/\/www.gdapress.it\/it\/index.php\/37643\/appuntamenti\/anche-questanno-e-gia-natale-regali-presepi-e-sport-invernali-nel-circuito-delle-citta-darte-della-pianura-padana.html\" class=\"more-link\">Read more <span class=\"screen-reader-text\">&#8220;Anche quest&#8217;anno \u00e8 gi\u00e0 Natale!&#8221; Regali, presepi e sport invernali nel Circuito delle Citt\u00e0 d&#8217;Arte della Pianura Padana<\/span><\/a><\/p>\n","protected":false},"author":2,"featured_media":0,"comment_status":"open","ping_status":"open","sticky":false,"template":"","format":"standard","meta":{"footnotes":""},"categories":[2245],"tags":[11976,1686,2425,2498,4027],"class_list":["post-37643","post","type-post","status-publish","format-standard","hentry","category-appuntamenti","tag-circuiti-darte","tag-cremona","tag-pavia","tag-piacenza","tag-reggio-emilia"],"_links":{"self":[{"href":"https:\/\/www.gdapress.it\/it\/index.php\/wp-json\/wp\/v2\/posts\/37643","targetHints":{"allow":["GET"]}}],"collection":[{"href":"https:\/\/www.gdapress.it\/it\/index.php\/wp-json\/wp\/v2\/posts"}],"about":[{"href":"https:\/\/www.gdapress.it\/it\/index.php\/wp-json\/wp\/v2\/types\/post"}],"author":[{"embeddable":true,"href":"https:\/\/www.gdapress.it\/it\/index.php\/wp-json\/wp\/v2\/users\/2"}],"replies":[{"embeddable":true,"href":"https:\/\/www.gdapress.it\/it\/index.php\/wp-json\/wp\/v2\/comments?post=37643"}],"version-history":[{"count":1,"href":"https:\/\/www.gdapress.it\/it\/index.php\/wp-json\/wp\/v2\/posts\/37643\/revisions"}],"predecessor-version":[{"id":37644,"href":"https:\/\/www.gdapress.it\/it\/index.php\/wp-json\/wp\/v2\/posts\/37643\/revisions\/37644"}],"wp:attachment":[{"href":"https:\/\/www.gdapress.it\/it\/index.php\/wp-json\/wp\/v2\/media?parent=37643"}],"wp:term":[{"taxonomy":"category","embeddable":true,"href":"https:\/\/www.gdapress.it\/it\/index.php\/wp-json\/wp\/v2\/categories?post=37643"},{"taxonomy":"post_tag","embeddable":true,"href":"https:\/\/www.gdapress.it\/it\/index.php\/wp-json\/wp\/v2\/tags?post=37643"}],"curies":[{"name":"wp","href":"https:\/\/api.w.org\/{rel}","templated":true}]}}