
{"id":34692,"date":"2013-08-23T01:57:05","date_gmt":"2013-08-22T23:57:05","guid":{"rendered":"http:\/\/www.gdapress.it\/it\/?p=34692"},"modified":"2013-08-23T01:57:48","modified_gmt":"2013-08-22T23:57:48","slug":"sapori-al-chiaro-di-luna-il-23-agosto-nuovo-appuntamento-con-full-moon-party-sulla-spiaggia-lifeclass-di-portorose","status":"publish","type":"post","link":"https:\/\/www.gdapress.it\/it\/index.php\/34692\/turismo\/sapori-al-chiaro-di-luna-il-23-agosto-nuovo-appuntamento-con-full-moon-party-sulla-spiaggia-lifeclass-di-portorose.html","title":{"rendered":"Sapori al chiaro di luna: il 23 agosto nuovo appuntamento con Full Moon Party, sulla spiaggia LifeClass di Portorose"},"content":{"rendered":"<p class=\"MsoNormal\" style=\"text-align:justify\"><img loading=\"lazy\" decoding=\"async\" alt=\"\" class=\"aligncenter size-large wp-image-34693\" height=\"333\" src=\"http:\/\/www.gdapress.it\/it\/..\/public\/it\/2013\/08\/Full-Moon-Party-500x333.jpg\" title=\"Full Moon Party\" width=\"500\" \/><\/p>\n<p class=\"MsoNormal\" style=\"text-align:justify\">&nbsp;<\/p>\n<p class=\"MsoNormal\" style=\"text-align:justify\">&nbsp;<\/p>\n<p class=\"MsoNormal\" style=\"text-align:justify\">&nbsp;<\/p>\n<p class=\"MsoNormal\" style=\"text-align:justify\">&nbsp;<\/p>\n<p class=\"MsoNormal\" style=\"text-align:justify\">&nbsp;<\/p>\n<p class=\"MsoNormal\" style=\"text-align:justify\">&nbsp;<\/p>\n<p class=\"MsoNormal\" style=\"text-align:justify\">&nbsp;<\/p>\n<p class=\"MsoNormal\" style=\"text-align:justify\">&nbsp;<\/p>\n<p class=\"MsoNormal\" style=\"text-align:justify\"><span style=\"font-family:Arial;\nmso-bidi-font-family:&quot;Times New Roman&quot;\">23 agosto: secondo appuntamento dell&rsquo;anno a Portorose con <b>Full Moon Party<\/b>, l&rsquo;evento enogastronomico pi&ugrave; ricercato della costa slovena. Ospite del resort LifeClass, sul lungomare della cittadina, l&rsquo;iniziativa riunisce <b>brillanti etichette vinicole, squisite prelibatezze di mare e di terra da Italia, Slovenia e Croazia<\/b>. Dopo la partecipata edizione del 26 luglio, che ha ricevuto la visita di <b>Edoardo Raspelli<\/b>, gastronomo e conduttore di Melaverde, Full Moon Party accoglier&agrave; altre due star del gusto: <b>Helmuth Koecher<\/b>, presidente e fondatore di Merano Wine Festival, e<b> Franco Maria Ricci<\/b>, editore della prestigiosa guida di vini Bibenda. Sulla spiaggia a cinque stelle e sulla suggestiva terrazza Mystica ospiti d&rsquo;eccezione anche gli chef dei <b>Jeunes Restaurateurs d&rsquo;Europe<\/b>, fra cui il presidente Jure Tomic e l&rsquo;<b>inventore della cottura con la &ldquo;piastra di sale&rdquo; e co-fondatore di Slow Food Slovenia <\/b>Toma\u017e Kav\u010di\u010d.<o:p><\/o:p><\/span><\/p>\n<p class=\"MsoNormal\" style=\"text-align:justify\"><span style=\"font-family:Arial;\nmso-bidi-font-family:&quot;Times New Roman&quot;\">I protagonisti della serata, i sapori, saranno accompagnati da musica live e DJ set, <b>massaggi tradizionali tailandesi in spiaggia<\/b>, tai chi e body painting. <o:p><\/o:p><\/span><\/p>\n<p class=\"MsoNormal\" style=\"text-align:justify\"><span style=\"font-family:Arial;\nmso-bidi-font-family:&quot;Times New Roman&quot;\">Organizzata in collaborazione con White Sheep, questa serata per i foodies ha scelto una location speciale dove si concentra il meglio del benessere per il palato ed il corpo: LifeClass infatti &egrave; riconosciuto per la cucina mediterranea e ayurvedica, squisito complemento dell&rsquo;offerta wellness pi&ugrave; completa in Europa del Terme &amp; Wellness LifeClass.<o:p><\/o:p><\/span><\/p>\n<p class=\"MsoNormal\" style=\"text-align:justify\"><span style=\"font-family:Arial;\nmso-bidi-font-family:&quot;Times New Roman&quot;\"><o:p>&nbsp;<\/o:p><\/span><\/p>\n<p class=\"MsoNormal\" style=\"text-align:justify\"><span style=\"font-family:Arial;\nmso-bidi-font-family:&quot;Times New Roman&quot;\">A Full Moon Party grande spazio &egrave; riservato all&rsquo;alta cucina: le abili mani degli chef lavoreranno solo con <b>ingredienti selezionati, ricchi di storia e tradizione<\/b>. Il sale, elemento principe del territorio di Portorose e Pirano che viene ancora oggi raccolto manualmente nelle saline di Sicciole, si accompagner&agrave; con le altre specialit&agrave; slovene come il Branzino di Pirano Fonda, l&rsquo;olio extra vergine d&rsquo;oliva Lisjak e Mate Extra Virgin, il prosciutto Komel Selection. La riscoperta dei sapori primari continuer&agrave; con le specialit&agrave; dall&rsquo;Italia, come il prosciutto di San Daniele Dall&rsquo;Ava, la finezza del cioccolato Chox, il caff&egrave; Illy, mentre Selecta assicurer&agrave; la freschezza delle migliori ostriche bretoni. <o:p><\/o:p><\/span><\/p>\n<p class=\"MsoNormal\" style=\"text-align:justify\"><span style=\"font-family:Arial;\nmso-bidi-font-family:&quot;Times New Roman&quot;\">Nei calici abbonder&agrave; il vino delle rinomate cantine slovene Movia, Marjan Sim\u010di\u010d, \u010cotar, Isteni\u010d, Vinakoper, e delle italiane Venica, Villa Rusic, Livon, Livio Felluga e Specogna, mentre il cocktail &amp; american bar sar&agrave; a cura della distilleria Nonino. Compagni di questo viaggio enogastronomico, gli accessori da vino Italesse.<o:p><\/o:p><\/span><\/p>\n<p class=\"MsoNormal\" style=\"text-align:justify\"><span style=\"font-family:Arial;\nmso-bidi-font-family:&quot;Times New Roman&quot;\"><o:p>&nbsp;<\/o:p><\/span><\/p>\n<p class=\"MsoNormal\" style=\"text-align:justify\"><span style=\"font-family:Arial;\nmso-bidi-font-family:&quot;Times New Roman&quot;\"><a href=\"http:\/\/www.lifeclass.net\/it\/eventi-portorose\/full-moon-party\">http:\/\/www.lifeclass.net\/it\/eventi-portorose\/full-moon-party<\/a><o:p><\/o:p><\/span><\/p>\n","protected":false},"excerpt":{"rendered":"<p>&nbsp; &nbsp; &nbsp; &nbsp; &nbsp; &nbsp; &nbsp; &nbsp; 23 agosto: secondo appuntamento dell&rsquo;anno a Portorose con Full Moon Party, l&rsquo;evento enogastronomico pi&ugrave; ricercato della costa slovena. Ospite del resort LifeClass, sul lungomare della cittadina, l&rsquo;iniziativa riunisce brillanti etichette vinicole, squisite prelibatezze di mare e di terra da Italia, Slovenia e Croazia. Dopo la partecipata edizione &hellip; <a href=\"https:\/\/www.gdapress.it\/it\/index.php\/34692\/turismo\/sapori-al-chiaro-di-luna-il-23-agosto-nuovo-appuntamento-con-full-moon-party-sulla-spiaggia-lifeclass-di-portorose.html\" class=\"more-link\">Read more <span class=\"screen-reader-text\">Sapori al chiaro di luna: il 23 agosto nuovo appuntamento con Full Moon Party, sulla spiaggia LifeClass di Portorose<\/span><\/a><\/p>\n","protected":false},"author":2,"featured_media":0,"comment_status":"open","ping_status":"open","sticky":false,"template":"","format":"standard","meta":{"footnotes":""},"categories":[9],"tags":[11304,1968,11305],"class_list":["post-34692","post","type-post","status-publish","format-standard","hentry","category-turismo","tag-full-moon-party","tag-portorose","tag-resort-lifeclass"],"_links":{"self":[{"href":"https:\/\/www.gdapress.it\/it\/index.php\/wp-json\/wp\/v2\/posts\/34692","targetHints":{"allow":["GET"]}}],"collection":[{"href":"https:\/\/www.gdapress.it\/it\/index.php\/wp-json\/wp\/v2\/posts"}],"about":[{"href":"https:\/\/www.gdapress.it\/it\/index.php\/wp-json\/wp\/v2\/types\/post"}],"author":[{"embeddable":true,"href":"https:\/\/www.gdapress.it\/it\/index.php\/wp-json\/wp\/v2\/users\/2"}],"replies":[{"embeddable":true,"href":"https:\/\/www.gdapress.it\/it\/index.php\/wp-json\/wp\/v2\/comments?post=34692"}],"version-history":[{"count":3,"href":"https:\/\/www.gdapress.it\/it\/index.php\/wp-json\/wp\/v2\/posts\/34692\/revisions"}],"predecessor-version":[{"id":34696,"href":"https:\/\/www.gdapress.it\/it\/index.php\/wp-json\/wp\/v2\/posts\/34692\/revisions\/34696"}],"wp:attachment":[{"href":"https:\/\/www.gdapress.it\/it\/index.php\/wp-json\/wp\/v2\/media?parent=34692"}],"wp:term":[{"taxonomy":"category","embeddable":true,"href":"https:\/\/www.gdapress.it\/it\/index.php\/wp-json\/wp\/v2\/categories?post=34692"},{"taxonomy":"post_tag","embeddable":true,"href":"https:\/\/www.gdapress.it\/it\/index.php\/wp-json\/wp\/v2\/tags?post=34692"}],"curies":[{"name":"wp","href":"https:\/\/api.w.org\/{rel}","templated":true}]}}