
{"id":33807,"date":"2013-06-24T09:36:17","date_gmt":"2013-06-24T07:36:17","guid":{"rendered":"http:\/\/www.gdapress.it\/it\/?p=33807"},"modified":"2013-06-24T09:36:17","modified_gmt":"2013-06-24T07:36:17","slug":"medfilm-festival-2013","status":"publish","type":"post","link":"https:\/\/www.gdapress.it\/it\/index.php\/33807\/cinema\/medfilm-festival-2013.html","title":{"rendered":"MEDFILM FESTIVAL 2013"},"content":{"rendered":"<p align=\"center\" class=\"ecxMsoHeader\" style=\"line-height: 22px; margin: 0px 0px 1.35em; font-size: 12pt; font-family: 'CG Omega'; color: rgb(68, 68, 68); text-align: center;\"><b><span style=\"line-height: 68px; font-size: 36pt; font-family: Calibri, sans-serif; color: rgb(192, 0, 0);\">MEDFILM&nbsp;<\/span><\/b><b><i><span style=\"line-height: 68px; font-size: 36pt; font-family: Calibri, sans-serif; color: rgb(89, 89, 89);\">festival<\/span><\/i><\/b><b><span style=\"line-height: 68px; font-size: 36pt; font-family: Calibri, sans-serif; color: rgb(192, 0, 0);\">&nbsp;2013<\/span><\/b><\/p>\n<p align=\"center\" class=\"ecxMsoHeader\" style=\"line-height: 22px; margin: 0px 0px 1.35em; font-size: 12pt; font-family: 'CG Omega'; color: rgb(68, 68, 68); text-align: center;\"><b><span style=\"line-height: 38px; font-size: 20pt; font-family: Calibri, sans-serif; color: rgb(192, 0, 0);\">XIX EDIZIONE<\/span><\/b><\/p>\n<p align=\"center\" class=\"ecxMsoHeader\" style=\"line-height: 22px; margin: 0px 0px 1.35em; font-size: 12pt; font-family: 'CG Omega'; color: rgb(68, 68, 68); text-align: center;\"><b><span style=\"line-height: 24px; font-size: 13pt; font-family: Calibri, sans-serif; color: rgb(64, 64, 64);\">nell&rsquo;Anno europeo dei&nbsp;<\/span><\/b><b><span style=\"line-height: 24px; font-size: 13pt; font-family: Calibri, sans-serif; color: rgb(192, 0, 0);\">CITTADINI<\/span><\/b><\/p>\n<p align=\"center\" class=\"ecxMsoNormal\" style=\"line-height: 22px; margin: 0px 0px 1.35em; font-size: 12pt; font-family: 'CG Omega'; color: rgb(68, 68, 68); text-align: center;\"><b><span style=\"line-height: 9px; font-size: 5pt; font-family: Calibri, sans-serif; color: rgb(192, 0, 0);\">&nbsp;<\/span><\/b><\/p>\n<p align=\"center\" class=\"ecxMsoNormal\" style=\"line-height: 22px; margin: 0px 0px 1.35em; font-size: 12pt; font-family: 'CG Omega'; color: rgb(68, 68, 68); text-align: center;\"><b><u><span style=\"line-height: 52px; font-size: 28pt; font-family: Calibri, sans-serif; color: rgb(89, 89, 89);\">Roma<\/span><\/u><\/b><b><u><span style=\"line-height: 52px; font-size: 28pt; font-family: Calibri, sans-serif;\">&nbsp;<span style=\"color: rgb(192, 0, 0);\">21<\/span>&nbsp;<span style=\"color: rgb(51, 51, 51);\">\/<\/span>&nbsp;<span style=\"color: rgb(192, 0, 0);\">30<\/span>&nbsp;<span style=\"color: rgb(64, 64, 64);\">giugno 2013<\/span><\/span><\/u><\/b><\/p>\n<p align=\"center\" class=\"ecxMsoNormal\" style=\"line-height: 22px; margin: 0px 0px 1.35em; font-size: 12pt; font-family: 'CG Omega'; color: rgb(68, 68, 68); text-align: center;\"><b><span style=\"line-height: 34px; font-size: 18pt; font-family: Calibri, sans-serif; color: rgb(192, 0, 0);\">Casa del Cinema<\/span><\/b><b><span style=\"line-height: 34px; font-size: 18pt; font-family: Calibri, sans-serif;\">,&nbsp;<span style=\"color: rgb(192, 0, 0);\">MAXXI-Museo delle Arti del XXI secolo<\/span>,&nbsp;<span style=\"color: rgb(204, 0, 0);\">Cinema dei Piccoli<\/p>\n<p>\t<\/span><\/span><\/b><b><u><span style=\"line-height: 68px; font-size: 36pt; font-family: Calibri, sans-serif; color: rgb(0, 176, 80);\">Programma di luned&igrave; 24 giugno<\/span><\/u><\/b><\/p>\n<p align=\"left\" class=\"ecxMsoTitle\" style=\"line-height: 22px; margin: 0px 0px 1.35em; font-size: 12pt; font-family: Arial, sans-serif; font-weight: bold; color: rgb(68, 68, 68);\"><i><span style=\"line-height: 26px; font-size: 14pt; font-family: Calibri, sans-serif; font-weight: normal;\">&nbsp;<\/span><\/i><\/p>\n<p class=\"ecxMsoNormal\" style=\"line-height: 22px; margin: 0px 0px 1.35em; font-size: 12pt; font-family: 'CG Omega'; color: rgb(68, 68, 68); text-align: justify;\"><span style=\"line-height: 26px; font-size: 14pt; font-family: Calibri, sans-serif;\">Il programma di&nbsp;<b><span style=\"color: rgb(0, 176, 80);\">luned&igrave; 24 giugno<\/span><\/b>&nbsp;della prima giornata del&nbsp;<b><span style=\"color: rgb(0, 176, 80);\">MEDFILM<i>festival&nbsp;<\/i><\/span><\/b>di&nbsp;<b>Roma<\/b>, giunto alla sua 19esima edizione<span style=\"color: rgb(31, 73, 125);\">,<\/span>&nbsp;prevede proiezioni di lungometraggi, documentari e cortometraggi alla Casa del Cinema e al Cinema dei Piccoli, entrambi avvolti nella splendida e verde cornice di Villa Borghese.<\/span><\/p>\n<p class=\"ecxMsoNormal\" style=\"line-height: 22px; margin: 0px 0px 1.35em; font-size: 12pt; font-family: 'CG Omega'; color: rgb(68, 68, 68); text-align: justify;\"><span style=\"line-height: 26px; font-size: 14pt; font-family: Calibri, sans-serif;\">&nbsp;<\/span><\/p>\n<p class=\"ecxMsoNormal\" style=\"line-height: 22px; margin: 0px 0px 1.35em; font-size: 12pt; font-family: 'CG Omega'; color: rgb(68, 68, 68); text-align: justify;\"><span style=\"line-height: 26px; font-size: 14pt; font-family: Calibri, sans-serif;\">Alla&nbsp;<b><span style=\"color: rgb(0, 176, 80);\">Casa del cinema<\/span><\/b>, le proiezioni in sala Deluxe avranno inizio alle ore 10:30 lo sconvolgente quadro dell&rsquo;Egitto post Rivoluzione offerto da<span style=\"color: red;\">&nbsp;<b><i>Coming forth by day<\/i><\/b>,<\/span>&nbsp;dell&rsquo;egiziana&nbsp;<b>Hala Lotfy<\/b>, quindi alle 15:30, il film francese<b><i><span style=\"color: red;\">Rengaine<\/span><\/i><\/b>, di&nbsp;<b>Rachid Dja&iuml;dani<\/b>, libera improvvisazione jazz sull&rsquo;integrazione e lo scontro tra culture e religioni. Per la sezione sul Nuovo Cinema Croato,alle 17:30, &nbsp;<b><i><span style=\"color: red;\">Sonja and the bull<\/span><\/i><\/b>, di&nbsp;<b>Vlatka Vorkapi\u0107,<\/b>&nbsp;tra commedia romantica e road-movie, il film di maggiore successo al box office croato degli ultimi 12 anni. Alle ore 19:30,&nbsp;<b><i><span style=\"color: red;\">Coming forth by day<\/span><\/i><\/b>, dell&rsquo;egiziana Hala Lotfy e alle 21:30, lo scioccante&nbsp;<b><i><span style=\"color: red;\">The attack<\/span><\/i><\/b><span style=\"color: red;\">,<\/span>&nbsp;del libanese&nbsp;<b>Ziad Doueiri,<\/b>&nbsp;nella sezione del concorso ufficiale. Sempre alla&nbsp;<b><span style=\"color: rgb(0, 176, 80);\">Casa del cinema<\/span><\/b>, ma in sala Kodak, le proiezioni prevedono alle ore 16:00 e alle ore 18:00 i&nbsp;<b><span style=\"color: red;\">cortometraggi dalle Carceri,<\/span><\/b>&nbsp;mentre alle ore 20:00, per la sezione sul Nuovo Cinema Croato,&nbsp;<b><i><span style=\"color: red;\">A letter to my father<\/span><\/i><\/b>, di Damir \u010cu\u010di\u0107, uno struggente diario che mette a confronto il rapporto problematico di un padre e suo figlio.<\/span><\/p>\n<p class=\"ecxDefault\" style=\"line-height: 22px; margin: 0px 0px 1.35em; font-size: 12pt; font-family: Calibri, sans-serif; text-align: justify;\"><span style=\"line-height: 26px; font-size: 14pt; color: windowtext;\"><br \/>\n\tLe proiezioni al&nbsp;<\/span><b><span style=\"line-height: 26px; font-size: 14pt; color: rgb(0, 176, 80);\">Cinema dei Piccoli<\/span><\/b><span style=\"line-height: 26px; font-size: 14pt; color: windowtext;\">&nbsp;prevedono due documentari che partecipano al&nbsp;<b>Concorso Internazionale Documentari&nbsp;<i>Premio Open Eyes<\/i><\/b>, la cui selezione &egrave; stata curata per il terzo anno dal regista&nbsp;<b>Gianfranco Pannone. A<\/b>lle ore 18:00 il documentario turco&nbsp;<\/span><b><i><span style=\"line-height: 26px; font-size: 14pt; color: red;\">My child,<\/span><\/i><\/b><span style=\"line-height: 26px; font-size: 14pt; color: windowtext;\">&nbsp;di Can Candan, mentre alle ore 20:00, il malcontento degli<i>indignados<\/i>&nbsp;descritto in&nbsp;<\/span><b><i><span style=\"line-height: 26px; font-size: 14pt; color: red;\">Vers Madrid,<\/span><\/i><\/b><span style=\"line-height: 26px; font-size: 14pt; color: windowtext;\">&nbsp;del poeta e regista&nbsp;<b>Sylvain George<\/b>&nbsp;che sar&agrave; ospite del festival e al quale il MedFilm Festival dedica anche una retrospettiva.<\/span><\/p>\n<p class=\"ecxMsoNormal\" style=\"line-height: 22px; margin: 0px 0px 1.35em; font-size: 12pt; font-family: 'CG Omega'; color: rgb(68, 68, 68); text-align: justify;\"><span style=\"line-height: 26px; font-size: 14pt; font-family: Calibri, sans-serif;\">&nbsp;<\/span><\/p>\n<p class=\"ecxMsoNormal\" style=\"line-height: 22px; margin: 0px 0px 1.35em; font-size: 12pt; font-family: 'CG Omega'; color: rgb(68, 68, 68); text-align: justify;\"><span style=\"line-height: 26px; font-size: 14pt; font-family: Calibri, sans-serif;\">La<b>&nbsp;<span style=\"color: red;\">Sezione Libri<\/span><\/b><span style=\"color: red;\">&nbsp;&#8211;&nbsp;<b>Letture dal Mediterraneo<\/b><\/span>, novit&agrave; del festival, presenta alle ore 20:00 alla Casa del cinema un incontro con &nbsp;<b>Stefano Polli<\/b>.<\/span><\/p>\n<p class=\"ecxDefault\" style=\"line-height: 22px; margin: 0px 0px 1.35em; font-size: 12pt; font-family: Calibri, sans-serif; text-align: justify;\"><span style=\"line-height: 26px; font-size: 14pt; color: windowtext;\">&nbsp;<\/span><\/p>\n<p class=\"ecxMsoNormal\" style=\"line-height: 22px; margin: 0px 0px 1.35em; font-size: 12pt; font-family: 'CG Omega'; color: rgb(68, 68, 68); text-align: justify;\"><b><u><span style=\"line-height: 26px; font-size: 14pt; font-family: Calibri, sans-serif; color: red;\">Prezzi<\/span><\/u><\/b><span style=\"line-height: 26px; font-size: 14pt; font-family: Calibri, sans-serif;\"><br \/>\n\t<b><u>CASA DEL CINEMA<\/u><\/b><br \/>\n\tLargo Marcello Mastroianni, 1<\/span><\/p>\n<p class=\"ecxMsoNormal\" style=\"line-height: 22px; margin: 0px 0px 1.35em; font-size: 12pt; font-family: 'CG Omega'; color: rgb(68, 68, 68); text-align: justify;\"><span style=\"line-height: 26px; font-size: 14pt; font-family: Calibri, sans-serif;\">T: +39 06 0608 &#8211; www.casadelcinema.it<\/span><\/p>\n<p class=\"ecxMsoNormal\" style=\"line-height: 22px; margin: 0px 0px 1.35em; font-size: 12pt; font-family: 'CG Omega'; color: rgb(68, 68, 68); text-align: justify;\"><span style=\"line-height: 26px; font-size: 14pt; font-family: Calibri, sans-serif;\">Intero: 4 euro<\/span><\/p>\n<p class=\"ecxMsoNormal\" style=\"line-height: 22px; margin: 0px 0px 1.35em; font-size: 12pt; font-family: 'CG Omega'; color: rgb(68, 68, 68); text-align: justify;\"><span style=\"line-height: 26px; font-size: 14pt; font-family: Calibri, sans-serif;\">Ridotto: 3 euro<\/span><\/p>\n<p class=\"ecxMsoNormal\" style=\"line-height: 22px; margin: 0px 0px 1.35em; font-size: 12pt; font-family: 'CG Omega'; color: rgb(68, 68, 68); text-align: justify;\"><span style=\"line-height: 26px; font-size: 14pt; font-family: Calibri, sans-serif;\">Abbonamento 10 ingressi: 15 euro<\/span><\/p>\n","protected":false},"excerpt":{"rendered":"<p>MEDFILM&nbsp;festival&nbsp;2013 XIX EDIZIONE nell&rsquo;Anno europeo dei&nbsp;CITTADINI &nbsp; Roma&nbsp;21&nbsp;\/&nbsp;30&nbsp;giugno 2013 Casa del Cinema,&nbsp;MAXXI-Museo delle Arti del XXI secolo,&nbsp;Cinema dei Piccoli Programma di luned&igrave; 24 giugno &nbsp; Il programma di&nbsp;luned&igrave; 24 giugno&nbsp;della prima giornata del&nbsp;MEDFILMfestival&nbsp;di&nbsp;Roma, giunto alla sua 19esima edizione,&nbsp;prevede proiezioni di lungometraggi, documentari e cortometraggi alla Casa del Cinema e al Cinema dei Piccoli, entrambi avvolti &hellip; <a href=\"https:\/\/www.gdapress.it\/it\/index.php\/33807\/cinema\/medfilm-festival-2013.html\" class=\"more-link\">Read more <span class=\"screen-reader-text\">MEDFILM FESTIVAL 2013<\/span><\/a><\/p>\n","protected":false},"author":2,"featured_media":0,"comment_status":"open","ping_status":"open","sticky":false,"template":"","format":"standard","meta":{"footnotes":""},"categories":[21],"tags":[17455,10038,27],"class_list":["post-33807","post","type-post","status-publish","format-standard","hentry","category-cinema","tag-cinema","tag-medfilm","tag-roma"],"_links":{"self":[{"href":"https:\/\/www.gdapress.it\/it\/index.php\/wp-json\/wp\/v2\/posts\/33807","targetHints":{"allow":["GET"]}}],"collection":[{"href":"https:\/\/www.gdapress.it\/it\/index.php\/wp-json\/wp\/v2\/posts"}],"about":[{"href":"https:\/\/www.gdapress.it\/it\/index.php\/wp-json\/wp\/v2\/types\/post"}],"author":[{"embeddable":true,"href":"https:\/\/www.gdapress.it\/it\/index.php\/wp-json\/wp\/v2\/users\/2"}],"replies":[{"embeddable":true,"href":"https:\/\/www.gdapress.it\/it\/index.php\/wp-json\/wp\/v2\/comments?post=33807"}],"version-history":[{"count":1,"href":"https:\/\/www.gdapress.it\/it\/index.php\/wp-json\/wp\/v2\/posts\/33807\/revisions"}],"predecessor-version":[{"id":33808,"href":"https:\/\/www.gdapress.it\/it\/index.php\/wp-json\/wp\/v2\/posts\/33807\/revisions\/33808"}],"wp:attachment":[{"href":"https:\/\/www.gdapress.it\/it\/index.php\/wp-json\/wp\/v2\/media?parent=33807"}],"wp:term":[{"taxonomy":"category","embeddable":true,"href":"https:\/\/www.gdapress.it\/it\/index.php\/wp-json\/wp\/v2\/categories?post=33807"},{"taxonomy":"post_tag","embeddable":true,"href":"https:\/\/www.gdapress.it\/it\/index.php\/wp-json\/wp\/v2\/tags?post=33807"}],"curies":[{"name":"wp","href":"https:\/\/api.w.org\/{rel}","templated":true}]}}