
{"id":33578,"date":"2013-05-25T08:24:03","date_gmt":"2013-05-25T06:24:03","guid":{"rendered":"http:\/\/www.gdapress.it\/it\/?p=33578"},"modified":"2013-05-25T08:25:41","modified_gmt":"2013-05-25T06:25:41","slug":"mic-di-faenza-il-58-premio-faenza-26-maggio-22-settembre-2013","status":"publish","type":"post","link":"https:\/\/www.gdapress.it\/it\/index.php\/33578\/arte\/mic-di-faenza-il-58-premio-faenza-26-maggio-22-settembre-2013.html","title":{"rendered":"Mic di Faenza il 58\u00b0 Premio Faenza 26 maggio- 22 settembre 2013"},"content":{"rendered":"<p><b><span style=\"font-family:Calibri;mso-bidi-font-family:Arial\"><br \/>\n\t<\/span><\/b><\/p>\n<h2 class=\"ReadMsgSubject TextSizeLarge\" style=\"line-height: 29px; font-size: 21px; font-family: 'Segoe UI Light', 'Segoe UI Web Light', 'Segoe UI Web Regular', 'Segoe UI', 'Segoe UI Symbol', HelveticaNeue-Light, 'Helvetica Neue', Arial; font-weight: normal; margin: 0px 0px 14px; padding-top: 1px; color: rgb(68, 68, 68);\">Sabato 25 maggio 2013 alle 17.00<\/h2>\n<p class=\"ecxMsoNormal\" style=\"line-height: 21px; margin: 0px 0px 1.35em; color: rgb(68, 68, 68); font-family: Calibri, sans-serif; font-size: 15px;\"><b><span style=\"line-height: 45px; font-size: 24pt; font-family: Calibri;\">58&deg; Premio Faenza: la mostra<\/span><\/b><\/p>\n<p class=\"ecxMsoNormal\" style=\"line-height: 21px; margin: 0px 0px 1.35em; color: rgb(68, 68, 68); font-family: Calibri, sans-serif; font-size: 15px;\"><b><span style=\"font-family: Calibri;\">Il<\/span><\/b><b><span style=\"font-family: Calibri;\">&nbsp;25 maggio al Museo Internazionale delle Ceramiche in Faenza inaugura l&rsquo;esposizione dei finalisti.&nbsp;<br \/>\n\t<\/span><\/b><\/p>\n<p class=\"ecxMsoNormal\" style=\"line-height: 21px; margin: 0px 0px 1.35em; color: rgb(68, 68, 68); font-family: Calibri, sans-serif; font-size: 15px;\"><b><span style=\"font-family: Calibri;\">Un centinaio di artisti da tutto il mondo che hanno scelto la ceramica<\/span><\/b><\/p>\n<p class=\"ecxMsoNormal\" style=\"line-height: 21px; margin: 0px 0px 1.35em; color: rgb(68, 68, 68); font-family: Calibri, sans-serif; font-size: 15px;\"><b><span style=\"font-family: Calibri;\">come linguaggio della contemporaneit&agrave;&nbsp;&nbsp;&nbsp;<\/span><\/b><\/p>\n<p class=\"ecxMsoNormal\" style=\"line-height: 21px; margin: 0px 0px 1.35em; color: rgb(68, 68, 68); font-family: Calibri, sans-serif; font-size: 15px;\"><span style=\"line-height: 18px; font-size: 10pt; font-family: Calibri;\">&nbsp;<\/span><\/p>\n<p class=\"ecxMsoNormal\" style=\"line-height: 21px; margin: 0px 0px 1.35em; color: rgb(68, 68, 68); font-family: Calibri, sans-serif; font-size: 15px;\"><span style=\"line-height: 18px; font-size: 10pt; font-family: Calibri;\">Uno spaccato internazionale sull&rsquo;arte ceramica contemporanea. La mostra del 58&deg; Concorso Internazionale della Ceramica d&rsquo;Arte Contemporanea, realizzata grazie al fondamentale contributo della Fondazione Cassa di Risparmio di Ravenna, inaugura sabato 25 maggio alle 17 e sar&agrave; visitabile dal pubblico dal 26 maggio fino al 22 settembre.<\/span><\/p>\n<p class=\"ecxMsoNormal\" style=\"line-height: 21px; margin: 0px 0px 1.35em; color: rgb(68, 68, 68); font-family: Calibri, sans-serif; font-size: 15px;\"><span style=\"line-height: 18px; font-size: 10pt; font-family: Calibri;\">L&rsquo;esposizione, a cura di Claudia Casali, Laura Borghi, Alessandra Laitempergher, Marinella Paderni e Nico Stringa, espone i 93 lavori dei finalisti, provenienti da tutto il mondo e selezionati dalla giuria lo scorso 15 aprile su un totale di 1249 opere presentate.<\/span><\/p>\n<p class=\"ecxMsoNormal\" style=\"line-height: 21px; margin: 0px 0px 1.35em; color: rgb(68, 68, 68); font-family: Calibri, sans-serif; font-size: 15px;\"><span style=\"line-height: 18px; font-size: 10pt; font-family: Calibri;\">&nbsp;<\/span><\/p>\n<p class=\"ecxMsoNormal\" style=\"line-height: 21px; margin: 0px 0px 1.35em; color: rgb(68, 68, 68); font-family: Calibri, sans-serif; font-size: 15px;\"><span style=\"line-height: 18px; font-size: 10pt; font-family: Calibri;\">Un viaggio volto all&rsquo;esplorazione delle poetiche e dei linguaggi degli artisti di oggi che si confrontano, sempre pi&ugrave; spesso, sui temi dell&rsquo;attualit&agrave;, della riflessione sociale e antropologica, attraverso la tecnica ceramica e l&rsquo;installazione. &ldquo;L&rsquo;opera ceramica &egrave; ormai considerata scultura a tutti gli effetti ed &egrave; superata ed obsoleta la diatriba delle arti minori o dell&rsquo;alto artigianato. &ndash; spiega Claudia Casali, direttrice del MIC &#8211; Le opere qui presentate lo dimostrano nella loro straordinaria portata e nella loro studiata complessit&agrave;, ricercata iconografia, poetica riflessiva&rdquo;.&nbsp;&nbsp;<\/span><\/p>\n<p class=\"ecxMsoNormal\" style=\"line-height: 21px; margin: 0px 0px 1.35em; color: rgb(68, 68, 68); font-family: Calibri, sans-serif; font-size: 15px;\"><span style=\"line-height: 18px; font-size: 10pt; font-family: Calibri;\">Il<\/span><span style=\"line-height: 18px; font-size: 10pt; font-family: Calibri;\">&nbsp;Concorso faentino, istituito nel 1932, con una parentesi dovuta alla seconda guerra mondiale, negli anni ha visto straordinari interpreti della storia dell&rsquo;arte come partecipanti: da Leoncillo Leonardi ad Angelo Biancini, da Guido Gambone a Fausto Melotti, da Pietro Melandri a Carlo Zauli, a Eduard Chapallaz e a Sueharu Fukami.&nbsp;<br \/>\n\t<\/span><\/p>\n<p class=\"ecxMsoNormal\" style=\"line-height: 21px; margin: 0px 0px 1.35em; color: rgb(68, 68, 68); font-family: Calibri, sans-serif; font-size: 15px;\"><span style=\"line-height: 18px; font-size: 10pt; font-family: Calibri;\">Anche questa edizione ha dimostrato di essere all&rsquo;altezza.<\/span><\/p>\n<p class=\"ecxMsoNormal\" style=\"line-height: 21px; margin: 0px 0px 1.35em; color: rgb(68, 68, 68); font-family: Calibri, sans-serif; font-size: 15px;\"><span style=\"line-height: 18px; font-size: 10pt; font-family: Calibri;\">&ldquo;Fin dalle sue origini, &#8211; spiega Pier Antonio Rivola, Presidente della Fondazione MIC &ndash; il Premio Faenza ha offerto una visione globale sulla ceramica d&rsquo;arte contemporanea e dal 1963, anno in cui divenne internazionale, determina uno stimolante incontro tra culture diverse, arricchendo di contenuti creativi ed innovativi anche la produzione ceramica faentina, luogo esclusivo per questa arte&rdquo;.<\/span><\/p>\n<p class=\"ecxMsoNormal\" style=\"line-height: 21px; margin: 0px 0px 1.35em; color: rgb(68, 68, 68); font-family: Calibri, sans-serif; font-size: 15px;\"><span style=\"line-height: 18px; font-size: 10pt; font-family: Calibri;\">&nbsp;<\/span><\/p>\n<p class=\"ecxMsoNormal\" style=\"line-height: 21px; margin: 0px 0px 1.35em; color: rgb(68, 68, 68); font-family: Calibri, sans-serif; font-size: 15px;\"><span style=\"line-height: 18px; font-size: 10pt; font-family: Calibri;\">I due Premi Faenza sono stati&nbsp;<\/span><span style=\"line-height: 18px; font-size: 10pt; font-family: Calibri;\">offerti, come da tradizione, dalla Fondazione del Monte e Cassa di Risparmio di Faenza e sono stati<\/span><span style=\"line-height: 18px; font-size: 10pt; font-family: Calibri;\">&nbsp;assegnati, per la sezione over 40, alla finlandese&nbsp;<\/span><span style=\"line-height: 18px; font-size: 10pt; font-family: Calibri;\">Paivi Ritaniemi con l&rsquo;opera&nbsp;<i>Avis<\/i>, lavoro poetico sulle sfide dell&rsquo;esistenza e che per l&rsquo;artista fa parte di una serie di &ldquo;ritratti del cambiamento&rdquo;. Per la sezione under 40 la palma &egrave; andata a Nero\/Alessandro Neretti per la sua installazione&nbsp;<i>I nuovi apostoli ovvero Paesaggi economico-strutturali&nbsp;<\/i>che unisce scultura ceramica, a pallet in legno, a quadri appesi alle pareti, in una narrazione che mette in contrasto natura e dogmi economici &ldquo;che governano gli attuali sistemi globali&rdquo;.<\/span><\/p>\n<p class=\"ecxMsoNormal\" style=\"line-height: 21px; margin: 0px 0px 1.35em; color: rgb(68, 68, 68); font-family: Calibri, sans-serif; font-size: 15px;\"><span style=\"line-height: 18px; font-size: 10pt; font-family: Calibri;\">Oltre ai premi in denaro i due vincitori parteciperanno ad una residenza d&rsquo;artista alle Officine Saffi di Milano.<\/span><\/p>\n<p class=\"ecxMsoNormal\" style=\"line-height: 21px; margin: 0px 0px 1.35em; color: rgb(68, 68, 68); font-family: Calibri, sans-serif; font-size: 15px;\"><span style=\"line-height: 18px; font-size: 10pt; font-family: Calibri;\">Il<\/span><span style=\"line-height: 18px; font-size: 10pt; font-family: Calibri;\">&nbsp;terzo premio in denaro, il Premio Cersaie, assegnato alla serba Joci\u0107-Kne\u017eevi\u0107 Ljubica, con l&rsquo;opera&nbsp;<i>Analysis and implementation of the global game plan<\/i>, &egrave; apparso come una rivisitazione di un elemento comune a tutte le culture, riattualizzato nella forma e nella materia, con quelle cornici inneggianti il barocco.<\/span><\/p>\n<p class=\"ecxMsoNormal\" style=\"line-height: 21px; margin: 0px 0px 1.35em; color: rgb(68, 68, 68); font-family: Calibri, sans-serif; font-size: 15px;\"><span style=\"line-height: 18px; font-size: 10pt; font-family: Calibri;\">&nbsp;<\/span><\/p>\n<p class=\"ecxMsoNormal\" style=\"line-height: 21px; margin: 0px 0px 1.35em; color: rgb(68, 68, 68); font-family: Calibri, sans-serif; font-size: 15px;\"><span style=\"line-height: 18px; font-size: 10pt; font-family: Calibri;\">Gli artisti in mostra sono per la sezione under 40: Dan Adle&scaron;i\u010d (Slovenia), Toshiro Aki (Giappone), Alida Andra Baban (Romania), Silvia Celeste Calcagno (Italia), Chiara Camoni (Italia), Ilias Christopoulos (Grecia), Elisa Confortini (Italia), Cristina Simona D&#39;Alberto (Italia), Sara Dario (Italia), Silke Decker (Germania), Lucia Di Pierro (Italia), Cl&eacute;mentine Dupr&eacute; (Francia), Julia Ehlers (Germania), Laure Gonthier (Svizzera), Zhu Guodong (Cina), Gudrun Kainz (Austria), Betul Karakaya (Turchia), Elvira Keller (Italia), Nikola Knezevic (Serbia), Akinga Kunihiro (Giappone), Chiara Lecca (Italia), Kanjirou Moriyama (Giappone), Kazuma Nana &amp;Kazuma (Germania), Takayuki Onimaru (Giappone), Mari Paikkari (Finlandia), Marta Palmieri (Italia), Monika Patuszy\u0144ska (Polonia), Zhao PingPing (Cina), Paolo Polloniato (Italia), Lana Rakanovi\u0107 (Serbia), Eugenia Vanni (Italia), Mattia Vernocchi (Italia), Ismet Yuksel (Turchia),&nbsp;&nbsp;Abdon Zani (Italia), Wei Zhang (Cina).<\/span><\/p>\n<p class=\"ecxMsoNormal\" style=\"line-height: 21px; margin: 0px 0px 1.35em; color: rgb(68, 68, 68); font-family: Calibri, sans-serif; font-size: 15px;\"><span style=\"line-height: 18px; font-size: 10pt; font-family: Calibri;\">&nbsp;<\/span><\/p>\n<p class=\"ecxMsoNormal\" style=\"line-height: 21px; margin: 0px 0px 1.35em; color: rgb(68, 68, 68); font-family: Calibri, sans-serif; font-size: 15px;\"><span style=\"line-height: 18px; font-size: 10pt; font-family: Calibri;\">Per la sezione over 40, invece<b>,&nbsp;<\/b>Erna Aaltonen (Finlandia), Lu Bin (Cina), Ursula Commandeur (Germania), Terry Davies (Italia), Mirco De Nicol&ograve; (Italia), Rita De Nigris (Germania), Annette Defoort (Belgio), Stephan Hasslinger (Germania), Titania Henderson (Australia), Ana Cecilia Hillar (Italia), Mariko Isozaki (Italia), Volodymyr Khyzhynskyy (Ucraina), Jane King (Regno Unito), Tomoko Konno (Giappone), Ihor Kovalevych (Ucraina), Luciano Laghi (Italia), Lattimer Tony (Regno Unito) , Doroth&eacute;e Loriquet (Francia), Liv Brita Malnes (Norvegia) , McWilliam Martin (Germania) , Angela Mellor (Regno Unito), Mongrain Jeffrey (Stati Uniti), Nonnenmacher Heide (Germania), Graciela Olio (Argentina), Martha Pachon Rodriguez (Italia), Pekka Tapio Paikkari (Finlandia), Fiorenza Pancino (Italia), Stela Pervanova (Portogallo), Massimo Piani (Italia), Cristiano Piccinelli (Italia), Sophie Ronse (Belgio) , Gabriella Sacchi (Italia), Fausto Salvi (Italia), Livio Scarpella (Italia) , Monika Jeannette Schoedel-Mueller (Germania), Tsang Cheung Shing (Hong Kong), Anne T&uuml;rn (Estonia), Ann Van Hoey (Belgio), Velimir Vukicevic (Serbia), Brigitte Wuester (Germania).<\/span><\/p>\n<p style=\"\"><b style=\"line-height: 21px; color: rgb(68, 68, 68); font-family: Calibri, sans-serif; font-size: 15px;\"><span style=\"line-height: 18px; font-size: 10pt; font-family: Calibri;\">Riconoscimenti e menzioni d&rsquo;onore.&nbsp;<\/span><\/b><br style=\"line-height: 21px; color: rgb(68, 68, 68); font-family: Calibri, sans-serif; font-size: 15px;\" \/><br \/>\n\t<span style=\"line-height: 18px; color: rgb(68, 68, 68); font-size: 10pt; font-family: Calibri;\">Il<\/span><span style=\"line-height: 18px; color: rgb(68, 68, 68); font-size: 10pt; font-family: Calibri;\">&nbsp;Premio Monica Biserni &egrave; stato riservato a Mattia Vernocchi con&nbsp;<i>Alveare&nbsp;<\/i>(2012),&nbsp;<\/span><br style=\"line-height: 21px; color: rgb(68, 68, 68); font-family: Calibri, sans-serif; font-size: 15px;\" \/><br \/>\n\t<span style=\"line-height: 18px; color: rgb(68, 68, 68); font-size: 10pt; font-family: Calibri;\">la Targa<\/span><span style=\"line-height: 18px; color: rgb(68, 68, 68); font-size: 10pt; font-family: Calibri;\">&nbsp;del Presidente della Repubblica &egrave; stata assegnata a Silvia Celeste Calcagno con&nbsp;<i>My July<\/i>&nbsp;(2012),&nbsp;<\/span><br style=\"line-height: 21px; color: rgb(68, 68, 68); font-family: Calibri, sans-serif; font-size: 15px;\" \/><br \/>\n\t<span style=\"line-height: 18px; color: rgb(68, 68, 68); font-size: 10pt; font-family: Calibri;\">la Medaglia<\/span><span style=\"line-height: 18px; color: rgb(68, 68, 68); font-size: 10pt; font-family: Calibri;\">&nbsp;del Presidente del Senato della Repubblica a Jane King del Regno Unito con l&#39;opera&nbsp;<i>Untitled<\/i>&nbsp;(2012),&nbsp;<\/span><br style=\"line-height: 21px; color: rgb(68, 68, 68); font-family: Calibri, sans-serif; font-size: 15px;\" \/><br \/>\n\t<span style=\"line-height: 18px; color: rgb(68, 68, 68); font-size: 10pt; font-family: Calibri;\">la Medaglia<\/span><span style=\"line-height: 18px; color: rgb(68, 68, 68); font-size: 10pt; font-family: Calibri;\">&nbsp;del Presidente della Camera dei Deputati alla portoghese Stela Pervanova con&nbsp;<i>Maternity<\/i>&nbsp;(2012),&nbsp;<\/span><br style=\"line-height: 21px; color: rgb(68, 68, 68); font-family: Calibri, sans-serif; font-size: 15px;\" \/><br \/>\n\t<span style=\"line-height: 18px; color: rgb(68, 68, 68); font-size: 10pt; font-family: Calibri;\">la Targa<\/span><span style=\"line-height: 18px; color: rgb(68, 68, 68); font-size: 10pt; font-family: Calibri;\">&nbsp;della Regione Emilia-Romagna all&#39;inglese Tony Lattimer con l&rsquo;opera&nbsp;<i>Painterly<\/i>&nbsp;(2012),&nbsp;<\/span><br style=\"line-height: 21px; color: rgb(68, 68, 68); font-family: Calibri, sans-serif; font-size: 15px;\" \/><br \/>\n\t<span style=\"line-height: 18px; color: rgb(68, 68, 68); font-size: 10pt; font-family: Calibri;\">il Premio del Consiglio Regionale dell&#39;Emilia Romagna all&#39;argentina Graciela Olio con l&rsquo;opera&nbsp;<i>Proyecto Sur, Serie Home. Barrio 124&nbsp;<\/i>(2012),&nbsp;<\/span><br style=\"line-height: 21px; color: rgb(68, 68, 68); font-family: Calibri, sans-serif; font-size: 15px;\" \/><br \/>\n\t<span style=\"line-height: 18px; color: rgb(68, 68, 68); font-size: 10pt; font-family: Calibri;\">il Premio in memoria di Eleuterio Ignazi riservato ad un giovane artista &egrave; andato a Chiara Camoni, Italia, con l&rsquo;opera&nbsp;<i>Sul perch&eacute; in natura tutto avvolge a sinistra<\/i>(2012)<i>,<\/i>&nbsp;<\/span><br style=\"line-height: 21px; color: rgb(68, 68, 68); font-family: Calibri, sans-serif; font-size: 15px;\" \/><br \/>\n\t<span style=\"line-height: 18px; color: rgb(68, 68, 68); font-size: 10pt; font-family: Calibri;\">la Medaglia<\/span><span style=\"line-height: 18px; color: rgb(68, 68, 68); font-size: 10pt; font-family: Calibri;\">&nbsp;del Rotary Club di Faenza a Liv Brita Malnes, Norvegia, con&nbsp;<i>InVertebRate &ndash; LEGO&nbsp;<\/i>(2011-2012),<\/span><br style=\"line-height: 21px; color: rgb(68, 68, 68); font-family: Calibri, sans-serif; font-size: 15px;\" \/><br \/>\n\t<span style=\"line-height: 18px; color: rgb(68, 68, 68); font-size: 10pt; font-family: Calibri;\">&nbsp;il Premio del Lions Club Faenza Host a Sophie Ronse, Belgio, con&nbsp;<i>Fractal 3&nbsp;<\/i>(2012),&nbsp;<\/span><br style=\"line-height: 21px; color: rgb(68, 68, 68); font-family: Calibri, sans-serif; font-size: 15px;\" \/><br \/>\n\t<span style=\"line-height: 18px; color: rgb(68, 68, 68); font-size: 10pt; font-family: Calibri;\">il Premio Valter Dal Pane per i Nuovi Talenti a Paolo Polloniato, Italia, con l&rsquo;opera&nbsp;<i>Santilva<\/i>&nbsp;(2012)&nbsp;<\/span><br style=\"line-height: 21px; color: rgb(68, 68, 68); font-family: Calibri, sans-serif; font-size: 15px;\" \/><br \/>\n\t<span style=\"line-height: 18px; color: rgb(68, 68, 68); font-size: 10pt; font-family: Calibri;\">il Premio offerto dalla Rivista D&rsquo;A a Zhao PingPing, Cina, con l&rsquo;opera&nbsp;<i>Dancing in the wind<\/i>, (2012).&nbsp;<\/span><br style=\"line-height: 21px; color: rgb(68, 68, 68); font-family: Calibri, sans-serif; font-size: 15px;\" \/><br \/>\n\t<span style=\"line-height: 18px; color: rgb(68, 68, 68); font-size: 10pt; font-family: Calibri;\">La giuria ha inoltre espresso una menzione d&rsquo;onore della Provincia di Ravenna per l&rsquo;opera&nbsp;<i>The Wall<\/i>&nbsp;(2012) dell&rsquo;artista cinese Cheung Shing.<\/span><br style=\"line-height: 21px; color: rgb(68, 68, 68); font-family: Calibri, sans-serif; font-size: 15px;\" \/><br \/>\n\t<span style=\"line-height: 18px; color: rgb(68, 68, 68); font-size: 10pt; font-family: Calibri;\">Con il patrocinio di: Regione Emilia-Romagna, Assemblea Legislativa della Regione Emilia-Romagna, Provincia di Ravenna, Comune di Faenza<\/span><\/p>\n<p class=\"ecxMsoNormal\" style=\"line-height: 21px; margin: 0px 0px 1.35em; color: rgb(68, 68, 68); font-family: Calibri, sans-serif; font-size: 15px;\"><b><span style=\"line-height: 18px; font-size: 10pt; font-family: Calibri;\">Scheda tecnica<\/span><\/b><\/p>\n<p class=\"ecxMsoNormal\" style=\"line-height: 21px; margin: 0px 0px 1.35em; color: rgb(68, 68, 68); font-family: Calibri, sans-serif; font-size: 15px;\"><span style=\"line-height: 18px; font-size: 10pt; font-family: Calibri;\">Titolo: 58&deg; Premio Faenza<\/span><\/p>\n<p class=\"ecxMsoNormal\" style=\"line-height: 21px; margin: 0px 0px 1.35em; color: rgb(68, 68, 68); font-family: Calibri, sans-serif; font-size: 15px;\"><span style=\"line-height: 18px; font-size: 10pt; font-family: Calibri;\">Dove: MIC &#8211; Museo Internazionale delle Ceramiche in Faenza, viale Baccarini 19, 48018 Faenza (Ra)<\/span><\/p>\n<p class=\"ecxMsoNormal\" style=\"line-height: 21px; margin: 0px 0px 1.35em; color: rgb(68, 68, 68); font-family: Calibri, sans-serif; font-size: 15px;\"><span style=\"line-height: 18px; font-size: 10pt; font-family: Calibri;\">Inaugurazione: 25 maggio, ore 17<\/span><\/p>\n<p class=\"ecxMsoNormal\" style=\"line-height: 21px; margin: 0px 0px 1.35em; color: rgb(68, 68, 68); font-family: Calibri, sans-serif; font-size: 15px;\"><span style=\"line-height: 18px; font-size: 10pt; font-family: Calibri;\">Durata: 26 maggio-22 settembre<\/span><\/p>\n<p class=\"ecxMsoNormal\" style=\"line-height: 21px; margin: 0px 0px 1.35em; color: rgb(68, 68, 68); font-family: Calibri, sans-serif; font-size: 15px;\"><span style=\"line-height: 18px; font-size: 10pt; font-family: Calibri;\">Apertura: da marted&igrave; a domenica e festivi ore 10-19, chiuso il luned&igrave;<\/span><\/p>\n<p class=\"ecxMsoNormal\" style=\"line-height: 21px; margin: 0px 0px 1.35em; color: rgb(68, 68, 68); font-family: Calibri, sans-serif; font-size: 15px;\"><span style=\"line-height: 18px; font-size: 10pt; font-family: Calibri;\">Ingresso: intero 8 euro, ridotto 5 euro, pacchetto famiglia 12 euro.<\/span><\/p>\n<p class=\"ecxMsoNormal\" style=\"line-height: 21px; margin: 0px 0px 1.35em; color: rgb(68, 68, 68); font-family: Calibri, sans-serif; font-size: 15px;\"><span style=\"line-height: 18px; font-size: 10pt; font-family: Calibri;\">Info: 0546 697311, 0546 697308,&nbsp;<a href=\"mailto:info@micfaenza.org\" style=\"color: rgb(0, 104, 207); cursor: pointer;\" target=\"_blank\">info@micfaenza.org<\/a>,&nbsp;<a href=\"http:\/\/www.micfaenza.org\/\" style=\"color: rgb(0, 104, 207); cursor: pointer;\" target=\"_blank\">www.micfaenza.org<\/a><\/span><\/p>\n<p style=\"\"><b><span style=\"font-family:Calibri;mso-bidi-font-family:Arial\">Storia del Concorso<\/span><\/b><\/p>\n<p style=\"\"><st1:personname w:st=\"on\"><span style=\"font-size:10.0pt;font-family:Calibri\">Il<\/span><\/st1:personname><span style=\"font-size:10.0pt;font-family:Calibri\"> Concorso Internazionale della Ceramica d&#39;Arte Contemporanea ha segnato la storia culturale di Faenza nel XX secolo, facendone un punto di riferimento ceramico mondiale soprattutto a partire dagli anni Sessanta.<\/span><\/p>\n<p style=\"\"><span style=\"font-size:10.0pt;font-family:Calibri\">Istituito nel 1932 con dimensione regionale per iniziativa del Museo di Faenza e il patrocinio dell&#39;E.N.A.P.I. (Ente Nazionale Artigianato e Piccole Industrie) poi, nel 1938, prese carattere nazionale. Fu la prima manifestazione in questo settore che veniva inaugurata in Europa con una precisa caratterizzazione, una cadenza periodica e senza finalit&agrave; commerciali.<\/span><\/p>\n<p style=\"\"><span style=\"font-size:10.0pt;font-family:Calibri\">La parentesi bellica interruppe nel 1942 lo svolgimento del Concorso che gi&agrave; nel 1946 riprendeva, proseguendo regolarmente fino ad oggi: con cadenza annuale fino al 1987, biennale dal 1989. Nel 1963 il Concorso si &egrave; ampliato a livello internazionale.<\/span><\/p>\n<p style=\"\"><st1:personname productid=\"La Manifestazione\" w:st=\"on\"><span style=\"font-size:10.0pt;font-family:Calibri\">La Manifestazione<\/span><\/st1:personname><span style=\"font-size:10.0pt;font-family:Calibri\"> &egrave; stata, fin dai suoi esordi, un importante momento nella valorizzazione e nel rinnovamento, nella promozione della ceramica sia sotto l&#39;aspetto artistico, decorativo, che quello&nbsp; funzionale e di arredo, permettendo un interessante confronto con l&#39;arte contemporanea e, in particolare, negli ultimi 50 anni, con la scultura .<\/span><\/p>\n<p style=\"\"><span style=\"font-size:10.0pt;font-family:Calibri\">Mentre, fra la seconda met&agrave; dell&#39;Ottocento e la prima met&agrave; del Novecento, ad eccezione di alcune personalit&agrave; di grande rilievo come Arturo Martini (a cui il MIC di Faenza e Genus&nbsp; Bononiae di Bologna dedicheranno una grande mostra dal 22 settembre 2012 al 30 marzo 2013), il termine di confronto della ceramica in Italia era soprattutto la pittura, nei decenni a noi pi&ugrave; vicini e specie dal secondo dopoguerra &egrave; la scultura ad aver preso il sopravvento su ogni altra forma d&#39;arte come termine di confronto di livello &ldquo;alto&rdquo;.<\/span><\/p>\n<p style=\"\"><span style=\"font-size:10.0pt;font-family:Calibri\">Al Concorso di Faenza hanno partecipato artisti italiani &#8211; ricordiamo fra i tanti: Angelo Biancini, Guido Gambone, Leoncillo Leonardi, Fausto Melotti, Pietro Melandri, Carlo Zauli &#8211; e stranieri &#8211; Eduard Chapallaz, Sueharu Fukami &#8211; che hanno fatto non solo la storia della ceramica del XX secolo, ma anche quella della scultura e della pittura, con aspetti non marginali sul fronte della sperimentazione e della contaminazione fra vari materiali non esclusivamente ceramici. Quest&#39;ultimo approccio pu&ograve; essere fonte di impensabili sviluppi verso nuove prospettive.<\/span><\/p>\n","protected":false},"excerpt":{"rendered":"<p>Sabato 25 maggio 2013 alle 17.00 58&deg; Premio Faenza: la mostra Il&nbsp;25 maggio al Museo Internazionale delle Ceramiche in Faenza inaugura l&rsquo;esposizione dei finalisti.&nbsp; Un centinaio di artisti da tutto il mondo che hanno scelto la ceramica come linguaggio della contemporaneit&agrave;&nbsp;&nbsp;&nbsp; &nbsp; Uno spaccato internazionale sull&rsquo;arte ceramica contemporanea. La mostra del 58&deg; Concorso Internazionale della &hellip; <a href=\"https:\/\/www.gdapress.it\/it\/index.php\/33578\/arte\/mic-di-faenza-il-58-premio-faenza-26-maggio-22-settembre-2013.html\" class=\"more-link\">Read more <span class=\"screen-reader-text\">Mic di Faenza il 58\u00b0 Premio Faenza 26 maggio- 22 settembre 2013<\/span><\/a><\/p>\n","protected":false},"author":2,"featured_media":0,"comment_status":"open","ping_status":"open","sticky":false,"template":"","format":"standard","meta":{"footnotes":""},"categories":[4],"tags":[17446,1964,2912,8624],"class_list":["post-33578","post","type-post","status-publish","format-standard","hentry","category-arte","tag-arte","tag-ceramica","tag-faenza","tag-mic"],"_links":{"self":[{"href":"https:\/\/www.gdapress.it\/it\/index.php\/wp-json\/wp\/v2\/posts\/33578","targetHints":{"allow":["GET"]}}],"collection":[{"href":"https:\/\/www.gdapress.it\/it\/index.php\/wp-json\/wp\/v2\/posts"}],"about":[{"href":"https:\/\/www.gdapress.it\/it\/index.php\/wp-json\/wp\/v2\/types\/post"}],"author":[{"embeddable":true,"href":"https:\/\/www.gdapress.it\/it\/index.php\/wp-json\/wp\/v2\/users\/2"}],"replies":[{"embeddable":true,"href":"https:\/\/www.gdapress.it\/it\/index.php\/wp-json\/wp\/v2\/comments?post=33578"}],"version-history":[{"count":2,"href":"https:\/\/www.gdapress.it\/it\/index.php\/wp-json\/wp\/v2\/posts\/33578\/revisions"}],"predecessor-version":[{"id":33580,"href":"https:\/\/www.gdapress.it\/it\/index.php\/wp-json\/wp\/v2\/posts\/33578\/revisions\/33580"}],"wp:attachment":[{"href":"https:\/\/www.gdapress.it\/it\/index.php\/wp-json\/wp\/v2\/media?parent=33578"}],"wp:term":[{"taxonomy":"category","embeddable":true,"href":"https:\/\/www.gdapress.it\/it\/index.php\/wp-json\/wp\/v2\/categories?post=33578"},{"taxonomy":"post_tag","embeddable":true,"href":"https:\/\/www.gdapress.it\/it\/index.php\/wp-json\/wp\/v2\/tags?post=33578"}],"curies":[{"name":"wp","href":"https:\/\/api.w.org\/{rel}","templated":true}]}}