
{"id":27376,"date":"2012-09-05T08:20:31","date_gmt":"2012-09-05T06:20:31","guid":{"rendered":"http:\/\/www.gdapress.it\/it\/?p=27376"},"modified":"2012-09-05T09:20:07","modified_gmt":"2012-09-05T07:20:07","slug":"cardi-black-box-a-r-penk-milano","status":"publish","type":"post","link":"https:\/\/www.gdapress.it\/it\/index.php\/27376\/arte\/cardi-black-box-a-r-penk-milano.html","title":{"rendered":"CARDI BLACK BOX  &#8211; A.R. PENK &#8211; MILANO"},"content":{"rendered":"<div style=\"text-align: left;\"><span style=\"font-size: 18pt;\"><span style=\"font-family: tahoma, arial, helvetica, sans-serif;\"><strong>Cardi Black Box<\/strong><\/span><\/span><\/div>\n<div style=\"text-align: left;\"><span style=\"font-size: 10pt;\"><span style=\"font-family: tahoma, arial, helvetica, sans-serif;\"><strong>Milano, corso di Porta Nuova 38<\/strong><\/span><\/span><\/div>\n<div style=\"text-align: left;\"><span style=\"font-size: 10pt;\"><span style=\"font-family: tahoma, arial, helvetica, sans-serif;\"><strong>\u00a0<br \/>\n<\/strong><\/span><\/span><\/div>\n<div style=\"text-align: left;\"><span style=\"font-size: 10pt;\"><span style=\"font-family: tahoma, arial, helvetica, sans-serif;\"><strong>da gioved\u00ec 6 settembre sino a fine novembre 2012<\/strong><\/span><\/span><\/div>\n<div style=\"text-align: left;\"><span style=\"font-size: 10pt;\"><span style=\"font-family: tahoma, arial, helvetica, sans-serif;\"><strong>\u00a0<\/strong><\/span><\/span><\/div>\n<div style=\"text-align: left;\"><span style=\"font-size: 10pt;\"><span style=\"font-family: tahoma, arial, helvetica, sans-serif;\"><strong>\u00a0<\/strong><\/span><\/span><span style=\"color: #993366;\"><span style=\"font-size: 36pt;\"><span style=\"font-family: tahoma, arial, helvetica, sans-serif;\"><strong>A.R. Penck<\/strong> <strong>\u00a0<\/strong><\/span><\/span><\/span><\/div>\n<div style=\"text-align: left;\"><span style=\"font-size: 10pt;\"><span style=\"font-family: tahoma, arial, helvetica, sans-serif;\"><strong>\u00a0<\/strong><\/span><\/span><\/div>\n<div style=\"text-align: left;\"><span style=\"font-size: 14pt;\"><span style=\"font-family: tahoma, arial, helvetica, sans-serif;\"><strong>RETROSPECTIVE<\/strong><\/span><\/span><\/div>\n<div style=\"text-align: left;\">\u00a0<\/div>\n<div style=\"text-align: left;\"><span style=\"font-size: 10pt;\"><span style=\"font-family: tahoma, arial, helvetica, sans-serif;\"><strong><br \/>\n<img loading=\"lazy\" decoding=\"async\" class=\"alignleft size-full wp-image-27378\" title=\"GetAttachmentCA4AC1IC\" src=\"http:\/\/www.gdapress.it\/it\/..\/public\/it\/2012\/09\/GetAttachmentCA4AC1IC.jpg\" alt=\"\" width=\"204\" height=\"159\" \/>\u00a0\u00a0\u00a0\u00a0\u00a0 <img loading=\"lazy\" decoding=\"async\" class=\"alignleft size-full wp-image-27377\" title=\"GetAttachment\" src=\"http:\/\/www.gdapress.it\/it\/..\/public\/it\/2012\/09\/GetAttachment1.jpg\" alt=\"\" width=\"159\" height=\"159\" srcset=\"https:\/\/www.gdapress.it\/it\/..\/public\/it\/2012\/09\/GetAttachment1.jpg 159w, https:\/\/www.gdapress.it\/it\/..\/public\/it\/2012\/09\/GetAttachment1-150x150.jpg 150w\" sizes=\"auto, (max-width: 159px) 100vw, 159px\" \/><\/strong><\/span><\/span><\/div>\n<div style=\"text-align: left;\"><span style=\"font-size: 10pt;\"><span style=\"font-family: tahoma, arial, helvetica, sans-serif;\"><strong>Inaugurazione:<\/strong> Mercoled\u00ec 5 settembre 2012 ore 18.00 \u2013 21.00<\/span><\/span><\/div>\n<div style=\"text-align: left;\">\n<div><span style=\"font-size: 10pt;\"><span style=\"font-family: tahoma, arial, helvetica, sans-serif;\"><span style=\"font-size: 10pt;\"><span style=\"font-family: tahoma, arial, helvetica, sans-serif;\"><strong>Cardi Black Box<\/strong> \u00e8 lieta di annunciare la ripresa della nuova stagione espositiva con un\u2019importante retrospettiva dedicata a uno tra i maggiori esponenti del neo-espressionismo tedesco, <strong>A.R Penck<\/strong> (Dresda, 1939). La mostra, che sar\u00e0 inaugurata il 5 settembre, rester\u00e0 aperta al pubblico da gioved\u00ec 6 settembre sino a fine novembre 2012.<\/span><\/span><\/span><\/span><\/div>\n<div><span style=\"font-size: 10pt;\"><span style=\"font-family: tahoma, arial, helvetica, sans-serif;\"><span style=\"font-size: 10pt;\"><span style=\"font-family: tahoma, arial, helvetica, sans-serif;\">\u00a0<\/span><\/span><\/span><\/span><\/div>\n<div><span style=\"font-size: 10pt;\"><span style=\"font-family: tahoma, arial, helvetica, sans-serif;\"><span style=\"font-size: 10pt;\"><span style=\"font-family: tahoma, arial, helvetica, sans-serif;\">La retrospettiva che Cardi Black Box dedica al grande artista tedesco vuole documentare quella parte fondamentale della produzione artistica di A. R. Penck che va dalla fine degli anni Settanta sino ai lavori pi\u00f9 recenti, con gruppi pittorici e scultorei riconducibili alle varie fasi della sua ricerca artistica.<\/span><\/span><\/span><\/span><\/div>\n<div><span style=\"font-size: 10pt;\"><span style=\"font-family: tahoma, arial, helvetica, sans-serif;\"><span style=\"font-size: 10pt;\"><span style=\"font-family: tahoma, arial, helvetica, sans-serif;\">In mostra saranno presentate circa 40 opere, tra dipinti di grande formato e sculture, dove sono rintracciabili i motivi e i temi centrali della sua estetica. L\u2019esposizione offre l\u2019occasione per conoscere meglio il lavoro scultoreo di Penck, a tutt\u2019oggi ancora meno noto al grande pubblico per il minor numero di esposizioni incentrate su questa parte della sua produzione.<\/span><\/span><\/span><\/span><\/div>\n<div><span style=\"font-size: 10pt;\"><span style=\"font-family: tahoma, arial, helvetica, sans-serif;\"><span style=\"font-size: 10pt;\"><span style=\"font-family: tahoma, arial, helvetica, sans-serif;\"><strong>\u00a0<\/strong><\/span><\/span><\/span><\/span><\/div>\n<div><span style=\"font-size: 10pt;\"><span style=\"font-family: tahoma, arial, helvetica, sans-serif;\"><span style=\"font-size: 10pt;\"><span style=\"font-family: tahoma, arial, helvetica, sans-serif;\"><strong>A.R. Penck<\/strong>, pseudonimo di Ralf Winkler, nasce nel 1939 nell\u2019allora Germania dell\u2019Est; avversato dal regime comunista perch\u00e9 ritenuto elemento sovversivo, gli viene negata l\u2019ammissione all\u2019Accademia di Belle Arti.<\/span><\/span><\/span><\/span><\/div>\n<div><span style=\"font-size: 10pt;\"><span style=\"font-family: tahoma, arial, helvetica, sans-serif;\"><span style=\"font-size: 10pt;\"><span style=\"font-family: tahoma, arial, helvetica, sans-serif;\">La sua formazione si svolge dunque da autodidatta e si orienta verso disparati campi, dalla pittura alla filosofia, dalle scienze alla storia delle religioni sino alla musica. Un background ricco che confluir\u00e0 nelle diverse fasi della sua eterogenea produzione artistica, che spazia dalla pittura alla grafica fino a sperimentazioni negli ambiti della musica jazz, della poesia e della cinematografia.<\/span><\/span><\/span><\/span><\/div>\n<div><span style=\"font-size: 10pt;\"><span style=\"font-family: tahoma, arial, helvetica, sans-serif;\"><span style=\"font-size: 10pt;\"><span style=\"font-family: tahoma, arial, helvetica, sans-serif;\">\u00a0<\/span><\/span><\/span><\/span><\/div>\n<div><span style=\"font-size: 10pt;\"><span style=\"font-family: tahoma, arial, helvetica, sans-serif;\"><span style=\"font-size: 10pt;\"><span style=\"font-family: tahoma, arial, helvetica, sans-serif;\">A.R. Penck \u00e8 riconosciuto come uno degli artisti che hanno maggiormente contribuito al rinnovamento della pittura in Germania. Sin dagli esordi della sua attivit\u00e0 pittorica, l\u2019artista si allontana dalla pittura tradizionale per seguire un percorso autonomo, sviluppando nell\u2019ambito <strong>neo-espressionista<\/strong> uno stile personale che combina figurazione e astrazione mediante un tratto marcatamente infantile e un cromatismo intenso.<\/span><\/span><\/span><\/span><\/div>\n<div><span style=\"font-size: 10pt;\"><span style=\"font-family: tahoma, arial, helvetica, sans-serif;\"><span style=\"font-size: 10pt;\"><span style=\"font-family: tahoma, arial, helvetica, sans-serif;\">\u00a0<\/span><\/span><\/span><\/span><\/div>\n<div><span style=\"font-size: 10pt;\"><span style=\"font-family: tahoma, arial, helvetica, sans-serif;\"><span style=\"font-size: 10pt;\"><span style=\"font-family: tahoma, arial, helvetica, sans-serif;\">Traendo ispirazione dalla pittura preistorica, le sue composizioni combinano segni pittorici e immagini arcaicizzanti, che insieme compongono un lessico universale &#8211; comprensibile e utilizzabile da tutti &#8211; e un mondo visivo inediti che hanno spesso come tema centrale il rapporto tra individuo e societ\u00e0.<\/span><\/span><\/span><\/span><\/div>\n<div><span style=\"font-size: 10pt;\"><span style=\"font-family: tahoma, arial, helvetica, sans-serif;\"><span style=\"font-size: 10pt;\"><span style=\"font-family: tahoma, arial, helvetica, sans-serif;\">\u00a0<\/span><\/span><\/span><\/span><\/div>\n<div><span style=\"font-size: 10pt;\"><span style=\"font-family: tahoma, arial, helvetica, sans-serif;\"><span style=\"font-size: 10pt;\"><span style=\"font-family: tahoma, arial, helvetica, sans-serif;\">Negli anni \u201870 i segni si fanno sempre pi\u00f9 primordiali, compaiono figure stilizzate e simboli elementari e l\u2019artista giunge quasi a un azzeramento della ricchezza cromatica a favore dell\u2019uso del bianco e nero.<\/span><\/span><\/span><\/span><\/div>\n<div><span style=\"font-size: 10pt;\"><span style=\"font-family: tahoma, arial, helvetica, sans-serif;\"><span style=\"font-size: 10pt;\"><span style=\"font-family: tahoma, arial, helvetica, sans-serif;\">Dalla fine degli anni Settanta Penck si dedica anche alla scultura, per la quale predilige materiali come il marmo, il bronzo e il legno. Il suo trasferimento nella Germania dell\u2019Ovest nel 1980, segna un cambiamento verso il recupero di una decisa\u00a0 accentuazione cromatica e l\u2019introduzione della tridimensionalit\u00e0.<\/span><\/span><\/span><\/span><\/div>\n<div><span style=\"font-size: 10pt;\"><span style=\"font-family: tahoma, arial, helvetica, sans-serif;\"><span style=\"font-size: 10pt;\"><span style=\"font-family: tahoma, arial, helvetica, sans-serif;\">\u00a0<\/span><\/span><\/span><\/span><\/div>\n<div><span style=\"font-size: 10pt;\"><span style=\"font-family: tahoma, arial, helvetica, sans-serif;\"><span style=\"font-size: 10pt;\"><span style=\"font-family: tahoma, arial, helvetica, sans-serif;\">\u00a0<\/span><\/span><\/span><\/span><\/div>\n<div><span style=\"font-size: 10pt;\"><span style=\"font-family: tahoma, arial, helvetica, sans-serif;\"><span style=\"font-size: 10pt;\"><span style=\"font-family: tahoma, arial, helvetica, sans-serif;\">Con questa mostra <strong>Cardi Black Box<\/strong> ribadisce l&#8217;orientamento eclettico e versatile della galleria, che sa guardare ai giovani come ai grandi maestri, al contemporaneo come allo storicizzato. Orientamento programmaticamente rimarcato per la prima volta con l&#8217;esposizione di un altro grande artista tedesco, <strong>J\u00f6rg Immendorff,<\/strong> al quale la Galleria dedic\u00f2 nel 2010 la personale intitolata \u2018Late Paintings\u2019.<\/span><\/span><\/span><\/span><\/div>\n<div><span style=\"font-size: 10pt;\"><span style=\"font-family: tahoma, arial, helvetica, sans-serif;\"><span style=\"font-size: 10pt;\"><span style=\"font-family: tahoma, arial, helvetica, sans-serif;\">\u00a0 <\/span><\/span><\/span><\/span><\/p>\n<div><span style=\"font-size: 10pt;\"><span style=\"font-family: tahoma, arial, helvetica, sans-serif;\"><span style=\"font-size: 10pt;\"><span style=\"font-family: tahoma, arial, helvetica, sans-serif;\"><span style=\"font-size: 10pt;\"><span style=\"font-family: tahoma, arial, helvetica, sans-serif;\"><strong>Informazioni<\/strong><\/span><\/span><\/span><\/span><\/span><\/span><\/div>\n<div><span style=\"font-size: 10pt;\"><span style=\"font-family: tahoma, arial, helvetica, sans-serif;\"><span style=\"font-size: 10pt;\"><span style=\"font-family: tahoma, arial, helvetica, sans-serif;\"><span style=\"font-size: 10pt;\"><span style=\"font-family: tahoma, arial, helvetica, sans-serif;\"><strong><br \/>\n<\/strong><\/span><\/span><\/span><\/span><\/span><\/span><\/div>\n<div><span style=\"font-size: 10pt;\"><span style=\"font-family: tahoma, arial, helvetica, sans-serif;\"><span style=\"font-size: 10pt;\"><span style=\"font-family: tahoma, arial, helvetica, sans-serif;\"><span style=\"font-size: 10pt;\"><span style=\"font-family: tahoma, arial, helvetica, sans-serif;\">\u00a0<\/span><\/span> <\/span><\/span><\/span><\/span><\/p>\n<div style=\"text-align: left;\"><span style=\"font-size: 10pt;\"><span style=\"font-family: tahoma, arial, helvetica, sans-serif;\"><span style=\"font-size: 10pt;\"><span style=\"font-family: tahoma, arial, helvetica, sans-serif;\"><span style=\"font-size: 10pt;\"><span style=\"font-family: tahoma, arial, helvetica, sans-serif;\">Mostra: <strong>A.R. Penck<\/strong><\/span><\/span><\/span><\/span><\/span><\/span><\/div>\n<div style=\"text-align: left;\"><span style=\"font-size: 10pt;\"><span style=\"font-family: tahoma, arial, helvetica, sans-serif;\"><span style=\"font-size: 10pt;\"><span style=\"font-family: tahoma, arial, helvetica, sans-serif;\"><span style=\"font-size: 10pt;\"><span style=\"font-family: tahoma, arial, helvetica, sans-serif;\"><strong>Cardi Black Box | Corso di Porta Nuova 38 | Milano<\/strong><\/span><\/span><\/span><\/span><\/span><\/span><\/div>\n<div style=\"text-align: left;\"><span style=\"font-size: 10pt;\"><span style=\"font-family: tahoma, arial, helvetica, sans-serif;\"><span style=\"font-size: 10pt;\"><span style=\"font-family: tahoma, arial, helvetica, sans-serif;\"><span style=\"font-size: 10pt;\"><span style=\"font-family: tahoma, arial, helvetica, sans-serif;\"><strong>Gioved\u00ec 6<\/strong><\/span><\/span> <span style=\"font-size: 10pt;\"><span style=\"font-family: tahoma, arial, helvetica, sans-serif;\"><strong>settembre \u2013 fine novembre 2012<\/strong><\/span><\/span><\/span><\/span><\/span><\/span><\/div>\n<div style=\"text-align: left;\"><span style=\"font-size: 10pt;\"><span style=\"font-family: tahoma, arial, helvetica, sans-serif;\"><span style=\"font-size: 10pt;\"><span style=\"font-family: tahoma, arial, helvetica, sans-serif;\"><span style=\"font-size: 10pt;\"><span style=\"font-family: tahoma, arial, helvetica, sans-serif;\"><strong>Opening: mercoled\u00ec 5 settembre 2012, ore 18.00<\/strong><\/span><\/span><\/span><\/span><\/span><\/span><\/div>\n<\/div>\n<div><span style=\"font-size: 10pt;\"><span style=\"font-family: tahoma, arial, helvetica, sans-serif;\"><span style=\"font-size: 10pt;\"><span style=\"font-family: tahoma, arial, helvetica, sans-serif;\"><span style=\"font-size: 10pt;\"><span style=\"font-family: tahoma, arial, helvetica, sans-serif;\"><strong><br \/>\n<\/strong><\/span><\/span><\/span><\/span><\/span><\/span><\/div>\n<div><span style=\"font-size: 10pt;\"><span style=\"font-family: tahoma, arial, helvetica, sans-serif;\"><span style=\"font-size: 10pt;\"><span style=\"font-family: tahoma, arial, helvetica, sans-serif;\"><span style=\"font-size: 10pt;\"><span style=\"font-family: tahoma, arial, helvetica, sans-serif;\">Cardi Black Box<\/span><\/span><\/span><\/span><\/span><\/span><\/div>\n<div><span style=\"font-size: 10pt;\"><span style=\"font-family: tahoma, arial, helvetica, sans-serif;\"><span style=\"font-size: 10pt;\"><span style=\"font-family: tahoma, arial, helvetica, sans-serif;\"><span style=\"font-size: 10pt;\"><span style=\"font-family: tahoma, arial, helvetica, sans-serif;\">Corso di Porta Nuova, 38 &#8211; 20121 Milano<\/span><\/span><\/span><\/span><\/span><\/span><\/div>\n<div><span style=\"font-size: 10pt;\"><span style=\"font-family: tahoma, arial, helvetica, sans-serif;\"><span style=\"font-size: 10pt;\"><span style=\"font-family: tahoma, arial, helvetica, sans-serif;\"><span style=\"font-size: 10pt;\"><span style=\"font-family: tahoma, arial, helvetica, sans-serif;\">Tel. +39 02 45478189<\/span><\/span><\/span><\/span><\/span><\/span><\/div>\n<div><span style=\"font-size: 10pt;\"><span style=\"font-family: tahoma, arial, helvetica, sans-serif;\"><span style=\"font-size: 10pt;\"><span style=\"font-family: tahoma, arial, helvetica, sans-serif;\"><span style=\"font-size: 10pt;\"><span style=\"font-family: tahoma, arial, helvetica, sans-serif;\">Fax +39 02 45478120<\/span><\/span><\/span><\/span><\/span><\/span><\/div>\n<div><span style=\"font-size: 10pt;\"><span style=\"font-family: tahoma, arial, helvetica, sans-serif;\"><span style=\"font-size: 10pt;\"><span style=\"font-family: tahoma, arial, helvetica, sans-serif;\"><span style=\"font-size: 10pt;\"><span style=\"font-family: tahoma, arial, helvetica, sans-serif;\">gallery@cardiblackbox.com<\/span><\/span><\/span><\/span><\/span><\/span><\/div>\n<div><span style=\"font-size: 10pt;\"><span style=\"font-family: tahoma, arial, helvetica, sans-serif;\"><span style=\"font-size: 10pt;\"><span style=\"font-family: tahoma, arial, helvetica, sans-serif;\"><span style=\"font-size: 10pt;\"><span style=\"font-family: tahoma, arial, helvetica, sans-serif;\"><a href=\"http:\/\/t.ymlp280.net\/hbaiabmewaaabwaxaqyq\/click.php\" target=\"_blank\"><span style=\"color: #0066cc;\">www.cardiblackbox.com<\/span><\/a><\/span><\/span><\/span><\/span><\/span><\/span><\/div>\n<div><span style=\"font-size: 10pt;\"><span style=\"font-family: tahoma, arial, helvetica, sans-serif;\"><span style=\"font-size: 10pt;\"><span style=\"font-family: tahoma, arial, helvetica, sans-serif;\"><span style=\"font-size: 10pt;\"><span style=\"font-family: tahoma, arial, helvetica, sans-serif;\"><strong>Orari di visita<\/strong><\/span><\/span><\/span><\/span><\/span><\/span><\/div>\n<div><span style=\"font-size: 10pt;\"><span style=\"font-family: tahoma, arial, helvetica, sans-serif;\"><span style=\"font-size: 10pt;\"><span style=\"font-family: tahoma, arial, helvetica, sans-serif;\"><span style=\"font-size: 10pt;\"><span style=\"font-family: tahoma, arial, helvetica, sans-serif;\">Da luned\u00ec a sabato 10-19<\/span><\/span><\/span><\/span><\/span><\/span><\/div>\n<div><span style=\"font-size: 10pt;\"><span style=\"font-family: tahoma, arial, helvetica, sans-serif;\"><span style=\"font-size: 10pt;\"><span style=\"font-family: tahoma, arial, helvetica, sans-serif;\"><span style=\"font-size: 10pt;\"><span style=\"font-family: tahoma, arial, helvetica, sans-serif;\"><strong>Ingresso libero<\/strong><\/span><\/span><a href=\"http:\/\/t.ymlp280.net\/hhatabmewarabwanaqyq\/click.php\" target=\"_blank\"><span style=\"color: #0066cc;\">Continue<\/span><\/a><\/span><\/span><\/span><\/span><\/div>\n<\/div>\n<\/div>\n","protected":false},"excerpt":{"rendered":"<p>Cardi Black Box Milano, corso di Porta Nuova 38 \u00a0 da gioved\u00ec 6 settembre sino a fine novembre 2012 \u00a0 \u00a0A.R. Penck \u00a0 \u00a0 RETROSPECTIVE \u00a0 \u00a0\u00a0\u00a0\u00a0\u00a0 Inaugurazione: Mercoled\u00ec 5 settembre 2012 ore 18.00 \u2013 21.00 Cardi Black Box \u00e8 lieta di annunciare la ripresa della nuova stagione espositiva con un\u2019importante retrospettiva dedicata a uno &hellip; <a href=\"https:\/\/www.gdapress.it\/it\/index.php\/27376\/arte\/cardi-black-box-a-r-penk-milano.html\" class=\"more-link\">Read more <span class=\"screen-reader-text\">CARDI BLACK BOX  &#8211; A.R. PENK &#8211; MILANO<\/span><\/a><\/p>\n","protected":false},"author":2,"featured_media":0,"comment_status":"open","ping_status":"open","sticky":false,"template":"","format":"standard","meta":{"footnotes":""},"categories":[4],"tags":[17446,2402,2401,17,9380],"class_list":["post-27376","post","type-post","status-publish","format-standard","hentry","category-arte","tag-arte","tag-black-box","tag-cardi","tag-milano","tag-penck"],"_links":{"self":[{"href":"https:\/\/www.gdapress.it\/it\/index.php\/wp-json\/wp\/v2\/posts\/27376","targetHints":{"allow":["GET"]}}],"collection":[{"href":"https:\/\/www.gdapress.it\/it\/index.php\/wp-json\/wp\/v2\/posts"}],"about":[{"href":"https:\/\/www.gdapress.it\/it\/index.php\/wp-json\/wp\/v2\/types\/post"}],"author":[{"embeddable":true,"href":"https:\/\/www.gdapress.it\/it\/index.php\/wp-json\/wp\/v2\/users\/2"}],"replies":[{"embeddable":true,"href":"https:\/\/www.gdapress.it\/it\/index.php\/wp-json\/wp\/v2\/comments?post=27376"}],"version-history":[{"count":3,"href":"https:\/\/www.gdapress.it\/it\/index.php\/wp-json\/wp\/v2\/posts\/27376\/revisions"}],"predecessor-version":[{"id":27380,"href":"https:\/\/www.gdapress.it\/it\/index.php\/wp-json\/wp\/v2\/posts\/27376\/revisions\/27380"}],"wp:attachment":[{"href":"https:\/\/www.gdapress.it\/it\/index.php\/wp-json\/wp\/v2\/media?parent=27376"}],"wp:term":[{"taxonomy":"category","embeddable":true,"href":"https:\/\/www.gdapress.it\/it\/index.php\/wp-json\/wp\/v2\/categories?post=27376"},{"taxonomy":"post_tag","embeddable":true,"href":"https:\/\/www.gdapress.it\/it\/index.php\/wp-json\/wp\/v2\/tags?post=27376"}],"curies":[{"name":"wp","href":"https:\/\/api.w.org\/{rel}","templated":true}]}}