
{"id":24548,"date":"2012-05-11T09:38:06","date_gmt":"2012-05-11T07:38:06","guid":{"rendered":"http:\/\/www.gdapress.it\/it\/?p=24548"},"modified":"2012-05-11T09:45:15","modified_gmt":"2012-05-11T07:45:15","slug":"68a-stagione-sinfonica-orchestra-i-pomeriggi-musicali","status":"publish","type":"post","link":"https:\/\/www.gdapress.it\/it\/index.php\/24548\/musica\/68a-stagione-sinfonica-orchestra-i-pomeriggi-musicali.html","title":{"rendered":"68\u00aa STAGIONE SINFONICA ORCHESTRA I POMERIGGI MUSICALI"},"content":{"rendered":"<p class=\"MsoNormal\" style=\"text-align: center; margin: 0cm 0cm 0pt; mso-pagination: none; tab-stops: 28.3pt 56.65pt 85.0pt 113.35pt 141.7pt 170.05pt 198.4pt 226.75pt 255.1pt 283.45pt 311.8pt 340.15pt; mso-layout-grid-align: none;\" align=\"center\"><span style=\"font-family: arial; font-size: 11pt; mso-ansi-language: it;\"><span style=\"color: #000000;\"><span><strong>68\u00aa STAGIONE SINFONICA<\/strong><\/span><\/span><\/span><\/p>\n<p class=\"Nessunaspaziatura\" style=\"text-align: center; margin: 0cm 0cm 0pt;\" align=\"center\"><span style=\"font-family: arial; font-size: 11pt; mso-ansi-language: it;\"><span style=\"color: #000000;\"><span style=\"font-family: arial; color: black; font-size: 16pt;\"><strong>ORCHESTRA I POMERIGGI MUSICALI<\/strong><\/span><\/span><\/span><\/p>\n<p class=\"Nessunaspaziatura\" style=\"text-align: center; margin: 0cm 0cm 0pt;\" align=\"center\"><span style=\"font-family: arial; font-size: 11pt; mso-ansi-language: it;\"><span style=\"color: #000000;\"><span style=\"font-family: arial; color: black;\"><span style=\"font-size: small;\"><strong>\u00a0<\/strong><\/span><\/span><\/span><\/span><\/p>\n<p class=\"Nessunaspaziatura\" style=\"text-align: center; margin: 0cm 0cm 0pt;\" align=\"center\"><span style=\"font-family: arial; font-size: 11pt; mso-ansi-language: it;\"><span style=\"color: #000000;\"><span style=\"font-family: arial; color: black;\"><span style=\"font-size: small;\"><strong>Direttore Artistico, Massimo Collarini<\/strong><\/span><\/span><\/span><\/span><\/p>\n<p class=\"Nessunaspaziatura\" style=\"text-align: center; margin: 0cm 0cm 0pt;\" align=\"center\"><span style=\"font-family: arial; font-size: 11pt; mso-ansi-language: it;\"><span style=\"color: #000000;\"><span style=\"font-family: arial; color: black; font-size: 11pt;\"><strong>\u00a0<\/strong><\/span><\/span><\/span><\/p>\n<p class=\"Nessunaspaziatura\" style=\"text-align: center; margin: 0cm 0cm 0pt;\" align=\"center\"><span style=\"font-family: arial; font-size: 11pt; mso-ansi-language: it;\"><span style=\"color: #000000;\"><span style=\"font-family: arial; color: black; font-size: 14pt;\"><strong>Stagione 2012-2013 <\/strong><\/span><\/span><\/span><\/p>\n<p class=\"Nessunaspaziatura\" style=\"text-align: center; margin: 0cm 0cm 0pt;\" align=\"center\"><span style=\"font-family: arial; font-size: 11pt; mso-ansi-language: it;\"><span style=\"color: #000000;\"><span style=\"font-family: arial; color: black; font-size: 14pt;\"><strong>\u00a0<\/strong><\/span><\/span><\/span><\/p>\n<p class=\"Nessunaspaziatura\" style=\"text-align: center; margin: 0cm 0cm 0pt;\" align=\"center\"><span style=\"font-family: arial; font-size: 11pt; mso-ansi-language: it;\"><span style=\"color: #000000;\"><span style=\"font-family: arial; color: black;\"><span style=\"font-size: small;\"><strong>23 concerti al gioved\u00ec sera alle ore 21.00<\/strong><\/span><\/span><\/span><\/span><\/p>\n<p class=\"Nessunaspaziatura\" style=\"text-align: center; margin: 0cm 0cm 0pt;\" align=\"center\"><span style=\"font-family: arial; font-size: 11pt; mso-ansi-language: it;\"><span style=\"color: #000000;\"><span style=\"font-family: arial; color: black;\"><span style=\"font-size: small;\"><strong>23 concerti al sabato pomeriggio alle ore 17.00<\/strong><\/span><\/span><\/span><\/span><\/p>\n<p class=\"Nessunaspaziatura\" style=\"text-align: center; margin: 0cm 0cm 0pt;\" align=\"center\"><span style=\"font-family: arial; font-size: 11pt; mso-ansi-language: it;\"><span style=\"color: #000000;\"><span style=\"font-family: arial; color: black;\"><span style=\"font-size: small;\"><strong>\u00a0<\/strong><\/span><\/span><\/span><\/span><\/p>\n<p class=\"Nessunaspaziatura\" style=\"text-align: center; margin: 0cm 0cm 0pt;\" align=\"center\"><span style=\"font-family: arial; font-size: 11pt; mso-ansi-language: it;\"><span style=\"color: #000000;\"><span style=\"font-family: arial; color: black;\"><span style=\"font-size: small;\"><strong>DAL 25 OTTOBRE 2012 AL 25 MAGGIO 2013<\/strong><\/span><\/span><\/span><\/span><\/p>\n<p class=\"Nessunaspaziatura\" style=\"text-align: center; margin: 0cm 0cm 0pt;\" align=\"center\"><span style=\"font-family: arial; font-size: 11pt; mso-ansi-language: it;\"><span style=\"color: #000000;\"><span style=\"font-family: arial; color: black;\"><span style=\"font-size: small;\"><strong>Nota\u00a0di\u00a0\u00a0<span style=\"font-family: arial; font-size: 12pt; mso-fareast-font-family: 'times new roman'; mso-fareast-language: en-us; mso-ansi-language: it; mso-bidi-language: ar-sa;\">Riccardo Bertollini<\/span><\/strong><span style=\"font-family: arial; font-size: 12pt; mso-fareast-font-family: 'times new roman'; mso-fareast-language: en-us; mso-ansi-language: it; mso-bidi-language: ar-sa;\">, Presidente Fondazione <\/span><\/span><\/span><\/span><\/span><\/p>\n<p class=\"MsoNormal\" style=\"text-align: justify; line-height: 150%; margin: 0cm 0cm 0pt;\"><span style=\"font-family: arial; mso-ansi-language: it;\"><span style=\"color: #000000;\">\u201cPresentiamo\u00a0 il cartellone della Stagione Sinfonica 2012 &#8211; 2013 dell\u2019Orchestra I Pomeriggi Musicali. Esprimo al Direttore Artistico prof. Massimo Collarini il plauso della Fondazione per la proposta di un programma affascinante, raffinato e denso di proposte non convenzionali. Prima di entrare nel merito, desidero condividere con le Istituzioni, con il Pubblico e con la Stampa il grande entusiasmo con il quale ci accingiamo a presentare i due concerti straordinari che andranno in scena nelle prossime settimane al Teatro degli Arcimboldi\u201d- dichiara <strong style=\"mso-bidi-font-weight: normal;\">Riccardo Bertollini<\/strong>, Presidente della Fondazione I Pomeriggi Musicali e prosegue: \u201cGioved\u00ec 24 maggio, il sipario si aprir\u00e0 su <em style=\"mso-bidi-font-style: normal;\">Padre Cicogna<\/em>, il bellissimo racconto sinfonico di Eduardo De Filippo interpretato da suo figlio Luca con l\u2019Orchestra dei Pomeriggi diretta da Nicola Piovani. <\/span><\/span><\/p>\n<p class=\"MsoNormal\" style=\"text-align: justify; line-height: 150%; margin: 0cm 0cm 0pt;\"><span style=\"font-family: arial; mso-ansi-language: it;\"><span style=\"color: #000000;\">Sabato 26 maggio, I Pomeriggi porteranno sul grande palcoscenico della Bicocca FuturOrchestra, la formazione milanese del Sistema delle Orchestre e dei Cori giovanili e Infantili in Italia. Centoventi professori d\u2019orchestra e centotrenta coristi &#8211; tutti di et\u00e0 compresa tra i 7 e i 17 anni \u2013 eseguiranno musiche di Bach, Beethoven, Piazzolla e Morricone in un grande concerto il cui incasso sar\u00e0 devoluto a favore dell\u2019Associazione Dottor Sorriso. A questo proposito la Fondazione esprime il suo sentito ringraziamento al Maestro Ennio Morricone che ha offerto generosamente la sua presenza. Il Maestro diriger\u00e0 la formazione nell\u2019esecuzione di tutti i suoi pezzi in programma.\u201d<\/span><\/span><\/p>\n<p class=\"MsoNormal\" style=\"margin: 0cm 0cm 0pt;\">\u00a0<\/p>\n<p class=\"MsoNormal\" style=\"margin: 0cm 0cm 0pt;\">\u00a0<\/p>\n<p class=\"MsoNormal\" style=\"margin: 0cm 0cm 0pt;\"><strong style=\"mso-bidi-font-weight: normal;\"><span style=\"font-family: arial; font-size: 11pt; mso-ansi-language: it;\"><span style=\"color: #000000;\">Nota del Direttore Artistico<\/span><\/span><\/strong><\/p>\n<p class=\"MsoNormal\" style=\"margin: 0cm 0cm 0pt;\"><strong style=\"mso-bidi-font-weight: normal;\"><span style=\"font-family: arial; font-size: 11pt; mso-ansi-language: it;\"><span style=\"color: #000000;\">\u00a0<\/span><\/span><\/strong><\/p>\n<p class=\"MsoNormal\" style=\"text-align: justify; line-height: 150%; margin: 0cm 0cm 0pt;\"><span style=\"line-height: 150%; font-family: arial; font-size: 11pt; mso-ansi-language: it;\"><span style=\"color: #000000;\">Il nostro Paese riserva all\u2019arte e alla cultura meno attenzione di quanto esse ne meriterebbero. E\u2019 un dato di fatto: in Italia lo spettacolo d\u2019intrattenimento \u00e8 di gran lunga pi\u00f9 sponsorizzato della produzione \u201cd\u2019arte\u201d che invece &#8211; ai miei occhi di musicista e operatore &#8211; rappresenta un valore importante nella crescita umana e civile di una societ\u00e0. La crisi economica e finanziaria che stiamo attraversando impone tagli e razionalizzazione degli investimenti ma ci\u00f2 non dovrebbe indurre gli operatori a rinunciare ad un lavoro di ricerca e proposta pi\u00f9 approfondito. In un\u2019epoca che predilige proposte standardizzate e seriali, spingendo ad una certa omologazione delle richieste e dei contenuti, trovo abbastanza naturale &#8211; per un musicista &#8211; ripensare alla straordinaria avventura del Romanticismo, con la sua affermazione dirompente della libert\u00e0 d\u2019espressione individuale, con la ricerca di un linguaggio musicale nuovo, capace di esprimere compiutamente l\u2019anelito verso l\u2019alto e l\u2019infinito di ognuno di noi. Queste semplici riflessioni mi hanno accompagnato nei mesi in cui ho \u201dmontato\u201d la 68<span style=\"color: black;\">\u00aa<\/span> Stagione Sinfonica dell\u2019Orchestra I Pomeriggi Musicali, la mia prima Stagione nelle vesti di Direttore Artistico. Articolata in ventitre concerti, la <strong style=\"mso-bidi-font-weight: normal;\">68<span style=\"color: black;\">\u00aa<\/span> Stagione debutter\u00e0 il 25 ottobre 2012 e si concluder\u00e0 il 25 maggio<\/strong> <strong style=\"mso-bidi-font-weight: normal;\">2013<\/strong>. Nei consueti appuntamenti al Teatro Dal Verme (il gioved\u00ec ore 21.00 e il sabato ore 17.00) presenter\u00e0 molte pagine di <strong style=\"mso-bidi-font-weight: normal;\">Mozart<\/strong>, <strong style=\"mso-bidi-font-weight: normal;\">Beethoven<\/strong>, <strong style=\"mso-bidi-font-weight: normal;\">Haydn<\/strong>, ma dar\u00e0 soprattutto ampio spazio alla musica del Romanticismo tra Ottocento e Novecento. <\/span><\/span><\/p>\n<p class=\"MsoNormal\" style=\"text-align: justify; line-height: 150%; margin: 0cm 0cm 0pt;\"><span style=\"color: #000000;\"><span style=\"line-height: 150%; font-family: arial; font-size: 11pt; mso-ansi-language: it;\">La produzione russa sar\u00e0 rappresentata dal <em style=\"mso-bidi-font-style: normal;\">Concerto per pianoforte e orchestra n. 1<\/em> di <strong style=\"mso-bidi-font-weight: normal;\">Cajkovskij<\/strong> (25 e 27 ottobre 2012), dallo <em style=\"mso-bidi-font-style: normal;\">Scherzo<\/em> di <strong style=\"mso-bidi-font-weight: normal;\">Borodin<\/strong>; dal <em style=\"mso-bidi-font-style: normal;\">Concerto per sassofono e orchestra d\u2019archi<\/em> di <strong style=\"mso-bidi-font-weight: normal;\">Glazunov<\/strong>, e da <em style=\"mso-bidi-font-style: normal;\">Pulcinella, suite<\/em> di<strong style=\"mso-bidi-font-weight: normal;\"> Stravinskij<\/strong> (31 gennaio e 2 febbraio 2013); dal <\/span><em style=\"mso-bidi-font-style: normal;\"><span style=\"line-height: 150%; font-family: arial; letter-spacing: -0.15pt; color: black; font-size: 11pt; mso-fareast-font-family: '\u30d2\u30e9\u30ae\u30ce\u89d2\u30b4 pro w3'; mso-ansi-language: it;\">Concerto per pianoforte, tromba e orchestra d\u2019archi<\/span><\/em><span style=\"line-height: 150%; font-family: arial; font-size: 11pt; mso-ansi-language: it;\"> di <\/span><strong style=\"mso-bidi-font-weight: normal;\"><span style=\"line-height: 150%; font-family: arial; letter-spacing: -0.15pt; color: black; font-size: 11pt; mso-fareast-font-family: '\u30d2\u30e9\u30ae\u30ce\u89d2\u30b4 pro w3'; mso-ansi-language: it;\">\u0160ostakovi\u010d<\/span><\/strong><span style=\"line-height: 150%; font-family: arial; font-size: 11pt; mso-ansi-language: it;\">e dalla <em style=\"mso-bidi-font-style: normal;\">Sinfonia n. 1<\/em> di <strong style=\"mso-bidi-font-weight: normal;\">Prokof\u2019ev <\/strong>(6 e 11 aprile 2013); dal <\/span><em style=\"mso-bidi-font-style: normal;\"><span style=\"line-height: 150%; font-family: arial; letter-spacing: -0.25pt; color: black; font-size: 11pt; mso-fareast-font-family: '\u30d2\u30e9\u30ae\u30ce\u89d2\u30b4 pro w3'; mso-ansi-language: it;\">Concerto per<\/span><\/em><span style=\"line-height: 150%; font-family: arial; letter-spacing: -0.25pt; color: black; font-size: 11pt; mso-fareast-font-family: '\u30d2\u30e9\u30ae\u30ce\u89d2\u30b4 pro w3'; mso-ansi-language: it;\"> <em style=\"mso-bidi-font-style: normal;\">pianoforte e orchestra n. 3<\/em> <\/span><strong style=\"mso-bidi-font-weight: normal;\"><span style=\"line-height: 150%; font-family: arial; font-size: 11pt; mso-ansi-language: it;\"><span style=\"mso-spacerun: yes;\">\u00a0<\/span><\/span><\/strong><span style=\"line-height: 150%; font-family: arial; font-size: 11pt; mso-ansi-language: it;\">di<strong style=\"mso-bidi-font-weight: normal;\"> Rachmaninov<\/strong> (18 e 20 aprile 2013) e dal <em style=\"mso-bidi-font-style: normal;\">Concerto per violino e orchestra op. 22 <\/em>di <strong style=\"mso-bidi-font-weight: normal;\">Wieniawskj<\/strong> (23 e 25 maggio 2013). <\/span><\/span><\/p>\n<p class=\"MsoNormal\" style=\"text-align: justify; line-height: 150%; margin: 0cm 0cm 0pt;\"><span style=\"line-height: 150%; font-family: arial; font-size: 11pt; mso-ansi-language: it;\"><span style=\"color: #000000;\">\u00a0<\/span><\/span><\/p>\n<p class=\"MsoNormal\" style=\"text-align: justify; line-height: 150%; margin: 0cm 0cm 0pt;\"><span style=\"line-height: 150%; font-family: arial; font-size: 11pt; mso-ansi-language: it;\"><span style=\"color: #000000;\">\u00a0<\/span><\/span><\/p>\n<p class=\"MsoNormal\" style=\"text-align: justify; line-height: 150%; margin: 0cm 0cm 0pt;\"><span style=\"color: #000000;\"><span style=\"line-height: 150%; font-family: arial; font-size: 11pt; mso-ansi-language: it;\">L\u2019immenso repertorio tedesco sar\u00e0 lambito con la <em style=\"mso-bidi-font-style: normal;\">Sinfonia<\/em><em style=\"mso-bidi-font-style: normal;\"> in Do maggiore<\/em> di <strong style=\"mso-bidi-font-weight: normal;\">Wagner<\/strong> (29 novembre e 1 dicembre 2012), con la <em style=\"mso-bidi-font-style: normal;\">Serenata<\/em><em style=\"mso-bidi-font-style: normal;\"> n. 1<\/em> e le <em style=\"mso-bidi-font-style: normal;\">Variazioni su un tema di Haydn<\/em> di<span style=\"mso-spacerun: yes;\">\u00a0 <\/span><strong style=\"mso-bidi-font-weight: normal;\">Brahms<\/strong> (7 e 9 febbraio 2013), con <em style=\"mso-bidi-font-style: normal;\">Le Ebridi<\/em> di <strong style=\"mso-bidi-font-weight: normal;\">Mendelssohn <\/strong>(14 e 16 febbraio 2013), con la <em style=\"mso-bidi-font-style: normal;\">Sinfonia<\/em><em style=\"mso-bidi-font-style: normal;\"> n. 1<\/em> di <strong style=\"mso-bidi-font-weight: normal;\">Schumann<\/strong> (16 e 18 maggio 2013), e con ben tre composizioni di <strong style=\"mso-bidi-font-weight: normal;\">Richard Strauss<\/strong>: <em style=\"mso-bidi-font-style: normal;\">Metamorphosen <\/em>( 14 e 16 febbraio 2013), il <\/span><em style=\"mso-bidi-font-style: normal;\"><span style=\"line-height: 150%; font-family: arial; color: black; font-size: 11pt; mso-fareast-font-family: '\u30d2\u30e9\u30ae\u30ce\u89d2\u30b4 pro w3'; mso-ansi-language: it;\">Duetto &#8211; conce<\/span><\/em><em style=\"mso-bidi-font-style: normal;\"><span style=\"line-height: 150%; font-family: arial; font-size: 11pt; mso-ansi-language: it;\">rtino per clarinetto, fagotto, <\/span><\/em><em style=\"mso-bidi-font-style: normal;\"><span style=\"line-height: 150%; font-family: arial; color: black; font-size: 11pt; mso-fareast-font-family: '\u30d2\u30e9\u30ae\u30ce\u89d2\u30b4 pro w3'; mso-ansi-language: it;\">orchestra d&#8217;archi e arpa<\/span><\/em><span style=\"line-height: 150%; font-family: arial; font-size: 11pt; mso-ansi-language: it;\"> (28 febbraio e 2 marzo 2013) e la <em style=\"mso-bidi-font-style: normal;\">Suite<\/em><em style=\"mso-bidi-font-style: normal;\"> op. 4<\/em> (14 e 16 marzo 2013).<\/span><\/span><\/p>\n<p class=\"MsoNormal\" style=\"text-align: justify; line-height: 150%; margin: 0cm 0cm 0pt;\"><span style=\"line-height: 150%; font-family: arial; font-size: 11pt; mso-ansi-language: it;\"><span style=\"color: #000000;\">Ci sar\u00e0 un appuntamento con <strong style=\"mso-bidi-font-weight: normal;\">Carl Reinecke<\/strong>, autore di valore, poco frequentato dalle orchestre italiane, famoso soprattutto per essere stato maestro di Edvard Grieg e di Max Bruch. Di <strong style=\"mso-bidi-font-weight: normal;\">Reinecke <\/strong>proporremo il <em style=\"mso-bidi-font-style: normal;\">Concerto per flauto e orchestra<\/em> (15 e 17 novembre 2012), passando poi il testimone a <strong style=\"mso-bidi-font-weight: normal;\">Max Bruch<\/strong> con il suo <em style=\"mso-bidi-font-style: normal;\">Concerto per violino e orchestra op. 26 <\/em>(29 novembre e 1 dicembre 2012), mentre del norvegese <strong style=\"mso-bidi-font-weight: normal;\">Grieg<\/strong> ascolteremo le <em style=\"mso-bidi-font-style: normal;\">Suite n. 1 e 2<\/em> dal <em style=\"mso-bidi-font-style: normal;\">Peer Gynt<\/em> (18 e 20 aprile 2012). <\/span><\/span><\/p>\n<p class=\"Modulovuoto\" style=\"text-align: justify; line-height: 150%; margin: 0cm 0cm 0pt;\"><span style=\"line-height: 150%; font-family: arial; font-size: 11pt;\"><span style=\"color: #000000;\">L\u2019area austro-ungarica trover\u00e0 espressione nella <em style=\"mso-bidi-font-style: normal;\">Sinfonia dal Nuovo Mondo<\/em> e nella <em style=\"mso-bidi-font-style: normal;\">Suite ceca <\/em>di <strong style=\"mso-bidi-font-weight: normal;\">Dvorak, <\/strong>(25 e 27 ottobre 2012 e 27 aprile, 2 maggio 2013), con le <em style=\"mso-bidi-font-style: normal;\">Danze di Galanta<\/em> di <strong style=\"mso-bidi-font-weight: normal;\">Kodaly<\/strong> (29 novembre e 1 dicembre 2012), nel possente<em style=\"mso-bidi-font-style: normal;\"> Concerto per due pianoforti, percussioni e orchestra <\/em>di <strong style=\"mso-bidi-font-weight: normal;\">Bartok<\/strong> (27 aprile, 2 maggio 2013) e nelle <em style=\"mso-bidi-font-style: normal;\">Sinfonie n. 5 e n. 7<\/em> di <strong style=\"mso-bidi-font-weight: normal;\">Franz Schubert<\/strong> (23 e 25 maggio 2013). <\/span><\/span><\/p>\n<p class=\"Modulovuoto\" style=\"text-align: justify; line-height: 150%; margin: 0cm 0cm 0pt;\"><span style=\"line-height: 150%; font-family: arial; font-size: 11pt;\"><span style=\"color: #000000;\">Il secondo Ottocento vede nascere la coscienza dell\u2019identit\u00e0 nazionale, l\u2019interesse per le tradizioni folkloristiche, l\u2019approfondimento della musica popolare vissuta e sentita come espressione dell\u2019anima di un popolo. Nel corso della prossima Stagione, il Dal Verme riechegger\u00e0 delle danze slave, dei ritmi dei neri e dei nativi d\u2019America, delle sonorit\u00e0 nordeuropee. I ritmi tzigani lanceranno un ponte ideale tra l\u2019est europeo, la Francia di <strong style=\"mso-bidi-font-weight: normal;\">Ravel<\/strong> con <em style=\"mso-bidi-font-style: normal;\">Tzigane per violino e orchestra<\/em> e la Spagna di <strong style=\"mso-bidi-font-weight: normal;\">Sarasate<\/strong> (<em style=\"mso-bidi-font-style: normal;\">Arie Tzigane)<\/em> e di <strong style=\"mso-bidi-font-weight: normal;\">Turina<\/strong>, <em style=\"mso-bidi-font-style: normal;\">Danze gitane<\/em> (8 e 10 novembre 2012). <\/span><\/span><\/p>\n<p class=\"Modulovuoto\" style=\"text-align: justify; line-height: 150%; margin: 0cm 0cm 0pt;\"><span style=\"line-height: 150%; font-family: arial; font-size: 11pt;\"><span style=\"color: #000000;\">In tre diversi appuntamenti ascolteremo autori contemporanei confrontarsi con le forme classiche. E\u2019 il caso dei gi\u00e0 citati Stravinskij e Prokof\u2019ev con <em style=\"mso-bidi-font-style: normal;\">Pulcinella<\/em> e la <em style=\"mso-bidi-font-style: normal;\">Sinfonia<\/em><em style=\"mso-bidi-font-style: normal;\"> \u201cClassica\u201d<\/em> ed \u00e8 il caso dell\u2019italiano <strong style=\"mso-bidi-font-weight: normal;\">Ottorino Respighi,<\/strong> di cui eseguiremo <em style=\"mso-bidi-font-style: normal;\">Gli Uccelli<\/em> (15 e 17 novembre 2012), trama intessuta di musica antica e il colorismo dell\u2019orchestra moderna. Di molti compositori, soprattutto di quelli che contano un gran numero di esecuzioni da parte delle orchestre italiane, ho scelto brani meno frequentati, prediligendo il repertorio di concerti per strumento e orchestra. E\u2019 il caso, per esempio, dei tre appuntamenti con la musica di <strong style=\"mso-bidi-font-weight: normal;\">Richard Strauss<\/strong>. Questa scelta, di sicuro imposta dalla necessit\u00e0 di individuare opere eseguibili con l\u2019organico dei Pomeriggi Musicali, si \u00e8 rivelata poi molto interessante da un punto di vista progettuale, consentendo la proposta di pagine meno note, ma non per questo meno coinvolgenti rispetto alle partiture pi\u00f9 famose degli stessi autori.<\/span><\/span><\/p>\n<p class=\"MsoNormal\" style=\"text-align: justify; line-height: 150%; margin: 0cm 0cm 0pt;\"><span style=\"line-height: 150%; font-family: arial; font-size: 11pt; mso-ansi-language: it;\"><span style=\"color: #000000;\">\u00a0<\/span><\/span><\/p>\n<p class=\"MsoNormal\" style=\"text-align: justify; line-height: 150%; margin: 0cm 0cm 0pt;\"><span style=\"line-height: 150%; font-family: arial; font-size: 11pt; mso-ansi-language: it;\"><span style=\"color: #000000;\">\u00a0<\/span><\/span><\/p>\n<p class=\"MsoNormal\" style=\"text-align: justify; line-height: 150%; margin: 0cm 0cm 0pt;\"><span style=\"color: #000000;\"><span style=\"line-height: 150%; font-family: arial; font-size: 11pt; mso-ansi-language: it;\">Oltre al focus \u201cromantico\u201d altre trame percorrono la Stagione 2012-2013 dei Pomeriggi Musicali. Sul fronte della musica contemporanea desidero segnalare l\u2019esecuzione di due dei nostri pi\u00f9 interessanti e riconosciuti compositori, <strong style=\"mso-bidi-font-weight: normal;\">Giovanni Sollima<\/strong>, <em style=\"mso-bidi-font-style: normal;\">The Black Owl<\/em>, concerto per chitarra e orchestra composto nel 2010 (22 e 24 novembre 2012) e <strong style=\"mso-bidi-font-weight: normal;\">Sylvano Bussotti<\/strong>, del quale ascolteremo <em style=\"mso-bidi-font-style: normal;\">Furioso di Amneris, Ulrica, Eboli, Azucena e delle streghe<\/em>, opera del 1994. Avremo, inoltre, la prima esecuzione in Italia di <em style=\"mso-bidi-font-style: normal;\">Where the Bee Dances, <\/em><\/span><em style=\"mso-bidi-font-style: normal;\"><span style=\"line-height: 150%; font-family: arial; color: black; font-size: 11pt; mso-fareast-font-family: '\u30d2\u30e9\u30ae\u30ce\u89d2\u30b4 pro w3'; mso-ansi-language: it;\">concerto per sassofono contralto e orchestra<\/span><\/em><span style=\"line-height: 150%; font-family: arial; font-size: 11pt; mso-ansi-language: it;\">di <strong style=\"mso-bidi-font-weight: normal;\">Michael Nyman<\/strong> (31 gennaio, 2 febbraio 2013). <\/span><\/span><\/p>\n<p class=\"MsoNormal\" style=\"text-align: justify; line-height: 150%; margin: 0cm 0cm 0pt;\"><span style=\"line-height: 150%; font-family: arial; font-size: 11pt; mso-ansi-language: it;\"><span style=\"color: #000000;\">Per quanto concerne le nuove commissioni della Fondazione I Pomeriggi Musicali, ringrazio I Maestri <strong style=\"mso-bidi-font-weight: normal;\">Giampaolo Testoni<\/strong>, <strong style=\"mso-bidi-font-weight: normal;\">Stefano Martinotti<\/strong>, <strong style=\"mso-bidi-font-weight: normal;\">Alberto Cara <\/strong>e<strong style=\"mso-bidi-font-weight: normal;\"> Michele Dall\u2019Ongaro<\/strong> per aver accettato il nostro invito. Mi \u00e8 parso interessante lasciare a quattro personalit\u00e0 cos\u00ec diverse la possibilit\u00e0 di comporre in libert\u00e0, ponendo come unico limite l\u2019organico orchestrale dei Pomeriggi Musicali e una certa indicazione di minutaggio.<\/span><\/span><\/p>\n<p class=\"MsoNormal\" style=\"text-align: justify; line-height: 150%; margin: 0cm 0cm 0pt; mso-layout-grid-align: none;\"><span style=\"line-height: 150%; font-family: arial; font-size: 11pt; mso-ansi-language: it;\"><span style=\"color: #000000;\">Veniamo agli esecutori: la stagione sar\u00e0 inaugurata dal direttore principale dei Pomeriggi Musicali, <strong style=\"mso-bidi-font-weight: normal;\">Giordano Bellincampi<\/strong>, che ritorner\u00e0 poi il 18 e 20 aprile 2013 per il programma con Rachmaninov e Grieg e ancora il 16 e il 18 maggio 2013 (Weber, Lalo, Schumann). Graditi ritorni quelli di <strong style=\"mso-bidi-font-weight: normal;\">Antonio Ballista<\/strong> (10 e 12 gennaio 2013) che presenter\u00e0 un programma ideato e orchestrato da <strong style=\"mso-bidi-font-weight: normal;\">Alessandro Lucchetti<\/strong>: <em style=\"mso-bidi-font-style: normal;\">Verdi o Wagner: una disputa popolare?<\/em>; Ritorner\u00e0 <strong style=\"mso-bidi-font-weight: normal;\">Antonello Manacorda<\/strong>, direttore stabile dei Pomeriggi Musicali dal 2006 al 2010, per dirigere partiture di Brahms e Martinotti il 7 e il 9 febbraio 2013. Saliranno nuovamente sul podio dei Pomeriggi <strong style=\"mso-bidi-font-weight: normal;\">Pavel Berman<\/strong> (29 novembre e 1 dicembre 2012), <strong style=\"mso-bidi-font-weight: normal;\">Daniele Callegari<\/strong> (14 e 16 febbraio 2013), <strong style=\"mso-bidi-font-weight: normal;\">Christoph Poppen<\/strong> (21 e 23 febbraio 2013), <strong style=\"mso-bidi-font-weight: normal;\">Massimo Quarta<\/strong> (7 e 9 marzo 2013), <strong style=\"mso-bidi-font-weight: normal;\">Daniele Rustioni<\/strong> (6 e 11 aprile 2013), <strong style=\"mso-bidi-font-weight: normal;\">Tito Ceccherini<\/strong> (27 aprile e 2 maggio2013).<\/span><\/span><\/p>\n<p class=\"MsoNormal\" style=\"text-align: justify; line-height: 150%; margin: 0cm 0cm 0pt; mso-layout-grid-align: none;\"><span style=\"line-height: 150%; font-family: arial; font-size: 11pt; mso-ansi-language: it;\"><span style=\"color: #000000;\">Tra le nuove collaborazioni di cui ci onoriamo, desidero citare l\u2019incontro con <strong style=\"mso-bidi-font-weight: normal;\">Ramin Bahrami<\/strong> e il suo Bach (17 e 19 gennaio 2013) e quello con il sassofonista <strong style=\"mso-bidi-font-weight: normal;\">Federico Mondelici<\/strong> (31 gennaio \u2013 2 febbraio 2013). Per la prima volta sul podio dei Pomeriggi anche <strong style=\"mso-bidi-font-weight: normal;\">Walter Weller<\/strong> (28 febbraio e 2 marzo 2013) e <strong>Christopher Warren Green.<\/strong><\/span><\/span><\/p>\n<p class=\"MsoNormal\" style=\"text-align: justify; line-height: 150%; margin: 0cm 0cm 0pt;\"><span style=\"line-height: 150%; font-family: arial; font-size: 11pt; mso-ansi-language: it;\"><span style=\"color: #000000;\">Tra i solisti siamo felici si ritrovare <strong style=\"mso-bidi-font-weight: normal;\">Giuseppe Albanese<\/strong>, <strong style=\"mso-bidi-font-weight: normal;\">Mari e Hakon Samuelsen<\/strong>, <strong style=\"mso-bidi-font-weight: normal;\">Emanuele Segre<\/strong>, <strong style=\"mso-bidi-font-weight: normal;\">Roberto Cominati<\/strong> e <strong style=\"mso-bidi-font-weight: normal;\">Alban Gerhard<\/strong>, per citarne alcuni. Attendiamo con interesse <span style=\"mso-bidi-font-weight: bold;\">il debutto milanese<strong> <\/strong>di<strong> Noah Bendix Balgley <\/strong>(23 e 25 maggio 2012)<\/span> <\/span><\/span><\/p>\n<p class=\"MsoNormal\" style=\"text-align: justify; line-height: 150%; margin: 0cm 0cm 0pt;\"><span style=\"line-height: 150%; font-family: arial; font-size: 11pt; mso-ansi-language: it;\"><span style=\"color: #000000;\">Nutrita la schiera dei giovani talenti che salgono per la prima volta sul palcoscenico dei Pomeriggi Musicali e che contano quest\u2019anno anche sulla speciale collaborazione con la Giovent\u00f9 Musicale.<\/span><\/span><\/p>\n<p class=\"MsoNormal\" style=\"text-align: justify; line-height: 150%; margin: 0cm 0cm 0pt;\"><span style=\"line-height: 150%; font-family: arial; font-size: 11pt; mso-ansi-language: it;\"><span style=\"color: #000000;\">In chiusura un sentito ringraziamento al Maestro <strong style=\"mso-bidi-font-weight: normal;\">Bruno Casoni<\/strong>, al quale ci lega una collaborazione antica e felice. Il 21 e il 23 marzo 2013, Bruno Casoni salir\u00e0 sul podio dei Pomeriggi per dirigere un programma di grande interesse che vedr\u00e0 la partecipazione dello splendido Coro di Voci Bianche dell\u2019Accademia del Teatro alla Scala.<\/span><\/span><\/p>\n<p class=\"MsoNormal\" style=\"text-align: justify; line-height: 150%; margin: 0cm 0cm 0pt;\"><span style=\"line-height: 150%; font-family: arial; font-size: 11pt; mso-ansi-language: it;\"><span style=\"color: #000000;\">Per saperne di pi\u00f9 clicca in home page: dalverme.org<\/span><\/span><\/p>\n<p class=\"MsoNormal\" style=\"text-align: justify; line-height: 150%; margin: 0cm 0cm 0pt;\"><span style=\"line-height: 150%; font-family: arial; font-size: 11pt; mso-ansi-language: it;\"><span style=\"color: #000000;\">oppure<\/span><\/span><\/p>\n<p><a href=\"http:\/\/www.ipomeriggimusicali.it\">www.ipomeriggimusicali.it<\/a><\/p>\n<p><a href=\"http:\/\/www.dalverme.org\">www.dalverme.org<\/a><\/p>\n","protected":false},"excerpt":{"rendered":"<p>68\u00aa STAGIONE SINFONICA ORCHESTRA I POMERIGGI MUSICALI \u00a0 Direttore Artistico, Massimo Collarini \u00a0 Stagione 2012-2013 \u00a0 23 concerti al gioved\u00ec sera alle ore 21.00 23 concerti al sabato pomeriggio alle ore 17.00 \u00a0 DAL 25 OTTOBRE 2012 AL 25 MAGGIO 2013 Nota\u00a0di\u00a0\u00a0Riccardo Bertollini, Presidente Fondazione \u201cPresentiamo\u00a0 il cartellone della Stagione Sinfonica 2012 &#8211; 2013 dell\u2019Orchestra &hellip; <a href=\"https:\/\/www.gdapress.it\/it\/index.php\/24548\/musica\/68a-stagione-sinfonica-orchestra-i-pomeriggi-musicali.html\" class=\"more-link\">Read more <span class=\"screen-reader-text\">68\u00aa STAGIONE SINFONICA ORCHESTRA I POMERIGGI MUSICALI<\/span><\/a><\/p>\n","protected":false},"author":2,"featured_media":0,"comment_status":"open","ping_status":"open","sticky":false,"template":"","format":"standard","meta":{"footnotes":""},"categories":[19],"tags":[1546,5464],"class_list":["post-24548","post","type-post","status-publish","format-standard","hentry","category-musica","tag-dal-verme","tag-po"],"_links":{"self":[{"href":"https:\/\/www.gdapress.it\/it\/index.php\/wp-json\/wp\/v2\/posts\/24548","targetHints":{"allow":["GET"]}}],"collection":[{"href":"https:\/\/www.gdapress.it\/it\/index.php\/wp-json\/wp\/v2\/posts"}],"about":[{"href":"https:\/\/www.gdapress.it\/it\/index.php\/wp-json\/wp\/v2\/types\/post"}],"author":[{"embeddable":true,"href":"https:\/\/www.gdapress.it\/it\/index.php\/wp-json\/wp\/v2\/users\/2"}],"replies":[{"embeddable":true,"href":"https:\/\/www.gdapress.it\/it\/index.php\/wp-json\/wp\/v2\/comments?post=24548"}],"version-history":[{"count":5,"href":"https:\/\/www.gdapress.it\/it\/index.php\/wp-json\/wp\/v2\/posts\/24548\/revisions"}],"predecessor-version":[{"id":24553,"href":"https:\/\/www.gdapress.it\/it\/index.php\/wp-json\/wp\/v2\/posts\/24548\/revisions\/24553"}],"wp:attachment":[{"href":"https:\/\/www.gdapress.it\/it\/index.php\/wp-json\/wp\/v2\/media?parent=24548"}],"wp:term":[{"taxonomy":"category","embeddable":true,"href":"https:\/\/www.gdapress.it\/it\/index.php\/wp-json\/wp\/v2\/categories?post=24548"},{"taxonomy":"post_tag","embeddable":true,"href":"https:\/\/www.gdapress.it\/it\/index.php\/wp-json\/wp\/v2\/tags?post=24548"}],"curies":[{"name":"wp","href":"https:\/\/api.w.org\/{rel}","templated":true}]}}