
{"id":21947,"date":"2012-02-26T00:59:01","date_gmt":"2012-02-25T22:59:01","guid":{"rendered":"http:\/\/www.gdapress.it\/it\/?p=21947"},"modified":"2012-02-26T15:01:20","modified_gmt":"2012-02-26T13:01:20","slug":"grandi-eventi-f-i-s-a-r-vini-friulani-giuliani-e-sloveni-a-venezia-gradito-labito-rosso","status":"publish","type":"post","link":"https:\/\/www.gdapress.it\/it\/index.php\/21947\/enogastronomia\/grandi-eventi-f-i-s-a-r-vini-friulani-giuliani-e-sloveni-a-venezia-gradito-labito-rosso.html","title":{"rendered":"Grandi eventi F.I.S.A.R.Vini friulani, giuliani e sloveni a Venezia: \u201cgradito l\u2019abito rosso!\u201d"},"content":{"rendered":"<div style=\"mso-element: frame; mso-element-frame-width: 476.3pt; mso-element-wrap: auto; mso-element-anchor-vertical: page; mso-element-anchor-horizontal: page; mso-element-left: 66.65pt; mso-element-top: 265.75pt; mso-height-rule: exactly\">\n<table cellpadding=\"0\" cellspacing=\"0\" hspace=\"0\" vspace=\"0\" width=\"635\">\n<tbody>\n<tr>\n<td align=\"left\" style=\"border-bottom: #000000; border-left: #000000; padding-bottom: 0cm; background-color: transparent; padding-left: 0cm; padding-right: 0cm; border-top: #000000; border-right: #000000; padding-top: 0cm\" valign=\"top\">\n<p class=\"Pa0\" style=\"margin: 0cm 0cm 0pt; mso-element: frame; mso-element-frame-width: 476.3pt; mso-element-wrap: auto; mso-element-anchor-vertical: page; mso-element-anchor-horizontal: page; mso-element-left: 66.65pt; mso-element-top: 265.75pt; mso-height-rule: exactly\"><font color=\"#a3589e\" face=\"Times New Roman\"><span class=\"A0\"><span style=\"font-size: 10pt\"><span class=\"A2\"><span style=\"font-size: 13pt; mso-fareast-language: it; mso-fareast-font-family: 'times new roman'; mso-bidi-language: ar-sa; mso-ansi-language: it\"><strong>domenica 26 febbraio 2012 presso le sale dell&rsquo;Hotel Monaco e Grand Canal <\/strong><\/span><\/span><\/span><\/span><\/font><\/p>\n<p class=\"Pa0\" style=\"margin: 0cm 0cm 0pt; mso-element: frame; mso-element-frame-width: 476.3pt; mso-element-wrap: auto; mso-element-anchor-vertical: page; mso-element-anchor-horizontal: page; mso-element-left: 66.65pt; mso-element-top: 265.75pt; mso-height-rule: exactly\">&nbsp;<\/p>\n<p class=\"Pa0\" style=\"margin: 0cm 0cm 0pt; mso-element: frame; mso-element-frame-width: 476.3pt; mso-element-wrap: auto; mso-element-anchor-vertical: page; mso-element-anchor-horizontal: page; mso-element-left: 66.65pt; mso-element-top: 265.75pt; mso-height-rule: exactly\"><font color=\"#221e1f\"><\/font><font face=\"Myriad Pro Light\"><span class=\"A0\"><span style=\"font-size: 10pt\">Per il terzo anno consecutivo oltre 50 produttori tra i pi&ugrave; prestigiosi del Friuli Venezia Giulia<span style=\"mso-spacerun: yes\">&nbsp; <\/span>incontrano gli amanti del vino a Venezia nella pi&ugrave; ambita degustazione dell&rsquo;anno dedicata ai grandi vini rossi della regione! Fiore all&rsquo;occhiello dell&rsquo;edizione 2012 sar&agrave; la presenza straordinaria di produttori dalla Slovenia, territorio di grandi vini sempre pi&ugrave; ambito dai winelovers di tutto il mondo.<span style=\"mso-spacerun: yes\">&nbsp; <\/span><\/span><\/span><span style=\"font-family: 'myriad pro light'; color: #221e1f; font-size: 10pt; mso-bidi-font-family: 'myriad pro light'\"><o:p><\/o:p><\/span><\/font><\/p>\n<\/td>\n<\/tr>\n<\/tbody>\n<\/table>\n<\/div>\n<div style=\"mso-element: frame; mso-element-frame-width: 468.2pt; mso-element-wrap: auto; mso-element-anchor-vertical: page; mso-element-anchor-horizontal: page; mso-element-left: 66.65pt; mso-element-top: 315.05pt; mso-height-rule: exactly\">\n<table cellpadding=\"0\" cellspacing=\"0\" hspace=\"0\" vspace=\"0\" width=\"624\">\n<tbody>\n<tr>\n<td align=\"left\" style=\"border-bottom: #000000; border-left: #000000; padding-bottom: 0cm; background-color: transparent; padding-left: 0cm; padding-right: 0cm; border-top: #000000; border-right: #000000; padding-top: 0cm\" valign=\"top\">\n<p class=\"Pa0\" style=\"margin: 0cm 0cm 0pt; mso-element: frame; mso-element-frame-width: 468.2pt; mso-element-wrap: auto; mso-element-anchor-vertical: page; mso-element-anchor-horizontal: page; mso-element-left: 66.65pt; mso-element-top: 315.05pt; mso-height-rule: exactly\"><font color=\"#221e1f\"><\/font><font face=\"Myriad Pro Light\"><span class=\"A0\"><span style=\"font-size: 10pt\">I vari <b>Refosco dal Peduncolo Rosso, Merlot, Pignolo, Tazzelenghe, Cabernet Franc e Cabernet Sauvignon, Schioppettino, Pinot Nero e Terrano<\/b>, insieme agli ormai pi&ugrave; che &rdquo;storici&rdquo; tagli bordolesi lasciano il segno e rivelano spesso un appeal discreto e sottile che convince profondamente tanto l&rsquo;esperto quanto il consumatore come ha dimostrato la seguitissima edizione 2010 dell&rsquo;evento alla quale nel 2011 ha fatto seguito Gradito l&rsquo;Abito Bianco con i vini bianchi della regione.<\/span><\/span><span style=\"font-family: 'myriad pro light'; color: #221e1f; font-size: 10pt; mso-bidi-font-family: 'myriad pro light'\"><o:p><\/o:p><\/span><\/font><\/p>\n<\/td>\n<\/tr>\n<\/tbody>\n<\/table>\n<\/div>\n<div style=\"mso-element: frame; mso-element-frame-width: 481.0pt; mso-element-wrap: auto; mso-element-anchor-vertical: page; mso-element-anchor-horizontal: page; mso-element-left: 66.65pt; mso-element-top: 375.75pt; mso-height-rule: exactly\">\n<table cellpadding=\"0\" cellspacing=\"0\" hspace=\"0\" vspace=\"0\" width=\"641\">\n<tbody>\n<tr>\n<td align=\"left\" style=\"border-bottom: #000000; border-left: #000000; padding-bottom: 0cm; background-color: transparent; padding-left: 0cm; padding-right: 0cm; border-top: #000000; border-right: #000000; padding-top: 0cm\" valign=\"top\">\n<p class=\"Pa0\" style=\"margin: 0cm 0cm 0pt; mso-element: frame; mso-element-frame-width: 481.0pt; mso-element-wrap: auto; mso-element-anchor-vertical: page; mso-element-anchor-horizontal: page; mso-element-left: 66.65pt; mso-element-top: 375.75pt; mso-height-rule: exactly\"><font color=\"#221e1f\"><\/font><font face=\"Myriad Pro Light\"><span class=\"A0\"><b><span style=\"font-size: 10pt\">F.I.S.A.R &ldquo; Federazione Italiana Sommelier Albergatori e Ristoratori&rdquo; di Venezia<\/span><\/b><\/span><span class=\"A0\"><span style=\"font-size: 10pt\"> in collaborazione con <b>Paolo Ianna<\/b> Wine Consulting propone nuovamente un&rsquo;accurata selezione dei migliori vini della regione Friuli Venezia Giulia alla presenza dei Produttori. &ldquo;A grande richiesta di pubblico ritorna GAR con vini rossi del Friuli Venezia Giulia &ndash; afferma Lorenzo de Rossi delegato FISAR Venezia &ndash; nel 2010 decidemmo coraggiosamente di proporre solo vini rossi friulani e giuliani alla citt&agrave; di Venezia e oggi possiamo dire che nacque un&rsquo;amore! Quest&rsquo;anno il fascino aumenter&agrave; ulteriormente con la selezione dei produttori dalla vicina Slovenia ed i loro vini rossi, Cabernet, Merlot, gli autoctoni come Refo&scaron;k e Teran&rdquo;.<\/span><\/span><span style=\"font-family: 'myriad pro light'; color: #221e1f; font-size: 10pt; mso-bidi-font-family: 'myriad pro light'\"><o:p><\/o:p><\/span><\/font><\/p>\n<\/td>\n<\/tr>\n<\/tbody>\n<\/table>\n<\/div>\n<div style=\"mso-element: frame; mso-element-frame-width: 478.15pt; mso-element-wrap: auto; mso-element-anchor-vertical: page; mso-element-anchor-horizontal: page; mso-element-left: 66.65pt; mso-element-top: 458.4pt; mso-height-rule: exactly\">\n<table cellpadding=\"0\" cellspacing=\"0\" hspace=\"0\" vspace=\"0\" width=\"637\">\n<tbody>\n<tr>\n<td align=\"left\" style=\"border-bottom: #000000; border-left: #000000; padding-bottom: 0cm; background-color: transparent; padding-left: 0cm; padding-right: 0cm; border-top: #000000; border-right: #000000; padding-top: 0cm\" valign=\"top\">\n<p class=\"Pa0\" style=\"margin: 0cm 0cm 0pt; mso-element: frame; mso-element-frame-width: 478.15pt; mso-element-wrap: auto; mso-element-anchor-vertical: page; mso-element-anchor-horizontal: page; mso-element-left: 66.65pt; mso-element-top: 458.4pt; mso-height-rule: exactly\"><font color=\"#221e1f\"><\/font><font face=\"Myriad Pro Light\"><span class=\"A0\"><span style=\"font-size: 10pt\">Nell&rsquo;edizione 2012 di GAR saranno tre le degustazioni guidate da <b>Aurora Endrici<\/b>, comunicatrice e donna del vino FVG: temi inusuali, contemporanei e come sempre imperdibili ad iniziare dalla tavola rotonda con cinque produttori delle principali zone viticole della Slovenia dal titolo &ldquo;Slovenia: vini di terre rosse, di Bora, di Ponca&rdquo;, ed ancora l&rsquo;incontro con i pi&ugrave; prestigiosi produttori di Pignolo del Friuli e vini di vecchie annate dal titolo &ldquo;Pignolo come pochi!&rdquo; per culminare con il seminario &ldquo;Il filo rosso della vite dall&rsquo;Oriente a Venezia&rdquo; con la straordinaria presenza del Prof. Attilio Scienza dell&rsquo;Universit&agrave; di Milano e la proiezione del film Archevitis da lui girato sulle tracce del genoma della vite in Georgia.<\/span><\/span><span style=\"font-family: 'myriad pro light'; color: #221e1f; font-size: 10pt; mso-bidi-font-family: 'myriad pro light'\"><o:p><\/o:p><\/span><\/font><\/p>\n<\/td>\n<\/tr>\n<\/tbody>\n<\/table>\n<\/div>\n<div style=\"mso-element: frame; mso-element-frame-width: 225.25pt; mso-element-wrap: auto; mso-element-anchor-vertical: page; mso-element-anchor-horizontal: page; mso-element-left: 66.65pt; mso-element-top: 530.05pt; mso-height-rule: exactly\">\n<table cellpadding=\"0\" cellspacing=\"0\" hspace=\"0\" vspace=\"0\" width=\"300\">\n<tbody>\n<tr>\n<td align=\"left\" style=\"border-bottom: #000000; border-left: #000000; padding-bottom: 0cm; background-color: transparent; padding-left: 0cm; padding-right: 0cm; border-top: #000000; border-right: #000000; padding-top: 0cm\" valign=\"top\">\n<p class=\"Pa1\" style=\"margin: 0cm 0cm 0pt; mso-element: frame; mso-element-frame-width: 225.25pt; mso-element-wrap: auto; mso-element-anchor-vertical: page; mso-element-anchor-horizontal: page; mso-element-left: 66.65pt; mso-element-top: 530.05pt; mso-height-rule: exactly\"><font color=\"#221e1f\"><\/font><font face=\"Myriad Pro Light\"><span class=\"A0\"><b><span style=\"font-size: 10pt\">Tra i produttori della imperdibile kermesse:<\/span><\/b><\/span><span style=\"font-family: 'myriad pro light'; color: #221e1f; font-size: 10pt; mso-bidi-font-family: 'myriad pro light'\"><o:p><\/o:p><\/span><\/font><\/p>\n<\/td>\n<\/tr>\n<\/tbody>\n<\/table>\n<\/div>\n<div style=\"mso-element: frame; mso-element-wrap: auto; mso-element-anchor-vertical: page; mso-element-anchor-horizontal: page; mso-element-left: .05pt; mso-element-top: 816.4pt; mso-height-rule: exactly\">\n<table cellpadding=\"0\" cellspacing=\"0\" hspace=\"0\" vspace=\"0\">\n<tbody>\n<tr>\n<td align=\"left\" style=\"border-bottom: #000000; border-left: #000000; padding-bottom: 0cm; background-color: transparent; padding-left: 0cm; padding-right: 0cm; border-top: #000000; border-right: #000000; padding-top: 0cm\" valign=\"top\">\n<p class=\"Pa1\" style=\"margin: 0cm 0cm 0pt; mso-element: frame; mso-element-wrap: auto; mso-element-anchor-vertical: page; mso-element-anchor-horizontal: page; mso-element-left: .05pt; mso-element-top: 816.4pt; mso-height-rule: exactly\"><span style=\"font-family: 'myriad pro light'; color: #221e1f; font-size: 10pt; mso-bidi-font-family: 'myriad pro light'\"><o:p>&nbsp;<\/o:p><\/span><\/p>\n<\/td>\n<\/tr>\n<\/tbody>\n<\/table>\n<\/div>\n<div style=\"mso-element: frame; mso-element-frame-width: 480.85pt; mso-element-wrap: auto; mso-element-anchor-vertical: page; mso-element-anchor-horizontal: page; mso-element-left: 66.65pt; mso-element-top: 546.9pt; mso-height-rule: exactly\">\n<table cellpadding=\"0\" cellspacing=\"0\" hspace=\"0\" vspace=\"0\" width=\"641\">\n<tbody>\n<tr>\n<td align=\"left\" style=\"border-bottom: #000000; border-left: #000000; padding-bottom: 0cm; background-color: transparent; padding-left: 0cm; padding-right: 0cm; border-top: #000000; border-right: #000000; padding-top: 0cm\" valign=\"top\">\n<p class=\"Pa2\" style=\"margin: 0cm 0cm 0pt; mso-element: frame; mso-element-frame-width: 480.85pt; mso-element-wrap: auto; mso-element-anchor-vertical: page; mso-element-anchor-horizontal: page; mso-element-left: 66.65pt; mso-element-top: 546.9pt; mso-height-rule: exactly\"><font color=\"#221e1f\"><\/font><font face=\"Myriad Pro Light\"><span class=\"A0\"><b><span style=\"font-size: 10pt; mso-bidi-font-family: 'myriad pro'\">Friuli VG<\/span><\/b><\/span><span class=\"A0\"><span style=\"font-size: 10pt\"><span style=\"mso-tab-count: 1\">&nbsp;&nbsp;&nbsp;&nbsp;&nbsp;&nbsp;&nbsp;&nbsp;&nbsp;&nbsp;&nbsp;&nbsp;&nbsp;&nbsp; <\/span>Antonutti Vini, Aquila Del Torre, Armani Claps, Borgo Delle Oche, Bulfon, Castello Di Buttrio, Castelvecchio, Cecchini Marco, Collavini, Conte Brandolini ,Conte D&rsquo;Attimis-Maniago, Conti Attems, Ermacora, Feresin Davide, Ferlat Silvano, Fiegl, Gigante, Il Carpino, Il Roncal, Jac&ugrave;ss, Jermann, La Magnolia, La Ponca, La Roncaia, Lis Neris, Livon, Marinig, Piera Martellozzo, Moschioni, Muzic, Myo di Zorzettig, Petrucco, Petrussa, Pighin, Pizzulin, Puiatti Tenimenti Angelini, Vigneti Rapais, Rodaro Paolo, Ronc Di Vico, Ronco Del Gelso, Bajta Fattoria Carsica, Skok Edi, Specogna, Stocco, Talis Wine, Tenuta Di Blasig, Tenute Tomasella, Venica&amp;Venica, Vigna Petrussa, Vignai da Duline, Zidarich.<span style=\"mso-spacerun: yes\">&nbsp; <\/span><\/span><\/span><span style=\"font-family: 'myriad pro light'; color: #221e1f; font-size: 10pt; mso-bidi-font-family: 'myriad pro light'\"><o:p><\/o:p><\/span><\/font><\/p>\n<\/td>\n<\/tr>\n<\/tbody>\n<\/table>\n<\/div>\n<div style=\"mso-element: frame; mso-element-wrap: auto; mso-element-anchor-vertical: page; mso-element-anchor-horizontal: page; mso-element-left: .05pt; mso-element-top: 816.4pt; mso-height-rule: exactly\">\n<table cellpadding=\"0\" cellspacing=\"0\" hspace=\"0\" vspace=\"0\">\n<tbody>\n<tr>\n<td align=\"left\" style=\"border-bottom: #000000; border-left: #000000; padding-bottom: 0cm; background-color: transparent; padding-left: 0cm; padding-right: 0cm; border-top: #000000; border-right: #000000; padding-top: 0cm\" valign=\"top\">\n<p class=\"Pa2\" style=\"margin: 0cm 0cm 0pt; mso-element: frame; mso-element-wrap: auto; mso-element-anchor-vertical: page; mso-element-anchor-horizontal: page; mso-element-left: .05pt; mso-element-top: 816.4pt; mso-height-rule: exactly\"><span style=\"font-family: 'myriad pro light'; color: #221e1f; font-size: 10pt; mso-bidi-font-family: 'myriad pro light'\"><o:p>&nbsp;<\/o:p><\/span><\/p>\n<\/td>\n<\/tr>\n<\/tbody>\n<\/table>\n<\/div>\n<div style=\"mso-element: frame; mso-element-frame-width: 456.85pt; mso-element-wrap: auto; mso-element-anchor-vertical: page; mso-element-anchor-horizontal: page; mso-element-left: 66.65pt; mso-element-top: 629.9pt; mso-height-rule: exactly\">\n<table cellpadding=\"0\" cellspacing=\"0\" hspace=\"0\" vspace=\"0\" width=\"609\">\n<tbody>\n<tr>\n<td align=\"left\" style=\"border-bottom: #000000; border-left: #000000; padding-bottom: 0cm; background-color: transparent; padding-left: 0cm; padding-right: 0cm; border-top: #000000; border-right: #000000; padding-top: 0cm\" valign=\"top\">\n<p class=\"Pa2\" style=\"margin: 0cm 0cm 0pt; mso-element: frame; mso-element-frame-width: 456.85pt; mso-element-wrap: auto; mso-element-anchor-vertical: page; mso-element-anchor-horizontal: page; mso-element-left: 66.65pt; mso-element-top: 629.9pt; mso-height-rule: exactly\"><font color=\"#221e1f\"><\/font><font face=\"Myriad Pro Light\"><span class=\"A0\"><b><span style=\"font-size: 10pt; mso-bidi-font-family: 'myriad pro'\">Slovenia<\/span><\/b><\/span><span class=\"A0\"><b><span style=\"font-size: 10pt\"> <\/span><\/b><\/span><span class=\"A0\"><span style=\"font-size: 10pt\"><span style=\"mso-tab-count: 1\">&nbsp;&nbsp;&nbsp;&nbsp;&nbsp;&nbsp;&nbsp;&nbsp;&nbsp;&nbsp;&nbsp;&nbsp;&nbsp; <\/span>Guerila, Kocijan\u010di\u010d-Zanut, Lisjak, Montemoro, Sim\u010di\u010d Marjan, &Scaron;irca-Kodri\u010d, &Scaron;toka, Valter Sirk, Vina Kras Vinska Klet Gori&scaron;ka Brda, Teran Kras Producers Agrotur Project.<\/span><\/span><span style=\"font-family: 'myriad pro light'; color: #221e1f; font-size: 10pt; mso-bidi-font-family: 'myriad pro light'\"><o:p><\/o:p><\/span><\/font><\/p>\n<\/td>\n<\/tr>\n<\/tbody>\n<\/table>\n<\/div>\n<div style=\"mso-element: frame; mso-element-wrap: auto; mso-element-anchor-vertical: page; mso-element-anchor-horizontal: page; mso-element-left: .05pt; mso-element-top: 816.4pt; mso-height-rule: exactly\">\n<table cellpadding=\"0\" cellspacing=\"0\" hspace=\"0\" vspace=\"0\">\n<tbody>\n<tr>\n<td align=\"left\" style=\"border-bottom: #000000; border-left: #000000; padding-bottom: 0cm; background-color: transparent; padding-left: 0cm; padding-right: 0cm; border-top: #000000; border-right: #000000; padding-top: 0cm\" valign=\"top\">\n<p class=\"Pa2\" style=\"margin: 0cm 0cm 0pt; mso-element: frame; mso-element-wrap: auto; mso-element-anchor-vertical: page; mso-element-anchor-horizontal: page; mso-element-left: .05pt; mso-element-top: 816.4pt; mso-height-rule: exactly\"><span style=\"font-family: 'myriad pro light'; color: #221e1f; font-size: 10pt; mso-bidi-font-family: 'myriad pro light'\"><o:p>&nbsp;<\/o:p><\/span><\/p>\n<\/td>\n<\/tr>\n<\/tbody>\n<\/table>\n<\/div>\n<div style=\"mso-element: frame; mso-element-frame-width: 392.7pt; mso-element-wrap: auto; mso-element-anchor-vertical: page; mso-element-anchor-horizontal: page; mso-element-left: 66.65pt; mso-element-top: 663.45pt; mso-height-rule: exactly\">\n<table cellpadding=\"0\" cellspacing=\"0\" hspace=\"0\" vspace=\"0\" width=\"523\">\n<tbody>\n<tr>\n<td align=\"left\" style=\"border-bottom: #000000; border-left: #000000; padding-bottom: 0cm; background-color: transparent; padding-left: 0cm; padding-right: 0cm; border-top: #000000; border-right: #000000; padding-top: 0cm\" valign=\"top\">\n<p class=\"Pa2\" style=\"margin: 0cm 0cm 0pt; mso-element: frame; mso-element-frame-width: 392.7pt; mso-element-wrap: auto; mso-element-anchor-vertical: page; mso-element-anchor-horizontal: page; mso-element-left: 66.65pt; mso-element-top: 663.45pt; mso-height-rule: exactly\"><font color=\"#221e1f\"><\/font><font face=\"Myriad Pro Light\"><span class=\"A0\"><span style=\"font-size: 10pt\">Il biglietto d&rsquo;ingresso di 15&euro; dar&agrave; diritto all&rsquo;assaggio di tutti i vini e finger food presentati. <\/span><\/span><span style=\"font-family: 'myriad pro light'; color: #221e1f; font-size: 10pt; mso-bidi-font-family: 'myriad pro light'\"><o:p><\/o:p><\/span><\/font><\/p>\n<\/td>\n<\/tr>\n<\/tbody>\n<\/table>\n<\/div>\n<div style=\"mso-element: frame; mso-element-frame-width: 233.7pt; mso-element-wrap: auto; mso-element-anchor-vertical: page; mso-element-anchor-horizontal: page; mso-element-left: 66.65pt; mso-element-top: 674.45pt; mso-height-rule: exactly\">\n<table cellpadding=\"0\" cellspacing=\"0\" hspace=\"0\" vspace=\"0\" width=\"311\">\n<tbody>\n<tr>\n<td align=\"left\" style=\"border-bottom: #000000; border-left: #000000; padding-bottom: 0cm; background-color: transparent; padding-left: 0cm; padding-right: 0cm; border-top: #000000; border-right: #000000; padding-top: 0cm\" valign=\"top\">\n<p class=\"Pa2\" style=\"margin: 0cm 0cm 0pt; mso-element: frame; mso-element-frame-width: 233.7pt; mso-element-wrap: auto; mso-element-anchor-vertical: page; mso-element-anchor-horizontal: page; mso-element-left: 66.65pt; mso-element-top: 674.45pt; mso-height-rule: exactly\"><span class=\"A0\"><span style=\"font-size: 10pt\"><font color=\"#221e1f\" face=\"Myriad Pro Light\">Maggiori informazioni su : www.fisarvenezia.com<\/font><\/span><\/span><span style=\"font-family: 'myriad pro light'; color: #221e1f; font-size: 10pt; mso-bidi-font-family: 'myriad pro light'\"><o:p><\/o:p><\/span><\/p>\n<\/td>\n<\/tr>\n<\/tbody>\n<\/table>\n<\/div>\n","protected":false},"excerpt":{"rendered":"<p>domenica 26 febbraio 2012 presso le sale dell&rsquo;Hotel Monaco e Grand Canal &nbsp; Per il terzo anno consecutivo oltre 50 produttori tra i pi&ugrave; prestigiosi del Friuli Venezia Giulia&nbsp; incontrano gli amanti del vino a Venezia nella pi&ugrave; ambita degustazione dell&rsquo;anno dedicata ai grandi vini rossi della regione! Fiore all&rsquo;occhiello dell&rsquo;edizione 2012 sar&agrave; la presenza &hellip; <a href=\"https:\/\/www.gdapress.it\/it\/index.php\/21947\/enogastronomia\/grandi-eventi-f-i-s-a-r-vini-friulani-giuliani-e-sloveni-a-venezia-gradito-labito-rosso.html\" class=\"more-link\">Read more <span class=\"screen-reader-text\">Grandi eventi F.I.S.A.R.Vini friulani, giuliani e sloveni a Venezia: \u201cgradito l\u2019abito rosso!\u201d<\/span><\/a><\/p>\n","protected":false},"author":2,"featured_media":0,"comment_status":"open","ping_status":"open","sticky":false,"template":"","format":"standard","meta":{"footnotes":""},"categories":[20],"tags":[17454,402,350,1345],"class_list":["post-21947","post","type-post","status-publish","format-standard","hentry","category-enogastronomia","tag-enogastronomia","tag-fisar","tag-venezia","tag-vini"],"_links":{"self":[{"href":"https:\/\/www.gdapress.it\/it\/index.php\/wp-json\/wp\/v2\/posts\/21947","targetHints":{"allow":["GET"]}}],"collection":[{"href":"https:\/\/www.gdapress.it\/it\/index.php\/wp-json\/wp\/v2\/posts"}],"about":[{"href":"https:\/\/www.gdapress.it\/it\/index.php\/wp-json\/wp\/v2\/types\/post"}],"author":[{"embeddable":true,"href":"https:\/\/www.gdapress.it\/it\/index.php\/wp-json\/wp\/v2\/users\/2"}],"replies":[{"embeddable":true,"href":"https:\/\/www.gdapress.it\/it\/index.php\/wp-json\/wp\/v2\/comments?post=21947"}],"version-history":[{"count":1,"href":"https:\/\/www.gdapress.it\/it\/index.php\/wp-json\/wp\/v2\/posts\/21947\/revisions"}],"predecessor-version":[{"id":21948,"href":"https:\/\/www.gdapress.it\/it\/index.php\/wp-json\/wp\/v2\/posts\/21947\/revisions\/21948"}],"wp:attachment":[{"href":"https:\/\/www.gdapress.it\/it\/index.php\/wp-json\/wp\/v2\/media?parent=21947"}],"wp:term":[{"taxonomy":"category","embeddable":true,"href":"https:\/\/www.gdapress.it\/it\/index.php\/wp-json\/wp\/v2\/categories?post=21947"},{"taxonomy":"post_tag","embeddable":true,"href":"https:\/\/www.gdapress.it\/it\/index.php\/wp-json\/wp\/v2\/tags?post=21947"}],"curies":[{"name":"wp","href":"https:\/\/api.w.org\/{rel}","templated":true}]}}