
{"id":20503,"date":"2012-01-17T23:01:26","date_gmt":"2012-01-17T21:01:26","guid":{"rendered":"http:\/\/www.gdapress.it\/it\/?p=20503"},"modified":"2012-01-18T00:29:14","modified_gmt":"2012-01-17T22:29:14","slug":"2012-irlanda-del-nord-sara-un-anno-titanico","status":"publish","type":"post","link":"https:\/\/www.gdapress.it\/it\/index.php\/20503\/turismo\/2012-irlanda-del-nord-sara-un-anno-titanico.html","title":{"rendered":"2012 IRLANDA DEL NORD: SARA\u2019 UN ANNO TITANICO!"},"content":{"rendered":"<p class=\"MsoBodyText\" style=\"margin: 0cm 0cm 0pt;\"><span style=\"font-family: tahoma;\"><span style=\"color: #000000;\"><span style=\"font-size: small;\">Il Direttore di Turismo Irlandese, Niamh Kinsella, apre il nuovo anno<span style=\"mso-spacerun: yes;\">\u00a0 <\/span>con la seguente dichiarazione: \u201cLe aspettative quest\u2019anno sono molto alte e c\u2019\u00e8 gran fermento perch\u00e9 \u00e8 in atto una svolta epocale ed unica che trasformer\u00e0 l\u2019Irlanda del Nord, dando inizio ad una nuova era per il turismo verso questa zona. Il 2012 sar\u00e0 un anno irripetibile per visitare l\u2019Irlanda del Nord, tante sono le novit\u00e0 in programma per tutto l\u2019arco dell\u2019anno e oltre\u201d.<\/span><\/span><\/span><\/p>\n<p class=\"MsoNormal\" style=\"margin: 0cm 0cm 0pt;\"><span style=\"font-family: tahoma; mso-ansi-language: it;\"><span style=\"color: #000000;\"><span style=\"font-size: small;\"><span style=\"mso-spacerun: yes;\">\u00a0<\/span><\/span><\/span><\/span><\/p>\n<p class=\"MsoNormal\" style=\"text-align: justify; margin: 0cm 0cm 0pt;\"><span style=\"font-family: tahoma; mso-ansi-language: it;\"><span style=\"font-size: small;\"><span style=\"color: #000000;\">Naturalmente, si comincia da Belfast, dove il centenario del primo e unico viaggio del <strong>Titanic<\/strong> verr\u00e0 ricordato con una serie sensazionale di celebrazioni e commemorazioni. All\u2019inizio dell\u2019anno si daranno gli ultimi ritocchi al <strong><em>Titanic Belfast <\/em><\/strong><\/span><span style=\"mso-bidi-font-weight: bold; mso-bidi-font-style: italic;\"><span style=\"color: #000000;\">(<\/span><a href=\"http:\/\/www.titanicbelfast.com\/\">www.titanicbelfast.com<\/a><span style=\"color: #000000;\">)<\/span><\/span><span style=\"color: #000000;\">, un\u2019attrazione sensazionale, in cui sono state investite ben <strong style=\"mso-bidi-font-weight: normal;\">90miloni di sterline<\/strong> ma che, solo nel primo anno, prevede di ospitare non meno di 400.000 visitatori. Quest\u2019ultima ospiter\u00e0 la spettacolare mostra dedicata allo sfortunato transatlantico. La struttura assomiglia alle prue delle tre grandi navi della White Star Line \u2013 <em>Titanic<\/em>, <em>Olympic<\/em> e <em>Britannic<\/em> \u2013 costruite nei cantieri Harland and Wolff a Belfast. Nei suoi sei piani, attraverso nove gallerie esplicative e interattive, si dispiegheranno le immagini, i suoni, gli odori e le storie del <em>Titanic<\/em>, come pure della citt\u00e0 e delle persone che lo costruirono. I visitatori avranno cos\u00ec la possibilit\u00e0 di conoscere non solo la storia della costruzione della nave ma anche quella del vasto patrimonio industriale e marittimo dell\u2019Irlanda del Nord.<\/span><\/span><\/span><\/p>\n<p class=\"MsoNormal\" style=\"text-align: justify; margin: 0cm 0cm 0pt;\"><span style=\"font-family: tahoma; mso-ansi-language: it;\"><span style=\"color: #000000; font-size: small;\">\u00a0<\/span><\/span><\/p>\n<p class=\"MsoNormal\" style=\"text-align: justify; margin: 0cm 0cm 0pt;\"><span style=\"font-family: tahoma; mso-ansi-language: it;\"><span style=\"font-size: small;\"><span style=\"color: #000000;\">L\u2019inaugurazione di <strong><em>Titanic Belfast<\/em><\/strong> nell\u2019aprile 2012 rappresenta un momento estremamente significativo di quella entusiasmante rinascita che ha caratterizzato l\u2019Ulster negli ultimi anni, che coincide comunque con una serie di altri importanti eventi che, raggruppati sotto la comune denominazione \u201c<strong>Irlanda del Nord 2012. Qui da noi \u00e8 il tuo momento\u201d<\/strong><span style=\"mso-bidi-font-weight: bold;\">, <\/span>intendono invitare i visitatori di tutto il mondo in Irlanda del Nord nel 2012 <\/span><span style=\"mso-bidi-font-weight: bold;\"><span style=\"color: #000000;\">(<\/span><a href=\"http:\/\/www.irlanda-travel.com\/ni2012\">www.irlanda-travel.com\/ni2012<\/a><span style=\"color: #000000;\">)<\/span><\/span><span style=\"color: #000000;\">.<\/span><\/span><\/span><\/p>\n<p class=\"MsoNormal\" style=\"text-align: justify; margin: 0cm 0cm 0pt;\"><span style=\"font-family: tahoma; mso-ansi-language: it;\"><span style=\"color: #000000; font-size: small;\">\u00a0<\/span><\/span><\/p>\n<div style=\"border-bottom: windowtext 1pt solid; border-left: medium none; padding-bottom: 1pt; padding-left: 0cm; padding-right: 0cm; border-top: medium none; border-right: medium none; padding-top: 0cm; mso-element: para-border-div; mso-border-bottom-alt: solid windowtext .5pt;\">\n<h2 style=\"margin: 0cm 0cm 0pt; mso-border-bottom-alt: solid windowtext .5pt; mso-padding-alt: 0cm 0cm 1.0pt 0cm; padding: 0cm;\"><span style=\"font-family: tahoma;\"><span style=\"color: #000000;\"><span style=\"font-size: small;\">Irlanda del Nord 2012 qui da noi. E\u2019 il tuo momento<\/span><\/span><\/span><\/h2>\n<\/div>\n<p class=\"MsoNormal\" style=\"text-align: justify; margin: 0cm 0cm 0pt;\"><span style=\"font-family: tahoma; mso-ansi-language: it;\"><span style=\"font-size: small;\"><span style=\"color: #000000;\">Uno dei modi migliori per imparare a conoscere la cultura dell\u2019Irlanda del Nord \u00e8 partecipare ad un festival, e la personalit\u00e0 creativa della capitale nordirlandese dar\u00e0 il suo suo meglio durante il <strong style=\"mso-bidi-font-weight: normal;\">Titanic Belfast Festival 2012<\/strong>, il primo di una lunga serie di avvenimenti del <\/span><strong style=\"mso-bidi-font-weight: normal;\"><span style=\"color: #000000;\">Irlanda del Nord 2012<span style=\"font-weight: normal;\">. In<\/span><\/span><span style=\"font-weight: normal;\"><span style=\"color: #000000;\"> fitto programma va da aprile a maggio e consister\u00e0 in un sapiente amalgama di mostre, convegni, spettacoli, visite guidate, un grande evento musicale all\u2019aperto targato MTV, tutti centrati sul tema<em> Titanic<\/em> (<\/span><a href=\"http:\/\/www.the-titanic.com\/it\">www.the-titanic.com\/it<\/a><span style=\"color: #000000;\">) e il retaggio marittimo di Belfast.<\/span><\/span><\/strong><\/span><\/span><\/p>\n<p class=\"MsoNormal\" style=\"text-align: justify; margin: 0cm 0cm 0pt;\"><span style=\"font-family: tahoma; mso-ansi-language: it;\"><span style=\"color: #000000; font-size: small;\">Ovviamente, l\u2019Irlanda del Nord parte del Regno Unito, gode anch\u2019essa del fermento per i<span style=\"mso-spacerun: yes;\">\u00a0\u00a0 <\/span>festeggiamenti in occasione del London 2012 Festival. Nel giugno l\u2019obiettivo si sposta su <strong style=\"mso-bidi-font-weight: normal;\">Derry-Londonderry,<\/strong> la seconda citt\u00e0 della regione e la prima ad essere stata insignita dell\u2019ambito titolo di UK City of Culture (per il 2013 &#8211; <\/span><a href=\"http:\/\/www.cityofculture2013.com\/\"><span style=\"font-size: small;\">www.cityofculture2013.com<\/span><\/a><span style=\"color: #000000; font-size: small;\">). Effervescente di creativit\u00e0, energia e divertimento, la scena culturale e musicale di Derry non ha mai conosciuto battute d\u2019arresto, anche nei difficili anni del passato.<span style=\"mso-spacerun: yes;\">\u00a0 <\/span>In questa bella e antica citt\u00e0 murata il 21 giugno si terr\u00e0 il <strong style=\"mso-bidi-font-weight: normal;\"><em>Peace One Day Concert<\/em><\/strong> (<\/span><a href=\"http:\/\/www.peaceoneday.org\/\"><span style=\"font-size: small;\">www.peaceoneday.org<\/span><\/a><span style=\"color: #000000;\"><span style=\"font-size: small;\">), un grande evento che \u00e8 sia la finale dei quattro anni di Olimpiadi Culturali sia il complemento ideale dei Giochi Olimpici e Paralimpici. Ambasciatore di questa giornata dedicata alla pace in tutto il mondo sar\u00e0 l\u2019attore Jude Law.<\/span><\/span><\/span><\/p>\n<p class=\"MsoNormal\" style=\"text-align: justify; margin: 0cm 0cm 0pt;\"><span style=\"font-family: tahoma; mso-ansi-language: it;\"><span style=\"color: #000000; font-size: small;\">\u00a0<\/span><\/span><\/p>\n<h2 style=\"margin: 0cm 0cm 0pt;\"><span style=\"font-family: tahoma;\"><span style=\"color: #000000;\"><span style=\"font-size: small;\">La terra dei Giganti (Land of Giants)<\/span><\/span><\/span><\/h2>\n<p class=\"MsoNormal\" style=\"text-align: justify; margin: 0cm 0cm 0pt;\"><span style=\"font-family: tahoma; mso-ansi-language: it;\"><span style=\"color: #000000; font-size: small;\">Il legame dell\u2019Irlanda del Nord con i giganti \u00e8 indiscusso: basta ricordare la straordinaria Giant\u2019s Causeway, le leggende dedicate al gigante Finn McCool, la penna poderosa di Jonathan Swift (i cui <em>Viaggi di Gulliver<\/em> sono stati ispirati dal paesaggio di Belfast) o i titanici cantieri Harland and Wolff. Anche questo retaggio verr\u00e0 celebrato il 30 giugno.<em> Land of Giants<\/em> (<\/span><a href=\"http:\/\/www.landofgiants.info\/\"><span style=\"font-size: small;\">www.landofgiants.info<\/span><\/a><span style=\"color: #000000;\"><span style=\"font-size: small;\">) sar\u00e0 il pi\u00f9 grande evento all\u2019aperto dedicato al teatro e alle arti mai organizzato in Irlanda del Nord e avr\u00e0 luogo nel punto esatto da cui fu varato il Titanic, nei Docklands di Belfast.<\/span><\/span><\/span><\/p>\n<p class=\"MsoNormal\" style=\"text-align: justify; margin: 0cm 0cm 0pt;\"><span style=\"font-family: tahoma; mso-ansi-language: it;\"><span style=\"color: #000000; font-size: small;\">\u00a0<\/span><\/span><\/p>\n<h2 style=\"margin: 0cm 0cm 0pt;\"><span style=\"font-family: tahoma;\"><span style=\"color: #000000;\"><span style=\"font-size: small;\">Arte e Poesia<\/span><\/span><\/span><\/h2>\n<p class=\"MsoNormal\" style=\"text-align: justify; margin: 0cm 0cm 0pt;\"><span style=\"font-family: tahoma; mso-ansi-language: it;\"><span style=\"color: #000000; font-size: small;\">Un\u2019occasione spettacolare ci sar\u00e0 in giugno, quando lungo la costa di Derry nell\u2019Irlanda del Nord, verr\u00e0 data vita a una straordinaria \u201copera d\u2019arte vivente\u201d dell\u2019artista Deborah Warner, in collaborazione con l\u2019attrice Fiona Shaw e i produttori creativi Artichoke (<\/span><a href=\"http:\/\/www.artichoke.uk.com\/\"><span style=\"color: windowtext; text-decoration: none; text-underline: none;\"><span style=\"font-size: small;\">www.artichoke.uk.com<\/span><\/span><\/a><\/span><span style=\"color: #000000;\"><span style=\"font-size: small;\"><span style=\"mso-ansi-language: it;\"><span style=\"font-family: Times New Roman;\">)<\/span><\/span><span style=\"font-family: tahoma; mso-ansi-language: it;\">: l\u2019istallazione, un toccante omaggio al mondo poetico della lingua inglese e al viaggio delle antiche popolazioni elleniche verso Olimpia, consiste in una sorta di accampamento popolato da centinaia di piccole tende illuminate, visitabile dal crepuscolo all\u2019alba (www.irlanda-travel.com\/ni2012).<\/span><\/span><\/span><\/p>\n<p class=\"MsoNormal\" style=\"text-align: justify; margin: 0cm 0cm 0pt;\"><span style=\"font-family: tahoma; mso-ansi-language: it;\"><span style=\"color: #000000; font-size: small;\">\u00a0<\/span><\/span><\/p>\n<h2 style=\"margin: 0cm 0cm 0pt;\"><span style=\"font-family: tahoma;\"><span style=\"color: #000000;\"><span style=\"font-size: small;\">Natura e Cultura<\/span><\/span><\/span><\/h2>\n<p class=\"MsoNormal\" style=\"text-align: justify; margin: 0cm 0cm 0pt;\"><span style=\"font-family: tahoma; mso-ansi-language: it;\"><span style=\"color: #000000; font-size: small;\">Un altro appuntamento, da non mancare gi\u00e0 visitabile a partire dalla prossima estate, il nuovo <strong style=\"mso-bidi-font-weight: normal;\">Giants\u2019s Causeway Visitor Centre<\/strong> (<\/span><a href=\"http:\/\/www.nationaltrust.org.uk\/giantscauseway\"><span style=\"font-size: small;\">www.nationaltrust.org.uk\/giantscauseway<\/span><\/a><span style=\"color: #000000;\"><span style=\"font-size: small;\">), in cui sono stati investiti 18,5 milioni di sterline, \u00e8 dedicato alla stupefacente formazione basaltica, Patrimonio Mondiale UNESCO, gemma della spettacolare costa di Antrim.<\/span><\/span><\/span><\/p>\n<p class=\"MsoNormal\" style=\"text-align: justify; margin: 0cm 0cm 0pt;\"><span style=\"font-family: tahoma; mso-ansi-language: it;\"><span style=\"color: #000000; font-size: small;\">\u00a0<\/span><\/span><\/p>\n<p class=\"MsoNormal\" style=\"text-align: justify; margin: 0cm 0cm 0pt;\"><span style=\"font-family: tahoma; mso-ansi-language: it;\"><span style=\"color: #000000; font-size: small;\">Una vera festa sar\u00e0 la tappa finale del <strong style=\"mso-bidi-font-weight: normal;\">Clipper Round the World Yacht Race and Maritime Festival<\/strong> (<\/span><a href=\"http:\/\/www.clipperroundtheworld.com\/\"><span style=\"font-size: small;\">www.clipperroundtheworld.com<\/span><\/a><span style=\"color: #000000; font-size: small;\">), dal 30 giugno all\u20198 luglio a Derry. La citt\u00e0 \u00e8 l\u2019approdo per la flotta di velieri che qui giunger\u00e0 dopo aver percorso 40.000 miglia intorno al globo, seguita da un\u2019audience di oltre 460 milioni di persone. Tra quelli in arrivo, un veliero speciale \u00e8 il<em> Derry-Londonderry, <\/em>lo yacht cittadino, che in questi mesi sta girando il mondo per promuovere la citt\u00e0 e il suo ruolo come UK City of Culture 2013 (<\/span><a href=\"http:\/\/www.cityofculture2013.com\/\"><span style=\"font-size: small;\">www.cityofculture2013.com<\/span><\/a><span style=\"color: #000000;\"><span style=\"font-size: small;\">).<\/span><\/span><\/span><\/p>\n<p class=\"MsoNormal\" style=\"text-align: justify; margin: 0cm 0cm 0pt;\"><span style=\"font-family: tahoma; mso-ansi-language: it;\"><span style=\"color: #000000; font-size: small;\">\u00a0<\/span><\/span><\/p>\n<p class=\"MsoNormal\" style=\"text-align: justify; margin: 0cm 0cm 0pt;\"><span style=\"font-family: tahoma; mso-ansi-language: it;\"><span style=\"color: #000000;\"><span style=\"font-size: small;\">Queste sono solo alcune delle mille occasioni che rendono il 2012 l\u2019anno perfetto per venire a scoprire l\u2019Irlanda del Nord con i voli diretti da Roma e Pisa a Belfast, l\u2019Irlanda del Nord \u00e8 facilmente raggiungibile sia direttamente che anche da Dublino.<\/span><\/span><\/span><\/p>\n<p class=\"MsoNormal\" style=\"text-align: justify; margin: 0cm 0cm 0pt;\"><span style=\"font-family: tahoma; mso-ansi-language: it;\"><span style=\"color: #000000; font-size: small;\">\u00a0<\/span><\/span><\/p>\n<p class=\"MsoNormal\" style=\"text-align: justify; margin: 0cm 0cm 0pt;\"><span style=\"font-family: tahoma; mso-ansi-language: it;\"><span style=\"color: #000000;\"><span style=\"font-size: small;\">Per ulteriori informazioni:<\/span><\/span><\/span><\/p>\n<p class=\"MsoNormal\" style=\"text-align: justify; margin: 0cm 0cm 0pt;\"><span style=\"font-family: tahoma; mso-ansi-language: it;\"><a href=\"http:\/\/www.irlanda-travel.com\/ni2012\"><span style=\"font-size: small;\">www.irlanda-travel.com\/ni2012<\/span><\/a><span style=\"color: #000000; font-size: small;\"> &#8211; <\/span><a href=\"http:\/\/www.nitb.com\/ni2012\"><span style=\"font-size: small;\">www.nitb.com\/ni2012<\/span><\/a><\/span><\/p>\n<p class=\"MsoNormal\" style=\"text-align: justify; margin: 0cm 0cm 0pt;\"><span style=\"font-family: tahoma; mso-ansi-language: it;\"><span style=\"color: #000000; font-size: small;\">\u00a0<\/span><\/span><\/p>\n","protected":false},"excerpt":{"rendered":"<p>Il Direttore di Turismo Irlandese, Niamh Kinsella, apre il nuovo anno\u00a0 con la seguente dichiarazione: \u201cLe aspettative quest\u2019anno sono molto alte e c\u2019\u00e8 gran fermento perch\u00e9 \u00e8 in atto una svolta epocale ed unica che trasformer\u00e0 l\u2019Irlanda del Nord, dando inizio ad una nuova era per il turismo verso questa zona. Il 2012 sar\u00e0 un &hellip; <a href=\"https:\/\/www.gdapress.it\/it\/index.php\/20503\/turismo\/2012-irlanda-del-nord-sara-un-anno-titanico.html\" class=\"more-link\">Read more <span class=\"screen-reader-text\">2012 IRLANDA DEL NORD: SARA\u2019 UN ANNO TITANICO!<\/span><\/a><\/p>\n","protected":false},"author":2,"featured_media":0,"comment_status":"open","ping_status":"open","sticky":false,"template":"","format":"standard","meta":{"footnotes":""},"categories":[9],"tags":[2262,17451],"class_list":["post-20503","post","type-post","status-publish","format-standard","hentry","category-turismo","tag-irlanda","tag-turismo"],"_links":{"self":[{"href":"https:\/\/www.gdapress.it\/it\/index.php\/wp-json\/wp\/v2\/posts\/20503","targetHints":{"allow":["GET"]}}],"collection":[{"href":"https:\/\/www.gdapress.it\/it\/index.php\/wp-json\/wp\/v2\/posts"}],"about":[{"href":"https:\/\/www.gdapress.it\/it\/index.php\/wp-json\/wp\/v2\/types\/post"}],"author":[{"embeddable":true,"href":"https:\/\/www.gdapress.it\/it\/index.php\/wp-json\/wp\/v2\/users\/2"}],"replies":[{"embeddable":true,"href":"https:\/\/www.gdapress.it\/it\/index.php\/wp-json\/wp\/v2\/comments?post=20503"}],"version-history":[{"count":3,"href":"https:\/\/www.gdapress.it\/it\/index.php\/wp-json\/wp\/v2\/posts\/20503\/revisions"}],"predecessor-version":[{"id":20546,"href":"https:\/\/www.gdapress.it\/it\/index.php\/wp-json\/wp\/v2\/posts\/20503\/revisions\/20546"}],"wp:attachment":[{"href":"https:\/\/www.gdapress.it\/it\/index.php\/wp-json\/wp\/v2\/media?parent=20503"}],"wp:term":[{"taxonomy":"category","embeddable":true,"href":"https:\/\/www.gdapress.it\/it\/index.php\/wp-json\/wp\/v2\/categories?post=20503"},{"taxonomy":"post_tag","embeddable":true,"href":"https:\/\/www.gdapress.it\/it\/index.php\/wp-json\/wp\/v2\/tags?post=20503"}],"curies":[{"name":"wp","href":"https:\/\/api.w.org\/{rel}","templated":true}]}}