
{"id":15187,"date":"2011-07-09T06:20:34","date_gmt":"2011-07-09T04:20:34","guid":{"rendered":"http:\/\/www.gdapress.it\/it\/?p=15187"},"modified":"2011-07-11T07:04:11","modified_gmt":"2011-07-11T05:04:11","slug":"mittelfest-ieri-mittelfest-domani-a-cividale-del-friuli-dal-9-al-24-luglio-2011","status":"publish","type":"post","link":"https:\/\/www.gdapress.it\/it\/index.php\/15187\/spettacoli\/mittelfest-ieri-mittelfest-domani-a-cividale-del-friuli-dal-9-al-24-luglio-2011.html","title":{"rendered":"MittelFest ieri. MittelFest domani a Cividale del Friuli, Udine,Gorizia  dal 9 al 24 luglio 2011"},"content":{"rendered":"<p align=\"center\" style=\"text-align: center; margin: 12pt -0.05pt 0pt 0cm\"><b><span style=\"font-family: 'arial narrow'; font-size: 14pt\"><o:p><font color=\"#000000\">DAL 9&nbsp; AL&nbsp;&nbsp;24 LUGLIO 2011 A CIVIDALE DEL FRIULI,UDINE,GORIZIA<\/font><\/o:p><\/span><\/b><\/p>\n<p align=\"center\" style=\"text-align: center; margin: 12pt -0.05pt 0pt 0cm\"><span style=\"font-family: 'arial narrow'; font-size: 14pt\"><font color=\"#0e774a\" face=\"\">&nbsp;<a href=\"http:\/\/www.mittelfest.org\">www.mittelfest.org<\/a> <\/font><\/span><\/p>\n<p style=\"text-align: justify; margin: 12pt 0cm 0pt\"><span style=\"font-family: 'arial narrow'; font-size: 13pt; mso-bidi-font-size: 14.0pt\"><font color=\"#000000\">Dal 1991, nelle sue venti edizioni e nel suo particolare intreccio di teatro, musica e danza, MittelFest ha messo assieme avanguardie e tradizioni, poesia e sperimentazione, performance urticanti, ma anche rassicuranti e indimenticabili balletti. <o:p><\/o:p><\/font><\/span><\/p>\n<p style=\"text-align: justify; margin: 12pt 0cm 0pt\"><span style=\"font-family: 'arial narrow'; font-size: 13pt; mso-bidi-font-size: 14.0pt\"><font color=\"#000000\">Nato come festival, pi&ugrave; esattamente come una vetrina culturale della Mitteleuropa, MittelFest ha saputo ugualmente svolgere una funzione di dialogo intenso e proficuo tra tutti Paesi con cui ha via via stretto legami. Cos&igrave; il flusso ininterrotto di informazioni e pensieri, sviluppati di anno in anno nelle settimane centrali di luglio, si &egrave; sempre trasfigurato in spettacoli, accolti e ospitati nello scenario di una Cividale internazionale, straordinario palcoscenico<i> en plein air<\/i>. <o:p><\/o:p><\/font><\/span><\/p>\n<p style=\"text-align: justify; margin: 12pt 0cm 0pt\"><span style=\"font-family: 'arial narrow'; font-size: 13pt; mso-bidi-font-size: 14.0pt\"><font color=\"#000000\">Oggi MittelFest &egrave; divenuto uno dei festival italiani pi&ugrave; longevi e prestigiosi, biglietto da visita di una regione intera, il Friuli Venezia Giulia, e di una cultura complessa, di un&#39;originalit&agrave; che ha pochi concorrenti in Europa. <o:p><\/o:p><\/font><\/span><\/p>\n<p style=\"text-align: justify; margin: 12pt 0cm 0pt\"><span style=\"font-family: 'arial narrow'; font-size: 13pt; mso-bidi-font-size: 14.0pt\"><font color=\"#000000\">E&#39; un traguardo ventennale di cui siamo orgogliosi, e che ora va di nuovo rilanciato. <o:p><\/o:p><\/font><\/span><\/p>\n<p style=\"text-align: justify; margin: 12pt 0cm 0pt\"><span style=\"font-family: 'arial narrow'; font-size: 13pt; mso-bidi-font-size: 14.0pt\"><font color=\"#000000\">Con il nuovo cartellone, questo del 2011, proviamo ad allargare ancora una volta l&#39;orizzonte a cui MittelFest fa riferimento. Sapendo che le sfide imposte dai tempi recenti (sfide di ordine politico ed economico, ma anche e soprattutto culturale) si possono affrontare solo rompendo gli schemi di pensiero a cui eravamo abituati, <o:p><\/o:p><\/font><\/span><\/p>\n<p class=\"MsoNormal\" style=\"text-align: justify; line-height: normal; margin: 12pt 0cm 10pt; mso-hyphenate: auto; mso-margin-bottom-alt: auto\"><span style=\"font-family: 'arial narrow'; font-size: 13pt; mso-fareast-font-family: 'times new roman'; mso-bidi-font-family: 'times new roman'; mso-fareast-language: it; mso-bidi-font-size: 14.0pt\"><font color=\"#000000\">Per questo il programma 2011 di MittelFest, nelle sue diverse declinazioni, ospita musicisti, scrittori, compositori, direttori d&rsquo;orchestra, danzatori, attori, che fanno s&igrave; parte della nuova vecchia Europa, ma anche artisti che provengono dalla Cina, dalla Russia, dall&rsquo;Armenia, anche dall&rsquo;Argentina. <o:p><\/o:p><\/font><\/span><\/p>\n<p class=\"MsoNormal\" style=\"text-align: justify; line-height: normal; margin: 12pt 0cm 10pt; mso-hyphenate: auto; mso-margin-bottom-alt: auto\"><span style=\"font-family: 'arial narrow'; font-size: 13pt; mso-fareast-font-family: 'times new roman'; mso-bidi-font-family: 'times new roman'; mso-fareast-language: it; mso-bidi-font-size: 14.0pt\"><font color=\"#000000\">Anche quest&#39;anno verranno proposti momenti di riflessione importante a margine degli spettacoli veri e propri. Interventi che vedranno impegnate figure di prestigio come Lucio Caracciolo, Toni Capuozzo, Edward Luttwak: tra loro<i> <\/i>ci sono testimoni diretti delle tragedie e delle guerre africane e asiatiche (senza il filtro quindi degli anodini schemi televisivi), che pensiamo importanti per capire le dinamiche del Nuovo che ci sta innanzi, i problemi esplosivi che dall&rsquo;area mediterranea si propagano alla &quot;vecchia&quot; Europa. <o:p><\/o:p><\/font><\/span><\/p>\n<p style=\"text-align: justify; margin: 12pt 0cm 0pt\"><span style=\"font-family: 'arial narrow'; font-size: 13pt; mso-bidi-font-size: 14.0pt\"><font color=\"#000000\">Un mondo in ebollizione di cui MittelFest vuole parlare, forte di un&#39;identit&agrave; consolidata, con un&#39;attenzione particolare alla formazione in atto di un nuovo pensiero, che non potr&agrave; pi&ugrave; essere autoriflessivo o esclusivamente continentale, ma deve vivere in un pianeta &#8211; che ci piaccia o no &#8211; fortemente globalizzato.<o:p><\/o:p><\/font><\/span><\/p>\n<p style=\"text-align: justify; margin: 12pt 0cm 0pt\"><span style=\"font-family: 'arial narrow'; font-size: 13pt; mso-bidi-font-size: 14.0pt\"><o:p><font color=\"#000000\">&nbsp;<\/font><\/o:p><\/span><span style=\"font-family: 'arial narrow'; font-size: 13pt; mso-bidi-font-family: 'times new roman'; mso-bidi-font-size: 14.0pt\"><font color=\"#000000\">Presidente&nbsp;&nbsp; <\/font><\/span><span style=\"font-family: 'arial narrow'; font-size: 13pt; mso-bidi-font-family: 'times new roman'; mso-bidi-font-size: 12.0pt\"><font color=\"#000000\">Associazione Mittelfest&nbsp; <\/font><\/span><b style=\"mso-bidi-font-weight: normal\"><span style=\"line-height: 115%; font-family: 'arial narrow'; font-size: 13pt; mso-fareast-font-family: calibri; mso-bidi-font-family: 'times new roman'; mso-fareast-language: ar-sa; mso-bidi-font-size: 14.0pt; mso-ansi-language: it; mso-bidi-language: ar-sa\"><font color=\"#000000\">Antonio Devetag<\/font><\/span><\/b><\/p>\n<p style=\"text-align: justify; margin: 12pt 0cm 0pt\"><span style=\"line-height: 115%; font-family: 'arial narrow'; font-size: 13pt; mso-fareast-font-family: calibri; mso-bidi-font-family: 'times new roman'; mso-fareast-language: ar-sa; mso-bidi-font-size: 14.0pt; mso-ansi-language: it; mso-bidi-language: ar-sa\"><font color=\"#000000\">La biglietteria: nella sede centrale di Cividale in Stretta San Martino (tel. 0432.734316), a Udine (presso l&rsquo;Ente Regionale Teatrale FVG, Via Marco Volpe, 13 Tel. 0432 224224, dal luned&igrave; al venerd&igrave; &ndash; 10.00 \/ 13.00 e 15.00 \/ 17.30) <br \/>\n\tprevendite on line: a cui si pu&ograve; accedere dal sito del festival <a href=\"http:\/\/www.mittelfest.org\/\" target=\"_blank\">www.mittelfest.org<\/a> o direttamente dal sito <a href=\"http:\/\/www.greenticket.it\/\" target=\"_blank\">www.greenticket.it<\/a> (899 50 00 55). Da gioved&igrave; 7 luglio prevendite aperte anche a Gorizia, presso il Teatro G. Verdi via Garibaldi 2\/a (dalle 15.00 alle 17.30 e 2 ore prima dell&rsquo;inizio del concerto di Emir Kusturica, fissato per luned&igrave; 11 luglio).<\/font><\/span><\/p>\n<p style=\"text-align: justify; margin: 12pt 0cm 0pt\">&nbsp;<\/p>\n<p class=\"MsoNormal\" style=\"text-align: justify; margin: 0cm 0cm 0pt\"><span style=\"line-height: 115%; font-family: 'arial narrow'; font-size: 13pt; mso-fareast-font-family: calibri; mso-bidi-font-family: 'times new roman'; mso-fareast-language: ar-sa; mso-bidi-font-size: 14.0pt; mso-ansi-language: it; mso-bidi-language: ar-sa\"><font color=\"#000000\"><span style=\"font-family: arial; font-size: 11pt\"><strong>PROGRAMMA<\/strong><\/span><\/font><\/span><\/p>\n<p class=\"MsoNormal\" style=\"text-align: justify; margin: 0cm 0cm 0pt\"><span style=\"line-height: 115%; font-family: 'arial narrow'; font-size: 13pt; mso-fareast-font-family: calibri; mso-bidi-font-family: 'times new roman'; mso-fareast-language: ar-sa; mso-bidi-font-size: 14.0pt; mso-ansi-language: it; mso-bidi-language: ar-sa\"><font color=\"#000000\"><span style=\"font-family: arial; font-size: 11pt\"><strong>SABATO 9 LUGLIO<o:p><\/o:p><\/strong><\/span><\/font><\/span><\/p>\n<p class=\"MsoNormal\" style=\"text-align: justify; margin: 0cm 0cm 0pt\"><span style=\"line-height: 115%; font-family: 'arial narrow'; font-size: 13pt; mso-fareast-font-family: calibri; mso-bidi-font-family: 'times new roman'; mso-fareast-language: ar-sa; mso-bidi-font-size: 14.0pt; mso-ansi-language: it; mso-bidi-language: ar-sa\"><font color=\"#000000\"><span style=\"font-family: arial; font-size: 11pt\"><o:p>&nbsp;<\/o:p><\/span><u><span style=\"font-family: arial; font-size: 11pt\">ore 17.30 &ndash; Chiesa San Francesco<o:p><\/o:p><\/span><\/u><\/font><\/span><\/p>\n<p class=\"MsoNormal\" style=\"text-align: justify; margin: 0cm 0cm 0pt\"><span style=\"line-height: 115%; font-family: 'arial narrow'; font-size: 13pt; mso-fareast-font-family: calibri; mso-bidi-font-family: 'times new roman'; mso-fareast-language: ar-sa; mso-bidi-font-size: 14.0pt; mso-ansi-language: it; mso-bidi-language: ar-sa\"><font color=\"#000000\"><span style=\"font-family: arial; font-size: 11pt\"><strong>CERIMONIA DI INAUGURAZIONE<o:p><\/o:p><\/strong><\/span><\/font><\/span><\/p>\n<p class=\"MsoNormal\" style=\"text-align: justify; margin: 0cm 0cm 0pt\"><span style=\"line-height: 115%; font-family: 'arial narrow'; font-size: 13pt; mso-fareast-font-family: calibri; mso-bidi-font-family: 'times new roman'; mso-fareast-language: ar-sa; mso-bidi-font-size: 14.0pt; mso-ansi-language: it; mso-bidi-language: ar-sa\"><font color=\"#000000\"><span style=\"font-family: arial; font-size: 11pt\"><o:p>&nbsp;<\/o:p><\/span><\/font><\/span><\/p>\n<p class=\"MsoNormal\" style=\"text-align: justify; margin: 0cm 0cm 0pt\"><span style=\"line-height: 115%; font-family: 'arial narrow'; font-size: 13pt; mso-fareast-font-family: calibri; mso-bidi-font-family: 'times new roman'; mso-fareast-language: ar-sa; mso-bidi-font-size: 14.0pt; mso-ansi-language: it; mso-bidi-language: ar-sa\"><font color=\"#000000\"><u><span style=\"font-family: arial; font-size: 11pt\">ore 18.30 &ndash; Chiesa San Francesco<o:p><\/o:p><\/span><\/u><\/font><\/span><\/p>\n<p class=\"MsoNormal\" style=\"text-align: justify; margin: 0cm 0cm 0pt\"><span style=\"line-height: 115%; font-family: 'arial narrow'; font-size: 13pt; mso-fareast-font-family: calibri; mso-bidi-font-family: 'times new roman'; mso-fareast-language: ar-sa; mso-bidi-font-size: 14.0pt; mso-ansi-language: it; mso-bidi-language: ar-sa\"><font color=\"#000000\"><span style=\"font-family: arial; font-size: 11pt\"><strong>CONCERTO DI INAUGURAZIONE<o:p><\/o:p><\/strong><\/span><\/font><\/span><\/p>\n<p class=\"MsoNormal\" style=\"text-align: justify; margin: 0cm 0cm 0pt\"><span style=\"line-height: 115%; font-family: 'arial narrow'; font-size: 13pt; mso-fareast-font-family: calibri; mso-bidi-font-family: 'times new roman'; mso-fareast-language: ar-sa; mso-bidi-font-size: 14.0pt; mso-ansi-language: it; mso-bidi-language: ar-sa\"><font color=\"#000000\"><span style=\"font-family: arial; font-size: 11pt\"><strong>LUCIANA D&rsquo;INTINO &amp; FVG MITTELEUROPA ORCHESTRA <o:p><\/o:p><\/strong><\/span><\/font><\/span><\/p>\n<p class=\"MsoNormal\" style=\"text-align: justify; margin: 0cm 0cm 0pt\"><span style=\"line-height: 115%; font-family: 'arial narrow'; font-size: 13pt; mso-fareast-font-family: calibri; mso-bidi-font-family: 'times new roman'; mso-fareast-language: ar-sa; mso-bidi-font-size: 14.0pt; mso-ansi-language: it; mso-bidi-language: ar-sa\"><font color=\"#000000\"><span style=\"font-family: arial; font-size: 11pt\">musiche di Rossini, Verdi, Bellini, Cilea, Mascagni<o:p><\/o:p><\/span><\/font><\/span><\/p>\n<p class=\"MsoNormal\" style=\"text-align: justify; margin: 0cm 0cm 0pt\"><span style=\"line-height: 115%; font-family: 'arial narrow'; font-size: 13pt; mso-fareast-font-family: calibri; mso-bidi-font-family: 'times new roman'; mso-fareast-language: ar-sa; mso-bidi-font-size: 14.0pt; mso-ansi-language: it; mso-bidi-language: ar-sa\"><font color=\"#000000\"><span style=\"font-family: arial; font-size: 11pt\">Luciana D&rsquo;Intino,mezzosoprano<o:p><\/o:p><\/span><\/font><\/span><\/p>\n<p class=\"MsoNormal\" style=\"text-align: justify; margin: 0cm 0cm 0pt\"><span style=\"line-height: 115%; font-family: 'arial narrow'; font-size: 13pt; mso-fareast-font-family: calibri; mso-bidi-font-family: 'times new roman'; mso-fareast-language: ar-sa; mso-bidi-font-size: 14.0pt; mso-ansi-language: it; mso-bidi-language: ar-sa\"><font color=\"#000000\"><span style=\"font-family: arial; font-size: 11pt\">FVG Mitteleuropa Orchestra; Paolo Paroni, direttore<o:p><\/o:p><\/span><\/font><\/span><\/p>\n<p class=\"MsoNormal\" style=\"text-align: justify; margin: 0cm 0cm 0pt\"><span style=\"line-height: 115%; font-family: 'arial narrow'; font-size: 13pt; mso-fareast-font-family: calibri; mso-bidi-font-family: 'times new roman'; mso-fareast-language: ar-sa; mso-bidi-font-size: 14.0pt; mso-ansi-language: it; mso-bidi-language: ar-sa\"><font color=\"#000000\"><span style=\"font-family: arial; font-size: 11pt\">produzione MittelFest 2011<o:p><\/o:p><\/span><\/font><\/span><\/p>\n<p class=\"MsoNormal\" style=\"text-align: justify; margin: 0cm 0cm 0pt\"><span style=\"line-height: 115%; font-family: 'arial narrow'; font-size: 13pt; mso-fareast-font-family: calibri; mso-bidi-font-family: 'times new roman'; mso-fareast-language: ar-sa; mso-bidi-font-size: 14.0pt; mso-ansi-language: it; mso-bidi-language: ar-sa\"><font color=\"#000000\"><span style=\"font-family: arial; font-size: 11pt\">MUSICA<o:p><\/o:p><\/span><\/font><\/span><\/p>\n<p class=\"MsoNormal\" style=\"text-align: justify; margin: 0cm 0cm 0pt\"><span style=\"line-height: 115%; font-family: 'arial narrow'; font-size: 13pt; mso-fareast-font-family: calibri; mso-bidi-font-family: 'times new roman'; mso-fareast-language: ar-sa; mso-bidi-font-size: 14.0pt; mso-ansi-language: it; mso-bidi-language: ar-sa\"><font color=\"#000000\"><u><span style=\"font-family: arial; font-size: 11pt\">ore 21.30 &ndash; Teatro Ristori<o:p><\/o:p><\/span><\/u><\/font><\/span><\/p>\n<p class=\"MsoNormal\" style=\"text-align: justify; margin: 0cm 0cm 0pt\"><span style=\"line-height: 115%; font-family: 'arial narrow'; font-size: 13pt; mso-fareast-font-family: calibri; mso-bidi-font-family: 'times new roman'; mso-fareast-language: ar-sa; mso-bidi-font-size: 14.0pt; mso-ansi-language: it; mso-bidi-language: ar-sa\"><font color=\"#000000\"><strong><st1:personname productid=\"LA MODESTIA\" w:st=\"on\"><span style=\"font-family: arial; font-size: 11pt\">LA MODESTIA<\/span><\/st1:personname><span style=\"font-family: arial; font-size: 11pt\"><o:p><\/o:p><\/span><\/strong><\/font><\/span><\/p>\n<p class=\"MsoNormal\" style=\"text-align: justify; margin: 0cm 0cm 0pt\"><span style=\"line-height: 115%; font-family: 'arial narrow'; font-size: 13pt; mso-fareast-font-family: calibri; mso-bidi-font-family: 'times new roman'; mso-fareast-language: ar-sa; mso-bidi-font-size: 14.0pt; mso-ansi-language: it; mso-bidi-language: ar-sa\"><font color=\"#000000\"><span style=\"font-family: arial; font-size: 11pt\">di Rafael Spregelburd<o:p><\/o:p><\/span><\/font><\/span><\/p>\n<p class=\"MsoNormal\" style=\"text-align: justify; margin: 0cm 0cm 0pt\"><span style=\"line-height: 115%; font-family: 'arial narrow'; font-size: 13pt; mso-fareast-font-family: calibri; mso-bidi-font-family: 'times new roman'; mso-fareast-language: ar-sa; mso-bidi-font-size: 14.0pt; mso-ansi-language: it; mso-bidi-language: ar-sa\"><font color=\"#000000\"><span style=\"font-family: arial; font-size: 11pt\">regia di Luca Ronconi<o:p><\/o:p><\/span><\/font><\/span><\/p>\n<p class=\"MsoNormal\" style=\"text-align: justify; margin: 0cm 0cm 0pt\"><span style=\"line-height: 115%; font-family: 'arial narrow'; font-size: 13pt; mso-fareast-font-family: calibri; mso-bidi-font-family: 'times new roman'; mso-fareast-language: ar-sa; mso-bidi-font-size: 14.0pt; mso-ansi-language: it; mso-bidi-language: ar-sa\"><font color=\"#000000\"><span style=\"font-family: arial; font-size: 11pt\">con Francesca Ciocchetti, Maria Paiato, Paolo Pierobon, Fausto Russo Alesi <o:p><\/o:p><\/span><\/font><\/span><\/p>\n<p class=\"MsoNormal\" style=\"text-align: justify; margin: 0cm 0cm 0pt\"><span style=\"line-height: 115%; font-family: 'arial narrow'; font-size: 13pt; mso-fareast-font-family: calibri; mso-bidi-font-family: 'times new roman'; mso-fareast-language: ar-sa; mso-bidi-font-size: 14.0pt; mso-ansi-language: it; mso-bidi-language: ar-sa\"><font color=\"#000000\"><span style=\"font-family: arial; font-size: 11pt\">scene Marco Rossi; costumi Gianluca Sbicca<o:p><\/o:p><\/span><\/font><\/span><\/p>\n<p class=\"MsoNormal\" style=\"text-align: justify; margin: 0cm 0cm 0pt\"><span style=\"line-height: 115%; font-family: 'arial narrow'; font-size: 13pt; mso-fareast-font-family: calibri; mso-bidi-font-family: 'times new roman'; mso-fareast-language: ar-sa; mso-bidi-font-size: 14.0pt; mso-ansi-language: it; mso-bidi-language: ar-sa\"><font color=\"#000000\"><span style=\"font-family: arial; font-size: 11pt\">coproduzione Associazione MittelFest, Fondazione<span style=\"mso-spacerun: yes\">&nbsp; <\/span>Festival dei Due Mondi di Spoleto, Fondazione Piccolo Teatro di Milano &ndash; Teatro d&rsquo;Europa <o:p><\/o:p><\/span><\/font><\/span><\/p>\n<p class=\"MsoNormal\" style=\"text-align: justify; margin: 0cm 0cm 0pt\"><span style=\"line-height: 115%; font-family: 'arial narrow'; font-size: 13pt; mso-fareast-font-family: calibri; mso-bidi-font-family: 'times new roman'; mso-fareast-language: ar-sa; mso-bidi-font-size: 14.0pt; mso-ansi-language: it; mso-bidi-language: ar-sa\"><font color=\"#000000\"><span style=\"font-family: arial; font-size: 11pt\">su progetto e realizzazione di Santacristina Centro Teatrale<o:p><\/o:p><\/span><\/font><\/span><\/p>\n<p class=\"MsoNormal\" style=\"text-align: justify; margin: 0cm 0cm 0pt\"><span style=\"line-height: 115%; font-family: 'arial narrow'; font-size: 13pt; mso-fareast-font-family: calibri; mso-bidi-font-family: 'times new roman'; mso-fareast-language: ar-sa; mso-bidi-font-size: 14.0pt; mso-ansi-language: it; mso-bidi-language: ar-sa\"><font color=\"#000000\"><span style=\"font-family: arial; font-size: 11pt\">PROSA<o:p><\/o:p><\/span><\/font><\/span><\/p>\n<p class=\"MsoNormal\" style=\"text-align: justify; margin: 0cm 0cm 0pt\"><span style=\"line-height: 115%; font-family: 'arial narrow'; font-size: 13pt; mso-fareast-font-family: calibri; mso-bidi-font-family: 'times new roman'; mso-fareast-language: ar-sa; mso-bidi-font-size: 14.0pt; mso-ansi-language: it; mso-bidi-language: ar-sa\"><font color=\"#000000\"><span style=\"font-family: arial; font-size: 11pt\"><o:p>&nbsp;<\/o:p><\/span><\/font><\/span><\/p>\n<p class=\"MsoNormal\" style=\"text-align: justify; margin: 0cm 0cm 0pt\"><span style=\"line-height: 115%; font-family: 'arial narrow'; font-size: 13pt; mso-fareast-font-family: calibri; mso-bidi-font-family: 'times new roman'; mso-fareast-language: ar-sa; mso-bidi-font-size: 14.0pt; mso-ansi-language: it; mso-bidi-language: ar-sa\"><font color=\"#000000\"><span style=\"font-family: arial; font-size: 11pt\"><o:p><\/o:p><\/span><span style=\"font-family: arial; font-size: 11pt\"><strong>DOMENICA 10 LUGLIO<o:p><\/o:p><\/strong><\/span><\/font><\/span><\/p>\n<p class=\"MsoNormal\" style=\"text-align: justify; margin: 0cm 0cm 0pt\"><span style=\"line-height: 115%; font-family: 'arial narrow'; font-size: 13pt; mso-fareast-font-family: calibri; mso-bidi-font-family: 'times new roman'; mso-fareast-language: ar-sa; mso-bidi-font-size: 14.0pt; mso-ansi-language: it; mso-bidi-language: ar-sa\"><font color=\"#000000\"><span style=\"font-family: arial; font-size: 11pt\"><o:p>&nbsp;<\/o:p><\/span><u><span style=\"font-family: arial; font-size: 11pt\">ore 11.30 &ndash; Chiesa San Francesco<o:p><\/o:p><\/span><\/u><\/font><\/span><\/p>\n<p class=\"MsoNormal\" style=\"text-align: justify; margin: 0cm 0cm 0pt\"><span style=\"line-height: 115%; font-family: 'arial narrow'; font-size: 13pt; mso-fareast-font-family: calibri; mso-bidi-font-family: 'times new roman'; mso-fareast-language: ar-sa; mso-bidi-font-size: 14.0pt; mso-ansi-language: it; mso-bidi-language: ar-sa\"><font color=\"#000000\"><span style=\"font-family: arial; font-size: 11pt\"><strong>L&rsquo;IDENTITA&rsquo; ROMANTICA IN CONCERTO<o:p><\/o:p><\/strong><\/span><\/font><\/span><\/p>\n<p class=\"MsoNormal\" style=\"text-align: justify; margin: 0cm 0cm 0pt\"><span style=\"line-height: 115%; font-family: 'arial narrow'; font-size: 13pt; mso-fareast-font-family: calibri; mso-bidi-font-family: 'times new roman'; mso-fareast-language: ar-sa; mso-bidi-font-size: 14.0pt; mso-ansi-language: it; mso-bidi-language: ar-sa\"><font color=\"#000000\"><span lang=\"EN-GB\" style=\"font-family: arial; font-size: 11pt; mso-ansi-language: en-gb\">musiche di Schubert, Rossini, Felix Mendelssohn Bartholdy, Strauss,<\/span><span lang=\"EN-GB\" style=\"mso-ansi-language: en-gb\"><font face=\"Times New Roman\" size=\"3\"> <\/font><\/span><span lang=\"EN-GB\" style=\"font-family: arial; font-size: 11pt; mso-ansi-language: en-gb\">Saint-Sa&euml;ns<o:p><\/o:p><\/span><\/font><\/span><\/p>\n<p class=\"MsoNormal\" style=\"text-align: justify; margin: 0cm 0cm 0pt\"><span style=\"line-height: 115%; font-family: 'arial narrow'; font-size: 13pt; mso-fareast-font-family: calibri; mso-bidi-font-family: 'times new roman'; mso-fareast-language: ar-sa; mso-bidi-font-size: 14.0pt; mso-ansi-language: it; mso-bidi-language: ar-sa\"><font color=\"#000000\"><span style=\"font-family: arial; font-size: 11pt\">Coro Polifonico di Ruda<o:p><\/o:p><\/span><\/font><\/span><\/p>\n<p class=\"MsoNormal\" style=\"text-align: justify; margin: 0cm 0cm 0pt\"><span style=\"line-height: 115%; font-family: 'arial narrow'; font-size: 13pt; mso-fareast-font-family: calibri; mso-bidi-font-family: 'times new roman'; mso-fareast-language: ar-sa; mso-bidi-font-size: 14.0pt; mso-ansi-language: it; mso-bidi-language: ar-sa\"><font color=\"#000000\"><span style=\"font-family: arial; font-size: 11pt\">Fabiana Noro, direttore; Matteo Andri, pianoforte<o:p><\/o:p><\/span><\/font><\/span><\/p>\n<p class=\"MsoNormal\" style=\"text-align: justify; margin: 0cm 0cm 0pt\"><span style=\"line-height: 115%; font-family: 'arial narrow'; font-size: 13pt; mso-fareast-font-family: calibri; mso-bidi-font-family: 'times new roman'; mso-fareast-language: ar-sa; mso-bidi-font-size: 14.0pt; mso-ansi-language: it; mso-bidi-language: ar-sa\"><font color=\"#000000\"><span style=\"font-family: arial; font-size: 11pt\">MUSICA<o:p><\/o:p><\/span><\/font><\/span><\/p>\n<p class=\"MsoNormal\" style=\"text-align: justify; margin: 0cm 0cm 0pt\"><span style=\"line-height: 115%; font-family: 'arial narrow'; font-size: 13pt; mso-fareast-font-family: calibri; mso-bidi-font-family: 'times new roman'; mso-fareast-language: ar-sa; mso-bidi-font-size: 14.0pt; mso-ansi-language: it; mso-bidi-language: ar-sa\"><font color=\"#000000\"><span style=\"font-family: arial; font-size: 10pt; mso-bidi-font-size: 11.0pt\"><o:p><\/o:p><\/span>&nbsp;<\/font><\/span><\/p>\n<p class=\"MsoNormal\" style=\"text-align: justify; margin: 0cm 0cm 0pt\"><span style=\"line-height: 115%; font-family: 'arial narrow'; font-size: 13pt; mso-fareast-font-family: calibri; mso-bidi-font-family: 'times new roman'; mso-fareast-language: ar-sa; mso-bidi-font-size: 14.0pt; mso-ansi-language: it; mso-bidi-language: ar-sa\"><font color=\"#000000\"><span style=\"font-family: arial; font-size: 11pt\"><o:p>&nbsp;<\/o:p><\/span><\/font><\/span><\/p>\n<p><o:p><\/p>\n<p><o:p><\/p>\n<p class=\"MsoNormal\" style=\"text-align: justify; margin: 0cm 0cm 0pt\"><span style=\"line-height: 115%; font-family: 'arial narrow'; font-size: 13pt; mso-fareast-font-family: calibri; mso-bidi-font-family: 'times new roman'; mso-fareast-language: ar-sa; mso-bidi-font-size: 14.0pt; mso-ansi-language: it; mso-bidi-language: ar-sa\"><font color=\"#000000\"><span style=\"font-family: arial; font-size: 11pt\"><u><span style=\"font-family: arial; font-size: 11pt\">ore 22.00 &ndash; Chiostro San Francesco <o:p><\/o:p><\/span><\/u><\/span><\/font><\/span><\/p>\n<p class=\"MsoNormal\" style=\"text-align: justify; margin: 0cm 0cm 0pt\"><span style=\"line-height: 115%; font-family: 'arial narrow'; font-size: 13pt; mso-fareast-font-family: calibri; mso-bidi-font-family: 'times new roman'; mso-fareast-language: ar-sa; mso-bidi-font-size: 14.0pt; mso-ansi-language: it; mso-bidi-language: ar-sa\"><font color=\"#000000\"><span style=\"font-family: arial; font-size: 11pt\"><b><span style=\"font-family: arial; font-size: 11pt\">ODISSEO<o:p><\/o:p><\/span><\/b><\/span><\/font><\/span><\/p>\n<p class=\"MsoNormal\" style=\"text-align: justify; margin: 0cm 0cm 0pt\"><span style=\"line-height: 115%; font-family: 'arial narrow'; font-size: 13pt; mso-fareast-font-family: calibri; mso-bidi-font-family: 'times new roman'; mso-fareast-language: ar-sa; mso-bidi-font-size: 14.0pt; mso-ansi-language: it; mso-bidi-language: ar-sa\"><font color=\"#000000\"><span style=\"font-family: arial; font-size: 11pt\"><b><span style=\"font-family: arial; font-size: 11pt\">Il naufragio dell&#39;accoglienza<o:p><\/o:p><\/span><\/b><\/span><\/font><\/span><\/p>\n<p class=\"MsoNormal\" style=\"text-align: justify; margin: 0cm 0cm 0pt\"><span style=\"line-height: 115%; font-family: 'arial narrow'; font-size: 13pt; mso-fareast-font-family: calibri; mso-bidi-font-family: 'times new roman'; mso-fareast-language: ar-sa; mso-bidi-font-size: 14.0pt; mso-ansi-language: it; mso-bidi-language: ar-sa\"><font color=\"#000000\"><span style=\"font-family: arial; font-size: 11pt\"><span style=\"font-family: arial; font-size: 11pt\">coreografia e regia Roberto Zappal&agrave;<o:p><\/o:p><\/span><\/span><\/font><\/span><\/p>\n<p class=\"MsoNormal\" style=\"text-align: justify; margin: 0cm 0cm 0pt\"><span style=\"line-height: 115%; font-family: 'arial narrow'; font-size: 13pt; mso-fareast-font-family: calibri; mso-bidi-font-family: 'times new roman'; mso-fareast-language: ar-sa; mso-bidi-font-size: 14.0pt; mso-ansi-language: it; mso-bidi-language: ar-sa\"><font color=\"#000000\"><span style=\"font-family: arial; font-size: 11pt\"><span style=\"font-family: arial; font-size: 11pt\">schizzi, collages e decoupage musicali Puccio Castrogiovanni<o:p><\/o:p><\/span><\/span><\/font><\/span><\/p>\n<p class=\"MsoNormal\" style=\"text-align: justify; margin: 0cm 0cm 0pt\"><span style=\"line-height: 115%; font-family: 'arial narrow'; font-size: 13pt; mso-fareast-font-family: calibri; mso-bidi-font-family: 'times new roman'; mso-fareast-language: ar-sa; mso-bidi-font-size: 14.0pt; mso-ansi-language: it; mso-bidi-language: ar-sa\"><font color=\"#000000\"><span style=\"font-family: arial; font-size: 11pt\"><span style=\"font-family: arial; font-size: 11pt\">produzione Compagnia Zappal&agrave; Danza<o:p><\/o:p><\/span><\/span><\/font><\/span><\/p>\n<p class=\"MsoNormal\" style=\"text-align: justify; margin: 0cm 0cm 0pt\"><span style=\"line-height: 115%; font-family: 'arial narrow'; font-size: 13pt; mso-fareast-font-family: calibri; mso-bidi-font-family: 'times new roman'; mso-fareast-language: ar-sa; mso-bidi-font-size: 14.0pt; mso-ansi-language: it; mso-bidi-language: ar-sa\"><font color=\"#000000\"><span style=\"font-family: arial; font-size: 11pt\"><span style=\"font-family: arial; font-size: 11pt\">DANZA<o:p><\/o:p><\/span><\/span><\/font><\/span><\/p>\n<p class=\"MsoNormal\" style=\"text-align: justify; margin: 0cm 0cm 0pt\"><span style=\"line-height: 115%; font-family: 'arial narrow'; font-size: 13pt; mso-fareast-font-family: calibri; mso-bidi-font-family: 'times new roman'; mso-fareast-language: ar-sa; mso-bidi-font-size: 14.0pt; mso-ansi-language: it; mso-bidi-language: ar-sa\"><font color=\"#000000\"><span style=\"font-family: arial; font-size: 11pt\"><span style=\"font-family: arial; font-size: 11pt\"><o:p>&nbsp;<\/o:p><\/span><\/span><\/font><\/span><\/p>\n<p class=\"MsoNormal\" style=\"text-align: justify; margin: 0cm 0cm 0pt\"><span style=\"line-height: 115%; font-family: 'arial narrow'; font-size: 13pt; mso-fareast-font-family: calibri; mso-bidi-font-family: 'times new roman'; mso-fareast-language: ar-sa; mso-bidi-font-size: 14.0pt; mso-ansi-language: it; mso-bidi-language: ar-sa\"><font color=\"#000000\"><span style=\"font-family: arial; font-size: 11pt\"><b><span style=\"font-family: arial; font-size: 11pt\">LUNED&Iacute; 11 LUGLIO<o:p><\/o:p><\/span><\/b><\/span><\/font><\/span><\/p>\n<p class=\"MsoNormal\" style=\"text-align: justify; margin: 0cm 0cm 0pt\"><span style=\"line-height: 115%; font-family: 'arial narrow'; font-size: 13pt; mso-fareast-font-family: calibri; mso-bidi-font-family: 'times new roman'; mso-fareast-language: ar-sa; mso-bidi-font-size: 14.0pt; mso-ansi-language: it; mso-bidi-language: ar-sa\"><font color=\"#000000\"><span style=\"font-family: arial; font-size: 11pt\"><u><span style=\"font-family: arial; font-size: 11pt\">ore 19.30 &ndash; Teatro Ristori<o:p><\/o:p><\/span><\/u><\/span><\/font><\/span><\/p>\n<p class=\"MsoNormal\" style=\"text-align: justify; margin: 0cm 0cm 0pt\"><span style=\"line-height: 115%; font-family: 'arial narrow'; font-size: 13pt; mso-fareast-font-family: calibri; mso-bidi-font-family: 'times new roman'; mso-fareast-language: ar-sa; mso-bidi-font-size: 14.0pt; mso-ansi-language: it; mso-bidi-language: ar-sa\"><font color=\"#000000\"><span style=\"font-family: arial; font-size: 11pt\"><b><span style=\"font-family: arial; font-size: 11pt\">M\u0154TVE DU&Scaron;E \/ ANIME MORTE<o:p><\/o:p><\/span><\/b><\/span><\/font><\/span><\/p>\n<p class=\"MsoNormal\" style=\"text-align: justify; margin: 0cm 0cm 0pt\"><span style=\"line-height: 115%; font-family: 'arial narrow'; font-size: 13pt; mso-fareast-font-family: calibri; mso-bidi-font-family: 'times new roman'; mso-fareast-language: ar-sa; mso-bidi-font-size: 14.0pt; mso-ansi-language: it; mso-bidi-language: ar-sa\"><font color=\"#000000\"><span style=\"font-family: arial; font-size: 11pt\"><b><span lang=\"EN-GB\" style=\"font-family: arial; mso-ansi-language: en-gb\"><font size=\"3\">Images from the new world<o:p><\/o:p><\/font><\/span><\/b><\/span><\/font><\/span><\/p>\n<p class=\"MsoNormal\" style=\"text-align: justify; margin: 0cm 0cm 0pt\"><span style=\"line-height: 115%; font-family: 'arial narrow'; font-size: 13pt; mso-fareast-font-family: calibri; mso-bidi-font-family: 'times new roman'; mso-fareast-language: ar-sa; mso-bidi-font-size: 14.0pt; mso-ansi-language: it; mso-bidi-language: ar-sa\"><font color=\"#000000\"><span style=\"font-family: arial; font-size: 11pt\"><span style=\"font-family: arial; font-size: 11pt\">scritto e diretto da Dusan Vicen<o:p><\/o:p><\/span><\/span><\/font><\/span><\/p>\n<p class=\"MsoNormal\" style=\"text-align: justify; margin: 0cm 0cm 0pt\"><span style=\"line-height: 115%; font-family: 'arial narrow'; font-size: 13pt; mso-fareast-font-family: calibri; mso-bidi-font-family: 'times new roman'; mso-fareast-language: ar-sa; mso-bidi-font-size: 14.0pt; mso-ansi-language: it; mso-bidi-language: ar-sa\"><font color=\"#000000\"><span style=\"font-family: arial; font-size: 11pt\"><span style=\"font-family: arial; font-size: 11pt\">acustica e luministica<span style=\"mso-spacerun: yes\">&nbsp; <\/span>&Scaron;imon P&aacute;n, Ladislav Mirvald<o:p><\/o:p><\/span><\/span><\/font><\/span><\/p>\n<p class=\"MsoNormal\" style=\"text-align: justify; margin: 0cm 0cm 0pt\"><span style=\"line-height: 115%; font-family: 'arial narrow'; font-size: 13pt; mso-fareast-font-family: calibri; mso-bidi-font-family: 'times new roman'; mso-fareast-language: ar-sa; mso-bidi-font-size: 14.0pt; mso-ansi-language: it; mso-bidi-language: ar-sa\"><font color=\"#000000\"><span style=\"font-family: arial; font-size: 11pt\"><span style=\"font-family: arial; font-size: 11pt\">produzione Divadlo SkRat &ndash; Bratislava<o:p><\/o:p><\/span><\/span><\/font><\/span><\/p>\n<p class=\"MsoNormal\" style=\"text-align: justify; margin: 0cm 0cm 0pt\"><span style=\"line-height: 115%; font-family: 'arial narrow'; font-size: 13pt; mso-fareast-font-family: calibri; mso-bidi-font-family: 'times new roman'; mso-fareast-language: ar-sa; mso-bidi-font-size: 14.0pt; mso-ansi-language: it; mso-bidi-language: ar-sa\"><font color=\"#000000\"><span style=\"font-family: arial; font-size: 11pt\"><b><span style=\"font-family: arial; font-size: 11pt\">Prima nazionale<o:p><\/o:p><\/span><\/b><\/span><\/font><\/span><\/p>\n<p class=\"MsoNormal\" style=\"text-align: justify; margin: 0cm 0cm 0pt\"><span style=\"line-height: 115%; font-family: 'arial narrow'; font-size: 13pt; mso-fareast-font-family: calibri; mso-bidi-font-family: 'times new roman'; mso-fareast-language: ar-sa; mso-bidi-font-size: 14.0pt; mso-ansi-language: it; mso-bidi-language: ar-sa\"><font color=\"#000000\"><span style=\"font-family: arial; font-size: 11pt\"><span style=\"font-family: arial; font-size: 11pt\">SLOVACCHIA <o:p><\/o:p><\/span><\/span><\/font><\/span><\/p>\n<p class=\"MsoNormal\" style=\"text-align: justify; margin: 0cm 0cm 0pt\"><span style=\"line-height: 115%; font-family: 'arial narrow'; font-size: 13pt; mso-fareast-font-family: calibri; mso-bidi-font-family: 'times new roman'; mso-fareast-language: ar-sa; mso-bidi-font-size: 14.0pt; mso-ansi-language: it; mso-bidi-language: ar-sa\"><font color=\"#000000\"><span style=\"font-family: arial; font-size: 11pt\"><span style=\"font-family: arial; font-size: 11pt\">PROSA<o:p><\/o:p><\/span><\/span><\/font><\/span><\/p>\n<p class=\"MsoNormal\" style=\"text-align: justify; margin: 0cm 0cm 0pt\"><span style=\"line-height: 115%; font-family: 'arial narrow'; font-size: 13pt; mso-fareast-font-family: calibri; mso-bidi-font-family: 'times new roman'; mso-fareast-language: ar-sa; mso-bidi-font-size: 14.0pt; mso-ansi-language: it; mso-bidi-language: ar-sa\"><font color=\"#000000\"><span style=\"font-family: arial; font-size: 11pt\"><span style=\"font-family: arial; font-size: 11pt\"><o:p>&nbsp;<\/o:p><\/span><\/span><\/font><\/span><\/p>\n<p class=\"MsoNormal\" style=\"text-align: justify; margin: 0cm 0cm 0pt\"><span style=\"line-height: 115%; font-family: 'arial narrow'; font-size: 13pt; mso-fareast-font-family: calibri; mso-bidi-font-family: 'times new roman'; mso-fareast-language: ar-sa; mso-bidi-font-size: 14.0pt; mso-ansi-language: it; mso-bidi-language: ar-sa\"><font color=\"#000000\"><span style=\"font-family: arial; font-size: 11pt\"><u><span style=\"font-family: arial; font-size: 11pt\">ore 21.45 &ndash; Teatro Verdi &#8211;<span style=\"mso-spacerun: yes\">&nbsp; <\/span>Gorizia<o:p><\/o:p><\/span><\/u><\/span><\/font><\/span><\/p>\n<p class=\"MsoNormal\" style=\"text-align: justify; margin: 0cm 0cm 0pt\"><span style=\"line-height: 115%; font-family: 'arial narrow'; font-size: 13pt; mso-fareast-font-family: calibri; mso-bidi-font-family: 'times new roman'; mso-fareast-language: ar-sa; mso-bidi-font-size: 14.0pt; mso-ansi-language: it; mso-bidi-language: ar-sa\"><font color=\"#000000\"><span style=\"font-family: arial; font-size: 11pt\"><b><span style=\"font-family: arial; font-size: 11pt\">EMIR KUSTURICA &amp; NO SMOKING ORCHESTRA<o:p><\/o:p><\/span><\/b><\/span><\/font><\/span><\/p>\n<p class=\"MsoNormal\" style=\"text-align: justify; margin: 0cm 0cm 0pt\"><span style=\"line-height: 115%; font-family: 'arial narrow'; font-size: 13pt; mso-fareast-font-family: calibri; mso-bidi-font-family: 'times new roman'; mso-fareast-language: ar-sa; mso-bidi-font-size: 14.0pt; mso-ansi-language: it; mso-bidi-language: ar-sa\"><font color=\"#000000\"><span style=\"font-family: arial; font-size: 11pt\"><span style=\"font-family: arial; font-size: 11pt\">con Emir Kusturica (chitarra ritmica)<o:p><\/o:p><\/span><\/span><\/font><\/span><\/p>\n<p class=\"MsoNormal\" style=\"text-align: justify; margin: 0cm 0cm 0pt\"><span style=\"line-height: 115%; font-family: 'arial narrow'; font-size: 13pt; mso-fareast-font-family: calibri; mso-bidi-font-family: 'times new roman'; mso-fareast-language: ar-sa; mso-bidi-font-size: 14.0pt; mso-ansi-language: it; mso-bidi-language: ar-sa\"><font color=\"#000000\"><span style=\"font-family: arial; font-size: 11pt\"><span style=\"font-family: arial; font-size: 11pt\">e Nelle Karajilic (voce), Ivica Maksimovic (chitarra solista), Stribor Kusturica (batteria), Zoran Marijanovic (percussioni), Goran Popovic (chitarra, basso &amp; tuba), Nenad Petrovic (sax), Sparavalo Dejan (violino), Zoran Milosevic (fisarmonica) Drazen Jankovic (tastiere)<o:p><\/o:p><\/span><\/span><\/font><\/span><\/p>\n<p class=\"MsoNormal\" style=\"text-align: justify; margin: 0cm 0cm 0pt\"><span style=\"line-height: 115%; font-family: 'arial narrow'; font-size: 13pt; mso-fareast-font-family: calibri; mso-bidi-font-family: 'times new roman'; mso-fareast-language: ar-sa; mso-bidi-font-size: 14.0pt; mso-ansi-language: it; mso-bidi-language: ar-sa\"><font color=\"#000000\"><span style=\"font-family: arial; font-size: 11pt\"><span style=\"font-family: arial; font-size: 11pt\">in collaborazione con Studio Musica &#8211; Modena<o:p><\/o:p><\/span><\/span><\/font><\/span><\/p>\n<p class=\"MsoNormal\" style=\"text-align: justify; margin: 0cm 0cm 0pt\"><span style=\"line-height: 115%; font-family: 'arial narrow'; font-size: 13pt; mso-fareast-font-family: calibri; mso-bidi-font-family: 'times new roman'; mso-fareast-language: ar-sa; mso-bidi-font-size: 14.0pt; mso-ansi-language: it; mso-bidi-language: ar-sa\"><font color=\"#000000\"><span style=\"font-family: arial; font-size: 11pt\"><span style=\"font-family: arial; font-size: 11pt\">MUSICA<o:p><\/o:p><\/span><\/span><\/font><\/span><\/p>\n<p class=\"MsoNormal\" style=\"text-align: justify; margin: 0cm 0cm 0pt\"><span style=\"line-height: 115%; font-family: 'arial narrow'; font-size: 13pt; mso-fareast-font-family: calibri; mso-bidi-font-family: 'times new roman'; mso-fareast-language: ar-sa; mso-bidi-font-size: 14.0pt; mso-ansi-language: it; mso-bidi-language: ar-sa\"><font color=\"#000000\"><span style=\"font-family: arial; font-size: 11pt\"><span style=\"font-family: arial; font-size: 10pt; mso-bidi-font-size: 11.0pt\"><o:p><\/o:p><\/span>&nbsp;<\/span><\/font><\/span><\/p>\n<p class=\"MsoNormal\" style=\"text-align: justify; margin: 0cm 0cm 0pt\"><span style=\"line-height: 115%; font-family: 'arial narrow'; font-size: 13pt; mso-fareast-font-family: calibri; mso-bidi-font-family: 'times new roman'; mso-fareast-language: ar-sa; mso-bidi-font-size: 14.0pt; mso-ansi-language: it; mso-bidi-language: ar-sa\"><font color=\"#000000\"><span style=\"font-family: arial; font-size: 11pt\"><b><span style=\"font-family: arial; font-size: 11pt\">MARTED&Iacute; 12 LUGLIO<o:p><\/o:p><\/span><\/b><\/span><\/font><\/span><\/p>\n<p class=\"MsoNormal\" style=\"text-align: justify; margin: 0cm 0cm 0pt\"><span style=\"line-height: 115%; font-family: 'arial narrow'; font-size: 13pt; mso-fareast-font-family: calibri; mso-bidi-font-family: 'times new roman'; mso-fareast-language: ar-sa; mso-bidi-font-size: 14.0pt; mso-ansi-language: it; mso-bidi-language: ar-sa\"><font color=\"#000000\"><span style=\"font-family: arial; font-size: 11pt\"><span style=\"font-family: arial; font-size: 11pt\"><o:p>&nbsp;<\/o:p><\/span><u><span style=\"font-family: arial; font-size: 11pt\">ore 21.30 &ndash; Teatro Ristori<o:p><\/o:p><\/span><\/u><\/span><\/font><\/span><\/p>\n<p class=\"MsoNormal\" style=\"text-align: justify; margin: 0cm 0cm 0pt\"><span style=\"line-height: 115%; font-family: 'arial narrow'; font-size: 13pt; mso-fareast-font-family: calibri; mso-bidi-font-family: 'times new roman'; mso-fareast-language: ar-sa; mso-bidi-font-size: 14.0pt; mso-ansi-language: it; mso-bidi-language: ar-sa\"><font color=\"#000000\"><span style=\"font-family: arial; font-size: 11pt\"><b><span style=\"font-family: arial; font-size: 11pt\">WHEN I WAS DEAD<o:p><\/o:p><\/span><\/b><\/span><\/font><\/span><\/p>\n<p class=\"MsoNormal\" style=\"text-align: justify; margin: 0cm 0cm 0pt\"><span style=\"line-height: 115%; font-family: 'arial narrow'; font-size: 13pt; mso-fareast-font-family: calibri; mso-bidi-font-family: 'times new roman'; mso-fareast-language: ar-sa; mso-bidi-font-size: 14.0pt; mso-ansi-language: it; mso-bidi-language: ar-sa\"><font color=\"#000000\"><span style=\"font-family: arial; font-size: 11pt\"><span style=\"font-family: arial; font-size: 11pt\">dal film diretto da Ernst Lubitsch <o:p><\/o:p><\/span><\/span><\/font><\/span><\/p>\n<p class=\"MsoNormal\" style=\"text-align: justify; margin: 0cm 0cm 0pt\"><span style=\"line-height: 115%; font-family: 'arial narrow'; font-size: 13pt; mso-fareast-font-family: calibri; mso-bidi-font-family: 'times new roman'; mso-fareast-language: ar-sa; mso-bidi-font-size: 14.0pt; mso-ansi-language: it; mso-bidi-language: ar-sa\"><font color=\"#000000\"><span style=\"font-family: arial; font-size: 11pt\"><span style=\"font-family: arial; font-size: 11pt\">regia e scene Diego de Brea<o:p><\/o:p><\/span><\/span><\/font><\/span><\/p>\n<p class=\"MsoNormal\" style=\"text-align: justify; margin: 0cm 0cm 0pt\"><span style=\"line-height: 115%; font-family: 'arial narrow'; font-size: 13pt; mso-fareast-font-family: calibri; mso-bidi-font-family: 'times new roman'; mso-fareast-language: ar-sa; mso-bidi-font-size: 14.0pt; mso-ansi-language: it; mso-bidi-language: ar-sa\"><font color=\"#000000\"><span style=\"font-family: arial; font-size: 11pt\"><span style=\"font-family: arial; font-size: 11pt\">musiche Jo\u017ee &Scaron;alej<o:p><\/o:p><\/span><\/span><\/font><\/span><\/p>\n<p class=\"MsoNormal\" style=\"text-align: justify; margin: 0cm 0cm 0pt\"><span style=\"line-height: 115%; font-family: 'arial narrow'; font-size: 13pt; mso-fareast-font-family: calibri; mso-bidi-font-family: 'times new roman'; mso-fareast-language: ar-sa; mso-bidi-font-size: 14.0pt; mso-ansi-language: it; mso-bidi-language: ar-sa\"><font color=\"#000000\"><span style=\"font-family: arial; font-size: 11pt\"><span style=\"font-family: arial; font-size: 11pt\">con Alojz Svete, Janez &Scaron;kof, Jernej &Scaron;ugman, Boris Mihalj <o:p><\/o:p><\/span><\/span><\/font><\/span><\/p>\n<p class=\"MsoNormal\" style=\"text-align: justify; margin: 0cm 0cm 0pt\"><span style=\"line-height: 115%; font-family: 'arial narrow'; font-size: 13pt; mso-fareast-font-family: calibri; mso-bidi-font-family: 'times new roman'; mso-fareast-language: ar-sa; mso-bidi-font-size: 14.0pt; mso-ansi-language: it; mso-bidi-language: ar-sa\"><font color=\"#000000\"><span style=\"font-family: arial; font-size: 11pt\"><span style=\"font-family: arial; font-size: 11pt\">Jo\u017ee &Scaron;alej al pianoforte<o:p><\/o:p><\/span><\/span><\/font><\/span><\/p>\n<p class=\"MsoNormal\" style=\"text-align: justify; margin: 0cm 0cm 0pt\"><span style=\"line-height: 115%; font-family: 'arial narrow'; font-size: 13pt; mso-fareast-font-family: calibri; mso-bidi-font-family: 'times new roman'; mso-fareast-language: ar-sa; mso-bidi-font-size: 14.0pt; mso-ansi-language: it; mso-bidi-language: ar-sa\"><font color=\"#000000\"><span style=\"font-family: arial; font-size: 11pt\"><span style=\"font-family: arial; font-size: 11pt\">produzione Slovensko Narodno Gledali&scaron;\u010de DRAMA &#8211; Ljubljana<o:p><\/o:p><\/span><\/span><\/font><\/span><\/p>\n<p class=\"MsoNormal\" style=\"text-align: justify; margin: 0cm 0cm 0pt\"><span style=\"line-height: 115%; font-family: 'arial narrow'; font-size: 13pt; mso-fareast-font-family: calibri; mso-bidi-font-family: 'times new roman'; mso-fareast-language: ar-sa; mso-bidi-font-size: 14.0pt; mso-ansi-language: it; mso-bidi-language: ar-sa\"><font color=\"#000000\"><span style=\"font-family: arial; font-size: 11pt\"><b><span style=\"font-family: arial; font-size: 11pt\">Prima nazionale<o:p><\/o:p><\/span><\/b><\/span><\/font><\/span><\/p>\n<p class=\"MsoNormal\" style=\"text-align: justify; margin: 0cm 0cm 0pt\"><span style=\"line-height: 115%; font-family: 'arial narrow'; font-size: 13pt; mso-fareast-font-family: calibri; mso-bidi-font-family: 'times new roman'; mso-fareast-language: ar-sa; mso-bidi-font-size: 14.0pt; mso-ansi-language: it; mso-bidi-language: ar-sa\"><font color=\"#000000\"><span style=\"font-family: arial; font-size: 11pt\"><span style=\"font-family: arial; font-size: 11pt\">SLOVENIA<o:p><\/o:p><\/span><\/span><\/font><\/span><\/p>\n<p class=\"MsoNormal\" style=\"text-align: justify; margin: 0cm 0cm 0pt\"><span style=\"line-height: 115%; font-family: 'arial narrow'; font-size: 13pt; mso-fareast-font-family: calibri; mso-bidi-font-family: 'times new roman'; mso-fareast-language: ar-sa; mso-bidi-font-size: 14.0pt; mso-ansi-language: it; mso-bidi-language: ar-sa\"><font color=\"#000000\"><span style=\"font-family: arial; font-size: 11pt\"><span style=\"font-family: arial; font-size: 11pt\">PROSA<o:p><\/o:p><\/span><\/span><\/font><\/span><\/p>\n<p class=\"MsoNormal\" style=\"text-align: justify; margin: 0cm 0cm 0pt\"><span style=\"line-height: 115%; font-family: 'arial narrow'; font-size: 13pt; mso-fareast-font-family: calibri; mso-bidi-font-family: 'times new roman'; mso-fareast-language: ar-sa; mso-bidi-font-size: 14.0pt; mso-ansi-language: it; mso-bidi-language: ar-sa\"><font color=\"#000000\"><span style=\"font-family: arial; font-size: 11pt\"><span style=\"font-family: arial; font-size: 10pt; mso-bidi-font-size: 11.0pt\"><o:p><\/o:p><\/span>&nbsp;<\/span><\/font><\/span><\/p>\n<p class=\"MsoNormal\" style=\"text-align: justify; margin: 0cm 0cm 0pt\"><span style=\"line-height: 115%; font-family: 'arial narrow'; font-size: 13pt; mso-fareast-font-family: calibri; mso-bidi-font-family: 'times new roman'; mso-fareast-language: ar-sa; mso-bidi-font-size: 14.0pt; mso-ansi-language: it; mso-bidi-language: ar-sa\"><font color=\"#000000\"><span style=\"font-family: arial; font-size: 11pt\"><b><span style=\"font-family: arial; font-size: 11pt\">MERCOLED&Iacute; 13 LUGLIO<o:p><\/o:p><\/span><\/b><\/span><\/font><\/span><\/p>\n<p class=\"MsoNormal\" style=\"text-align: justify; margin: 0cm 0cm 0pt\"><span style=\"line-height: 115%; font-family: 'arial narrow'; font-size: 13pt; mso-fareast-font-family: calibri; mso-bidi-font-family: 'times new roman'; mso-fareast-language: ar-sa; mso-bidi-font-size: 14.0pt; mso-ansi-language: it; mso-bidi-language: ar-sa\"><font color=\"#000000\"><span style=\"font-family: arial; font-size: 11pt\"><u><span style=\"font-family: arial; font-size: 11pt\">ore 20.00 &ndash; Chiesa Santa Maria dei Battuti<o:p><\/o:p><\/span><\/u><\/span><\/font><\/span><\/p>\n<p class=\"MsoNormal\" style=\"text-align: justify; margin: 0cm 0cm 0pt\"><span style=\"line-height: 115%; font-family: 'arial narrow'; font-size: 13pt; mso-fareast-font-family: calibri; mso-bidi-font-family: 'times new roman'; mso-fareast-language: ar-sa; mso-bidi-font-size: 14.0pt; mso-ansi-language: it; mso-bidi-language: ar-sa\"><font color=\"#000000\"><span style=\"font-family: arial; font-size: 11pt\"><b><span style=\"font-family: arial; font-size: 11pt\">OPHELIA<o:p><\/o:p><\/span><\/b><\/span><\/font><\/span><\/p>\n<p class=\"MsoNormal\" style=\"text-align: justify; margin: 0cm 0cm 0pt\"><span style=\"line-height: 115%; font-family: 'arial narrow'; font-size: 13pt; mso-fareast-font-family: calibri; mso-bidi-font-family: 'times new roman'; mso-fareast-language: ar-sa; mso-bidi-font-size: 14.0pt; mso-ansi-language: it; mso-bidi-language: ar-sa\"><font color=\"#000000\"><span style=\"font-family: arial; font-size: 11pt\"><span lang=\"EN-GB\" style=\"font-family: arial; font-size: 11pt; mso-ansi-language: en-gb\">da William Shakespeare e Maria Pawlikowska-Jasnorzewska<o:p><\/o:p><\/span><\/span><\/font><\/span><\/p>\n<p class=\"MsoNormal\" style=\"text-align: justify; margin: 0cm 0cm 0pt\"><span style=\"line-height: 115%; font-family: 'arial narrow'; font-size: 13pt; mso-fareast-font-family: calibri; mso-bidi-font-family: 'times new roman'; mso-fareast-language: ar-sa; mso-bidi-font-size: 14.0pt; mso-ansi-language: it; mso-bidi-language: ar-sa\"><font color=\"#000000\"><span style=\"font-family: arial; font-size: 11pt\"><span style=\"font-family: arial; font-size: 11pt\">drammaturgia, movimento e regia Marcin Herich<o:p><\/o:p><\/span><\/span><\/font><\/span><\/p>\n<p class=\"MsoNormal\" style=\"text-align: justify; margin: 0cm 0cm 0pt\"><span style=\"line-height: 115%; font-family: 'arial narrow'; font-size: 13pt; mso-fareast-font-family: calibri; mso-bidi-font-family: 'times new roman'; mso-fareast-language: ar-sa; mso-bidi-font-size: 14.0pt; mso-ansi-language: it; mso-bidi-language: ar-sa\"><font color=\"#000000\"><span style=\"font-family: arial; font-size: 11pt\"><span style=\"font-family: arial; font-size: 11pt\">con Monika Wachowicz<o:p><\/o:p><\/span><\/span><\/font><\/span><\/p>\n<p class=\"MsoNormal\" style=\"text-align: justify; margin: 0cm 0cm 0pt\"><span style=\"line-height: 115%; font-family: 'arial narrow'; font-size: 13pt; mso-fareast-font-family: calibri; mso-bidi-font-family: 'times new roman'; mso-fareast-language: ar-sa; mso-bidi-font-size: 14.0pt; mso-ansi-language: it; mso-bidi-language: ar-sa\"><font color=\"#000000\"><span style=\"font-family: arial; font-size: 11pt\"><span style=\"font-family: arial; font-size: 11pt\">produzione Teatr A PART &ndash; Katowice <o:p><\/o:p><\/span><\/span><\/font><\/span><\/p>\n<p class=\"MsoNormal\" style=\"text-align: justify; margin: 0cm 0cm 0pt\"><span style=\"line-height: 115%; font-family: 'arial narrow'; font-size: 13pt; mso-fareast-font-family: calibri; mso-bidi-font-family: 'times new roman'; mso-fareast-language: ar-sa; mso-bidi-font-size: 14.0pt; mso-ansi-language: it; mso-bidi-language: ar-sa\"><font color=\"#000000\"><span style=\"font-family: arial; font-size: 11pt\"><b><span style=\"font-family: arial; font-size: 11pt\">Prima nazionale<o:p><\/o:p><\/span><\/b><\/span><\/font><\/span><\/p>\n<p class=\"MsoNormal\" style=\"text-align: justify; margin: 0cm 0cm 0pt\"><span style=\"line-height: 115%; font-family: 'arial narrow'; font-size: 13pt; mso-fareast-font-family: calibri; mso-bidi-font-family: 'times new roman'; mso-fareast-language: ar-sa; mso-bidi-font-size: 14.0pt; mso-ansi-language: it; mso-bidi-language: ar-sa\"><font color=\"#000000\"><span style=\"font-family: arial; font-size: 11pt\"><span style=\"font-family: arial; font-size: 11pt\">POLONIA<o:p><\/o:p><\/span><\/span><\/font><\/span><\/p>\n<p class=\"MsoNormal\" style=\"text-align: justify; margin: 0cm 0cm 0pt\"><span style=\"line-height: 115%; font-family: 'arial narrow'; font-size: 13pt; mso-fareast-font-family: calibri; mso-bidi-font-family: 'times new roman'; mso-fareast-language: ar-sa; mso-bidi-font-size: 14.0pt; mso-ansi-language: it; mso-bidi-language: ar-sa\"><font color=\"#000000\"><span style=\"font-family: arial; font-size: 11pt\"><span style=\"font-family: arial; font-size: 11pt\">PROSA<o:p><\/o:p><\/span><\/span><\/font><\/span><\/p>\n<p class=\"MsoNormal\" style=\"text-align: justify; margin: 0cm 0cm 0pt\"><span style=\"line-height: 115%; font-family: 'arial narrow'; font-size: 13pt; mso-fareast-font-family: calibri; mso-bidi-font-family: 'times new roman'; mso-fareast-language: ar-sa; mso-bidi-font-size: 14.0pt; mso-ansi-language: it; mso-bidi-language: ar-sa\"><font color=\"#000000\"><span style=\"font-family: arial; font-size: 11pt\"><span style=\"font-family: arial; font-size: 11pt\"><o:p>&nbsp;<\/o:p><\/span><\/span><\/font><\/span><\/p>\n<p class=\"MsoNormal\" style=\"text-align: justify; margin: 0cm 0cm 0pt\"><span style=\"line-height: 115%; font-family: 'arial narrow'; font-size: 13pt; mso-fareast-font-family: calibri; mso-bidi-font-family: 'times new roman'; mso-fareast-language: ar-sa; mso-bidi-font-size: 14.0pt; mso-ansi-language: it; mso-bidi-language: ar-sa\"><font color=\"#000000\"><span style=\"font-family: arial; font-size: 11pt\"><u><span style=\"font-family: arial; font-size: 11pt\">ore 21.30 &ndash; Teatro Ristori<o:p><\/o:p><\/span><\/u><\/span><\/font><\/span><\/p>\n<p class=\"MsoNormal\" style=\"text-align: justify; margin: 0cm 0cm 0pt\"><span style=\"line-height: 115%; font-family: 'arial narrow'; font-size: 13pt; mso-fareast-font-family: calibri; mso-bidi-font-family: 'times new roman'; mso-fareast-language: ar-sa; mso-bidi-font-size: 14.0pt; mso-ansi-language: it; mso-bidi-language: ar-sa\"><font color=\"#000000\"><span style=\"font-family: arial; font-size: 11pt\"><b><span style=\"font-family: arial; font-size: 11pt\">DAS KAMMERSPIEL<o:p><\/o:p><\/span><\/b><\/span><\/font><\/span><\/p>\n<p class=\"MsoNormal\" style=\"text-align: justify; margin: 0cm 0cm 0pt\"><span style=\"line-height: 115%; font-family: 'arial narrow'; font-size: 13pt; mso-fareast-font-family: calibri; mso-bidi-font-family: 'times new roman'; mso-fareast-language: ar-sa; mso-bidi-font-size: 14.0pt; mso-ansi-language: it; mso-bidi-language: ar-sa\"><font color=\"#000000\"><span style=\"font-family: arial; font-size: 11pt\"><span style=\"font-family: arial; font-size: 11pt\">di Daniel Call<o:p><\/o:p><\/span><\/span><\/font><\/span><\/p>\n<p class=\"MsoNormal\" style=\"text-align: justify; margin: 0cm 0cm 0pt\"><span style=\"line-height: 115%; font-family: 'arial narrow'; font-size: 13pt; mso-fareast-font-family: calibri; mso-bidi-font-family: 'times new roman'; mso-fareast-language: ar-sa; mso-bidi-font-size: 14.0pt; mso-ansi-language: it; mso-bidi-language: ar-sa\"><font color=\"#000000\"><span style=\"font-family: arial; font-size: 11pt\"><span style=\"font-family: arial; font-size: 11pt\">regia Paolo Emilio Landi<o:p><\/o:p><\/span><\/span><\/font><\/span><\/p>\n<p class=\"MsoNormal\" style=\"text-align: justify; margin: 0cm 0cm 0pt\"><span style=\"line-height: 115%; font-family: 'arial narrow'; font-size: 13pt; mso-fareast-font-family: calibri; mso-bidi-font-family: 'times new roman'; mso-fareast-language: ar-sa; mso-bidi-font-size: 14.0pt; mso-ansi-language: it; mso-bidi-language: ar-sa\"><font color=\"#000000\"><span style=\"font-family: arial; font-size: 11pt\"><span style=\"font-family: arial; font-size: 11pt\">impianto scenico Eros Naldi<o:p><\/o:p><\/span><\/span><\/font><\/span><\/p>\n<p class=\"MsoNormal\" style=\"text-align: justify; margin: 0cm 0cm 0pt\"><span style=\"line-height: 115%; font-family: 'arial narrow'; font-size: 13pt; mso-fareast-font-family: calibri; mso-bidi-font-family: 'times new roman'; mso-fareast-language: ar-sa; mso-bidi-font-size: 14.0pt; mso-ansi-language: it; mso-bidi-language: ar-sa\"><font color=\"#000000\"><span style=\"font-family: arial; font-size: 11pt\"><span style=\"font-family: arial; font-size: 11pt\">con Daniela Giovanetti<o:p><\/o:p><\/span><\/span><\/font><\/span><\/p>\n<p class=\"MsoNormal\" style=\"text-align: justify; margin: 0cm 0cm 0pt\"><span style=\"line-height: 115%; font-family: 'arial narrow'; font-size: 13pt; mso-fareast-font-family: calibri; mso-bidi-font-family: 'times new roman'; mso-fareast-language: ar-sa; mso-bidi-font-size: 14.0pt; mso-ansi-language: it; mso-bidi-language: ar-sa\"><font color=\"#000000\"><span style=\"font-family: arial; font-size: 11pt\"><span style=\"font-family: arial; font-size: 11pt\">produzione Associazione culturale Retablo<o:p><\/o:p><\/span><\/span><\/font><\/span><\/p>\n<p class=\"MsoNormal\" style=\"text-align: justify; margin: 0cm 0cm 0pt\"><span style=\"line-height: 115%; font-family: 'arial narrow'; font-size: 13pt; mso-fareast-font-family: calibri; mso-bidi-font-family: 'times new roman'; mso-fareast-language: ar-sa; mso-bidi-font-size: 14.0pt; mso-ansi-language: it; mso-bidi-language: ar-sa\"><font color=\"#000000\"><span style=\"font-family: arial; font-size: 11pt\"><span style=\"font-family: arial; font-size: 11pt\">PROSA<\/span><\/span><\/font><\/span><\/p>\n<p class=\"MsoNormal\" style=\"text-align: justify; margin: 0cm 0cm 0pt\"><span style=\"line-height: 115%; font-family: 'arial narrow'; font-size: 13pt; mso-fareast-font-family: calibri; mso-bidi-font-family: 'times new roman'; mso-fareast-language: ar-sa; mso-bidi-font-size: 14.0pt; mso-ansi-language: it; mso-bidi-language: ar-sa\"><font color=\"#000000\"><span style=\"font-family: arial; font-size: 11pt\"><span style=\"font-family: arial; font-size: 11pt\"><o:p><\/o:p><\/span>&nbsp;<\/span><\/font><\/span><\/p>\n<p class=\"MsoNormal\" style=\"text-align: justify; margin: 0cm 0cm 0pt\"><span style=\"line-height: 115%; font-family: 'arial narrow'; font-size: 13pt; mso-fareast-font-family: calibri; mso-bidi-font-family: 'times new roman'; mso-fareast-language: ar-sa; mso-bidi-font-size: 14.0pt; mso-ansi-language: it; mso-bidi-language: ar-sa\"><font color=\"#000000\"><span style=\"font-family: arial; font-size: 11pt\"><b><span style=\"font-family: arial; font-size: 11pt\">GIOVED&Iacute; 14 LUGLIO<o:p><\/o:p><\/span><\/b><\/span><\/font><\/span><\/p>\n<p class=\"MsoNormal\" style=\"text-align: justify; margin: 0cm 0cm 0pt\"><span style=\"line-height: 115%; font-family: 'arial narrow'; font-size: 13pt; mso-fareast-font-family: calibri; mso-bidi-font-family: 'times new roman'; mso-fareast-language: ar-sa; mso-bidi-font-size: 14.0pt; mso-ansi-language: it; mso-bidi-language: ar-sa\"><font color=\"#000000\"><span style=\"font-family: arial; font-size: 11pt\"><u><span style=\"font-family: arial; font-size: 11pt\">ore 20.30 &ndash; Teatro Ristori<o:p><\/o:p><\/span><\/u><\/span><\/font><\/span><\/p>\n<p class=\"MsoNormal\" style=\"text-align: justify; margin: 0cm 0cm 0pt\"><span style=\"line-height: 115%; font-family: 'arial narrow'; font-size: 13pt; mso-fareast-font-family: calibri; mso-bidi-font-family: 'times new roman'; mso-fareast-language: ar-sa; mso-bidi-font-size: 14.0pt; mso-ansi-language: it; mso-bidi-language: ar-sa\"><font color=\"#000000\"><span style=\"font-family: arial; font-size: 11pt\"><b><span style=\"font-family: arial; font-size: 11pt\">LISZT E <st1:personname productid=\"LA POESIA\" w:st=\"on\">LA POESIA<\/st1:personname><o:p><\/o:p><\/span><\/b><\/span><\/font><\/span><\/p>\n<p class=\"MsoNormal\" style=\"text-align: justify; margin: 0cm 0cm 0pt\"><span style=\"line-height: 115%; font-family: 'arial narrow'; font-size: 13pt; mso-fareast-font-family: calibri; mso-bidi-font-family: 'times new roman'; mso-fareast-language: ar-sa; mso-bidi-font-size: 14.0pt; mso-ansi-language: it; mso-bidi-language: ar-sa\"><font color=\"#000000\"><span style=\"font-family: arial; font-size: 11pt\"><b><span style=\"font-family: arial; font-size: 11pt\">Lella Costa &amp; Roberto Plano <o:p><\/o:p><\/span><\/b><\/span><\/font><\/span><\/p>\n<p class=\"MsoNormal\" style=\"text-align: justify; margin: 0cm 0cm 0pt\"><span style=\"line-height: 115%; font-family: 'arial narrow'; font-size: 13pt; mso-fareast-font-family: calibri; mso-bidi-font-family: 'times new roman'; mso-fareast-language: ar-sa; mso-bidi-font-size: 14.0pt; mso-ansi-language: it; mso-bidi-language: ar-sa\"><font color=\"#000000\"><span style=\"font-family: arial; font-size: 11pt\"><span style=\"font-family: arial; font-size: 11pt\">musiche di Franz Liszt <o:p><\/o:p><\/span><\/span><\/font><\/span><\/p>\n<p class=\"MsoNormal\" style=\"text-align: justify; margin: 0cm 0cm 0pt\"><span style=\"line-height: 115%; font-family: 'arial narrow'; font-size: 13pt; mso-fareast-font-family: calibri; mso-bidi-font-family: 'times new roman'; mso-fareast-language: ar-sa; mso-bidi-font-size: 14.0pt; mso-ansi-language: it; mso-bidi-language: ar-sa\"><font color=\"#000000\"><span style=\"font-family: arial; font-size: 11pt\"><span style=\"font-family: arial; font-size: 11pt\">testi di Lenau, Burger, Petrarca, Alighieri<o:p><\/o:p><\/span><\/span><\/font><\/span><\/p>\n<p class=\"MsoNormal\" style=\"text-align: justify; margin: 0cm 0cm 0pt\"><span style=\"line-height: 115%; font-family: 'arial narrow'; font-size: 13pt; mso-fareast-font-family: calibri; mso-bidi-font-family: 'times new roman'; mso-fareast-language: ar-sa; mso-bidi-font-size: 14.0pt; mso-ansi-language: it; mso-bidi-language: ar-sa\"><font color=\"#000000\"><span style=\"font-family: arial; font-size: 11pt\"><span style=\"font-family: arial; font-size: 11pt\">Lella Costa, voce recitante; Roberto Plano, pianoforte <o:p><\/o:p><\/span><\/span><\/font><\/span><\/p>\n<p class=\"MsoNormal\" style=\"text-align: justify; margin: 0cm 0cm 0pt\"><span style=\"line-height: 115%; font-family: 'arial narrow'; font-size: 13pt; mso-fareast-font-family: calibri; mso-bidi-font-family: 'times new roman'; mso-fareast-language: ar-sa; mso-bidi-font-size: 14.0pt; mso-ansi-language: it; mso-bidi-language: ar-sa\"><font color=\"#000000\"><span style=\"font-family: arial; font-size: 11pt\"><span style=\"font-family: arial; font-size: 11pt\">MUSICA<\/span><span style=\"font-family: arial; font-size: 10pt; mso-bidi-font-size: 11.0pt\">.<\/span><\/span><\/font><\/span><\/p>\n<p class=\"MsoNormal\" style=\"text-align: justify; margin: 0cm 0cm 0pt\"><span style=\"line-height: 115%; font-family: 'arial narrow'; font-size: 13pt; mso-fareast-font-family: calibri; mso-bidi-font-family: 'times new roman'; mso-fareast-language: ar-sa; mso-bidi-font-size: 14.0pt; mso-ansi-language: it; mso-bidi-language: ar-sa\"><font color=\"#000000\"><span style=\"font-family: arial; font-size: 11pt\"><span style=\"font-family: arial; font-size: 10pt; mso-bidi-font-size: 11.0pt\"><u><span style=\"font-family: arial; font-size: 11pt\">ore 22.15 &ndash; Chiostro San Francesco <o:p><\/o:p><\/span><\/u><\/span><\/span><\/font><\/span><\/p>\n<p class=\"MsoNormal\" style=\"text-align: justify; margin: 0cm 0cm 0pt\"><span style=\"line-height: 115%; font-family: 'arial narrow'; font-size: 13pt; mso-fareast-font-family: calibri; mso-bidi-font-family: 'times new roman'; mso-fareast-language: ar-sa; mso-bidi-font-size: 14.0pt; mso-ansi-language: it; mso-bidi-language: ar-sa\"><font color=\"#000000\"><span style=\"font-family: arial; font-size: 11pt\"><span style=\"font-family: arial; font-size: 10pt; mso-bidi-font-size: 11.0pt\"><b><span style=\"font-family: arial; font-size: 11pt\">FORCEFUL FEELINGS<o:p><\/o:p><\/span><\/b><\/span><\/span><\/font><\/span><\/p>\n<p class=\"MsoNormal\" style=\"text-align: justify; margin: 0cm 0cm 0pt\"><span style=\"line-height: 115%; font-family: 'arial narrow'; font-size: 13pt; mso-fareast-font-family: calibri; mso-bidi-font-family: 'times new roman'; mso-fareast-language: ar-sa; mso-bidi-font-size: 14.0pt; mso-ansi-language: it; mso-bidi-language: ar-sa\"><font color=\"#000000\"><span style=\"font-family: arial; font-size: 11pt\"><span style=\"font-family: arial; font-size: 10pt; mso-bidi-font-size: 11.0pt\"><span style=\"font-family: arial; font-size: 11pt\">coreografie di Mehrabyan, Spoerli, Karapetyan, Ji\u0159i Buben&iacute;\u010dek, Karapetyan e Forceful Feelings<o:p><\/o:p><\/span><\/span><\/span><\/font><\/span><\/p>\n<p class=\"MsoNormal\" style=\"text-align: justify; margin: 0cm 0cm 0pt\"><span style=\"line-height: 115%; font-family: 'arial narrow'; font-size: 13pt; mso-fareast-font-family: calibri; mso-bidi-font-family: 'times new roman'; mso-fareast-language: ar-sa; mso-bidi-font-size: 14.0pt; mso-ansi-language: it; mso-bidi-language: ar-sa\"><font color=\"#000000\"><span style=\"font-family: arial; font-size: 11pt\"><span style=\"font-family: arial; font-size: 10pt; mso-bidi-font-size: 11.0pt\"><span lang=\"EN-US\" style=\"font-family: arial; font-size: 11pt; mso-ansi-language: en-us\">musiche di Mendelssohn Bartholdy, Bach, Marley, Vivaldi, Havannes, Pachelbel, Davis<o:p><\/o:p><\/span><\/span><\/span><\/font><\/span><\/p>\n<p class=\"MsoNormal\" style=\"text-align: justify; margin: 0cm 0cm 0pt\"><span style=\"line-height: 115%; font-family: 'arial narrow'; font-size: 13pt; mso-fareast-font-family: calibri; mso-bidi-font-family: 'times new roman'; mso-fareast-language: ar-sa; mso-bidi-font-size: 14.0pt; mso-ansi-language: it; mso-bidi-language: ar-sa\"><font color=\"#000000\"><span style=\"font-family: arial; font-size: 11pt\"><span style=\"font-family: arial; font-size: 10pt; mso-bidi-font-size: 11.0pt\"><span lang=\"EN-US\" style=\"font-family: arial; font-size: 11pt; mso-ansi-language: en-us\">Armenian National Ballet School<o:p><\/o:p><\/span><\/span><\/span><\/font><\/span><\/p>\n<p class=\"MsoNormal\" style=\"text-align: justify; margin: 0cm 0cm 0pt\"><span style=\"line-height: 115%; font-family: 'arial narrow'; font-size: 13pt; mso-fareast-font-family: calibri; mso-bidi-font-family: 'times new roman'; mso-fareast-language: ar-sa; mso-bidi-font-size: 14.0pt; mso-ansi-language: it; mso-bidi-language: ar-sa\"><font color=\"#000000\"><span style=\"font-family: arial; font-size: 11pt\"><span style=\"font-family: arial; font-size: 10pt; mso-bidi-font-size: 11.0pt\"><span style=\"font-family: arial; font-size: 11pt\">con Arman Grigoryan, Arsen Mehrabyan, Vahe Martirosyan, Tigran Mikayelyan, Artur Babajanyan, Sarah-Jane Brodbeck (solista ospite)<o:p><\/o:p><\/span><\/span><\/span><\/font><\/span><\/p>\n<p class=\"MsoNormal\" style=\"text-align: justify; margin: 0cm 0cm 0pt\"><span style=\"line-height: 115%; font-family: 'arial narrow'; font-size: 13pt; mso-fareast-font-family: calibri; mso-bidi-font-family: 'times new roman'; mso-fareast-language: ar-sa; mso-bidi-font-size: 14.0pt; mso-ansi-language: it; mso-bidi-language: ar-sa\"><font color=\"#000000\"><span style=\"font-family: arial; font-size: 11pt\"><span style=\"font-family: arial; font-size: 10pt; mso-bidi-font-size: 11.0pt\"><span style=\"font-family: arial; font-size: 11pt\">Artedanza in collaborazione con Studio Musica &#8211; Modena<o:p><\/o:p><\/span><\/span><\/span><\/font><\/span><\/p>\n<p class=\"MsoNormal\" style=\"text-align: justify; margin: 0cm 0cm 0pt\"><span style=\"line-height: 115%; font-family: 'arial narrow'; font-size: 13pt; mso-fareast-font-family: calibri; mso-bidi-font-family: 'times new roman'; mso-fareast-language: ar-sa; mso-bidi-font-size: 14.0pt; mso-ansi-language: it; mso-bidi-language: ar-sa\"><font color=\"#000000\"><span style=\"font-family: arial; font-size: 11pt\"><span style=\"font-family: arial; font-size: 10pt; mso-bidi-font-size: 11.0pt\"><span style=\"font-family: arial; font-size: 11pt\">ARMENIA<o:p><\/o:p><\/span><\/span><\/span><\/font><\/span><\/p>\n<p class=\"MsoNormal\" style=\"text-align: justify; margin: 0cm 0cm 0pt\"><span style=\"line-height: 115%; font-family: 'arial narrow'; font-size: 13pt; mso-fareast-font-family: calibri; mso-bidi-font-family: 'times new roman'; mso-fareast-language: ar-sa; mso-bidi-font-size: 14.0pt; mso-ansi-language: it; mso-bidi-language: ar-sa\"><font color=\"#000000\"><span style=\"font-family: arial; font-size: 11pt\"><span style=\"font-family: arial; font-size: 10pt; mso-bidi-font-size: 11.0pt\"><span style=\"font-family: arial; font-size: 11pt\">DANZA<o:p><\/o:p><\/span><\/span><\/span><\/font><\/span><\/p>\n<p class=\"MsoNormal\" style=\"text-align: justify; margin: 0cm 0cm 0pt\"><span style=\"line-height: 115%; font-family: 'arial narrow'; font-size: 13pt; mso-fareast-font-family: calibri; mso-bidi-font-family: 'times new roman'; mso-fareast-language: ar-sa; mso-bidi-font-size: 14.0pt; mso-ansi-language: it; mso-bidi-language: ar-sa\"><font color=\"#000000\"><span style=\"font-family: arial; font-size: 11pt\"><span style=\"font-family: arial; font-size: 10pt; mso-bidi-font-size: 11.0pt\"><span style=\"font-family: arial; font-size: 11pt\"><o:p>&nbsp;<\/o:p><\/span><\/span><\/span><\/font><\/span><\/p>\n<p class=\"MsoNormal\" style=\"text-align: justify; margin: 0cm 0cm 0pt\"><span style=\"line-height: 115%; font-family: 'arial narrow'; font-size: 13pt; mso-fareast-font-family: calibri; mso-bidi-font-family: 'times new roman'; mso-fareast-language: ar-sa; mso-bidi-font-size: 14.0pt; mso-ansi-language: it; mso-bidi-language: ar-sa\"><font color=\"#000000\"><span style=\"font-family: arial; font-size: 11pt\"><span style=\"font-family: arial; font-size: 10pt; mso-bidi-font-size: 11.0pt\"><b><span style=\"font-family: arial; font-size: 11pt\">VENERD&Iacute; 15 LUGLIO<o:p><\/o:p><\/span><\/b><\/span><\/span><\/font><\/span><\/p>\n<p class=\"MsoNormal\" style=\"text-align: justify; margin: 0cm 0cm 0pt\"><span style=\"line-height: 115%; font-family: 'arial narrow'; font-size: 13pt; mso-fareast-font-family: calibri; mso-bidi-font-family: 'times new roman'; mso-fareast-language: ar-sa; mso-bidi-font-size: 14.0pt; mso-ansi-language: it; mso-bidi-language: ar-sa\"><font color=\"#000000\"><span style=\"font-family: arial; font-size: 11pt\"><span style=\"font-family: arial; font-size: 10pt; mso-bidi-font-size: 11.0pt\"><span style=\"font-family: arial; font-size: 11pt\"><o:p>&nbsp;<\/o:p><\/span><u><span style=\"font-family: arial; font-size: 11pt\">ore 21.30 &ndash; Teatro Ristori<o:p><\/o:p><\/span><\/u><\/span><\/span><\/font><\/span><\/p>\n<p class=\"MsoNormal\" style=\"text-align: justify; margin: 0cm 0cm 0pt\"><span style=\"line-height: 115%; font-family: 'arial narrow'; font-size: 13pt; mso-fareast-font-family: calibri; mso-bidi-font-family: 'times new roman'; mso-fareast-language: ar-sa; mso-bidi-font-size: 14.0pt; mso-ansi-language: it; mso-bidi-language: ar-sa\"><font color=\"#000000\"><span style=\"font-family: arial; font-size: 11pt\"><span style=\"font-family: arial; font-size: 10pt; mso-bidi-font-size: 11.0pt\"><b><span style=\"font-family: arial; font-size: 11pt\">In TimE<o:p><\/o:p><\/span><\/b><\/span><\/span><\/font><\/span><\/p>\n<p class=\"MsoNormal\" style=\"text-align: justify; margin: 0cm 0cm 0pt\"><span style=\"line-height: 115%; font-family: 'arial narrow'; font-size: 13pt; mso-fareast-font-family: calibri; mso-bidi-font-family: 'times new roman'; mso-fareast-language: ar-sa; mso-bidi-font-size: 14.0pt; mso-ansi-language: it; mso-bidi-language: ar-sa\"><font color=\"#000000\"><span style=\"font-family: arial; font-size: 11pt\"><span style=\"font-family: arial; font-size: 10pt; mso-bidi-font-size: 11.0pt\"><span style=\"font-family: arial; font-size: 11pt\">coreografia<span style=\"mso-spacerun: yes\">&nbsp; <\/span>Pal Frenak<o:p><\/o:p><\/span><\/span><\/span><\/font><\/span><\/p>\n<p class=\"MsoNormal\" style=\"text-align: justify; margin: 0cm 0cm 0pt\"><span style=\"line-height: 115%; font-family: 'arial narrow'; font-size: 13pt; mso-fareast-font-family: calibri; mso-bidi-font-family: 'times new roman'; mso-fareast-language: ar-sa; mso-bidi-font-size: 14.0pt; mso-ansi-language: it; mso-bidi-language: ar-sa\"><font color=\"#000000\"><span style=\"font-family: arial; font-size: 11pt\"><span style=\"font-family: arial; font-size: 10pt; mso-bidi-font-size: 11.0pt\"><span style=\"font-family: arial; font-size: 11pt\">scenografia Zolt&aacute;n Gyorgyovics<o:p><\/o:p><\/span><\/span><\/span><\/font><\/span><\/p>\n<p class=\"MsoNormal\" style=\"text-align: justify; margin: 0cm 0cm 0pt\"><span style=\"line-height: 115%; font-family: 'arial narrow'; font-size: 13pt; mso-fareast-font-family: calibri; mso-bidi-font-family: 'times new roman'; mso-fareast-language: ar-sa; mso-bidi-font-size: 14.0pt; mso-ansi-language: it; mso-bidi-language: ar-sa\"><font color=\"#000000\"><span style=\"font-family: arial; font-size: 11pt\"><span style=\"font-family: arial; font-size: 10pt; mso-bidi-font-size: 11.0pt\"><span style=\"font-family: arial; font-size: 11pt\">danzatori<span style=\"mso-spacerun: yes\">&nbsp; <\/span>Zsuzsa J&oacute;n&aacute;s, Emese Jantner, Jessica Simet, Nelson Reguera, L&aacute;szl&oacute; Major, P&eacute;ter Holoda<o:p><\/o:p><\/span><\/span><\/span><\/font><\/span><\/p>\n<p class=\"MsoNormal\" style=\"text-align: justify; margin: 0cm 0cm 0pt\"><span style=\"line-height: 115%; font-family: 'arial narrow'; font-size: 13pt; mso-fareast-font-family: calibri; mso-bidi-font-family: 'times new roman'; mso-fareast-language: ar-sa; mso-bidi-font-size: 14.0pt; mso-ansi-language: it; mso-bidi-language: ar-sa\"><font color=\"#000000\"><span style=\"font-family: arial; font-size: 11pt\"><span style=\"font-family: arial; font-size: 10pt; mso-bidi-font-size: 11.0pt\"><span style=\"font-family: arial; font-size: 11pt\">produzione Compagnie Pal Frenak <o:p><\/o:p><\/span><\/span><\/span><\/font><\/span><\/p>\n<p class=\"MsoNormal\" style=\"text-align: justify; margin: 0cm 0cm 0pt\"><span style=\"line-height: 115%; font-family: 'arial narrow'; font-size: 13pt; mso-fareast-font-family: calibri; mso-bidi-font-family: 'times new roman'; mso-fareast-language: ar-sa; mso-bidi-font-size: 14.0pt; mso-ansi-language: it; mso-bidi-language: ar-sa\"><font color=\"#000000\"><span style=\"font-family: arial; font-size: 11pt\"><span style=\"font-family: arial; font-size: 10pt; mso-bidi-font-size: 11.0pt\"><b><span style=\"font-family: arial; font-size: 11pt\">Prima nazionale<o:p><\/o:p><\/span><\/b><\/span><\/span><\/font><\/span><\/p>\n<p class=\"MsoNormal\" style=\"text-align: justify; margin: 0cm 0cm 0pt\"><span style=\"line-height: 115%; font-family: 'arial narrow'; font-size: 13pt; mso-fareast-font-family: calibri; mso-bidi-font-family: 'times new roman'; mso-fareast-language: ar-sa; mso-bidi-font-size: 14.0pt; mso-ansi-language: it; mso-bidi-language: ar-sa\"><font color=\"#000000\"><span style=\"font-family: arial; font-size: 11pt\"><span style=\"font-family: arial; font-size: 10pt; mso-bidi-font-size: 11.0pt\"><span style=\"font-family: arial; font-size: 11pt\">FRANCIA \/ UNGHERIA<o:p><\/o:p><\/span><\/span><\/span><\/font><\/span><\/p>\n<p class=\"MsoNormal\" style=\"text-align: justify; margin: 0cm 0cm 0pt\"><span style=\"line-height: 115%; font-family: 'arial narrow'; font-size: 13pt; mso-fareast-font-family: calibri; mso-bidi-font-family: 'times new roman'; mso-fareast-language: ar-sa; mso-bidi-font-size: 14.0pt; mso-ansi-language: it; mso-bidi-language: ar-sa\"><font color=\"#000000\"><span style=\"font-family: arial; font-size: 11pt\"><span style=\"font-family: arial; font-size: 10pt; mso-bidi-font-size: 11.0pt\"><span style=\"font-family: arial; font-size: 11pt\">DANZA<o:p><\/o:p><\/span><\/span><\/span><\/font><\/span><\/p>\n<p class=\"MsoNormal\" style=\"text-align: justify; margin: 0cm 0cm 0pt\"><span style=\"line-height: 115%; font-family: 'arial narrow'; font-size: 13pt; mso-fareast-font-family: calibri; mso-bidi-font-family: 'times new roman'; mso-fareast-language: ar-sa; mso-bidi-font-size: 14.0pt; mso-ansi-language: it; mso-bidi-language: ar-sa\"><font color=\"#000000\"><span style=\"font-family: arial; font-size: 11pt\"><span style=\"font-family: arial; font-size: 10pt; mso-bidi-font-size: 11.0pt\"><i><span style=\"font-family: arial; font-size: 11pt\">Lo spettacolo &egrave; adatto a un pubblico adulto<o:p><\/o:p><\/span><\/i><\/span><\/span><\/font><\/span><\/p>\n<p class=\"MsoNormal\" style=\"text-align: justify; margin: 0cm 0cm 0pt\"><span style=\"line-height: 115%; font-family: 'arial narrow'; font-size: 13pt; mso-fareast-font-family: calibri; mso-bidi-font-family: 'times new roman'; mso-fareast-language: ar-sa; mso-bidi-font-size: 14.0pt; mso-ansi-language: it; mso-bidi-language: ar-sa\"><font color=\"#000000\"><span style=\"font-family: arial; font-size: 11pt\"><span style=\"font-family: arial; font-size: 10pt; mso-bidi-font-size: 11.0pt\"><span style=\"font-family: arial; font-size: 11pt\"><o:p>&nbsp;<\/o:p><\/span><\/span><\/span><\/font><\/span><\/p>\n<p class=\"MsoNormal\" style=\"text-align: justify; margin: 0cm 0cm 0pt\"><span style=\"line-height: 115%; font-family: 'arial narrow'; font-size: 13pt; mso-fareast-font-family: calibri; mso-bidi-font-family: 'times new roman'; mso-fareast-language: ar-sa; mso-bidi-font-size: 14.0pt; mso-ansi-language: it; mso-bidi-language: ar-sa\"><font color=\"#000000\"><span style=\"font-family: arial; font-size: 11pt\"><span style=\"font-family: arial; font-size: 10pt; mso-bidi-font-size: 11.0pt\"><b><span style=\"font-family: arial; font-size: 11pt\">SABATO 16 LUGLIO<o:p><\/o:p><\/span><\/b><\/span><\/span><\/font><\/span><\/p>\n<p class=\"MsoNormal\" style=\"text-align: justify; margin: 0cm 0cm 0pt\"><span style=\"line-height: 115%; font-family: 'arial narrow'; font-size: 13pt; mso-fareast-font-family: calibri; mso-bidi-font-family: 'times new roman'; mso-fareast-language: ar-sa; mso-bidi-font-size: 14.0pt; mso-ansi-language: it; mso-bidi-language: ar-sa\"><font color=\"#000000\"><span style=\"font-family: arial; font-size: 11pt\"><span style=\"font-family: arial; font-size: 10pt; mso-bidi-font-size: 11.0pt\"><u><span style=\"font-family: arial; font-size: 11pt\">ore 18.00 &ndash;<span style=\"mso-spacerun: yes\">&nbsp; <\/span>Chiesa di Santa Maria dei Battuti <o:p><\/o:p><\/span><\/u><\/span><\/span><\/font><\/span><\/p>\n<p class=\"MsoNormal\" style=\"text-align: justify; margin: 0cm 0cm 0pt\"><span style=\"line-height: 115%; font-family: 'arial narrow'; font-size: 13pt; mso-fareast-font-family: calibri; mso-bidi-font-family: 'times new roman'; mso-fareast-language: ar-sa; mso-bidi-font-size: 14.0pt; mso-ansi-language: it; mso-bidi-language: ar-sa\"><font color=\"#000000\"><span style=\"font-family: arial; font-size: 11pt\"><span style=\"font-family: arial; font-size: 10pt; mso-bidi-font-size: 11.0pt\"><b><span style=\"font-family: arial; font-size: 11pt\">GOETHE SCHIATTA \/ GOETHE SCHTIRBT<o:p><\/o:p><\/span><\/b><\/span><\/span><\/font><\/span><\/p>\n<p class=\"MsoNormal\" style=\"text-align: justify; margin: 0cm 0cm 0pt\"><span style=\"line-height: 115%; font-family: 'arial narrow'; font-size: 13pt; mso-fareast-font-family: calibri; mso-bidi-font-family: 'times new roman'; mso-fareast-language: ar-sa; mso-bidi-font-size: 14.0pt; mso-ansi-language: it; mso-bidi-language: ar-sa\"><font color=\"#000000\"><span style=\"font-family: arial; font-size: 11pt\"><span style=\"font-family: arial; font-size: 10pt; mso-bidi-font-size: 11.0pt\"><span style=\"font-family: arial; font-size: 11pt\">monogramma giocoso da camera<o:p><\/o:p><\/span><\/span><\/span><\/font><\/span><\/p>\n<p class=\"MsoNormal\" style=\"text-align: justify; margin: 0cm 0cm 0pt\"><span style=\"line-height: 115%; font-family: 'arial narrow'; font-size: 13pt; mso-fareast-font-family: calibri; mso-bidi-font-family: 'times new roman'; mso-fareast-language: ar-sa; mso-bidi-font-size: 14.0pt; mso-ansi-language: it; mso-bidi-language: ar-sa\"><font color=\"#000000\"><span style=\"font-family: arial; font-size: 11pt\"><span style=\"font-family: arial; font-size: 10pt; mso-bidi-font-size: 11.0pt\"><span style=\"font-family: arial; font-size: 11pt\">di Thomas Bernhard <o:p><\/o:p><\/span><\/span><\/span><\/font><\/span><\/p>\n<p class=\"MsoNormal\" style=\"text-align: justify; margin: 0cm 0cm 0pt\"><span style=\"line-height: 115%; font-family: 'arial narrow'; font-size: 13pt; mso-fareast-font-family: calibri; mso-bidi-font-family: 'times new roman'; mso-fareast-language: ar-sa; mso-bidi-font-size: 14.0pt; mso-ansi-language: it; mso-bidi-language: ar-sa\"><font color=\"#000000\"><span style=\"font-family: arial; font-size: 11pt\"><span style=\"font-family: arial; font-size: 10pt; mso-bidi-font-size: 11.0pt\"><span style=\"font-family: arial; font-size: 11pt\">una conferenza di Renato Palazzi<o:p><\/o:p><\/span><\/span><\/span><\/font><\/span><\/p>\n<p class=\"MsoNormal\" style=\"text-align: justify; margin: 0cm 0cm 0pt\"><span style=\"line-height: 115%; font-family: 'arial narrow'; font-size: 13pt; mso-fareast-font-family: calibri; mso-bidi-font-family: 'times new roman'; mso-fareast-language: ar-sa; mso-bidi-font-size: 14.0pt; mso-ansi-language: it; mso-bidi-language: ar-sa\"><font color=\"#000000\"><span style=\"font-family: arial; font-size: 11pt\"><span style=\"font-family: arial; font-size: 10pt; mso-bidi-font-size: 11.0pt\"><span style=\"font-family: arial; font-size: 11pt\">regia e spazio scenico Flavio Ambrosini<o:p><\/o:p><\/span><\/span><\/span><\/font><\/span><\/p>\n<p class=\"MsoNormal\" style=\"text-align: justify; margin: 0cm 0cm 0pt\"><span style=\"line-height: 115%; font-family: 'arial narrow'; font-size: 13pt; mso-fareast-font-family: calibri; mso-bidi-font-family: 'times new roman'; mso-fareast-language: ar-sa; mso-bidi-font-size: 14.0pt; mso-ansi-language: it; mso-bidi-language: ar-sa\"><font color=\"#000000\"><span style=\"font-family: arial; font-size: 11pt\"><span style=\"font-family: arial; font-size: 10pt; mso-bidi-font-size: 11.0pt\"><span style=\"font-family: arial; font-size: 11pt\">produzione Teatro Gioco Vita<o:p><\/o:p><\/span><\/span><\/span><\/font><\/span><\/p>\n<p class=\"MsoNormal\" style=\"text-align: justify; margin: 0cm 0cm 0pt\"><span style=\"line-height: 115%; font-family: 'arial narrow'; font-size: 13pt; mso-fareast-font-family: calibri; mso-bidi-font-family: 'times new roman'; mso-fareast-language: ar-sa; mso-bidi-font-size: 14.0pt; mso-ansi-language: it; mso-bidi-language: ar-sa\"><font color=\"#000000\"><span style=\"font-family: arial; font-size: 11pt\"><span style=\"font-family: arial; font-size: 10pt; mso-bidi-font-size: 11.0pt\"><span style=\"font-family: arial; font-size: 11pt\">PROSA<o:p><\/o:p><\/span><\/span><\/span><\/font><\/span><\/p>\n<p class=\"MsoNormal\" style=\"text-align: justify; margin: 0cm 0cm 0pt\"><span style=\"line-height: 115%; font-family: 'arial narrow'; font-size: 13pt; mso-fareast-font-family: calibri; mso-bidi-font-family: 'times new roman'; mso-fareast-language: ar-sa; mso-bidi-font-size: 14.0pt; mso-ansi-language: it; mso-bidi-language: ar-sa\"><font color=\"#000000\"><span style=\"font-family: arial; font-size: 11pt\"><span style=\"font-family: arial; font-size: 10pt; mso-bidi-font-size: 11.0pt\"><span style=\"font-family: arial; font-size: 10pt; mso-bidi-font-size: 11.0pt\"><o:p><\/o:p><\/span>&nbsp;<\/span><\/span><\/font><\/span><\/p>\n<p class=\"MsoNormal\" style=\"text-align: justify; margin: 0cm 0cm 0pt\"><span style=\"line-height: 115%; font-family: 'arial narrow'; font-size: 13pt; mso-fareast-font-family: calibri; mso-bidi-font-family: 'times new roman'; mso-fareast-language: ar-sa; mso-bidi-font-size: 14.0pt; mso-ansi-language: it; mso-bidi-language: ar-sa\"><font color=\"#000000\"><span style=\"font-family: arial; font-size: 11pt\"><span style=\"font-family: arial; font-size: 10pt; mso-bidi-font-size: 11.0pt\"><span style=\"font-family: arial; font-size: 11pt\"><o:p><u><span style=\"font-family: arial; font-size: 11pt\">ore 20.30 &ndash; Teatro Ristori<o:p><\/o:p><\/span><\/u><\/o:p><\/span><\/span><\/span><\/font><\/span><\/p>\n<p>\t\t<o:p><\/p>\n<p class=\"MsoNormal\" style=\"text-align: justify; margin: 0cm 0cm 0pt\"><span style=\"line-height: 115%; font-family: 'arial narrow'; font-size: 13pt; mso-fareast-font-family: calibri; mso-bidi-font-family: 'times new roman'; mso-fareast-language: ar-sa; mso-bidi-font-size: 14.0pt; mso-ansi-language: it; mso-bidi-language: ar-sa\"><font color=\"#000000\"><span style=\"font-family: arial; font-size: 11pt\"><span style=\"font-family: arial; font-size: 10pt; mso-bidi-font-size: 11.0pt\"><span style=\"font-family: arial; font-size: 11pt\"><b><span style=\"font-family: arial; font-size: 11pt\">LADY GRAY<o:p><\/o:p><\/span><\/b><\/span><\/span><\/span><\/font><\/span><\/p>\n<p class=\"MsoNormal\" style=\"text-align: justify; margin: 0cm 0cm 0pt\"><span style=\"line-height: 115%; font-family: 'arial narrow'; font-size: 13pt; mso-fareast-font-family: calibri; mso-bidi-font-family: 'times new roman'; mso-fareast-language: ar-sa; mso-bidi-font-size: 14.0pt; mso-ansi-language: it; mso-bidi-language: ar-sa\"><font color=\"#000000\"><span style=\"font-family: arial; font-size: 11pt\"><span style=\"font-family: arial; font-size: 10pt; mso-bidi-font-size: 11.0pt\"><span style=\"font-family: arial; font-size: 11pt\"><b><span style=\"font-family: arial; font-size: 11pt\">(con le luci che si abbassano sempre di pi&ugrave;)<o:p><\/o:p><\/span><\/b><\/span><\/span><\/span><\/font><\/span><\/p>\n<p class=\"MsoNormal\" style=\"text-align: justify; margin: 0cm 0cm 0pt\"><span style=\"line-height: 115%; font-family: 'arial narrow'; font-size: 13pt; mso-fareast-font-family: calibri; mso-bidi-font-family: 'times new roman'; mso-fareast-language: ar-sa; mso-bidi-font-size: 14.0pt; mso-ansi-language: it; mso-bidi-language: ar-sa\"><font color=\"#000000\"><span style=\"font-family: arial; font-size: 11pt\"><span style=\"font-family: arial; font-size: 10pt; mso-bidi-font-size: 11.0pt\"><span style=\"font-family: arial; font-size: 11pt\"><span style=\"font-family: arial; font-size: 11pt\">di Will Eno<o:p><\/o:p><\/span><\/span><\/span><\/span><\/font><\/span><\/p>\n<p class=\"MsoNormal\" style=\"text-align: justify; margin: 0cm 0cm 0pt\"><span style=\"line-height: 115%; font-family: 'arial narrow'; font-size: 13pt; mso-fareast-font-family: calibri; mso-bidi-font-family: 'times new roman'; mso-fareast-language: ar-sa; mso-bidi-font-size: 14.0pt; mso-ansi-language: it; mso-bidi-language: ar-sa\"><font color=\"#000000\"><span style=\"font-family: arial; font-size: 11pt\"><span style=\"font-family: arial; font-size: 10pt; mso-bidi-font-size: 11.0pt\"><span style=\"font-family: arial; font-size: 11pt\"><span style=\"font-family: arial; font-size: 11pt\">(finalista Premio Pulitzer per la sezione Teatro 2005)<o:p><\/o:p><\/span><\/span><\/span><\/span><\/font><\/span><\/p>\n<p class=\"MsoNormal\" style=\"text-align: justify; margin: 0cm 0cm 0pt\"><span style=\"line-height: 115%; font-family: 'arial narrow'; font-size: 13pt; mso-fareast-font-family: calibri; mso-bidi-font-family: 'times new roman'; mso-fareast-language: ar-sa; mso-bidi-font-size: 14.0pt; mso-ansi-language: it; mso-bidi-language: ar-sa\"><font color=\"#000000\"><span style=\"font-family: arial; font-size: 11pt\"><span style=\"font-family: arial; font-size: 10pt; mso-bidi-font-size: 11.0pt\"><span style=\"font-family: arial; font-size: 11pt\"><span style=\"font-family: arial; font-size: 11pt\">con Isabella Ragonese<o:p><\/o:p><\/span><\/span><\/span><\/span><\/font><\/span><\/p>\n<p class=\"MsoNormal\" style=\"text-align: justify; margin: 0cm 0cm 0pt\"><span style=\"line-height: 115%; font-family: 'arial narrow'; font-size: 13pt; mso-fareast-font-family: calibri; mso-bidi-font-family: 'times new roman'; mso-fareast-language: ar-sa; mso-bidi-font-size: 14.0pt; mso-ansi-language: it; mso-bidi-language: ar-sa\"><font color=\"#000000\"><span style=\"font-family: arial; font-size: 11pt\"><span style=\"font-family: arial; font-size: 10pt; mso-bidi-font-size: 11.0pt\"><span style=\"font-family: arial; font-size: 11pt\"><span style=\"font-family: arial; font-size: 11pt\">produzione Bam Teatro e Infinito srl<o:p><\/o:p><\/span><\/span><\/span><\/span><\/font><\/span><\/p>\n<p class=\"MsoNormal\" style=\"text-align: justify; margin: 0cm 0cm 0pt\"><span style=\"line-height: 115%; font-family: 'arial narrow'; font-size: 13pt; mso-fareast-font-family: calibri; mso-bidi-font-family: 'times new roman'; mso-fareast-language: ar-sa; mso-bidi-font-size: 14.0pt; mso-ansi-language: it; mso-bidi-language: ar-sa\"><font color=\"#000000\"><span style=\"font-family: arial; font-size: 11pt\"><span style=\"font-family: arial; font-size: 10pt; mso-bidi-font-size: 11.0pt\"><span style=\"font-family: arial; font-size: 11pt\"><b><span style=\"font-family: arial; font-size: 11pt\">Prima nazionale<o:p><\/o:p><\/span><\/b><\/span><\/span><\/span><\/font><\/span><\/p>\n<p class=\"MsoNormal\" style=\"text-align: justify; margin: 0cm 0cm 0pt\"><span style=\"line-height: 115%; font-family: 'arial narrow'; font-size: 13pt; mso-fareast-font-family: calibri; mso-bidi-font-family: 'times new roman'; mso-fareast-language: ar-sa; mso-bidi-font-size: 14.0pt; mso-ansi-language: it; mso-bidi-language: ar-sa\"><font color=\"#000000\"><span style=\"font-family: arial; font-size: 11pt\"><span style=\"font-family: arial; font-size: 10pt; mso-bidi-font-size: 11.0pt\"><span style=\"font-family: arial; font-size: 11pt\"><span style=\"font-family: arial; font-size: 11pt\">PROSA<o:p><\/o:p><\/span><\/span><\/span><\/span><\/font><\/span><\/p>\n<p class=\"MsoNormal\" style=\"text-align: justify; margin: 0cm 0cm 0pt\"><span style=\"line-height: 115%; font-family: 'arial narrow'; font-size: 13pt; mso-fareast-font-family: calibri; mso-bidi-font-family: 'times new roman'; mso-fareast-language: ar-sa; mso-bidi-font-size: 14.0pt; mso-ansi-language: it; mso-bidi-language: ar-sa\"><font color=\"#000000\"><span style=\"font-family: arial; font-size: 11pt\"><span style=\"font-family: arial; font-size: 10pt; mso-bidi-font-size: 11.0pt\"><span style=\"font-family: arial; font-size: 11pt\"><u><span style=\"font-family: arial; font-size: 11pt\">ore 22,15 &ndash; Piazza Duomo<o:p><\/o:p><\/span><\/u><\/span><\/span><\/span><\/font><\/span><\/p>\n<p class=\"MsoNormal\" style=\"text-align: justify; margin: 0cm 0cm 0pt\"><span style=\"line-height: 115%; font-family: 'arial narrow'; font-size: 13pt; mso-fareast-font-family: calibri; mso-bidi-font-family: 'times new roman'; mso-fareast-language: ar-sa; mso-bidi-font-size: 14.0pt; mso-ansi-language: it; mso-bidi-language: ar-sa\"><font color=\"#000000\"><span style=\"font-family: arial; font-size: 11pt\"><span style=\"font-family: arial; font-size: 10pt; mso-bidi-font-size: 11.0pt\"><span style=\"font-family: arial; font-size: 11pt\"><st1:personname productid=\"LA GRANDE DANZA\" w:st=\"on\"><b><span style=\"font-family: arial; font-size: 11pt\">LA GRANDE DANZA<\/span><\/b><\/st1:personname><b><span style=\"font-family: arial; font-size: 11pt\"> TRADIZIONALE RUSSA E DAL MONDO<o:p><\/o:p><\/span><\/b><\/span><\/span><\/span><\/font><\/span><\/p>\n<p class=\"MsoNormal\" style=\"text-align: justify; margin: 0cm 0cm 0pt\"><span style=\"line-height: 115%; font-family: 'arial narrow'; font-size: 13pt; mso-fareast-font-family: calibri; mso-bidi-font-family: 'times new roman'; mso-fareast-language: ar-sa; mso-bidi-font-size: 14.0pt; mso-ansi-language: it; mso-bidi-language: ar-sa\"><font color=\"#000000\"><span style=\"font-family: arial; font-size: 11pt\"><span style=\"font-family: arial; font-size: 10pt; mso-bidi-font-size: 11.0pt\"><span style=\"font-family: arial; font-size: 11pt\"><span style=\"font-family: arial; font-size: 11pt\">Balletto di Stato Accademico di Danza Popolare &ldquo;Igor Moiseev&rdquo;<o:p><\/o:p><\/span><\/span><\/span><\/span><\/font><\/span><\/p>\n<p class=\"MsoNormal\" style=\"text-align: justify; margin: 0cm 0cm 0pt\"><span style=\"line-height: 115%; font-family: 'arial narrow'; font-size: 13pt; mso-fareast-font-family: calibri; mso-bidi-font-family: 'times new roman'; mso-fareast-language: ar-sa; mso-bidi-font-size: 14.0pt; mso-ansi-language: it; mso-bidi-language: ar-sa\"><font color=\"#000000\"><span style=\"font-family: arial; font-size: 11pt\"><span style=\"font-family: arial; font-size: 10pt; mso-bidi-font-size: 11.0pt\"><span style=\"font-family: arial; font-size: 11pt\"><span style=\"font-family: arial; font-size: 11pt\">coreografie Igor Moiseev<o:p><\/o:p><\/span><\/span><\/span><\/span><\/font><\/span><\/p>\n<p class=\"MsoNormal\" style=\"text-align: justify; margin: 0cm 0cm 0pt\"><span style=\"line-height: 115%; font-family: 'arial narrow'; font-size: 13pt; mso-fareast-font-family: calibri; mso-bidi-font-family: 'times new roman'; mso-fareast-language: ar-sa; mso-bidi-font-size: 14.0pt; mso-ansi-language: it; mso-bidi-language: ar-sa\"><font color=\"#000000\"><span style=\"font-family: arial; font-size: 11pt\"><span style=\"font-family: arial; font-size: 10pt; mso-bidi-font-size: 11.0pt\"><span style=\"font-family: arial; font-size: 11pt\"><span style=\"font-family: arial; font-size: 11pt\">Ater &#8211; Associazione Teatrale Emilia Romagna<o:p><\/o:p><\/span><\/span><\/span><\/span><\/font><\/span><\/p>\n<p class=\"MsoNormal\" style=\"text-align: justify; margin: 0cm 0cm 0pt\"><span style=\"line-height: 115%; font-family: 'arial narrow'; font-size: 13pt; mso-fareast-font-family: calibri; mso-bidi-font-family: 'times new roman'; mso-fareast-language: ar-sa; mso-bidi-font-size: 14.0pt; mso-ansi-language: it; mso-bidi-language: ar-sa\"><font color=\"#000000\"><span style=\"font-family: arial; font-size: 11pt\"><span style=\"font-family: arial; font-size: 10pt; mso-bidi-font-size: 11.0pt\"><span style=\"font-family: arial; font-size: 11pt\"><span style=\"font-family: arial; font-size: 11pt\">tourn&eacute;e organizzata in collaborazione con il Ministero della Cultura della Federazione Russa<o:p><\/o:p><\/span><\/span><\/span><\/span><\/font><\/span><\/p>\n<p class=\"MsoNormal\" style=\"text-align: justify; margin: 0cm 0cm 0pt\"><span style=\"line-height: 115%; font-family: 'arial narrow'; font-size: 13pt; mso-fareast-font-family: calibri; mso-bidi-font-family: 'times new roman'; mso-fareast-language: ar-sa; mso-bidi-font-size: 14.0pt; mso-ansi-language: it; mso-bidi-language: ar-sa\"><font color=\"#000000\"><span style=\"font-family: arial; font-size: 11pt\"><span style=\"font-family: arial; font-size: 10pt; mso-bidi-font-size: 11.0pt\"><span style=\"font-family: arial; font-size: 11pt\"><b><span style=\"font-family: arial; font-size: 11pt\">Prima nazionale<o:p><\/o:p><\/span><\/b><\/span><\/span><\/span><\/font><\/span><\/p>\n<p class=\"MsoNormal\" style=\"text-align: justify; margin: 0cm 0cm 0pt\"><span style=\"line-height: 115%; font-family: 'arial narrow'; font-size: 13pt; mso-fareast-font-family: calibri; mso-bidi-font-family: 'times new roman'; mso-fareast-language: ar-sa; mso-bidi-font-size: 14.0pt; mso-ansi-language: it; mso-bidi-language: ar-sa\"><font color=\"#000000\"><span style=\"font-family: arial; font-size: 11pt\"><span style=\"font-family: arial; font-size: 10pt; mso-bidi-font-size: 11.0pt\"><span style=\"font-family: arial; font-size: 11pt\"><span style=\"font-family: arial; font-size: 11pt\">RUSSIA<o:p><\/o:p><\/span><\/span><\/span><\/span><\/font><\/span><\/p>\n<p class=\"MsoNormal\" style=\"text-align: justify; margin: 0cm 0cm 0pt\"><span style=\"line-height: 115%; font-family: 'arial narrow'; font-size: 13pt; mso-fareast-font-family: calibri; mso-bidi-font-family: 'times new roman'; mso-fareast-language: ar-sa; mso-bidi-font-size: 14.0pt; mso-ansi-language: it; mso-bidi-language: ar-sa\"><font color=\"#000000\"><span style=\"font-family: arial; font-size: 11pt\"><span style=\"font-family: arial; font-size: 10pt; mso-bidi-font-size: 11.0pt\"><span style=\"font-family: arial; font-size: 11pt\"><span style=\"font-family: arial; font-size: 11pt\">DANZA<o:p><\/o:p><\/span><\/span><\/span><\/span><\/font><\/span><\/p>\n<p class=\"MsoNormal\" style=\"text-align: justify; margin: 0cm 0cm 0pt; mso-layout-grid-align: none\"><span style=\"line-height: 115%; font-family: 'arial narrow'; font-size: 13pt; mso-fareast-font-family: calibri; mso-bidi-font-family: 'times new roman'; mso-fareast-language: ar-sa; mso-bidi-font-size: 14.0pt; mso-ansi-language: it; mso-bidi-language: ar-sa\"><font color=\"#000000\"><span style=\"font-family: arial; font-size: 11pt\"><span style=\"font-family: arial; font-size: 10pt; mso-bidi-font-size: 11.0pt\"><span style=\"font-family: arial; font-size: 11pt\"><span style=\"font-family: arial; font-size: 10pt; mso-bidi-font-size: 11.0pt\"><o:p><\/o:p><\/span>&nbsp;<\/span><\/span><\/span><\/font><\/span><\/p>\n<p class=\"MsoNormal\" style=\"text-align: justify; margin: 0cm 0cm 0pt\"><span style=\"line-height: 115%; font-family: 'arial narrow'; font-size: 13pt; mso-fareast-font-family: calibri; mso-bidi-font-family: 'times new roman'; mso-fareast-language: ar-sa; mso-bidi-font-size: 14.0pt; mso-ansi-language: it; mso-bidi-language: ar-sa\"><font color=\"#000000\"><span style=\"font-family: arial; font-size: 11pt\"><span style=\"font-family: arial; font-size: 10pt; mso-bidi-font-size: 11.0pt\"><span style=\"font-family: arial; font-size: 11pt\"><b><span style=\"font-family: arial; font-size: 11pt\">DOMENICA 17 LUGLIO<o:p><\/o:p><\/span><\/b><\/span><\/span><\/span><\/font><\/span><\/p>\n<p class=\"MsoNormal\" style=\"text-align: justify; margin: 0cm 0cm 0pt\"><span style=\"line-height: 115%; font-family: 'arial narrow'; font-size: 13pt; mso-fareast-font-family: calibri; mso-bidi-font-family: 'times new roman'; mso-fareast-language: ar-sa; mso-bidi-font-size: 14.0pt; mso-ansi-language: it; mso-bidi-language: ar-sa\"><font color=\"#000000\"><span style=\"font-family: arial; font-size: 11pt\"><span style=\"font-family: arial; font-size: 10pt; mso-bidi-font-size: 11.0pt\"><span style=\"font-family: arial; font-size: 11pt\"><u><span style=\"font-family: arial; font-size: 11pt; mso-bidi-font-family: 'times new roman'; mso-fareast-language: it\">ore 18.30 &ndash; Chiesa San Francesco <\/span><\/u><u><span style=\"font-family: arial; font-size: 10pt; mso-bidi-font-family: 'times new roman'; mso-fareast-language: it\"><o:p><\/o:p><\/span><\/u><\/span><\/span><\/span><\/font><\/span><\/p>\n<p class=\"MsoNormal\" style=\"text-align: justify; margin: 0cm 0cm 0pt\"><span style=\"line-height: 115%; font-family: 'arial narrow'; font-size: 13pt; mso-fareast-font-family: calibri; mso-bidi-font-family: 'times new roman'; mso-fareast-language: ar-sa; mso-bidi-font-size: 14.0pt; mso-ansi-language: it; mso-bidi-language: ar-sa\"><font color=\"#000000\"><span style=\"font-family: arial; font-size: 11pt\"><span style=\"font-family: arial; font-size: 10pt; mso-bidi-font-size: 11.0pt\"><span style=\"font-family: arial; font-size: 11pt\"><b style=\"mso-bidi-font-weight: normal\"><span style=\"font-family: arial; font-size: 11pt; mso-bidi-font-family: 'times new roman'; mso-fareast-language: it\">DJIVAN GASPARYAN IN CONCERTO<\/span><\/b><span style=\"font-family: arial; font-size: 10pt; mso-bidi-font-family: 'times new roman'; mso-fareast-language: it\"><o:p><\/o:p><\/span><\/span><\/span><\/span><\/font><\/span><\/p>\n<p class=\"MsoNormal\" style=\"text-align: justify; margin: 0cm 0cm 0pt\"><span style=\"line-height: 115%; font-family: 'arial narrow'; font-size: 13pt; mso-fareast-font-family: calibri; mso-bidi-font-family: 'times new roman'; mso-fareast-language: ar-sa; mso-bidi-font-size: 14.0pt; mso-ansi-language: it; mso-bidi-language: ar-sa\"><font color=\"#000000\"><span style=\"font-family: arial; font-size: 11pt\"><span style=\"font-family: arial; font-size: 10pt; mso-bidi-font-size: 11.0pt\"><span style=\"font-family: arial; font-size: 11pt\"><span style=\"font-family: arial; font-size: 11pt; mso-bidi-font-family: 'times new roman'; mso-fareast-language: it\">Djivan Gasparyan, duduk <\/span><span style=\"font-family: arial; font-size: 10pt; mso-bidi-font-family: 'times new roman'; mso-fareast-language: it\"><o:p><\/o:p><\/span><\/span><\/span><\/span><\/font><\/span><\/p>\n<p class=\"MsoNormal\" style=\"text-align: justify; margin: 0cm 0cm 0pt\"><span style=\"line-height: 115%; font-family: 'arial narrow'; font-size: 13pt; mso-fareast-font-family: calibri; mso-bidi-font-family: 'times new roman'; mso-fareast-language: ar-sa; mso-bidi-font-size: 14.0pt; mso-ansi-language: it; mso-bidi-language: ar-sa\"><font color=\"#000000\"><span style=\"font-family: arial; font-size: 11pt\"><span style=\"font-family: arial; font-size: 10pt; mso-bidi-font-size: 11.0pt\"><span style=\"font-family: arial; font-size: 11pt\"><span style=\"font-family: arial; font-size: 11pt; mso-bidi-font-family: 'times new roman'; mso-fareast-language: it\">Coro del Friuli Venezia Giulia <\/span><span style=\"font-family: arial; font-size: 10pt; mso-bidi-font-family: 'times new roman'; mso-fareast-language: it\"><o:p><\/o:p><\/span><\/span><\/span><\/span><\/font><\/span><\/p>\n<p class=\"MsoNormal\" style=\"text-align: justify; margin: 0cm 0cm 0pt\"><span style=\"line-height: 115%; font-family: 'arial narrow'; font-size: 13pt; mso-fareast-font-family: calibri; mso-bidi-font-family: 'times new roman'; mso-fareast-language: ar-sa; mso-bidi-font-size: 14.0pt; mso-ansi-language: it; mso-bidi-language: ar-sa\"><font color=\"#000000\"><span style=\"font-family: arial; font-size: 11pt\"><span style=\"font-family: arial; font-size: 10pt; mso-bidi-font-size: 11.0pt\"><span style=\"font-family: arial; font-size: 11pt\"><span style=\"font-family: arial; font-size: 11pt; mso-bidi-font-family: 'times new roman'; mso-fareast-language: it\">Cristiano Dell&rsquo;Oste, direttore<\/span><span style=\"font-family: arial; font-size: 10pt; mso-bidi-font-family: 'times new roman'; mso-fareast-language: it\"><o:p><\/o:p><\/span><\/span><\/span><\/span><\/font><\/span><\/p>\n<p class=\"MsoNormal\" style=\"text-align: justify; margin: 0cm 0cm 0pt\"><span style=\"line-height: 115%; font-family: 'arial narrow'; font-size: 13pt; mso-fareast-font-family: calibri; mso-bidi-font-family: 'times new roman'; mso-fareast-language: ar-sa; mso-bidi-font-size: 14.0pt; mso-ansi-language: it; mso-bidi-language: ar-sa\"><font color=\"#000000\"><span style=\"font-family: arial; font-size: 11pt\"><span style=\"font-family: arial; font-size: 10pt; mso-bidi-font-size: 11.0pt\"><span style=\"font-family: arial; font-size: 11pt\"><span style=\"font-family: arial; font-size: 11pt; mso-bidi-font-family: 'times new roman'; mso-fareast-language: it\">produzione MittelFest 2011<\/span><span style=\"font-family: arial; font-size: 10pt; mso-bidi-font-family: 'times new roman'; mso-fareast-language: it\"><o:p><\/o:p><\/span><\/span><\/span><\/span><\/font><\/span><\/p>\n<p class=\"MsoNormal\" style=\"text-align: justify; margin: 0cm 0cm 0pt\"><span style=\"line-height: 115%; font-family: 'arial narrow'; font-size: 13pt; mso-fareast-font-family: calibri; mso-bidi-font-family: 'times new roman'; mso-fareast-language: ar-sa; mso-bidi-font-size: 14.0pt; mso-ansi-language: it; mso-bidi-language: ar-sa\"><font color=\"#000000\"><span style=\"font-family: arial; font-size: 11pt\"><span style=\"font-family: arial; font-size: 10pt; mso-bidi-font-size: 11.0pt\"><span style=\"font-family: arial; font-size: 11pt\"><b style=\"mso-bidi-font-weight: normal\"><span style=\"font-family: arial; font-size: 11pt; mso-bidi-font-family: 'times new roman'; mso-fareast-language: it\">Prima assoluta<\/span><\/b><span style=\"font-family: arial; font-size: 10pt; mso-bidi-font-family: 'times new roman'; mso-fareast-language: it\"><o:p><\/o:p><\/span><\/span><\/span><\/span><\/font><\/span><\/p>\n<p class=\"MsoNormal\" style=\"text-align: justify; margin: 0cm 0cm 0pt\"><span style=\"line-height: 115%; font-family: 'arial narrow'; font-size: 13pt; mso-fareast-font-family: calibri; mso-bidi-font-family: 'times new roman'; mso-fareast-language: ar-sa; mso-bidi-font-size: 14.0pt; mso-ansi-language: it; mso-bidi-language: ar-sa\"><font color=\"#000000\"><span style=\"font-family: arial; font-size: 11pt\"><span style=\"font-family: arial; font-size: 10pt; mso-bidi-font-size: 11.0pt\"><span style=\"font-family: arial; font-size: 11pt\"><span style=\"font-family: arial; font-size: 11pt; mso-bidi-font-family: 'times new roman'; mso-fareast-language: it\">MUSICA<\/span><span style=\"font-family: arial; font-size: 10pt; mso-bidi-font-family: 'times new roman'; mso-fareast-language: it\"><o:p><\/o:p><\/span><\/span><\/span><\/span><\/font><\/span><\/p>\n<p class=\"MsoNormal\" style=\"text-align: justify; margin: 0cm 0cm 0pt\"><span style=\"line-height: 115%; font-family: 'arial narrow'; font-size: 13pt; mso-fareast-font-family: calibri; mso-bidi-font-family: 'times new roman'; mso-fareast-language: ar-sa; mso-bidi-font-size: 14.0pt; mso-ansi-language: it; mso-bidi-language: ar-sa\"><font color=\"#000000\"><span style=\"font-family: arial; font-size: 11pt\"><span style=\"font-family: arial; font-size: 10pt; mso-bidi-font-size: 11.0pt\"><span style=\"font-family: arial; font-size: 11pt\"><u><span style=\"font-family: arial; font-size: 11pt\">ore 20.00 &ndash; Teatro Ristori<o:p><\/o:p><\/span><\/u><\/span><\/span><\/span><\/font><\/span><\/p>\n<p class=\"MsoNormal\" style=\"text-align: justify; margin: 0cm 0cm 0pt\"><span style=\"line-height: 115%; font-family: 'arial narrow'; font-size: 13pt; mso-fareast-font-family: calibri; mso-bidi-font-family: 'times new roman'; mso-fareast-language: ar-sa; mso-bidi-font-size: 14.0pt; mso-ansi-language: it; mso-bidi-language: ar-sa\"><font color=\"#000000\"><span style=\"font-family: arial; font-size: 11pt\"><span style=\"font-family: arial; font-size: 10pt; mso-bidi-font-size: 11.0pt\"><span style=\"font-family: arial; font-size: 11pt\"><b><span style=\"font-family: arial; font-size: 11pt\">SHOW YOUR FACE!<o:p><\/o:p><\/span><\/b><\/span><\/span><\/span><\/font><\/span><\/p>\n<p class=\"MsoNormal\" style=\"text-align: justify; margin: 0cm 0cm 0pt\"><span style=\"line-height: 115%; font-family: 'arial narrow'; font-size: 13pt; mso-fareast-font-family: calibri; mso-bidi-font-family: 'times new roman'; mso-fareast-language: ar-sa; mso-bidi-font-size: 14.0pt; mso-ansi-language: it; mso-bidi-language: ar-sa\"><font color=\"#000000\"><span style=\"font-family: arial; font-size: 11pt\"><span style=\"font-family: arial; font-size: 10pt; mso-bidi-font-size: 11.0pt\"><span style=\"font-family: arial; font-size: 11pt\"><span style=\"font-family: arial; font-size: 11pt\">progetto e realizzazione Betontanc e Umka.LV<o:p><\/o:p><\/span><\/span><\/span><\/span><\/font><\/span><\/p>\n<p class=\"MsoNormal\" style=\"text-align: justify; margin: 0cm 0cm 0pt\"><span style=\"line-height: 115%; font-family: 'arial narrow'; font-size: 13pt; mso-fareast-font-family: calibri; mso-bidi-font-family: 'times new roman'; mso-fareast-language: ar-sa; mso-bidi-font-size: 14.0pt; mso-ansi-language: it; mso-bidi-language: ar-sa\"><font color=\"#000000\"><span style=\"font-family: arial; font-size: 11pt\"><span style=\"font-family: arial; font-size: 10pt; mso-bidi-font-size: 11.0pt\"><span style=\"font-family: arial; font-size: 11pt\"><span style=\"font-family: arial; font-size: 11pt\">regia Matja\u017e Pograjc<o:p><\/o:p><\/span><\/span><\/span><\/span><\/font><\/span><\/p>\n<p class=\"MsoNormal\" style=\"text-align: justify; margin: 0cm 0cm 0pt\"><span style=\"line-height: 115%; font-family: 'arial narrow'; font-size: 13pt; mso-fareast-font-family: calibri; mso-bidi-font-family: 'times new roman'; mso-fareast-language: ar-sa; mso-bidi-font-size: 14.0pt; mso-ansi-language: it; mso-bidi-language: ar-sa\"><font color=\"#000000\"><span style=\"font-family: arial; font-size: 11pt\"><span style=\"font-family: arial; font-size: 10pt; mso-bidi-font-size: 11.0pt\"><span style=\"font-family: arial; font-size: 11pt\"><span style=\"font-family: arial; font-size: 11pt\">musiche Silence e Ugis Vitins<o:p><\/o:p><\/span><\/span><\/span><\/span><\/font><\/span><\/p>\n<p class=\"MsoNormal\" style=\"text-align: justify; margin: 0cm 0cm 0pt\"><span style=\"line-height: 115%; font-family: 'arial narrow'; font-size: 13pt; mso-fareast-font-family: calibri; mso-bidi-font-family: 'times new roman'; mso-fareast-language: ar-sa; mso-bidi-font-size: 14.0pt; mso-ansi-language: it; mso-bidi-language: ar-sa\"><font color=\"#000000\"><span style=\"font-family: arial; font-size: 11pt\"><span style=\"font-family: arial; font-size: 10pt; mso-bidi-font-size: 11.0pt\"><span style=\"font-family: arial; font-size: 11pt\"><span style=\"font-family: arial; font-size: 11pt\">coreografia Branko Poto\u010dan<o:p><\/o:p><\/span><\/span><\/span><\/span><\/font><\/span><\/p>\n<p class=\"MsoNormal\" style=\"text-align: justify; margin: 0cm 0cm 0pt\"><span style=\"line-height: 115%; font-family: 'arial narrow'; font-size: 13pt; mso-fareast-font-family: calibri; mso-bidi-font-family: 'times new roman'; mso-fareast-language: ar-sa; mso-bidi-font-size: 14.0pt; mso-ansi-language: it; mso-bidi-language: ar-sa\"><font color=\"#000000\"><span style=\"font-family: arial; font-size: 11pt\"><span style=\"font-family: arial; font-size: 10pt; mso-bidi-font-size: 11.0pt\"><span style=\"font-family: arial; font-size: 11pt\"><span style=\"font-family: arial; font-size: 11pt\">figure e oggetti Barbara Stupica<o:p><\/o:p><\/span><\/span><\/span><\/span><\/font><\/span><\/p>\n<p class=\"MsoNormal\" style=\"text-align: justify; margin: 0cm 0cm 0pt\"><span style=\"line-height: 115%; font-family: 'arial narrow'; font-size: 13pt; mso-fareast-font-family: calibri; mso-bidi-font-family: 'times new roman'; mso-fareast-language: ar-sa; mso-bidi-font-size: 14.0pt; mso-ansi-language: it; mso-bidi-language: ar-sa\"><font color=\"#000000\"><span style=\"font-family: arial; font-size: 11pt\"><span style=\"font-family: arial; font-size: 10pt; mso-bidi-font-size: 11.0pt\"><span style=\"font-family: arial; font-size: 11pt\"><span style=\"font-family: arial; font-size: 11pt\">coproduzione Bunker, Slovenia and New Theatre Institute Latvia <o:p><\/o:p><\/span><\/span><\/span><\/span><\/font><\/span><\/p>\n<p class=\"MsoNormal\" style=\"text-align: justify; margin: 0cm 0cm 0pt\"><span style=\"line-height: 115%; font-family: 'arial narrow'; font-size: 13pt; mso-fareast-font-family: calibri; mso-bidi-font-family: 'times new roman'; mso-fareast-language: ar-sa; mso-bidi-font-size: 14.0pt; mso-ansi-language: it; mso-bidi-language: ar-sa\"><font color=\"#000000\"><span style=\"font-family: arial; font-size: 11pt\"><span style=\"font-family: arial; font-size: 10pt; mso-bidi-font-size: 11.0pt\"><span style=\"font-family: arial; font-size: 11pt\"><b><span style=\"font-family: arial; font-size: 11pt\">Prima nazionale<o:p><\/o:p><\/span><\/b><\/span><\/span><\/span><\/font><\/span><\/p>\n<p class=\"MsoNormal\" style=\"text-align: justify; margin: 0cm 0cm 0pt\"><span style=\"line-height: 115%; font-family: 'arial narrow'; font-size: 13pt; mso-fareast-font-family: calibri; mso-bidi-font-family: 'times new roman'; mso-fareast-language: ar-sa; mso-bidi-font-size: 14.0pt; mso-ansi-language: it; mso-bidi-language: ar-sa\"><font color=\"#000000\"><span style=\"font-family: arial; font-size: 11pt\"><span style=\"font-family: arial; font-size: 10pt; mso-bidi-font-size: 11.0pt\"><span style=\"font-family: arial; font-size: 11pt\"><span style=\"font-family: arial; font-size: 11pt\">SLOVENIA \/ LETTONIA<o:p><\/o:p><\/span><\/span><\/span><\/span><\/font><\/span><\/p>\n<p class=\"MsoNormal\" style=\"text-align: justify; margin: 0cm 0cm 0pt\"><span style=\"line-height: 115%; font-family: 'arial narrow'; font-size: 13pt; mso-fareast-font-family: calibri; mso-bidi-font-family: 'times new roman'; mso-fareast-language: ar-sa; mso-bidi-font-size: 14.0pt; mso-ansi-language: it; mso-bidi-language: ar-sa\"><font color=\"#000000\"><span style=\"font-family: arial; font-size: 11pt\"><span style=\"font-family: arial; font-size: 10pt; mso-bidi-font-size: 11.0pt\"><span style=\"font-family: arial; font-size: 11pt\"><span style=\"font-family: arial; font-size: 11pt\">PROSA<o:p><\/o:p><\/span><\/span><\/span><\/span><\/font><\/span><\/p>\n<p class=\"MsoNormal\" style=\"text-align: justify; margin: 0cm 0cm 0pt\"><span style=\"line-height: 115%; font-family: 'arial narrow'; font-size: 13pt; mso-fareast-font-family: calibri; mso-bidi-font-family: 'times new roman'; mso-fareast-language: ar-sa; mso-bidi-font-size: 14.0pt; mso-ansi-language: it; mso-bidi-language: ar-sa\"><font color=\"#000000\"><span style=\"font-family: arial; font-size: 11pt\"><span style=\"font-family: arial; font-size: 10pt; mso-bidi-font-size: 11.0pt\"><span style=\"font-family: arial; font-size: 11pt\"><span style=\"font-family: arial; font-size: 11pt\"><o:p>&nbsp;<\/o:p><\/span><\/span><\/span><\/span><\/font><\/span><\/p>\n<p class=\"MsoNormal\" style=\"text-align: justify; margin: 0cm 0cm 0pt\"><span style=\"line-height: 115%; font-family: 'arial narrow'; font-size: 13pt; mso-fareast-font-family: calibri; mso-bidi-font-family: 'times new roman'; mso-fareast-language: ar-sa; mso-bidi-font-size: 14.0pt; mso-ansi-language: it; mso-bidi-language: ar-sa\"><font color=\"#000000\"><span style=\"font-family: arial; font-size: 11pt\"><span style=\"font-family: arial; font-size: 10pt; mso-bidi-font-size: 11.0pt\"><span style=\"font-family: arial; font-size: 11pt\"><u><span style=\"font-family: arial; font-size: 11pt\">ore 22.15 &ndash; Chiostro San Francesco <o:p><\/o:p><\/span><\/u><\/span><\/span><\/span><\/font><\/span><\/p>\n<p class=\"MsoNormal\" style=\"text-align: justify; margin: 0cm 0cm 0pt\"><span style=\"line-height: 115%; font-family: 'arial narrow'; font-size: 13pt; mso-fareast-font-family: calibri; mso-bidi-font-family: 'times new roman'; mso-fareast-language: ar-sa; mso-bidi-font-size: 14.0pt; mso-ansi-language: it; mso-bidi-language: ar-sa\"><font color=\"#000000\"><span style=\"font-family: arial; font-size: 11pt\"><span style=\"font-family: arial; font-size: 10pt; mso-bidi-font-size: 11.0pt\"><span style=\"font-family: arial; font-size: 11pt\"><b><span style=\"font-family: arial; font-size: 11pt\">ZLATI ZMAJ \/ IL DRAGO D&rsquo;ORO<o:p><\/o:p><\/span><\/b><\/span><\/span><\/span><\/font><\/span><\/p>\n<p class=\"MsoNormal\" style=\"text-align: justify; margin: 0cm 0cm 0pt\"><span style=\"line-height: 115%; font-family: 'arial narrow'; font-size: 13pt; mso-fareast-font-family: calibri; mso-bidi-font-family: 'times new roman'; mso-fareast-language: ar-sa; mso-bidi-font-size: 14.0pt; mso-ansi-language: it; mso-bidi-language: ar-sa\"><font color=\"#000000\"><span style=\"font-family: arial; font-size: 11pt\"><span style=\"font-family: arial; font-size: 10pt; mso-bidi-font-size: 11.0pt\"><span style=\"font-family: arial; font-size: 11pt\"><span style=\"font-family: arial; font-size: 11pt\">di Roland Schimmelpfennig<o:p><\/o:p><\/span><\/span><\/span><\/span><\/font><\/span><\/p>\n<p class=\"MsoNormal\" style=\"text-align: justify; margin: 0cm 0cm 0pt\"><span style=\"line-height: 115%; font-family: 'arial narrow'; font-size: 13pt; mso-fareast-font-family: calibri; mso-bidi-font-family: 'times new roman'; mso-fareast-language: ar-sa; mso-bidi-font-size: 14.0pt; mso-ansi-language: it; mso-bidi-language: ar-sa\"><font color=\"#000000\"><span style=\"font-family: arial; font-size: 11pt\"><span style=\"font-family: arial; font-size: 10pt; mso-bidi-font-size: 11.0pt\"><span style=\"font-family: arial; font-size: 11pt\"><span style=\"font-family: arial; font-size: 11pt\">regia Janusz Kica<o:p><\/o:p><\/span><\/span><\/span><\/span><\/font><\/span><\/p>\n<p class=\"MsoNormal\" style=\"text-align: justify; margin: 0cm 0cm 0pt\"><span style=\"line-height: 115%; font-family: 'arial narrow'; font-size: 13pt; mso-fareast-font-family: calibri; mso-bidi-font-family: 'times new roman'; mso-fareast-language: ar-sa; mso-bidi-font-size: 14.0pt; mso-ansi-language: it; mso-bidi-language: ar-sa\"><font color=\"#000000\"><span style=\"font-family: arial; font-size: 11pt\"><span style=\"font-family: arial; font-size: 10pt; mso-bidi-font-size: 11.0pt\"><span style=\"font-family: arial; font-size: 11pt\"><span style=\"font-family: arial; font-size: 11pt\">musiche Arturo Annecchino<o:p><\/o:p><\/span><\/span><\/span><\/span><\/font><\/span><\/p>\n<p class=\"MsoNormal\" style=\"text-align: justify; margin: 0cm 0cm 0pt\"><span style=\"line-height: 115%; font-family: 'arial narrow'; font-size: 13pt; mso-fareast-font-family: calibri; mso-bidi-font-family: 'times new roman'; mso-fareast-language: ar-sa; mso-bidi-font-size: 14.0pt; mso-ansi-language: it; mso-bidi-language: ar-sa\"><font color=\"#000000\"><span style=\"font-family: arial; font-size: 11pt\"><span style=\"font-family: arial; font-size: 10pt; mso-bidi-font-size: 11.0pt\"><span style=\"font-family: arial; font-size: 11pt\"><span style=\"font-family: arial; font-size: 11pt\">con Romeo Greben&scaron;ek, Maja Blagovi\u010d, Lara Komar, Vladimir Jurc, Primo\u017e Forte<o:p><\/o:p><\/span><\/span><\/span><\/span><\/font><\/span><\/p>\n<p class=\"MsoNormal\" style=\"text-align: justify; margin: 0cm 0cm 0pt\"><span style=\"line-height: 115%; font-family: 'arial narrow'; font-size: 13pt; mso-fareast-font-family: calibri; mso-bidi-font-family: 'times new roman'; mso-fareast-language: ar-sa; mso-bidi-font-size: 14.0pt; mso-ansi-language: it; mso-bidi-language: ar-sa\"><font color=\"#000000\"><span style=\"font-family: arial; font-size: 11pt\"><span style=\"font-family: arial; font-size: 10pt; mso-bidi-font-size: 11.0pt\"><span style=\"font-family: arial; font-size: 11pt\"><span style=\"font-family: arial; font-size: 11pt\">produzione Slovensko Stalno Gledali&scaron;\u010de &#8211; Teatro Stabile Sloveno &#8211; Trieste<o:p><\/o:p><\/span><\/span><\/span><\/span><\/font><\/span><\/p>\n<p class=\"MsoNormal\" style=\"text-align: justify; margin: 0cm 0cm 0pt\"><span style=\"line-height: 115%; font-family: 'arial narrow'; font-size: 13pt; mso-fareast-font-family: calibri; mso-bidi-font-family: 'times new roman'; mso-fareast-language: ar-sa; mso-bidi-font-size: 14.0pt; mso-ansi-language: it; mso-bidi-language: ar-sa\"><font color=\"#000000\"><span style=\"font-family: arial; font-size: 11pt\"><span style=\"font-family: arial; font-size: 10pt; mso-bidi-font-size: 11.0pt\"><span style=\"font-family: arial; font-size: 11pt\"><span style=\"font-family: arial; font-size: 11pt\">PROSA<o:p><\/o:p><\/span><\/span><\/span><\/span><\/font><\/span><\/p>\n<p class=\"MsoNormal\" style=\"text-align: justify; margin: 0cm 0cm 0pt\"><span style=\"line-height: 115%; font-family: 'arial narrow'; font-size: 13pt; mso-fareast-font-family: calibri; mso-bidi-font-family: 'times new roman'; mso-fareast-language: ar-sa; mso-bidi-font-size: 14.0pt; mso-ansi-language: it; mso-bidi-language: ar-sa\"><font color=\"#000000\"><span style=\"font-family: arial; font-size: 11pt\"><span style=\"font-family: arial; font-size: 10pt; mso-bidi-font-size: 11.0pt\"><span style=\"font-family: arial; font-size: 11pt\"><span style=\"font-family: arial; font-size: 10pt; mso-bidi-font-size: 11.0pt\"><o:p><\/o:p><\/span>&nbsp;<\/span><\/span><\/span><\/font><\/span><\/p>\n<p class=\"MsoNormal\" style=\"text-align: justify; margin: 0cm 0cm 0pt\"><span style=\"line-height: 115%; font-family: 'arial narrow'; font-size: 13pt; mso-fareast-font-family: calibri; mso-bidi-font-family: 'times new roman'; mso-fareast-language: ar-sa; mso-bidi-font-size: 14.0pt; mso-ansi-language: it; mso-bidi-language: ar-sa\"><font color=\"#000000\"><span style=\"font-family: arial; font-size: 11pt\"><span style=\"font-family: arial; font-size: 10pt; mso-bidi-font-size: 11.0pt\"><span style=\"font-family: arial; font-size: 11pt\"><b><span style=\"font-family: arial; font-size: 11pt\">LUNED&Iacute; 18 LUGLIO<o:p><\/o:p><\/span><\/b><\/span><\/span><\/span><\/font><\/span><\/p>\n<p class=\"MsoNormal\" style=\"text-align: justify; margin: 0cm 0cm 0pt\"><span style=\"line-height: 115%; font-family: 'arial narrow'; font-size: 13pt; mso-fareast-font-family: calibri; mso-bidi-font-family: 'times new roman'; mso-fareast-language: ar-sa; mso-bidi-font-size: 14.0pt; mso-ansi-language: it; mso-bidi-language: ar-sa\"><font color=\"#000000\"><span style=\"font-family: arial; font-size: 11pt\"><span style=\"font-family: arial; font-size: 10pt; mso-bidi-font-size: 11.0pt\"><span style=\"font-family: arial; font-size: 11pt\"><u><span style=\"font-family: arial; font-size: 11pt\">ore 18.30 &ndash; Teatro Ristori<o:p><\/o:p><\/span><\/u><\/span><\/span><\/span><\/font><\/span><\/p>\n<p class=\"MsoNormal\" style=\"text-align: justify; margin: 0cm 0cm 0pt\"><span style=\"line-height: 115%; font-family: 'arial narrow'; font-size: 13pt; mso-fareast-font-family: calibri; mso-bidi-font-family: 'times new roman'; mso-fareast-language: ar-sa; mso-bidi-font-size: 14.0pt; mso-ansi-language: it; mso-bidi-language: ar-sa\"><font color=\"#000000\"><span style=\"font-family: arial; font-size: 11pt\"><span style=\"font-family: arial; font-size: 10pt; mso-bidi-font-size: 11.0pt\"><span style=\"font-family: arial; font-size: 11pt\"><b><span style=\"font-family: arial; font-size: 11pt\">TU (NON) SEI IL TUO LAVORO <o:p><\/o:p><\/span><\/b><\/span><\/span><\/span><\/font><\/span><\/p>\n<p class=\"MsoNormal\" style=\"text-align: justify; margin: 0cm 0cm 0pt\"><span style=\"line-height: 115%; font-family: 'arial narrow'; font-size: 13pt; mso-fareast-font-family: calibri; mso-bidi-font-family: 'times new roman'; mso-fareast-language: ar-sa; mso-bidi-font-size: 14.0pt; mso-ansi-language: it; mso-bidi-language: ar-sa\"><font color=\"#000000\"><span style=\"font-family: arial; font-size: 11pt\"><span style=\"font-family: arial; font-size: 10pt; mso-bidi-font-size: 11.0pt\"><span style=\"font-family: arial; font-size: 11pt\"><span style=\"font-family: arial; font-size: 11pt\">di Rosella Postorino <o:p><\/o:p><\/span><\/span><\/span><\/span><\/font><\/span><\/p>\n<p class=\"MsoNormal\" style=\"text-align: justify; margin: 0cm 0cm 0pt\"><span style=\"line-height: 115%; font-family: 'arial narrow'; font-size: 13pt; mso-fareast-font-family: calibri; mso-bidi-font-family: 'times new roman'; mso-fareast-language: ar-sa; mso-bidi-font-size: 14.0pt; mso-ansi-language: it; mso-bidi-language: ar-sa\"><font color=\"#000000\"><span style=\"font-family: arial; font-size: 11pt\"><span style=\"font-family: arial; font-size: 10pt; mso-bidi-font-size: 11.0pt\"><span style=\"font-family: arial; font-size: 11pt\"><span style=\"font-family: arial; font-size: 11pt\">uno spettacolo di Sandro Mabellini<o:p><\/o:p><\/span><\/span><\/span><\/span><\/font><\/span><\/p>\n<p class=\"MsoNormal\" style=\"text-align: justify; margin: 0cm 0cm 0pt\"><span style=\"line-height: 115%; font-family: 'arial narrow'; font-size: 13pt; mso-fareast-font-family: calibri; mso-bidi-font-family: 'times new roman'; mso-fareast-language: ar-sa; mso-bidi-font-size: 14.0pt; mso-ansi-language: it; mso-bidi-language: ar-sa\"><font color=\"#000000\"><span style=\"font-family: arial; font-size: 11pt\"><span style=\"font-family: arial; font-size: 10pt; mso-bidi-font-size: 11.0pt\"><span style=\"font-family: arial; font-size: 11pt\"><span style=\"font-family: arial; font-size: 11pt\">con Silvia Giuliano, Umberto Petranca<o:p><\/o:p><\/span><\/span><\/span><\/span><\/font><\/span><\/p>\n<p class=\"MsoNormal\" style=\"text-align: justify; margin: 0cm 0cm 0pt\"><span style=\"line-height: 115%; font-family: 'arial narrow'; font-size: 13pt; mso-fareast-font-family: calibri; mso-bidi-font-family: 'times new roman'; mso-fareast-language: ar-sa; mso-bidi-font-size: 14.0pt; mso-ansi-language: it; mso-bidi-language: ar-sa\"><font color=\"#000000\"><span style=\"font-family: arial; font-size: 11pt\"><span style=\"font-family: arial; font-size: 10pt; mso-bidi-font-size: 11.0pt\"><span style=\"font-family: arial; font-size: 11pt\"><span style=\"font-family: arial; font-size: 11pt\">una coproduzione Teatro Litta e Napoli Teatro Festival Italia 2010 <o:p><\/o:p><\/span><\/span><\/span><\/span><\/font><\/span><\/p>\n<p class=\"MsoNormal\" style=\"text-align: justify; margin: 0cm 0cm 0pt\"><span style=\"line-height: 115%; font-family: 'arial narrow'; font-size: 13pt; mso-fareast-font-family: calibri; mso-bidi-font-family: 'times new roman'; mso-fareast-language: ar-sa; mso-bidi-font-size: 14.0pt; mso-ansi-language: it; mso-bidi-language: ar-sa\"><font color=\"#000000\"><span style=\"font-family: arial; font-size: 11pt\"><span style=\"font-family: arial; font-size: 10pt; mso-bidi-font-size: 11.0pt\"><span style=\"font-family: arial; font-size: 11pt\"><span style=\"font-family: arial; font-size: 11pt\">PROSA<o:p><\/o:p><\/span><\/span><\/span><\/span><\/font><\/span><\/p>\n<p class=\"MsoNormal\" style=\"text-align: justify; margin: 0cm 0cm 0pt\"><span style=\"line-height: 115%; font-family: 'arial narrow'; font-size: 13pt; mso-fareast-font-family: calibri; mso-bidi-font-family: 'times new roman'; mso-fareast-language: ar-sa; mso-bidi-font-size: 14.0pt; mso-ansi-language: it; mso-bidi-language: ar-sa\"><font color=\"#000000\"><span style=\"font-family: arial; font-size: 11pt\"><span style=\"font-family: arial; font-size: 10pt; mso-bidi-font-size: 11.0pt\"><span style=\"font-family: arial; font-size: 11pt\"><span style=\"font-family: arial; font-size: 11pt\"><o:p><\/o:p><\/span>&nbsp;<\/span><\/span><\/span><\/font><\/span><\/p>\n<p class=\"MsoNormal\" style=\"text-align: justify; margin: 0cm 0cm 0pt\"><span style=\"line-height: 115%; font-family: 'arial narrow'; font-size: 13pt; mso-fareast-font-family: calibri; mso-bidi-font-family: 'times new roman'; mso-fareast-language: ar-sa; mso-bidi-font-size: 14.0pt; mso-ansi-language: it; mso-bidi-language: ar-sa\"><font color=\"#000000\"><span style=\"font-family: arial; font-size: 11pt\"><span style=\"font-family: arial; font-size: 10pt; mso-bidi-font-size: 11.0pt\"><span style=\"font-family: arial; font-size: 11pt\"><u><span style=\"font-family: arial; font-size: 11pt\">ore 20.30 &ndash; Teatro Ristori<o:p><\/o:p><\/span><\/u><\/span><\/span><\/span><\/font><\/span><\/p>\n<p class=\"MsoNormal\" style=\"text-align: justify; margin: 0cm 0cm 0pt\"><span style=\"line-height: 115%; font-family: 'arial narrow'; font-size: 13pt; mso-fareast-font-family: calibri; mso-bidi-font-family: 'times new roman'; mso-fareast-language: ar-sa; mso-bidi-font-size: 14.0pt; mso-ansi-language: it; mso-bidi-language: ar-sa\"><font color=\"#000000\"><span style=\"font-family: arial; font-size: 11pt\"><span style=\"font-family: arial; font-size: 10pt; mso-bidi-font-size: 11.0pt\"><span style=\"font-family: arial; font-size: 11pt\"><b><span style=\"font-family: arial; font-size: 11pt\">IO SONO IL MIO LAVORO<o:p><\/o:p><\/span><\/b><\/span><\/span><\/span><\/font><\/span><\/p>\n<p class=\"MsoNormal\" style=\"text-align: justify; margin: 0cm 0cm 0pt\"><span style=\"line-height: 115%; font-family: 'arial narrow'; font-size: 13pt; mso-fareast-font-family: calibri; mso-bidi-font-family: 'times new roman'; mso-fareast-language: ar-sa; mso-bidi-font-size: 14.0pt; mso-ansi-language: it; mso-bidi-language: ar-sa\"><font color=\"#000000\"><span style=\"font-family: arial; font-size: 11pt\"><span style=\"font-family: arial; font-size: 10pt; mso-bidi-font-size: 11.0pt\"><span style=\"font-family: arial; font-size: 11pt\"><span style=\"font-family: arial; font-size: 11pt\">spettacolo con degustazione di vini<o:p><\/o:p><\/span><\/span><\/span><\/span><\/font><\/span><\/p>\n<p class=\"MsoNormal\" style=\"text-align: justify; margin: 0cm 0cm 0pt\"><span style=\"line-height: 115%; font-family: 'arial narrow'; font-size: 13pt; mso-fareast-font-family: calibri; mso-bidi-font-family: 'times new roman'; mso-fareast-language: ar-sa; mso-bidi-font-size: 14.0pt; mso-ansi-language: it; mso-bidi-language: ar-sa\"><font color=\"#000000\"><span style=\"font-family: arial; font-size: 11pt\"><span style=\"font-family: arial; font-size: 10pt; mso-bidi-font-size: 11.0pt\"><span style=\"font-family: arial; font-size: 11pt\"><span style=\"font-family: arial; font-size: 11pt\">scritto, diretto e interpretato da<span style=\"mso-spacerun: yes\">&nbsp; <\/span>Pino Petruzzelli<o:p><\/o:p><\/span><\/span><\/span><\/span><\/font><\/span><\/p>\n<p class=\"MsoNormal\" style=\"text-align: justify; margin: 0cm 0cm 0pt\"><span style=\"line-height: 115%; font-family: 'arial narrow'; font-size: 13pt; mso-fareast-font-family: calibri; mso-bidi-font-family: 'times new roman'; mso-fareast-language: ar-sa; mso-bidi-font-size: 14.0pt; mso-ansi-language: it; mso-bidi-language: ar-sa\"><font color=\"#000000\"><span style=\"font-family: arial; font-size: 11pt\"><span style=\"font-family: arial; font-size: 10pt; mso-bidi-font-size: 11.0pt\"><span style=\"font-family: arial; font-size: 11pt\"><span style=\"font-family: arial; font-size: 11pt\">produzione Centro Teatro Ipotesi<o:p><\/o:p><\/span><\/span><\/span><\/span><\/font><\/span><\/p>\n<p class=\"MsoNormal\" style=\"text-align: justify; margin: 0cm 0cm 0pt\"><span style=\"line-height: 115%; font-family: 'arial narrow'; font-size: 13pt; mso-fareast-font-family: calibri; mso-bidi-font-family: 'times new roman'; mso-fareast-language: ar-sa; mso-bidi-font-size: 14.0pt; mso-ansi-language: it; mso-bidi-language: ar-sa\"><font color=\"#000000\"><span style=\"font-family: arial; font-size: 11pt\"><span style=\"font-family: arial; font-size: 10pt; mso-bidi-font-size: 11.0pt\"><span style=\"font-family: arial; font-size: 11pt\"><b><span style=\"font-family: arial; font-size: 11pt\">Prima nazionale<o:p><\/o:p><\/span><\/b><\/span><\/span><\/span><\/font><\/span><\/p>\n<p class=\"MsoNormal\" style=\"text-align: justify; margin: 0cm 0cm 0pt\"><span style=\"line-height: 115%; font-family: 'arial narrow'; font-size: 13pt; mso-fareast-font-family: calibri; mso-bidi-font-family: 'times new roman'; mso-fareast-language: ar-sa; mso-bidi-font-size: 14.0pt; mso-ansi-language: it; mso-bidi-language: ar-sa\"><font color=\"#000000\"><span style=\"font-family: arial; font-size: 11pt\"><span style=\"font-family: arial; font-size: 10pt; mso-bidi-font-size: 11.0pt\"><span style=\"font-family: arial; font-size: 11pt\"><span style=\"font-family: arial; font-size: 11pt\">PROSA<o:p><\/o:p><\/span><\/span><\/span><\/span><\/font><\/span><\/p>\n<p class=\"MsoNormal\" style=\"text-align: justify; margin: 0cm 0cm 0pt\"><span style=\"line-height: 115%; font-family: 'arial narrow'; font-size: 13pt; mso-fareast-font-family: calibri; mso-bidi-font-family: 'times new roman'; mso-fareast-language: ar-sa; mso-bidi-font-size: 14.0pt; mso-ansi-language: it; mso-bidi-language: ar-sa\"><font color=\"#000000\"><span style=\"font-family: arial; font-size: 11pt\"><span style=\"font-family: arial; font-size: 10pt; mso-bidi-font-size: 11.0pt\"><span style=\"font-family: arial; font-size: 11pt\"><span style=\"font-family: arial; font-size: 11pt\"><o:p><\/o:p><\/span><\/span><\/span><\/span><\/font><\/span><\/p>\n<p class=\"MsoNormal\" style=\"text-align: justify; margin: 0cm 0cm 0pt\"><span style=\"line-height: 115%; font-family: 'arial narrow'; font-size: 13pt; mso-fareast-font-family: calibri; mso-bidi-font-family: 'times new roman'; mso-fareast-language: ar-sa; mso-bidi-font-size: 14.0pt; mso-ansi-language: it; mso-bidi-language: ar-sa\"><font color=\"#000000\"><span style=\"font-family: arial; font-size: 11pt\"><span style=\"font-family: arial; font-size: 10pt; mso-bidi-font-size: 11.0pt\"><span style=\"font-family: arial; font-size: 11pt\"><u><span style=\"font-family: arial; font-size: 11pt\">ore 22.15 &ndash; Chiesa San Francesco<o:p><\/o:p><\/span><\/u><\/span><\/span><\/span><\/font><\/span><\/p>\n<p class=\"MsoNormal\" style=\"text-align: justify; margin: 0cm 0cm 0pt\"><span style=\"line-height: 115%; font-family: 'arial narrow'; font-size: 13pt; mso-fareast-font-family: calibri; mso-bidi-font-family: 'times new roman'; mso-fareast-language: ar-sa; mso-bidi-font-size: 14.0pt; mso-ansi-language: it; mso-bidi-language: ar-sa\"><font color=\"#000000\"><span style=\"font-family: arial; font-size: 11pt\"><span style=\"font-family: arial; font-size: 10pt; mso-bidi-font-size: 11.0pt\"><span style=\"font-family: arial; font-size: 11pt\"><b><span style=\"font-family: arial; font-size: 11pt\">TALLIN SINFONIETTA IN CONCERTO<o:p><\/o:p><\/span><\/b><\/span><\/span><\/span><\/font><\/span><\/p>\n<p class=\"MsoNormal\" style=\"text-align: justify; margin: 0cm 0cm 0pt\"><span style=\"line-height: 115%; font-family: 'arial narrow'; font-size: 13pt; mso-fareast-font-family: calibri; mso-bidi-font-family: 'times new roman'; mso-fareast-language: ar-sa; mso-bidi-font-size: 14.0pt; mso-ansi-language: it; mso-bidi-language: ar-sa\"><font color=\"#000000\"><span style=\"font-family: arial; font-size: 11pt\"><span style=\"font-family: arial; font-size: 10pt; mso-bidi-font-size: 11.0pt\"><span style=\"font-family: arial; font-size: 11pt\"><span style=\"font-family: arial; font-size: 11pt\">musiche di Arvo P&auml;rt, Giya Kancheli, Alexander Knaifel, Valentin Silvestrov <o:p><\/o:p><\/span><\/span><\/span><\/span><\/font><\/span><\/p>\n<p class=\"MsoNormal\" style=\"text-align: justify; margin: 0cm 0cm 0pt\"><span style=\"line-height: 115%; font-family: 'arial narrow'; font-size: 13pt; mso-fareast-font-family: calibri; mso-bidi-font-family: 'times new roman'; mso-fareast-language: ar-sa; mso-bidi-font-size: 14.0pt; mso-ansi-language: it; mso-bidi-language: ar-sa\"><font color=\"#000000\"><span style=\"font-family: arial; font-size: 11pt\"><span style=\"font-family: arial; font-size: 10pt; mso-bidi-font-size: 11.0pt\"><span style=\"font-family: arial; font-size: 11pt\"><span style=\"font-family: arial; font-size: 11pt\">Tallin Sinfonietta<o:p><\/o:p><\/span><\/span><\/span><\/span><\/font><\/span><\/p>\n<p class=\"MsoNormal\" style=\"text-align: justify; margin: 0cm 0cm 0pt\"><span style=\"line-height: 115%; font-family: 'arial narrow'; font-size: 13pt; mso-fareast-font-family: calibri; mso-bidi-font-family: 'times new roman'; mso-fareast-language: ar-sa; mso-bidi-font-size: 14.0pt; mso-ansi-language: it; mso-bidi-language: ar-sa\"><font color=\"#000000\"><span style=\"font-family: arial; font-size: 11pt\"><span style=\"font-family: arial; font-size: 10pt; mso-bidi-font-size: 11.0pt\"><span style=\"font-family: arial; font-size: 11pt\"><span style=\"font-family: arial; font-size: 11pt\">Andres Mustonen, direttore<o:p><\/o:p><\/span><\/span><\/span><\/span><\/font><\/span><\/p>\n<p class=\"MsoNormal\" style=\"text-align: justify; margin: 0cm 0cm 0pt\"><span style=\"line-height: 115%; font-family: 'arial narrow'; font-size: 13pt; mso-fareast-font-family: calibri; mso-bidi-font-family: 'times new roman'; mso-fareast-language: ar-sa; mso-bidi-font-size: 14.0pt; mso-ansi-language: it; mso-bidi-language: ar-sa\"><font color=\"#000000\"><span style=\"font-family: arial; font-size: 11pt\"><span style=\"font-family: arial; font-size: 10pt; mso-bidi-font-size: 11.0pt\"><span style=\"font-family: arial; font-size: 11pt\"><span style=\"font-family: arial; font-size: 11pt\">coproduzione Emilia Romagna Festival e MittelFest 2011 <o:p><\/o:p><\/span><\/span><\/span><\/span><\/font><\/span><\/p>\n<p class=\"MsoNormal\" style=\"text-align: justify; margin: 0cm 0cm 0pt\"><span style=\"line-height: 115%; font-family: 'arial narrow'; font-size: 13pt; mso-fareast-font-family: calibri; mso-bidi-font-family: 'times new roman'; mso-fareast-language: ar-sa; mso-bidi-font-size: 14.0pt; mso-ansi-language: it; mso-bidi-language: ar-sa\"><font color=\"#000000\"><span style=\"font-family: arial; font-size: 11pt\"><span style=\"font-family: arial; font-size: 10pt; mso-bidi-font-size: 11.0pt\"><span style=\"font-family: arial; font-size: 11pt\"><span style=\"font-family: arial; font-size: 11pt\">ESTONIA<o:p><\/o:p><\/span><\/span><\/span><\/span><\/font><\/span><\/p>\n<p class=\"MsoNormal\" style=\"text-align: justify; margin: 0cm 0cm 0pt\"><span style=\"line-height: 115%; font-family: 'arial narrow'; font-size: 13pt; mso-fareast-font-family: calibri; mso-bidi-font-family: 'times new roman'; mso-fareast-language: ar-sa; mso-bidi-font-size: 14.0pt; mso-ansi-language: it; mso-bidi-language: ar-sa\"><font color=\"#000000\"><span style=\"font-family: arial; font-size: 11pt\"><span style=\"font-family: arial; font-size: 10pt; mso-bidi-font-size: 11.0pt\"><span style=\"font-family: arial; font-size: 11pt\"><span style=\"font-family: arial; font-size: 11pt\">MUSICA<\/span><\/span><\/span><\/span><\/font><\/span><\/p>\n<p class=\"MsoNormal\" style=\"text-align: justify; margin: 0cm 0cm 0pt\"><span style=\"line-height: 115%; font-family: 'arial narrow'; font-size: 13pt; mso-fareast-font-family: calibri; mso-bidi-font-family: 'times new roman'; mso-fareast-language: ar-sa; mso-bidi-font-size: 14.0pt; mso-ansi-language: it; mso-bidi-language: ar-sa\"><font color=\"#000000\"><span style=\"font-family: arial; font-size: 11pt\"><span style=\"font-family: arial; font-size: 10pt; mso-bidi-font-size: 11.0pt\"><span style=\"font-family: arial; font-size: 11pt\"><span style=\"font-family: arial; font-size: 11pt\"><o:p><\/o:p><\/span>&nbsp;<\/span><\/span><\/span><\/font><\/span><\/p>\n<p class=\"MsoNormal\" style=\"text-align: justify; margin: 0cm 0cm 0pt\"><span style=\"line-height: 115%; font-family: 'arial narrow'; font-size: 13pt; mso-fareast-font-family: calibri; mso-bidi-font-family: 'times new roman'; mso-fareast-language: ar-sa; mso-bidi-font-size: 14.0pt; mso-ansi-language: it; mso-bidi-language: ar-sa\"><font color=\"#000000\"><span style=\"font-family: arial; font-size: 11pt\"><span style=\"font-family: arial; font-size: 10pt; mso-bidi-font-size: 11.0pt\"><span style=\"font-family: arial; font-size: 11pt\"><b><span style=\"font-family: arial; font-size: 11pt\">MARTED&Iacute; 19 LUGLIO<o:p><\/o:p><\/span><\/b><\/span><\/span><\/span><\/font><\/span><\/p>\n<p class=\"MsoNormal\" style=\"text-align: justify; margin: 0cm 0cm 0pt\"><span style=\"line-height: 115%; font-family: 'arial narrow'; font-size: 13pt; mso-fareast-font-family: calibri; mso-bidi-font-family: 'times new roman'; mso-fareast-language: ar-sa; mso-bidi-font-size: 14.0pt; mso-ansi-language: it; mso-bidi-language: ar-sa\"><font color=\"#000000\"><span style=\"font-family: arial; font-size: 11pt\"><span style=\"font-family: arial; font-size: 10pt; mso-bidi-font-size: 11.0pt\"><span style=\"font-family: arial; font-size: 11pt\"><span style=\"font-family: arial; font-size: 11pt\"><o:p>&nbsp;<\/o:p><\/span><u><span style=\"font-family: arial; font-size: 11pt\">ore 20.30 &ndash; Chiesa Santa Maria dei Battuti<o:p><\/o:p><\/span><\/u><\/span><\/span><\/span><\/font><\/span><\/p>\n<p class=\"MsoNormal\" style=\"text-align: justify; margin: 0cm 0cm 0pt\"><span style=\"line-height: 115%; font-family: 'arial narrow'; font-size: 13pt; mso-fareast-font-family: calibri; mso-bidi-font-family: 'times new roman'; mso-fareast-language: ar-sa; mso-bidi-font-size: 14.0pt; mso-ansi-language: it; mso-bidi-language: ar-sa\"><font color=\"#000000\"><span style=\"font-family: arial; font-size: 11pt\"><span style=\"font-family: arial; font-size: 10pt; mso-bidi-font-size: 11.0pt\"><span style=\"font-family: arial; font-size: 11pt\"><b><span style=\"font-family: arial; font-size: 11pt\">GOLI OTOK<o:p><\/o:p><\/span><\/b><\/span><\/span><\/span><\/font><\/span><\/p>\n<p class=\"MsoNormal\" style=\"text-align: justify; margin: 0cm 0cm 0pt\"><span style=\"line-height: 115%; font-family: 'arial narrow'; font-size: 13pt; mso-fareast-font-family: calibri; mso-bidi-font-family: 'times new roman'; mso-fareast-language: ar-sa; mso-bidi-font-size: 14.0pt; mso-ansi-language: it; mso-bidi-language: ar-sa\"><font color=\"#000000\"><span style=\"font-family: arial; font-size: 11pt\"><span style=\"font-family: arial; font-size: 10pt; mso-bidi-font-size: 11.0pt\"><span style=\"font-family: arial; font-size: 11pt\"><b><span style=\"font-family: arial; font-size: 11pt\">Isola della Libert&agrave;<o:p><\/o:p><\/span><\/b><\/span><\/span><\/span><\/font><\/span><\/p>\n<p class=\"MsoNormal\" style=\"text-align: justify; margin: 0cm 0cm 0pt\"><span style=\"line-height: 115%; font-family: 'arial narrow'; font-size: 13pt; mso-fareast-font-family: calibri; mso-bidi-font-family: 'times new roman'; mso-fareast-language: ar-sa; mso-bidi-font-size: 14.0pt; mso-ansi-language: it; mso-bidi-language: ar-sa\"><font color=\"#000000\"><span style=\"font-family: arial; font-size: 11pt\"><span style=\"font-family: arial; font-size: 10pt; mso-bidi-font-size: 11.0pt\"><span style=\"font-family: arial; font-size: 11pt\"><span style=\"font-family: arial; font-size: 11pt\">di Renato Sarti<o:p><\/o:p><\/span><\/span><\/span><\/span><\/font><\/span><\/p>\n<p class=\"MsoNormal\" style=\"text-align: justify; margin: 0cm 0cm 0pt\"><span style=\"line-height: 115%; font-family: 'arial narrow'; font-size: 13pt; mso-fareast-font-family: calibri; mso-bidi-font-family: 'times new roman'; mso-fareast-language: ar-sa; mso-bidi-font-size: 14.0pt; mso-ansi-language: it; mso-bidi-language: ar-sa\"><font color=\"#000000\"><span style=\"font-family: arial; font-size: 11pt\"><span style=\"font-family: arial; font-size: 10pt; mso-bidi-font-size: 11.0pt\"><span style=\"font-family: arial; font-size: 11pt\"><span style=\"font-family: arial; font-size: 11pt\">con Paolo Bonacelli e Renato Sarti<o:p><\/o:p><\/span><\/span><\/span><\/span><\/font><\/span><\/p>\n<p class=\"MsoNormal\" style=\"text-align: justify; margin: 0cm 0cm 0pt\"><span style=\"line-height: 115%; font-family: 'arial narrow'; font-size: 13pt; mso-fareast-font-family: calibri; mso-bidi-font-family: 'times new roman'; mso-fareast-language: ar-sa; mso-bidi-font-size: 14.0pt; mso-ansi-language: it; mso-bidi-language: ar-sa\"><font color=\"#000000\"><span style=\"font-family: arial; font-size: 11pt\"><span style=\"font-family: arial; font-size: 10pt; mso-bidi-font-size: 11.0pt\"><span style=\"font-family: arial; font-size: 11pt\"><span style=\"font-family: arial; font-size: 11pt\">produzione Teatro della Cooperativa<o:p><\/o:p><\/span><\/span><\/span><\/span><\/font><\/span><\/p>\n<p class=\"MsoNormal\" style=\"text-align: justify; margin: 0cm 0cm 0pt\"><span style=\"line-height: 115%; font-family: 'arial narrow'; font-size: 13pt; mso-fareast-font-family: calibri; mso-bidi-font-family: 'times new roman'; mso-fareast-language: ar-sa; mso-bidi-font-size: 14.0pt; mso-ansi-language: it; mso-bidi-language: ar-sa\"><font color=\"#000000\"><span style=\"font-family: arial; font-size: 11pt\"><span style=\"font-family: arial; font-size: 10pt; mso-bidi-font-size: 11.0pt\"><span style=\"font-family: arial; font-size: 11pt\"><b><span style=\"font-family: arial; font-size: 11pt\">Prima nazionale<o:p><\/o:p><\/span><\/b><\/span><\/span><\/span><\/font><\/span><\/p>\n<p class=\"MsoNormal\" style=\"text-align: justify; margin: 0cm 0cm 0pt\"><span style=\"line-height: 115%; font-family: 'arial narrow'; font-size: 13pt; mso-fareast-font-family: calibri; mso-bidi-font-family: 'times new roman'; mso-fareast-language: ar-sa; mso-bidi-font-size: 14.0pt; mso-ansi-language: it; mso-bidi-language: ar-sa\"><font color=\"#000000\"><span style=\"font-family: arial; font-size: 11pt\"><span style=\"font-family: arial; font-size: 10pt; mso-bidi-font-size: 11.0pt\"><span style=\"font-family: arial; font-size: 11pt\"><span style=\"font-family: arial; font-size: 11pt\">PROSA<o:p><\/o:p><\/span><\/span><\/span><\/span><\/font><\/span><\/p>\n<p class=\"MsoNormal\" style=\"text-align: justify; margin: 0cm 0cm 0pt; mso-layout-grid-align: none\"><span style=\"line-height: 115%; font-family: 'arial narrow'; font-size: 13pt; mso-fareast-font-family: calibri; mso-bidi-font-family: 'times new roman'; mso-fareast-language: ar-sa; mso-bidi-font-size: 14.0pt; mso-ansi-language: it; mso-bidi-language: ar-sa\"><font color=\"#000000\"><span style=\"font-family: arial; font-size: 11pt\"><span style=\"font-family: arial; font-size: 10pt; mso-bidi-font-size: 11.0pt\"><span style=\"font-family: arial; font-size: 11pt\"><span style=\"font-family: arial; font-size: 10pt; mso-fareast-font-family: 'times new roman'; mso-bidi-font-family: 'times new roman'; mso-fareast-language: it; mso-bidi-font-size: 11.0pt\"><o:p><\/o:p><\/span>&nbsp;<\/span><\/span><\/span><\/font><\/span><\/p>\n<p class=\"MsoNormal\" style=\"text-align: justify; margin: 0cm 0cm 0pt\"><span style=\"line-height: 115%; font-family: 'arial narrow'; font-size: 13pt; mso-fareast-font-family: calibri; mso-bidi-font-family: 'times new roman'; mso-fareast-language: ar-sa; mso-bidi-font-size: 14.0pt; mso-ansi-language: it; mso-bidi-language: ar-sa\"><font color=\"#000000\"><span style=\"font-family: arial; font-size: 11pt\"><span style=\"font-family: arial; font-size: 10pt; mso-bidi-font-size: 11.0pt\"><span style=\"font-family: arial; font-size: 11pt\"><u><span style=\"font-family: arial; font-size: 11pt\">ore 22.15 &ndash; Chiostro San Francesco <o:p><\/o:p><\/span><\/u><\/span><\/span><\/span><\/font><\/span><\/p>\n<p class=\"MsoNormal\" style=\"text-align: justify; margin: 0cm 0cm 0pt\"><span style=\"line-height: 115%; font-family: 'arial narrow'; font-size: 13pt; mso-fareast-font-family: calibri; mso-bidi-font-family: 'times new roman'; mso-fareast-language: ar-sa; mso-bidi-font-size: 14.0pt; mso-ansi-language: it; mso-bidi-language: ar-sa\"><font color=\"#000000\"><span style=\"font-family: arial; font-size: 11pt\"><span style=\"font-family: arial; font-size: 10pt; mso-bidi-font-size: 11.0pt\"><span style=\"font-family: arial; font-size: 11pt\"><b><span style=\"font-family: arial; font-size: 11pt\">CONTRAST RATIO<o:p><\/o:p><\/span><\/b><\/span><\/span><\/span><\/font><\/span><\/p>\n<p class=\"MsoNormal\" style=\"text-align: justify; margin: 0cm 0cm 0pt\"><span style=\"line-height: 115%; font-family: 'arial narrow'; font-size: 13pt; mso-fareast-font-family: calibri; mso-bidi-font-family: 'times new roman'; mso-fareast-language: ar-sa; mso-bidi-font-size: 14.0pt; mso-ansi-language: it; mso-bidi-language: ar-sa\"><font color=\"#000000\"><span style=\"font-family: arial; font-size: 11pt\"><span style=\"font-family: arial; font-size: 10pt; mso-bidi-font-size: 11.0pt\"><span style=\"font-family: arial; font-size: 11pt\"><span style=\"font-family: arial; font-size: 11pt\">coreografia Massimo Gerardi<o:p><\/o:p><\/span><\/span><\/span><\/span><\/font><\/span><\/p>\n<p class=\"MsoNormal\" style=\"text-align: justify; margin: 0cm 0cm 0pt\"><span style=\"line-height: 115%; font-family: 'arial narrow'; font-size: 13pt; mso-fareast-font-family: calibri; mso-bidi-font-family: 'times new roman'; mso-fareast-language: ar-sa; mso-bidi-font-size: 14.0pt; mso-ansi-language: it; mso-bidi-language: ar-sa\"><font color=\"#000000\"><span style=\"font-family: arial; font-size: 11pt\"><span style=\"font-family: arial; font-size: 10pt; mso-bidi-font-size: 11.0pt\"><span style=\"font-family: arial; font-size: 11pt\"><span style=\"font-family: arial; font-size: 11pt\">drammaturgia Achim Conrad<o:p><\/o:p><\/span><\/span><\/span><\/span><\/font><\/span><\/p>\n<p class=\"MsoNormal\" style=\"text-align: justify; margin: 0cm 0cm 0pt\"><span style=\"line-height: 115%; font-family: 'arial narrow'; font-size: 13pt; mso-fareast-font-family: calibri; mso-bidi-font-family: 'times new roman'; mso-fareast-language: ar-sa; mso-bidi-font-size: 14.0pt; mso-ansi-language: it; mso-bidi-language: ar-sa\"><font color=\"#000000\"><span style=\"font-family: arial; font-size: 11pt\"><span style=\"font-family: arial; font-size: 10pt; mso-bidi-font-size: 11.0pt\"><span style=\"font-family: arial; font-size: 11pt\"><span style=\"font-family: arial; font-size: 11pt\">danzatori Lisa Gropp, Mircea Andrei Ghinea, Morgane de Toeuf, Robert Goodby<o:p><\/o:p><\/span><\/span><\/span><\/span><\/font><\/span><\/p>\n<p class=\"MsoNormal\" style=\"text-align: justify; margin: 0cm 0cm 0pt\"><span style=\"line-height: 115%; font-family: 'arial narrow'; font-size: 13pt; mso-fareast-font-family: calibri; mso-bidi-font-family: 'times new roman'; mso-fareast-language: ar-sa; mso-bidi-font-size: 14.0pt; mso-ansi-language: it; mso-bidi-language: ar-sa\"><font color=\"#000000\"><span style=\"font-family: arial; font-size: 11pt\"><span style=\"font-family: arial; font-size: 10pt; mso-bidi-font-size: 11.0pt\"><span style=\"font-family: arial; font-size: 11pt\"><span style=\"font-family: arial; font-size: 11pt\">Thomas Wansing, pianoforte dal vivo<o:p><\/o:p><\/span><\/span><\/span><\/span><\/font><\/span><\/p>\n<p class=\"MsoNormal\" style=\"text-align: justify; margin: 0cm 0cm 0pt\"><span style=\"line-height: 115%; font-family: 'arial narrow'; font-size: 13pt; mso-fareast-font-family: calibri; mso-bidi-font-family: 'times new roman'; mso-fareast-language: ar-sa; mso-bidi-font-size: 14.0pt; mso-ansi-language: it; mso-bidi-language: ar-sa\"><font color=\"#000000\"><span style=\"font-family: arial; font-size: 11pt\"><span style=\"font-family: arial; font-size: 10pt; mso-bidi-font-size: 11.0pt\"><span style=\"font-family: arial; font-size: 11pt\"><span style=\"font-family: arial; font-size: 11pt\">produzione Movingtheatre.de<o:p><\/o:p><\/span><\/span><\/span><\/span><\/font><\/span><\/p>\n<p class=\"MsoNormal\" style=\"text-align: justify; margin: 0cm 0cm 0pt\"><span style=\"line-height: 115%; font-family: 'arial narrow'; font-size: 13pt; mso-fareast-font-family: calibri; mso-bidi-font-family: 'times new roman'; mso-fareast-language: ar-sa; mso-bidi-font-size: 14.0pt; mso-ansi-language: it; mso-bidi-language: ar-sa\"><font color=\"#000000\"><span style=\"font-family: arial; font-size: 11pt\"><span style=\"font-family: arial; font-size: 10pt; mso-bidi-font-size: 11.0pt\"><span style=\"font-family: arial; font-size: 11pt\"><span style=\"font-family: arial; font-size: 11pt\">GERMANIA<o:p><\/o:p><\/span><\/span><\/span><\/span><\/font><\/span><\/p>\n<p class=\"MsoNormal\" style=\"text-align: justify; margin: 0cm 0cm 0pt\"><span style=\"line-height: 115%; font-family: 'arial narrow'; font-size: 13pt; mso-fareast-font-family: calibri; mso-bidi-font-family: 'times new roman'; mso-fareast-language: ar-sa; mso-bidi-font-size: 14.0pt; mso-ansi-language: it; mso-bidi-language: ar-sa\"><font color=\"#000000\"><span style=\"font-family: arial; font-size: 11pt\"><span style=\"font-family: arial; font-size: 10pt; mso-bidi-font-size: 11.0pt\"><span style=\"font-family: arial; font-size: 11pt\"><span style=\"font-family: arial; font-size: 11pt\">DANZA<o:p><\/o:p><\/span><\/span><\/span><\/span><\/font><\/span><\/p>\n<p class=\"MsoNormal\" style=\"text-align: justify; margin: 0cm 0cm 0pt\"><span style=\"line-height: 115%; font-family: 'arial narrow'; font-size: 13pt; mso-fareast-font-family: calibri; mso-bidi-font-family: 'times new roman'; mso-fareast-language: ar-sa; mso-bidi-font-size: 14.0pt; mso-ansi-language: it; mso-bidi-language: ar-sa\"><font color=\"#000000\"><span style=\"font-family: arial; font-size: 11pt\"><span style=\"font-family: arial; font-size: 10pt; mso-bidi-font-size: 11.0pt\"><span style=\"font-family: arial; font-size: 11pt\"><span style=\"font-family: arial; font-size: 11pt\"><o:p>&nbsp;<\/o:p><\/span><\/span><\/span><\/span><\/font><\/span><\/p>\n<p class=\"MsoNormal\" style=\"text-align: justify; margin: 0cm 0cm 0pt\"><span style=\"line-height: 115%; font-family: 'arial narrow'; font-size: 13pt; mso-fareast-font-family: calibri; mso-bidi-font-family: 'times new roman'; mso-fareast-language: ar-sa; mso-bidi-font-size: 14.0pt; mso-ansi-language: it; mso-bidi-language: ar-sa\"><font color=\"#000000\"><span style=\"font-family: arial; font-size: 11pt\"><span style=\"font-family: arial; font-size: 10pt; mso-bidi-font-size: 11.0pt\"><span style=\"font-family: arial; font-size: 11pt\"><b><span style=\"font-family: arial; font-size: 11pt\">MERCOLED&Iacute; 20 LUGLIO<o:p><\/o:p><\/span><\/b><\/span><\/span><\/span><\/font><\/span><\/p>\n<p class=\"MsoNormal\" style=\"text-align: justify; margin: 0cm 0cm 0pt\"><span style=\"line-height: 115%; font-family: 'arial narrow'; font-size: 13pt; mso-fareast-font-family: calibri; mso-bidi-font-family: 'times new roman'; mso-fareast-language: ar-sa; mso-bidi-font-size: 14.0pt; mso-ansi-language: it; mso-bidi-language: ar-sa\"><font color=\"#000000\"><span style=\"font-family: arial; font-size: 11pt\"><span style=\"font-family: arial; font-size: 10pt; mso-bidi-font-size: 11.0pt\"><span style=\"font-family: arial; font-size: 11pt\"><span style=\"font-family: arial; font-size: 11pt\"><o:p>&nbsp;<\/o:p><\/span><u><span style=\"font-family: arial; font-size: 11pt\">ore 20.00 &ndash; Teatro Ristori<o:p><\/o:p><\/span><\/u><\/span><\/span><\/span><\/font><\/span><\/p>\n<p class=\"MsoNormal\" style=\"text-align: justify; margin: 0cm 0cm 0pt\"><span style=\"line-height: 115%; font-family: 'arial narrow'; font-size: 13pt; mso-fareast-font-family: calibri; mso-bidi-font-family: 'times new roman'; mso-fareast-language: ar-sa; mso-bidi-font-size: 14.0pt; mso-ansi-language: it; mso-bidi-language: ar-sa\"><font color=\"#000000\"><span style=\"font-family: arial; font-size: 11pt\"><span style=\"font-family: arial; font-size: 10pt; mso-bidi-font-size: 11.0pt\"><span style=\"font-family: arial; font-size: 11pt\"><b><span style=\"font-family: arial; font-size: 11pt\">GUERRA <o:p><\/o:p><\/span><\/b><\/span><\/span><\/span><\/font><\/span><\/p>\n<p class=\"MsoNormal\" style=\"text-align: justify; margin: 0cm 0cm 0pt\"><span style=\"line-height: 115%; font-family: 'arial narrow'; font-size: 13pt; mso-fareast-font-family: calibri; mso-bidi-font-family: 'times new roman'; mso-fareast-language: ar-sa; mso-bidi-font-size: 14.0pt; mso-ansi-language: it; mso-bidi-language: ar-sa\"><font color=\"#000000\"><span style=\"font-family: arial; font-size: 11pt\"><span style=\"font-family: arial; font-size: 10pt; mso-bidi-font-size: 11.0pt\"><span style=\"font-family: arial; font-size: 11pt\"><span style=\"font-family: arial; font-size: 11pt\">di Lars Nor&eacute;n <o:p><\/o:p><\/span><\/span><\/span><\/span><\/font><\/span><\/p>\n<p class=\"MsoNormal\" style=\"text-align: justify; margin: 0cm 0cm 0pt\"><span style=\"line-height: 115%; font-family: 'arial narrow'; font-size: 13pt; mso-fareast-font-family: calibri; mso-bidi-font-family: 'times new roman'; mso-fareast-language: ar-sa; mso-bidi-font-size: 14.0pt; mso-ansi-language: it; mso-bidi-language: ar-sa\"><font color=\"#000000\"><span style=\"font-family: arial; font-size: 11pt\"><span style=\"font-family: arial; font-size: 10pt; mso-bidi-font-size: 11.0pt\"><span style=\"font-family: arial; font-size: 11pt\"><span style=\"font-family: arial; font-size: 11pt\">regia Marinella Anaclerio <o:p><\/o:p><\/span><\/span><\/span><\/span><\/font><\/span><\/p>\n<p class=\"MsoNormal\" style=\"text-align: justify; margin: 0cm 0cm 0pt\"><span style=\"line-height: 115%; font-family: 'arial narrow'; font-size: 13pt; mso-fareast-font-family: calibri; mso-bidi-font-family: 'times new roman'; mso-fareast-language: ar-sa; mso-bidi-font-size: 14.0pt; mso-ansi-language: it; mso-bidi-language: ar-sa\"><font color=\"#000000\"><span style=\"font-family: arial; font-size: 11pt\"><span style=\"font-family: arial; font-size: 10pt; mso-bidi-font-size: 11.0pt\"><span style=\"font-family: arial; font-size: 11pt\"><span style=\"font-family: arial; font-size: 11pt\">scene Pino Pipoli<o:p><\/o:p><\/span><\/span><\/span><\/span><\/font><\/span><\/p>\n<p class=\"MsoNormal\" style=\"text-align: justify; margin: 0cm 0cm 0pt\"><span style=\"line-height: 115%; font-family: 'arial narrow'; font-size: 13pt; mso-fareast-font-family: calibri; mso-bidi-font-family: 'times new roman'; mso-fareast-language: ar-sa; mso-bidi-font-size: 14.0pt; mso-ansi-language: it; mso-bidi-language: ar-sa\"><font color=\"#000000\"><span style=\"font-family: arial; font-size: 11pt\"><span style=\"font-family: arial; font-size: 10pt; mso-bidi-font-size: 11.0pt\"><span style=\"font-family: arial; font-size: 11pt\"><span style=\"font-family: arial; font-size: 11pt\">con Anna Bonaiuto e Manrico Gammarota <o:p><\/o:p><\/span><\/span><\/span><\/span><\/font><\/span><\/p>\n<p class=\"MsoNormal\" style=\"text-align: justify; margin: 0cm 0cm 0pt\"><span style=\"line-height: 115%; font-family: 'arial narrow'; font-size: 13pt; mso-fareast-font-family: calibri; mso-bidi-font-family: 'times new roman'; mso-fareast-language: ar-sa; mso-bidi-font-size: 14.0pt; mso-ansi-language: it; mso-bidi-language: ar-sa\"><font color=\"#000000\"><span style=\"font-family: arial; font-size: 11pt\"><span style=\"font-family: arial; font-size: 10pt; mso-bidi-font-size: 11.0pt\"><span style=\"font-family: arial; font-size: 11pt\"><span style=\"font-family: arial; font-size: 11pt\">e con Pietro Faiella, Cristina Spina, Ornella Lorenzano<o:p><\/o:p><\/span><\/span><\/span><\/span><\/font><\/span><\/p>\n<p class=\"MsoNormal\" style=\"text-align: justify; margin: 0cm 0cm 0pt\"><span style=\"line-height: 115%; font-family: 'arial narrow'; font-size: 13pt; mso-fareast-font-family: calibri; mso-bidi-font-family: 'times new roman'; mso-fareast-language: ar-sa; mso-bidi-font-size: 14.0pt; mso-ansi-language: it; mso-bidi-language: ar-sa\"><font color=\"#000000\"><span style=\"font-family: arial; font-size: 11pt\"><span style=\"font-family: arial; font-size: 10pt; mso-bidi-font-size: 11.0pt\"><span style=\"font-family: arial; font-size: 11pt\"><span style=\"font-family: arial; font-size: 11pt\">produzione Compagnia del Sole &#8211; Panart &#8211; Diaghilev<o:p><\/o:p><\/span><\/span><\/span><\/span><\/font><\/span><\/p>\n<p class=\"MsoNormal\" style=\"text-align: justify; margin: 0cm 0cm 0pt\"><span style=\"line-height: 115%; font-family: 'arial narrow'; font-size: 13pt; mso-fareast-font-family: calibri; mso-bidi-font-family: 'times new roman'; mso-fareast-language: ar-sa; mso-bidi-font-size: 14.0pt; mso-ansi-language: it; mso-bidi-language: ar-sa\"><font color=\"#000000\"><span style=\"font-family: arial; font-size: 11pt\"><span style=\"font-family: arial; font-size: 10pt; mso-bidi-font-size: 11.0pt\"><span style=\"font-family: arial; font-size: 11pt\"><span style=\"font-family: arial; font-size: 11pt\">con il sostegno del Comune di Bari<o:p><\/o:p><\/span><\/span><\/span><\/span><\/font><\/span><\/p>\n<p class=\"MsoNormal\" style=\"text-align: justify; margin: 0cm 0cm 0pt\"><span style=\"line-height: 115%; font-family: 'arial narrow'; font-size: 13pt; mso-fareast-font-family: calibri; mso-bidi-font-family: 'times new roman'; mso-fareast-language: ar-sa; mso-bidi-font-size: 14.0pt; mso-ansi-language: it; mso-bidi-language: ar-sa\"><font color=\"#000000\"><span style=\"font-family: arial; font-size: 11pt\"><span style=\"font-family: arial; font-size: 10pt; mso-bidi-font-size: 11.0pt\"><span style=\"font-family: arial; font-size: 11pt\"><span style=\"font-family: arial; font-size: 11pt\">PROSA<o:p><\/o:p><\/span><\/span><\/span><\/span><\/font><\/span><\/p>\n<p class=\"MsoNormal\" style=\"text-align: justify; margin: 0cm 0cm 0pt; mso-layout-grid-align: none\"><span style=\"line-height: 115%; font-family: 'arial narrow'; font-size: 13pt; mso-fareast-font-family: calibri; mso-bidi-font-family: 'times new roman'; mso-fareast-language: ar-sa; mso-bidi-font-size: 14.0pt; mso-ansi-language: it; mso-bidi-language: ar-sa\"><font color=\"#000000\"><span style=\"font-family: arial; font-size: 11pt\"><span style=\"font-family: arial; font-size: 10pt; mso-bidi-font-size: 11.0pt\"><span style=\"font-family: arial; font-size: 11pt\"><span style=\"font-family: arial; font-size: 10pt; mso-bidi-font-size: 11.0pt\"><o:p><\/o:p><\/span>&nbsp;<\/span><\/span><\/span><\/font><\/span><\/p>\n<p class=\"MsoNormal\" style=\"text-align: justify; margin: 0cm 0cm 0pt\"><span style=\"line-height: 115%; font-family: 'arial narrow'; font-size: 13pt; mso-fareast-font-family: calibri; mso-bidi-font-family: 'times new roman'; mso-fareast-language: ar-sa; mso-bidi-font-size: 14.0pt; mso-ansi-language: it; mso-bidi-language: ar-sa\"><font color=\"#000000\"><span style=\"font-family: arial; font-size: 11pt\"><span style=\"font-family: arial; font-size: 10pt; mso-bidi-font-size: 11.0pt\"><span style=\"font-family: arial; font-size: 11pt\"><span style=\"font-family: arial; font-size: 11pt\"><o:p><span style=\"text-decoration: none\"><span style=\"font-family: arial; font-size: 11pt\"><u>ore 22.15 &ndash; Piazza Duomo<o:p><\/o:p><\/u><\/span><\/span><\/o:p><\/span><\/span><\/span><\/span><\/font><\/span><\/p>\n<p>\t\t<o:p><\/p>\n<p class=\"MsoNormal\" style=\"text-align: justify; margin: 0cm 0cm 0pt\"><span style=\"line-height: 115%; font-family: 'arial narrow'; font-size: 13pt; mso-fareast-font-family: calibri; mso-bidi-font-family: 'times new roman'; mso-fareast-language: ar-sa; mso-bidi-font-size: 14.0pt; mso-ansi-language: it; mso-bidi-language: ar-sa\"><font color=\"#000000\"><span style=\"font-family: arial; font-size: 11pt\"><span style=\"font-family: arial; font-size: 10pt; mso-bidi-font-size: 11.0pt\"><span style=\"font-family: arial; font-size: 11pt\"><span style=\"font-family: arial; font-size: 11pt\"><span style=\"text-decoration: none\"><b><span style=\"font-family: arial; font-size: 11pt\">GIOCHI DI FAMIGLIA<o:p><\/o:p><\/span><\/b><\/span><\/span><\/span><\/span><\/span><\/font><\/span><\/p>\n<p class=\"MsoNormal\" style=\"text-align: justify; margin: 0cm 0cm 0pt\"><span style=\"line-height: 115%; font-family: 'arial narrow'; font-size: 13pt; mso-fareast-font-family: calibri; mso-bidi-font-family: 'times new roman'; mso-fareast-language: ar-sa; mso-bidi-font-size: 14.0pt; mso-ansi-language: it; mso-bidi-language: ar-sa\"><font color=\"#000000\"><span style=\"font-family: arial; font-size: 11pt\"><span style=\"font-family: arial; font-size: 10pt; mso-bidi-font-size: 11.0pt\"><span style=\"font-family: arial; font-size: 11pt\"><span style=\"font-family: arial; font-size: 11pt\"><span style=\"text-decoration: none\"><b><span style=\"font-family: arial; font-size: 11pt\">Trilogia di Belgrado Parte I<o:p><\/o:p><\/span><\/b><\/span><\/span><\/span><\/span><\/span><\/font><\/span><\/p>\n<p class=\"MsoNormal\" style=\"text-align: justify; margin: 0cm 0cm 0pt\"><span style=\"line-height: 115%; font-family: 'arial narrow'; font-size: 13pt; mso-fareast-font-family: calibri; mso-bidi-font-family: 'times new roman'; mso-fareast-language: ar-sa; mso-bidi-font-size: 14.0pt; mso-ansi-language: it; mso-bidi-language: ar-sa\"><font color=\"#000000\"><span style=\"font-family: arial; font-size: 11pt\"><span style=\"font-family: arial; font-size: 10pt; mso-bidi-font-size: 11.0pt\"><span style=\"font-family: arial; font-size: 11pt\"><span style=\"font-family: arial; font-size: 11pt\"><span style=\"text-decoration: none\"><span style=\"font-family: arial; font-size: 11pt\">di Biljana Srbljanovi\u0107<o:p><\/o:p><\/span><\/span><\/span><\/span><\/span><\/span><\/font><\/span><\/p>\n<p class=\"MsoNormal\" style=\"text-align: justify; margin: 0cm 0cm 0pt\"><span style=\"line-height: 115%; font-family: 'arial narrow'; font-size: 13pt; mso-fareast-font-family: calibri; mso-bidi-font-family: 'times new roman'; mso-fareast-language: ar-sa; mso-bidi-font-size: 14.0pt; mso-ansi-language: it; mso-bidi-language: ar-sa\"><font color=\"#000000\"><span style=\"font-family: arial; font-size: 11pt\"><span style=\"font-family: arial; font-size: 10pt; mso-bidi-font-size: 11.0pt\"><span style=\"font-family: arial; font-size: 11pt\"><span style=\"font-family: arial; font-size: 11pt\"><span style=\"text-decoration: none\"><span style=\"font-family: arial; font-size: 11pt\">regia Paolo Magelli<o:p><\/o:p><\/span><\/span><\/span><\/span><\/span><\/span><\/font><\/span><\/p>\n<p class=\"MsoNormal\" style=\"text-align: justify; margin: 0cm 0cm 0pt\"><span style=\"line-height: 115%; font-family: 'arial narrow'; font-size: 13pt; mso-fareast-font-family: calibri; mso-bidi-font-family: 'times new roman'; mso-fareast-language: ar-sa; mso-bidi-font-size: 14.0pt; mso-ansi-language: it; mso-bidi-language: ar-sa\"><font color=\"#000000\"><span style=\"font-family: arial; font-size: 11pt\"><span style=\"font-family: arial; font-size: 10pt; mso-bidi-font-size: 11.0pt\"><span style=\"font-family: arial; font-size: 11pt\"><span style=\"font-family: arial; font-size: 11pt\"><span style=\"text-decoration: none\"><span style=\"font-family: arial; font-size: 11pt\">scene Lorenzo Banci<o:p><\/o:p><\/span><\/span><\/span><\/span><\/span><\/span><\/font><\/span><\/p>\n<p class=\"MsoNormal\" style=\"text-align: justify; margin: 0cm 0cm 0pt\"><span style=\"line-height: 115%; font-family: 'arial narrow'; font-size: 13pt; mso-fareast-font-family: calibri; mso-bidi-font-family: 'times new roman'; mso-fareast-language: ar-sa; mso-bidi-font-size: 14.0pt; mso-ansi-language: it; mso-bidi-language: ar-sa\"><font color=\"#000000\"><span style=\"font-family: arial; font-size: 11pt\"><span style=\"font-family: arial; font-size: 10pt; mso-bidi-font-size: 11.0pt\"><span style=\"font-family: arial; font-size: 11pt\"><span style=\"font-family: arial; font-size: 11pt\"><span style=\"text-decoration: none\"><span style=\"font-family: arial; font-size: 11pt\">musiche Arturo Annecchino<o:p><\/o:p><\/span><\/span><\/span><\/span><\/span><\/span><\/font><\/span><\/p>\n<p class=\"MsoNormal\" style=\"text-align: justify; margin: 0cm 0cm 0pt\"><span style=\"line-height: 115%; font-family: 'arial narrow'; font-size: 13pt; mso-fareast-font-family: calibri; mso-bidi-font-family: 'times new roman'; mso-fareast-language: ar-sa; mso-bidi-font-size: 14.0pt; mso-ansi-language: it; mso-bidi-language: ar-sa\"><font color=\"#000000\"><span style=\"font-family: arial; font-size: 11pt\"><span style=\"font-family: arial; font-size: 10pt; mso-bidi-font-size: 11.0pt\"><span style=\"font-family: arial; font-size: 11pt\"><span style=\"font-family: arial; font-size: 11pt\"><span style=\"text-decoration: none\"><span style=\"font-family: arial; font-size: 11pt\">con Valentina Banci, Mauro Malinverno, Francesco Borchi, Elisa Cecilia Langone, Fabio Mascagni,<o:p><\/o:p><\/span><\/span><\/span><\/span><\/span><\/span><\/font><\/span><\/p>\n<p class=\"MsoNormal\" style=\"text-align: justify; margin: 0cm 0cm 0pt\"><span style=\"line-height: 115%; font-family: 'arial narrow'; font-size: 13pt; mso-fareast-font-family: calibri; mso-bidi-font-family: 'times new roman'; mso-fareast-language: ar-sa; mso-bidi-font-size: 14.0pt; mso-ansi-language: it; mso-bidi-language: ar-sa\"><font color=\"#000000\"><span style=\"font-family: arial; font-size: 11pt\"><span style=\"font-family: arial; font-size: 10pt; mso-bidi-font-size: 11.0pt\"><span style=\"font-family: arial; font-size: 11pt\"><span style=\"font-family: arial; font-size: 11pt\"><span style=\"text-decoration: none\"><span style=\"font-family: arial; font-size: 11pt\">produzione Teatro Metastasio Stabile della Toscana<o:p><\/o:p><\/span><\/span><\/span><\/span><\/span><\/span><\/font><\/span><\/p>\n<p class=\"MsoNormal\" style=\"text-align: justify; margin: 0cm 0cm 0pt\"><span style=\"line-height: 115%; font-family: 'arial narrow'; font-size: 13pt; mso-fareast-font-family: calibri; mso-bidi-font-family: 'times new roman'; mso-fareast-language: ar-sa; mso-bidi-font-size: 14.0pt; mso-ansi-language: it; mso-bidi-language: ar-sa\"><font color=\"#000000\"><span style=\"font-family: arial; font-size: 11pt\"><span style=\"font-family: arial; font-size: 10pt; mso-bidi-font-size: 11.0pt\"><span style=\"font-family: arial; font-size: 11pt\"><span style=\"font-family: arial; font-size: 11pt\"><span style=\"text-decoration: none\"><span style=\"font-family: arial; font-size: 11pt\">PROSA<o:p><\/o:p><\/span><\/span><\/span><\/span><\/span><\/span><\/font><\/span><\/p>\n<p class=\"MsoNormal\" style=\"text-align: justify; margin: 0cm 0cm 0pt\"><span style=\"line-height: 115%; font-family: 'arial narrow'; font-size: 13pt; mso-fareast-font-family: calibri; mso-bidi-font-family: 'times new roman'; mso-fareast-language: ar-sa; mso-bidi-font-size: 14.0pt; mso-ansi-language: it; mso-bidi-language: ar-sa\"><font color=\"#000000\"><span style=\"font-family: arial; font-size: 11pt\"><span style=\"font-family: arial; font-size: 10pt; mso-bidi-font-size: 11.0pt\"><span style=\"font-family: arial; font-size: 11pt\"><span style=\"font-family: arial; font-size: 11pt\"><span style=\"text-decoration: none\"><span style=\"font-family: arial; font-size: 11pt\"><o:p>&nbsp;<\/o:p><\/span><\/span><\/span><\/span><\/span><\/span><\/font><\/span><\/p>\n<p class=\"MsoNormal\" style=\"text-align: justify; margin: 0cm 0cm 0pt\"><span style=\"line-height: 115%; font-family: 'arial narrow'; font-size: 13pt; mso-fareast-font-family: calibri; mso-bidi-font-family: 'times new roman'; mso-fareast-language: ar-sa; mso-bidi-font-size: 14.0pt; mso-ansi-language: it; mso-bidi-language: ar-sa\"><font color=\"#000000\"><span style=\"font-family: arial; font-size: 11pt\"><span style=\"font-family: arial; font-size: 10pt; mso-bidi-font-size: 11.0pt\"><span style=\"font-family: arial; font-size: 11pt\"><span style=\"font-family: arial; font-size: 11pt\"><span style=\"text-decoration: none\"><span style=\"font-family: arial; font-size: 11pt\"><o:p><\/o:p><\/span><b><span style=\"font-family: arial; font-size: 11pt\">GIOVED&Iacute; 21 LUGLIO<o:p><\/o:p><\/span><\/b><\/span><\/span><\/span><\/span><\/span><\/font><\/span><\/p>\n<p class=\"MsoNormal\" style=\"text-align: justify; margin: 0cm 0cm 0pt\"><span style=\"line-height: 115%; font-family: 'arial narrow'; font-size: 13pt; mso-fareast-font-family: calibri; mso-bidi-font-family: 'times new roman'; mso-fareast-language: ar-sa; mso-bidi-font-size: 14.0pt; mso-ansi-language: it; mso-bidi-language: ar-sa\"><font color=\"#000000\"><span style=\"font-family: arial; font-size: 11pt\"><span style=\"font-family: arial; font-size: 10pt; mso-bidi-font-size: 11.0pt\"><span style=\"font-family: arial; font-size: 11pt\"><span style=\"font-family: arial; font-size: 11pt\"><span style=\"text-decoration: none\"><span style=\"font-family: arial; font-size: 11pt\"><o:p>&nbsp;<\/o:p><\/span><span style=\"font-family: arial; font-size: 11pt\"><u>ore 20.30 &ndash; Teatro Ristori<o:p><\/o:p><\/u><\/span><\/span><\/span><\/span><\/span><\/span><\/font><\/span><\/p>\n<p class=\"MsoNormal\" style=\"text-align: justify; margin: 0cm 0cm 0pt\"><span style=\"line-height: 115%; font-family: 'arial narrow'; font-size: 13pt; mso-fareast-font-family: calibri; mso-bidi-font-family: 'times new roman'; mso-fareast-language: ar-sa; mso-bidi-font-size: 14.0pt; mso-ansi-language: it; mso-bidi-language: ar-sa\"><font color=\"#000000\"><span style=\"font-family: arial; font-size: 11pt\"><span style=\"font-family: arial; font-size: 10pt; mso-bidi-font-size: 11.0pt\"><span style=\"font-family: arial; font-size: 11pt\"><span style=\"font-family: arial; font-size: 11pt\"><span style=\"text-decoration: none\"><b><span style=\"font-family: arial; font-size: 11pt\">VERKL&Auml;RTE NACHT \/ NOTTE TRASFIGURATA <o:p><\/o:p><\/span><\/b><\/span><\/span><\/span><\/span><\/span><\/font><\/span><\/p>\n<p class=\"MsoNormal\" style=\"text-align: justify; margin: 0cm 0cm 0pt\"><span style=\"line-height: 115%; font-family: 'arial narrow'; font-size: 13pt; mso-fareast-font-family: calibri; mso-bidi-font-family: 'times new roman'; mso-fareast-language: ar-sa; mso-bidi-font-size: 14.0pt; mso-ansi-language: it; mso-bidi-language: ar-sa\"><font color=\"#000000\"><span style=\"font-family: arial; font-size: 11pt\"><span style=\"font-family: arial; font-size: 10pt; mso-bidi-font-size: 11.0pt\"><span style=\"font-family: arial; font-size: 11pt\"><span style=\"font-family: arial; font-size: 11pt\"><span style=\"text-decoration: none\"><b><span style=\"font-family: arial; font-size: 11pt\">Mario Brunello &amp; Marco Paolini <o:p><\/o:p><\/span><\/b><\/span><\/span><\/span><\/span><\/span><\/font><\/span><\/p>\n<p class=\"MsoNormal\" style=\"text-align: justify; margin: 0cm 0cm 0pt\"><span style=\"line-height: 115%; font-family: 'arial narrow'; font-size: 13pt; mso-fareast-font-family: calibri; mso-bidi-font-family: 'times new roman'; mso-fareast-language: ar-sa; mso-bidi-font-size: 14.0pt; mso-ansi-language: it; mso-bidi-language: ar-sa\"><font color=\"#000000\"><span style=\"font-family: arial; font-size: 11pt\"><span style=\"font-family: arial; font-size: 10pt; mso-bidi-font-size: 11.0pt\"><span style=\"font-family: arial; font-size: 11pt\"><span style=\"font-family: arial; font-size: 11pt\"><span style=\"text-decoration: none\"><span style=\"font-family: arial; font-size: 11pt\">da un&rsquo;idea di Mario Brunello<o:p><\/o:p><\/span><\/span><\/span><\/span><\/span><\/span><\/font><\/span><\/p>\n<p class=\"MsoNormal\" style=\"text-align: justify; margin: 0cm 0cm 0pt\"><span style=\"line-height: 115%; font-family: 'arial narrow'; font-size: 13pt; mso-fareast-font-family: calibri; mso-bidi-font-family: 'times new roman'; mso-fareast-language: ar-sa; mso-bidi-font-size: 14.0pt; mso-ansi-language: it; mso-bidi-language: ar-sa\"><font color=\"#000000\"><span style=\"font-family: arial; font-size: 11pt\"><span style=\"font-family: arial; font-size: 10pt; mso-bidi-font-size: 11.0pt\"><span style=\"font-family: arial; font-size: 11pt\"><span style=\"font-family: arial; font-size: 11pt\"><span style=\"text-decoration: none\"><span style=\"font-family: arial; font-size: 11pt\">musiche di Arnold Sch&ouml;nberg e Ludwig van Beethoven<o:p><\/o:p><\/span><\/span><\/span><\/span><\/span><\/span><\/font><\/span><\/p>\n<p class=\"MsoNormal\" style=\"text-align: justify; margin: 0cm 0cm 0pt\"><span style=\"line-height: 115%; font-family: 'arial narrow'; font-size: 13pt; mso-fareast-font-family: calibri; mso-bidi-font-family: 'times new roman'; mso-fareast-language: ar-sa; mso-bidi-font-size: 14.0pt; mso-ansi-language: it; mso-bidi-language: ar-sa\"><font color=\"#000000\"><span style=\"font-family: arial; font-size: 11pt\"><span style=\"font-family: arial; font-size: 10pt; mso-bidi-font-size: 11.0pt\"><span style=\"font-family: arial; font-size: 11pt\"><span style=\"font-family: arial; font-size: 11pt\"><span style=\"text-decoration: none\"><span style=\"font-family: arial; font-size: 11pt\">Marco Paolini, voce recitante<o:p><\/o:p><\/span><\/span><\/span><\/span><\/span><\/span><\/font><\/span><\/p>\n<p class=\"MsoNormal\" style=\"text-align: justify; margin: 0cm 0cm 0pt\"><span style=\"line-height: 115%; font-family: 'arial narrow'; font-size: 13pt; mso-fareast-font-family: calibri; mso-bidi-font-family: 'times new roman'; mso-fareast-language: ar-sa; mso-bidi-font-size: 14.0pt; mso-ansi-language: it; mso-bidi-language: ar-sa\"><font color=\"#000000\"><span style=\"font-family: arial; font-size: 11pt\"><span style=\"font-family: arial; font-size: 10pt; mso-bidi-font-size: 11.0pt\"><span style=\"font-family: arial; font-size: 11pt\"><span style=\"font-family: arial; font-size: 11pt\"><span style=\"text-decoration: none\"><span style=\"font-family: arial; font-size: 11pt\">Mario Brunello, violoncello <o:p><\/o:p><\/span><\/span><\/span><\/span><\/span><\/span><\/font><\/span><\/p>\n<p class=\"MsoNormal\" style=\"text-align: justify; margin: 0cm 0cm 0pt\"><span style=\"line-height: 115%; font-family: 'arial narrow'; font-size: 13pt; mso-fareast-font-family: calibri; mso-bidi-font-family: 'times new roman'; mso-fareast-language: ar-sa; mso-bidi-font-size: 14.0pt; mso-ansi-language: it; mso-bidi-language: ar-sa\"><font color=\"#000000\"><span style=\"font-family: arial; font-size: 11pt\"><span style=\"font-family: arial; font-size: 10pt; mso-bidi-font-size: 11.0pt\"><span style=\"font-family: arial; font-size: 11pt\"><span style=\"font-family: arial; font-size: 11pt\"><span style=\"text-decoration: none\"><span style=\"font-family: arial; font-size: 11pt\">Marco Rizzi, violino; Andrea Lucchesini, pianoforte<o:p><\/o:p><\/span><\/span><\/span><\/span><\/span><\/span><\/font><\/span><\/p>\n<p class=\"MsoNormal\" style=\"text-align: justify; margin: 0cm 0cm 0pt\"><span style=\"line-height: 115%; font-family: 'arial narrow'; font-size: 13pt; mso-fareast-font-family: calibri; mso-bidi-font-family: 'times new roman'; mso-fareast-language: ar-sa; mso-bidi-font-size: 14.0pt; mso-ansi-language: it; mso-bidi-language: ar-sa\"><font color=\"#000000\"><span style=\"font-family: arial; font-size: 11pt\"><span style=\"font-family: arial; font-size: 10pt; mso-bidi-font-size: 11.0pt\"><span style=\"font-family: arial; font-size: 11pt\"><span style=\"font-family: arial; font-size: 11pt\"><span style=\"text-decoration: none\"><span style=\"font-family: arial; font-size: 11pt\">produzione Antiruggine <o:p><\/o:p><\/span><\/span><\/span><\/span><\/span><\/span><\/font><\/span><\/p>\n<p class=\"MsoNormal\" style=\"text-align: justify; margin: 0cm 0cm 0pt\"><span style=\"line-height: 115%; font-family: 'arial narrow'; font-size: 13pt; mso-fareast-font-family: calibri; mso-bidi-font-family: 'times new roman'; mso-fareast-language: ar-sa; mso-bidi-font-size: 14.0pt; mso-ansi-language: it; mso-bidi-language: ar-sa\"><font color=\"#000000\"><span style=\"font-family: arial; font-size: 11pt\"><span style=\"font-family: arial; font-size: 10pt; mso-bidi-font-size: 11.0pt\"><span style=\"font-family: arial; font-size: 11pt\"><span style=\"font-family: arial; font-size: 11pt\"><span style=\"text-decoration: none\"><span style=\"font-family: arial; font-size: 11pt\">MUSICA<o:p><\/o:p><\/span><\/span><\/span><\/span><\/span><\/span><\/font><\/span><\/p>\n<p class=\"MsoNormal\" style=\"text-align: justify; margin: 0cm 0cm 0pt\"><span style=\"line-height: 115%; font-family: 'arial narrow'; font-size: 13pt; mso-fareast-font-family: calibri; mso-bidi-font-family: 'times new roman'; mso-fareast-language: ar-sa; mso-bidi-font-size: 14.0pt; mso-ansi-language: it; mso-bidi-language: ar-sa\"><font color=\"#000000\"><span style=\"font-family: arial; font-size: 11pt\"><span style=\"font-family: arial; font-size: 10pt; mso-bidi-font-size: 11.0pt\"><span style=\"font-family: arial; font-size: 11pt\"><span style=\"font-family: arial; font-size: 11pt\"><span style=\"text-decoration: none\"><span style=\"font-family: arial; font-size: 10pt; mso-bidi-font-size: 11.0pt\"><o:p><\/o:p><\/span>&nbsp;<\/span><\/span><\/span><\/span><\/span><\/font><\/span><\/p>\n<p class=\"MsoNormal\" style=\"text-align: justify; margin: 0cm 0cm 0pt\"><span style=\"line-height: 115%; font-family: 'arial narrow'; font-size: 13pt; mso-fareast-font-family: calibri; mso-bidi-font-family: 'times new roman'; mso-fareast-language: ar-sa; mso-bidi-font-size: 14.0pt; mso-ansi-language: it; mso-bidi-language: ar-sa\"><font color=\"#000000\"><span style=\"font-family: arial; font-size: 11pt\"><span style=\"font-family: arial; font-size: 10pt; mso-bidi-font-size: 11.0pt\"><span style=\"font-family: arial; font-size: 11pt\"><span style=\"font-family: arial; font-size: 11pt\"><span style=\"text-decoration: none\"><span style=\"font-family: arial; font-size: 11pt\"><o:p>&nbsp;<\/o:p><\/span><span style=\"font-family: arial; font-size: 11pt\"><u>22.15 &ndash; Chiesa Santa Maria dei Battuti<o:p><\/o:p><\/u><\/span><\/span><\/span><\/span><\/span><\/span><\/font><\/span><\/p>\n<p class=\"MsoNormal\" style=\"text-align: justify; margin: 0cm 0cm 0pt\"><span style=\"line-height: 115%; font-family: 'arial narrow'; font-size: 13pt; mso-fareast-font-family: calibri; mso-bidi-font-family: 'times new roman'; mso-fareast-language: ar-sa; mso-bidi-font-size: 14.0pt; mso-ansi-language: it; mso-bidi-language: ar-sa\"><font color=\"#000000\"><span style=\"font-family: arial; font-size: 11pt\"><span style=\"font-family: arial; font-size: 10pt; mso-bidi-font-size: 11.0pt\"><span style=\"font-family: arial; font-size: 11pt\"><span style=\"font-family: arial; font-size: 11pt\"><span style=\"text-decoration: none\"><b><span style=\"font-family: arial; font-size: 11pt\">PASTO A DUE<o:p><\/o:p><\/span><\/b><\/span><\/span><\/span><\/span><\/span><\/font><\/span><\/p>\n<p class=\"MsoNormal\" style=\"text-align: justify; margin: 0cm 0cm 0pt\"><span style=\"line-height: 115%; font-family: 'arial narrow'; font-size: 13pt; mso-fareast-font-family: calibri; mso-bidi-font-family: 'times new roman'; mso-fareast-language: ar-sa; mso-bidi-font-size: 14.0pt; mso-ansi-language: it; mso-bidi-language: ar-sa\"><font color=\"#000000\"><span style=\"font-family: arial; font-size: 11pt\"><span style=\"font-family: arial; font-size: 10pt; mso-bidi-font-size: 11.0pt\"><span style=\"font-family: arial; font-size: 11pt\"><span style=\"font-family: arial; font-size: 11pt\"><span style=\"text-decoration: none\"><span style=\"font-family: arial; font-size: 11pt\">coreografia Stefano Mazzotta e Emanuele Sciannamea<o:p><\/o:p><\/span><\/span><\/span><\/span><\/span><\/span><\/font><\/span><\/p>\n<p class=\"MsoNormal\" style=\"text-align: justify; margin: 0cm 0cm 0pt\"><span style=\"line-height: 115%; font-family: 'arial narrow'; font-size: 13pt; mso-fareast-font-family: calibri; mso-bidi-font-family: 'times new roman'; mso-fareast-language: ar-sa; mso-bidi-font-size: 14.0pt; mso-ansi-language: it; mso-bidi-language: ar-sa\"><font color=\"#000000\"><span style=\"font-family: arial; font-size: 11pt\"><span style=\"font-family: arial; font-size: 10pt; mso-bidi-font-size: 11.0pt\"><span style=\"font-family: arial; font-size: 11pt\"><span style=\"font-family: arial; font-size: 11pt\"><span style=\"text-decoration: none\"><span style=\"font-family: arial; font-size: 11pt\">consulenza drammaturgica Fabio Chiriatti<o:p><\/o:p><\/span><\/span><\/span><\/span><\/span><\/span><\/font><\/span><\/p>\n<p class=\"MsoNormal\" style=\"text-align: justify; margin: 0cm 0cm 0pt\"><span style=\"line-height: 115%; font-family: 'arial narrow'; font-size: 13pt; mso-fareast-font-family: calibri; mso-bidi-font-family: 'times new roman'; mso-fareast-language: ar-sa; mso-bidi-font-size: 14.0pt; mso-ansi-language: it; mso-bidi-language: ar-sa\"><font color=\"#000000\"><span style=\"font-family: arial; font-size: 11pt\"><span style=\"font-family: arial; font-size: 10pt; mso-bidi-font-size: 11.0pt\"><span style=\"font-family: arial; font-size: 11pt\"><span style=\"font-family: arial; font-size: 11pt\"><span style=\"text-decoration: none\"><span style=\"font-family: arial; font-size: 11pt\">coproduzione Cie.Zerogrammi e Fondazione Teatro Piemonte Europa &#8211; Festival Teatro a Corte <o:p><\/o:p><\/span><\/span><\/span><\/span><\/span><\/span><\/font><\/span><\/p>\n<p class=\"MsoNormal\" style=\"text-align: justify; margin: 0cm 0cm 0pt\"><span style=\"line-height: 115%; font-family: 'arial narrow'; font-size: 13pt; mso-fareast-font-family: calibri; mso-bidi-font-family: 'times new roman'; mso-fareast-language: ar-sa; mso-bidi-font-size: 14.0pt; mso-ansi-language: it; mso-bidi-language: ar-sa\"><font color=\"#000000\"><span style=\"font-family: arial; font-size: 11pt\"><span style=\"font-family: arial; font-size: 10pt; mso-bidi-font-size: 11.0pt\"><span style=\"font-family: arial; font-size: 11pt\"><span style=\"font-family: arial; font-size: 11pt\"><span style=\"text-decoration: none\"><span style=\"font-family: arial; font-size: 11pt\">DANZA<o:p><\/o:p><\/span><\/span><\/span><\/span><\/span><\/span><\/font><\/span><\/p>\n<p class=\"MsoNormal\" style=\"text-align: justify; margin: 0cm 0cm 0pt\"><span style=\"line-height: 115%; font-family: 'arial narrow'; font-size: 13pt; mso-fareast-font-family: calibri; mso-bidi-font-family: 'times new roman'; mso-fareast-language: ar-sa; mso-bidi-font-size: 14.0pt; mso-ansi-language: it; mso-bidi-language: ar-sa\"><font color=\"#000000\"><span style=\"font-family: arial; font-size: 11pt\"><span style=\"font-family: arial; font-size: 10pt; mso-bidi-font-size: 11.0pt\"><span style=\"font-family: arial; font-size: 11pt\"><span style=\"font-family: arial; font-size: 11pt\"><span style=\"text-decoration: none\"><span style=\"font-family: arial; font-size: 11pt\"><o:p>&nbsp;<\/o:p><\/span><\/span><\/span><\/span><\/span><\/span><\/font><\/span><\/p>\n<p class=\"MsoNormal\" style=\"text-align: justify; margin: 0cm 0cm 0pt\"><span style=\"line-height: 115%; font-family: 'arial narrow'; font-size: 13pt; mso-fareast-font-family: calibri; mso-bidi-font-family: 'times new roman'; mso-fareast-language: ar-sa; mso-bidi-font-size: 14.0pt; mso-ansi-language: it; mso-bidi-language: ar-sa\"><font color=\"#000000\"><span style=\"font-family: arial; font-size: 11pt\"><span style=\"font-family: arial; font-size: 10pt; mso-bidi-font-size: 11.0pt\"><span style=\"font-family: arial; font-size: 11pt\"><span style=\"font-family: arial; font-size: 11pt\"><span style=\"text-decoration: none\"><b><span style=\"font-family: arial; font-size: 11pt\">VENERD&Iacute; 22 LUGLIO<o:p><\/o:p><\/span><\/b><\/span><\/span><\/span><\/span><\/span><\/font><\/span><\/p>\n<p class=\"MsoNormal\" style=\"text-align: justify; margin: 0cm 0cm 0pt\"><span style=\"line-height: 115%; font-family: 'arial narrow'; font-size: 13pt; mso-fareast-font-family: calibri; mso-bidi-font-family: 'times new roman'; mso-fareast-language: ar-sa; mso-bidi-font-size: 14.0pt; mso-ansi-language: it; mso-bidi-language: ar-sa\"><font color=\"#000000\"><span style=\"font-family: arial; font-size: 11pt\"><span style=\"font-family: arial; font-size: 10pt; mso-bidi-font-size: 11.0pt\"><span style=\"font-family: arial; font-size: 11pt\"><span style=\"font-family: arial; font-size: 11pt\"><span style=\"text-decoration: none\"><span style=\"font-family: arial; font-size: 11pt\"><o:p>&nbsp;<\/o:p><\/span><span style=\"font-family: arial; font-size: 11pt\"><u>ore 18.30 &ndash; Teatro Ristori<o:p><\/o:p><\/u><\/span><\/span><\/span><\/span><\/span><\/span><\/font><\/span><\/p>\n<p class=\"MsoNormal\" style=\"text-align: justify; margin: 0cm 0cm 0pt\"><span style=\"line-height: 115%; font-family: 'arial narrow'; font-size: 13pt; mso-fareast-font-family: calibri; mso-bidi-font-family: 'times new roman'; mso-fareast-language: ar-sa; mso-bidi-font-size: 14.0pt; mso-ansi-language: it; mso-bidi-language: ar-sa\"><font color=\"#000000\"><span style=\"font-family: arial; font-size: 11pt\"><span style=\"font-family: arial; font-size: 10pt; mso-bidi-font-size: 11.0pt\"><span style=\"font-family: arial; font-size: 11pt\"><span style=\"font-family: arial; font-size: 11pt\"><span style=\"text-decoration: none\"><b><span style=\"font-family: arial; font-size: 11pt\">A BUDEME SI &Scaron;EPKA\u0164 \/ E VI SUSSURREREMO<o:p><\/o:p><\/span><\/b><\/span><\/span><\/span><\/span><\/span><\/font><\/span><\/p>\n<p class=\"MsoNormal\" style=\"text-align: justify; margin: 0cm 0cm 0pt\"><span style=\"line-height: 115%; font-family: 'arial narrow'; font-size: 13pt; mso-fareast-font-family: calibri; mso-bidi-font-family: 'times new roman'; mso-fareast-language: ar-sa; mso-bidi-font-size: 14.0pt; mso-ansi-language: it; mso-bidi-language: ar-sa\"><font color=\"#000000\"><span style=\"font-family: arial; font-size: 11pt\"><span style=\"font-family: arial; font-size: 10pt; mso-bidi-font-size: 11.0pt\"><span style=\"font-family: arial; font-size: 11pt\"><span style=\"font-family: arial; font-size: 11pt\"><span style=\"text-decoration: none\"><span style=\"font-family: arial; font-size: 11pt\">di Zuzana Palen\u010d&iacute;kov&aacute; e Kamil \u017di&scaron;ka<o:p><\/o:p><\/span><\/span><\/span><\/span><\/span><\/span><\/font><\/span><\/p>\n<p class=\"MsoNormal\" style=\"text-align: justify; margin: 0cm 0cm 0pt\"><span style=\"line-height: 115%; font-family: 'arial narrow'; font-size: 13pt; mso-fareast-font-family: calibri; mso-bidi-font-family: 'times new roman'; mso-fareast-language: ar-sa; mso-bidi-font-size: 14.0pt; mso-ansi-language: it; mso-bidi-language: ar-sa\"><font color=\"#000000\"><span style=\"font-family: arial; font-size: 11pt\"><span style=\"font-family: arial; font-size: 10pt; mso-bidi-font-size: 11.0pt\"><span style=\"font-family: arial; font-size: 11pt\"><span style=\"font-family: arial; font-size: 11pt\"><span style=\"text-decoration: none\"><span style=\"font-family: arial; font-size: 11pt\">regia Kamil \u017di&scaron;ka<o:p><\/o:p><\/span><\/span><\/span><\/span><\/span><\/span><\/font><\/span><\/p>\n<p class=\"MsoNormal\" style=\"text-align: justify; margin: 0cm 0cm 0pt\"><span style=\"line-height: 115%; font-family: 'arial narrow'; font-size: 13pt; mso-fareast-font-family: calibri; mso-bidi-font-family: 'times new roman'; mso-fareast-language: ar-sa; mso-bidi-font-size: 14.0pt; mso-ansi-language: it; mso-bidi-language: ar-sa\"><font color=\"#000000\"><span style=\"font-family: arial; font-size: 11pt\"><span style=\"font-family: arial; font-size: 10pt; mso-bidi-font-size: 11.0pt\"><span style=\"font-family: arial; font-size: 11pt\"><span style=\"font-family: arial; font-size: 11pt\"><span style=\"text-decoration: none\"><span style=\"font-family: arial; font-size: 11pt\">coreografia Stanislava Vl\u010dekov&aacute;<o:p><\/o:p><\/span><\/span><\/span><\/span><\/span><\/span><\/font><\/span><\/p>\n<p class=\"MsoNormal\" style=\"text-align: justify; margin: 0cm 0cm 0pt\"><span style=\"line-height: 115%; font-family: 'arial narrow'; font-size: 13pt; mso-fareast-font-family: calibri; mso-bidi-font-family: 'times new roman'; mso-fareast-language: ar-sa; mso-bidi-font-size: 14.0pt; mso-ansi-language: it; mso-bidi-language: ar-sa\"><font color=\"#000000\"><span style=\"font-family: arial; font-size: 11pt\"><span style=\"font-family: arial; font-size: 10pt; mso-bidi-font-size: 11.0pt\"><span style=\"font-family: arial; font-size: 11pt\"><span style=\"font-family: arial; font-size: 11pt\"><span style=\"text-decoration: none\"><span style=\"font-family: arial; font-size: 11pt\">con<span style=\"mso-spacerun: yes\">&nbsp; <\/span>Nade\u017eda Jelu&scaron;ov&aacute;, \u013dubom&iacute;ra Krko&scaron;kov&aacute;, Jana O\u013ehov&aacute;, Eva Ga&scaron;parov&aacute;<o:p><\/o:p><\/span><\/span><\/span><\/span><\/span><\/span><\/font><\/span><\/p>\n<p class=\"MsoNormal\" style=\"text-align: justify; margin: 0cm 0cm 0pt\"><span style=\"line-height: 115%; font-family: 'arial narrow'; font-size: 13pt; mso-fareast-font-family: calibri; mso-bidi-font-family: 'times new roman'; mso-fareast-language: ar-sa; mso-bidi-font-size: 14.0pt; mso-ansi-language: it; mso-bidi-language: ar-sa\"><font color=\"#000000\"><span style=\"font-family: arial; font-size: 11pt\"><span style=\"font-family: arial; font-size: 10pt; mso-bidi-font-size: 11.0pt\"><span style=\"font-family: arial; font-size: 11pt\"><span style=\"font-family: arial; font-size: 11pt\"><span style=\"text-decoration: none\"><span style=\"font-family: arial; font-size: 11pt\">produzione Slovak Chamber Theatre &#8211; Martin<o:p><\/o:p><\/span><\/span><\/span><\/span><\/span><\/span><\/font><\/span><\/p>\n<p class=\"MsoNormal\" style=\"text-align: justify; margin: 0cm 0cm 0pt\"><span style=\"line-height: 115%; font-family: 'arial narrow'; font-size: 13pt; mso-fareast-font-family: calibri; mso-bidi-font-family: 'times new roman'; mso-fareast-language: ar-sa; mso-bidi-font-size: 14.0pt; mso-ansi-language: it; mso-bidi-language: ar-sa\"><font color=\"#000000\"><span style=\"font-family: arial; font-size: 11pt\"><span style=\"font-family: arial; font-size: 10pt; mso-bidi-font-size: 11.0pt\"><span style=\"font-family: arial; font-size: 11pt\"><span style=\"font-family: arial; font-size: 11pt\"><span style=\"text-decoration: none\"><b><span style=\"font-family: arial; font-size: 11pt\">Prima Nazionale<o:p><\/o:p><\/span><\/b><\/span><\/span><\/span><\/span><\/span><\/font><\/span><\/p>\n<p class=\"MsoNormal\" style=\"text-align: justify; margin: 0cm 0cm 0pt\"><span style=\"line-height: 115%; font-family: 'arial narrow'; font-size: 13pt; mso-fareast-font-family: calibri; mso-bidi-font-family: 'times new roman'; mso-fareast-language: ar-sa; mso-bidi-font-size: 14.0pt; mso-ansi-language: it; mso-bidi-language: ar-sa\"><font color=\"#000000\"><span style=\"font-family: arial; font-size: 11pt\"><span style=\"font-family: arial; font-size: 10pt; mso-bidi-font-size: 11.0pt\"><span style=\"font-family: arial; font-size: 11pt\"><span style=\"font-family: arial; font-size: 11pt\"><span style=\"text-decoration: none\"><span style=\"font-family: arial; font-size: 11pt\">SLOVACCHIA<o:p><\/o:p><\/span><\/span><\/span><\/span><\/span><\/span><\/font><\/span><\/p>\n<p class=\"MsoNormal\" style=\"text-align: justify; margin: 0cm 0cm 0pt\"><span style=\"line-height: 115%; font-family: 'arial narrow'; font-size: 13pt; mso-fareast-font-family: calibri; mso-bidi-font-family: 'times new roman'; mso-fareast-language: ar-sa; mso-bidi-font-size: 14.0pt; mso-ansi-language: it; mso-bidi-language: ar-sa\"><font color=\"#000000\"><span style=\"font-family: arial; font-size: 11pt\"><span style=\"font-family: arial; font-size: 10pt; mso-bidi-font-size: 11.0pt\"><span style=\"font-family: arial; font-size: 11pt\"><span style=\"font-family: arial; font-size: 11pt\"><span style=\"text-decoration: none\"><span style=\"font-family: arial; font-size: 11pt\">PROSA<o:p><\/o:p><\/span><\/span><\/span><\/span><\/span><\/span><\/font><\/span><\/p>\n<p class=\"MsoNormal\" style=\"text-align: justify; margin: 0cm 0cm 0pt\"><span style=\"line-height: 115%; font-family: 'arial narrow'; font-size: 13pt; mso-fareast-font-family: calibri; mso-bidi-font-family: 'times new roman'; mso-fareast-language: ar-sa; mso-bidi-font-size: 14.0pt; mso-ansi-language: it; mso-bidi-language: ar-sa\"><font color=\"#000000\"><span style=\"font-family: arial; font-size: 11pt\"><span style=\"font-family: arial; font-size: 10pt; mso-bidi-font-size: 11.0pt\"><span style=\"font-family: arial; font-size: 11pt\"><span style=\"font-family: arial; font-size: 11pt\"><span style=\"text-decoration: none\"><span style=\"font-family: arial; font-size: 11pt\"><o:p>&nbsp;<\/o:p><\/span><\/span><\/span><\/span><\/span><\/span><\/font><\/span><\/p>\n<p class=\"MsoNormal\" style=\"text-align: justify; margin: 0cm 0cm 0pt\"><span style=\"line-height: 115%; font-family: 'arial narrow'; font-size: 13pt; mso-fareast-font-family: calibri; mso-bidi-font-family: 'times new roman'; mso-fareast-language: ar-sa; mso-bidi-font-size: 14.0pt; mso-ansi-language: it; mso-bidi-language: ar-sa\"><font color=\"#000000\"><span style=\"font-family: arial; font-size: 11pt\"><span style=\"font-family: arial; font-size: 10pt; mso-bidi-font-size: 11.0pt\"><span style=\"font-family: arial; font-size: 11pt\"><span style=\"font-family: arial; font-size: 11pt\"><span style=\"text-decoration: none\"><span style=\"font-family: arial; font-size: 11pt\"><u>ore 21.00 &ndash;<span style=\"mso-spacerun: yes\">&nbsp; <\/span>Teatro Ristori<o:p><\/o:p><\/u><\/span><\/span><\/span><\/span><\/span><\/span><\/font><\/span><\/p>\n<p class=\"MsoNormal\" style=\"text-align: justify; margin: 0cm 0cm 0pt\"><span style=\"line-height: 115%; font-family: 'arial narrow'; font-size: 13pt; mso-fareast-font-family: calibri; mso-bidi-font-family: 'times new roman'; mso-fareast-language: ar-sa; mso-bidi-font-size: 14.0pt; mso-ansi-language: it; mso-bidi-language: ar-sa\"><font color=\"#000000\"><span style=\"font-family: arial; font-size: 11pt\"><span style=\"font-family: arial; font-size: 10pt; mso-bidi-font-size: 11.0pt\"><span style=\"font-family: arial; font-size: 11pt\"><span style=\"font-family: arial; font-size: 11pt\"><span style=\"text-decoration: none\"><b><span style=\"font-family: arial; font-size: 11pt\">UNO, DUE, TRE!<o:p><\/o:p><\/span><\/b><\/span><\/span><\/span><\/span><\/span><\/font><\/span><\/p>\n<p class=\"MsoNormal\" style=\"text-align: justify; margin: 0cm 0cm 0pt\"><span style=\"line-height: 115%; font-family: 'arial narrow'; font-size: 13pt; mso-fareast-font-family: calibri; mso-bidi-font-family: 'times new roman'; mso-fareast-language: ar-sa; mso-bidi-font-size: 14.0pt; mso-ansi-language: it; mso-bidi-language: ar-sa\"><font color=\"#000000\"><span style=\"font-family: arial; font-size: 11pt\"><span style=\"font-family: arial; font-size: 10pt; mso-bidi-font-size: 11.0pt\"><span style=\"font-family: arial; font-size: 11pt\"><span style=\"font-family: arial; font-size: 11pt\"><span style=\"text-decoration: none\"><span style=\"font-family: arial; font-size: 11pt\">di Vadim Levanov<o:p><\/o:p><\/span><\/span><\/span><\/span><\/span><\/span><\/font><\/span><\/p>\n<p class=\"MsoNormal\" style=\"text-align: justify; margin: 0cm 0cm 0pt\"><span style=\"line-height: 115%; font-family: 'arial narrow'; font-size: 13pt; mso-fareast-font-family: calibri; mso-bidi-font-family: 'times new roman'; mso-fareast-language: ar-sa; mso-bidi-font-size: 14.0pt; mso-ansi-language: it; mso-bidi-language: ar-sa\"><font color=\"#000000\"><span style=\"font-family: arial; font-size: 11pt\"><span style=\"font-family: arial; font-size: 10pt; mso-bidi-font-size: 11.0pt\"><span style=\"font-family: arial; font-size: 11pt\"><span style=\"font-family: arial; font-size: 11pt\"><span style=\"text-decoration: none\"><span style=\"font-family: arial; font-size: 11pt\">regia e ideazione scenica Franco Per&ograve;<o:p><\/o:p><\/span><\/span><\/span><\/span><\/span><\/span><\/font><\/span><\/p>\n<p class=\"MsoNormal\" style=\"text-align: justify; margin: 0cm 0cm 0pt\"><span style=\"line-height: 115%; font-family: 'arial narrow'; font-size: 13pt; mso-fareast-font-family: calibri; mso-bidi-font-family: 'times new roman'; mso-fareast-language: ar-sa; mso-bidi-font-size: 14.0pt; mso-ansi-language: it; mso-bidi-language: ar-sa\"><font color=\"#000000\"><span style=\"font-family: arial; font-size: 11pt\"><span style=\"font-family: arial; font-size: 10pt; mso-bidi-font-size: 11.0pt\"><span style=\"font-family: arial; font-size: 11pt\"><span style=\"font-family: arial; font-size: 11pt\"><span style=\"text-decoration: none\"><span style=\"font-family: arial; font-size: 11pt\">costumi Lucrezia Tavernese Antichi<o:p><\/o:p><\/span><\/span><\/span><\/span><\/span><\/span><\/font><\/span><\/p>\n<p class=\"MsoNormal\" style=\"text-align: justify; margin: 0cm 0cm 0pt\"><span style=\"line-height: 115%; font-family: 'arial narrow'; font-size: 13pt; mso-fareast-font-family: calibri; mso-bidi-font-family: 'times new roman'; mso-fareast-language: ar-sa; mso-bidi-font-size: 14.0pt; mso-ansi-language: it; mso-bidi-language: ar-sa\"><font color=\"#000000\"><span style=\"font-family: arial; font-size: 11pt\"><span style=\"font-family: arial; font-size: 10pt; mso-bidi-font-size: 11.0pt\"><span style=\"font-family: arial; font-size: 11pt\"><span style=\"font-family: arial; font-size: 11pt\"><span style=\"text-decoration: none\"><span style=\"font-family: arial; font-size: 11pt\">musiche Nirvana<o:p><\/o:p><\/span><\/span><\/span><\/span><\/span><\/span><\/font><\/span><\/p>\n<p class=\"MsoNormal\" style=\"text-align: justify; margin: 0cm 0cm 0pt\"><span style=\"line-height: 115%; font-family: 'arial narrow'; font-size: 13pt; mso-fareast-font-family: calibri; mso-bidi-font-family: 'times new roman'; mso-fareast-language: ar-sa; mso-bidi-font-size: 14.0pt; mso-ansi-language: it; mso-bidi-language: ar-sa\"><font color=\"#000000\"><span style=\"font-family: arial; font-size: 11pt\"><span style=\"font-family: arial; font-size: 10pt; mso-bidi-font-size: 11.0pt\"><span style=\"font-family: arial; font-size: 11pt\"><span style=\"font-family: arial; font-size: 11pt\"><span style=\"text-decoration: none\"><span style=\"font-family: arial; font-size: 11pt\">con Sara Beinat, Enza De Rose, Manuela Malatestini\u010d<o:p><\/o:p><\/span><\/span><\/span><\/span><\/span><\/span><\/font><\/span><\/p>\n<p class=\"MsoNormal\" style=\"text-align: justify; margin: 0cm 0cm 0pt\"><span style=\"line-height: 115%; font-family: 'arial narrow'; font-size: 13pt; mso-fareast-font-family: calibri; mso-bidi-font-family: 'times new roman'; mso-fareast-language: ar-sa; mso-bidi-font-size: 14.0pt; mso-ansi-language: it; mso-bidi-language: ar-sa\"><font color=\"#000000\"><span style=\"font-family: arial; font-size: 11pt\"><span style=\"font-family: arial; font-size: 10pt; mso-bidi-font-size: 11.0pt\"><span style=\"font-family: arial; font-size: 11pt\"><span style=\"font-family: arial; font-size: 11pt\"><span style=\"text-decoration: none\"><span style=\"font-family: arial; font-size: 11pt\">in collaborazione con Accademia Teatrale &ldquo;Citt&agrave; di Trieste&rdquo;<o:p><\/o:p><\/span><\/span><\/span><\/span><\/span><\/span><\/font><\/span><\/p>\n<p class=\"MsoNormal\" style=\"text-align: justify; margin: 0cm 0cm 0pt\"><span style=\"line-height: 115%; font-family: 'arial narrow'; font-size: 13pt; mso-fareast-font-family: calibri; mso-bidi-font-family: 'times new roman'; mso-fareast-language: ar-sa; mso-bidi-font-size: 14.0pt; mso-ansi-language: it; mso-bidi-language: ar-sa\"><font color=\"#000000\"><span style=\"font-family: arial; font-size: 11pt\"><span style=\"font-family: arial; font-size: 10pt; mso-bidi-font-size: 11.0pt\"><span style=\"font-family: arial; font-size: 11pt\"><span style=\"font-family: arial; font-size: 11pt\"><span style=\"text-decoration: none\"><span style=\"font-family: arial; font-size: 11pt\">produzione Mittelfest2011<o:p><\/o:p><\/span><\/span><\/span><\/span><\/span><\/span><\/font><\/span><\/p>\n<p class=\"MsoNormal\" style=\"text-align: justify; margin: 0cm 0cm 0pt\"><span style=\"line-height: 115%; font-family: 'arial narrow'; font-size: 13pt; mso-fareast-font-family: calibri; mso-bidi-font-family: 'times new roman'; mso-fareast-language: ar-sa; mso-bidi-font-size: 14.0pt; mso-ansi-language: it; mso-bidi-language: ar-sa\"><font color=\"#000000\"><span style=\"font-family: arial; font-size: 11pt\"><span style=\"font-family: arial; font-size: 10pt; mso-bidi-font-size: 11.0pt\"><span style=\"font-family: arial; font-size: 11pt\"><span style=\"font-family: arial; font-size: 11pt\"><span style=\"text-decoration: none\"><b><span style=\"font-family: arial; font-size: 11pt\">Debutto<o:p><\/o:p><\/span><\/b><\/span><\/span><\/span><\/span><\/span><\/font><\/span><\/p>\n<p class=\"MsoNormal\" style=\"text-align: justify; margin: 0cm 0cm 0pt\"><span style=\"line-height: 115%; font-family: 'arial narrow'; font-size: 13pt; mso-fareast-font-family: calibri; mso-bidi-font-family: 'times new roman'; mso-fareast-language: ar-sa; mso-bidi-font-size: 14.0pt; mso-ansi-language: it; mso-bidi-language: ar-sa\"><font color=\"#000000\"><span style=\"font-family: arial; font-size: 11pt\"><span style=\"font-family: arial; font-size: 10pt; mso-bidi-font-size: 11.0pt\"><span style=\"font-family: arial; font-size: 11pt\"><span style=\"font-family: arial; font-size: 11pt\"><span style=\"text-decoration: none\"><span style=\"font-family: arial; font-size: 11pt\">PROSA<o:p><\/o:p><\/span><\/span><\/span><\/span><\/span><\/span><\/font><\/span><\/p>\n<p class=\"MsoNormal\" style=\"text-align: justify; margin: 0cm 0cm 0pt\"><span style=\"line-height: 115%; font-family: 'arial narrow'; font-size: 13pt; mso-fareast-font-family: calibri; mso-bidi-font-family: 'times new roman'; mso-fareast-language: ar-sa; mso-bidi-font-size: 14.0pt; mso-ansi-language: it; mso-bidi-language: ar-sa\"><font color=\"#000000\"><span style=\"font-family: arial; font-size: 11pt\"><span style=\"font-family: arial; font-size: 10pt; mso-bidi-font-size: 11.0pt\"><span style=\"font-family: arial; font-size: 11pt\"><span style=\"font-family: arial; font-size: 11pt\"><span style=\"text-decoration: none\"><span style=\"font-family: arial; font-size: 11pt\"><o:p>&nbsp;<\/o:p><\/span><\/span><\/span><\/span><\/span><\/span><\/font><\/span><\/p>\n<p class=\"MsoNormal\" style=\"text-align: justify; margin: 0cm 0cm 0pt\"><span style=\"line-height: 115%; font-family: 'arial narrow'; font-size: 13pt; mso-fareast-font-family: calibri; mso-bidi-font-family: 'times new roman'; mso-fareast-language: ar-sa; mso-bidi-font-size: 14.0pt; mso-ansi-language: it; mso-bidi-language: ar-sa\"><font color=\"#000000\"><span style=\"font-family: arial; font-size: 11pt\"><span style=\"font-family: arial; font-size: 10pt; mso-bidi-font-size: 11.0pt\"><span style=\"font-family: arial; font-size: 11pt\"><span style=\"font-family: arial; font-size: 11pt\"><span style=\"text-decoration: none\"><span style=\"font-family: arial; font-size: 11pt\"><u>ore 22.15 &ndash; Piazza Duomo<o:p><\/o:p><\/u><\/span><\/span><\/span><\/span><\/span><\/span><\/font><\/span><\/p>\n<p class=\"MsoNormal\" style=\"text-align: justify; margin: 0cm 0cm 0pt\"><span style=\"line-height: 115%; font-family: 'arial narrow'; font-size: 13pt; mso-fareast-font-family: calibri; mso-bidi-font-family: 'times new roman'; mso-fareast-language: ar-sa; mso-bidi-font-size: 14.0pt; mso-ansi-language: it; mso-bidi-language: ar-sa\"><font color=\"#000000\"><span style=\"font-family: arial; font-size: 11pt\"><span style=\"font-family: arial; font-size: 10pt; mso-bidi-font-size: 11.0pt\"><span style=\"font-family: arial; font-size: 11pt\"><span style=\"font-family: arial; font-size: 11pt\"><span style=\"text-decoration: none\"><st1:personname productid=\"LA POESIA DEL\" w:st=\"on\"><b><span style=\"font-family: arial; font-size: 11pt\">LA POESIA DEL<\/span><\/b><\/st1:personname><b><span style=\"font-family: arial; font-size: 11pt\"> VENTO<o:p><\/o:p><\/span><\/b><\/span><\/span><\/span><\/span><\/span><\/font><\/span><\/p>\n<p class=\"MsoNormal\" style=\"text-align: justify; margin: 0cm 0cm 0pt\"><span style=\"line-height: 115%; font-family: 'arial narrow'; font-size: 13pt; mso-fareast-font-family: calibri; mso-bidi-font-family: 'times new roman'; mso-fareast-language: ar-sa; mso-bidi-font-size: 14.0pt; mso-ansi-language: it; mso-bidi-language: ar-sa\"><font color=\"#000000\"><span style=\"font-family: arial; font-size: 11pt\"><span style=\"font-family: arial; font-size: 10pt; mso-bidi-font-size: 11.0pt\"><span style=\"font-family: arial; font-size: 11pt\"><span style=\"font-family: arial; font-size: 11pt\"><span style=\"text-decoration: none\"><span style=\"font-family: arial; font-size: 11pt\">Compagnia dell&rsquo;Accademia di danza di Pechino<o:p><\/o:p><\/span><\/span><\/span><\/span><\/span><\/span><\/font><\/span><\/p>\n<p class=\"MsoNormal\" style=\"text-align: justify; margin: 0cm 0cm 0pt\"><span style=\"line-height: 115%; font-family: 'arial narrow'; font-size: 13pt; mso-fareast-font-family: calibri; mso-bidi-font-family: 'times new roman'; mso-fareast-language: ar-sa; mso-bidi-font-size: 14.0pt; mso-ansi-language: it; mso-bidi-language: ar-sa\"><font color=\"#000000\"><span style=\"font-family: arial; font-size: 11pt\"><span style=\"font-family: arial; font-size: 10pt; mso-bidi-font-size: 11.0pt\"><span style=\"font-family: arial; font-size: 11pt\"><span style=\"font-family: arial; font-size: 11pt\"><span style=\"text-decoration: none\"><span style=\"font-family: arial; font-size: 11pt\">Evento ufficiale anno culturale della Cina<o:p><\/o:p><\/span><\/span><\/span><\/span><\/span><\/span><\/font><\/span><\/p>\n<p class=\"MsoNormal\" style=\"text-align: justify; margin: 0cm 0cm 0pt\"><span style=\"line-height: 115%; font-family: 'arial narrow'; font-size: 13pt; mso-fareast-font-family: calibri; mso-bidi-font-family: 'times new roman'; mso-fareast-language: ar-sa; mso-bidi-font-size: 14.0pt; mso-ansi-language: it; mso-bidi-language: ar-sa\"><font color=\"#000000\"><span style=\"font-family: arial; font-size: 11pt\"><span style=\"font-family: arial; font-size: 10pt; mso-bidi-font-size: 11.0pt\"><span style=\"font-family: arial; font-size: 11pt\"><span style=\"font-family: arial; font-size: 11pt\"><span style=\"text-decoration: none\"><span style=\"font-family: arial; font-size: 11pt\">con il supporto di<o:p><\/o:p><\/span><\/span><\/span><\/span><\/span><\/span><\/font><\/span><\/p>\n<p class=\"MsoNormal\" style=\"text-align: justify; margin: 0cm 0cm 0pt\"><span style=\"line-height: 115%; font-family: 'arial narrow'; font-size: 13pt; mso-fareast-font-family: calibri; mso-bidi-font-family: 'times new roman'; mso-fareast-language: ar-sa; mso-bidi-font-size: 14.0pt; mso-ansi-language: it; mso-bidi-language: ar-sa\"><font color=\"#000000\"><span style=\"font-family: arial; font-size: 11pt\"><span style=\"font-family: arial; font-size: 10pt; mso-bidi-font-size: 11.0pt\"><span style=\"font-family: arial; font-size: 11pt\"><span style=\"font-family: arial; font-size: 11pt\"><span style=\"text-decoration: none\"><span style=\"font-family: arial; font-size: 11pt\">&nbsp;Ministero degli Affari Esteri della Repubblica Popolare Cinese<o:p><\/o:p><\/span><\/span><\/span><\/span><\/span><\/span><\/font><\/span><\/p>\n<p class=\"MsoNormal\" style=\"text-align: justify; margin: 0cm 0cm 0pt\"><span style=\"line-height: 115%; font-family: 'arial narrow'; font-size: 13pt; mso-fareast-font-family: calibri; mso-bidi-font-family: 'times new roman'; mso-fareast-language: ar-sa; mso-bidi-font-size: 14.0pt; mso-ansi-language: it; mso-bidi-language: ar-sa\"><font color=\"#000000\"><span style=\"font-family: arial; font-size: 11pt\"><span style=\"font-family: arial; font-size: 10pt; mso-bidi-font-size: 11.0pt\"><span style=\"font-family: arial; font-size: 11pt\"><span style=\"font-family: arial; font-size: 11pt\"><span style=\"text-decoration: none\"><span style=\"font-family: arial; font-size: 11pt\">Ministero della Cultura della Repubblica Popolare Cinese<\/span><\/span><\/span><\/span><\/span><\/span><\/font><\/span><\/p>\n<p class=\"MsoNormal\" style=\"text-align: justify; margin: 0cm 0cm 0pt\"><font color=\"#000000\"><span style=\"font-family: arial; font-size: 11pt\">&nbsp;Ambasciata della Repubblica Popolare Cinese in Italia<o:p><\/o:p><\/span><\/font><\/p>\n<p class=\"MsoNormal\" style=\"text-align: justify; margin: 0cm 0cm 0pt\"><font color=\"#000000\"><span style=\"font-family: arial; font-size: 11pt\">e Intermusica<o:p><\/o:p><\/span><\/font><\/p>\n<p class=\"MsoNormal\" style=\"text-align: justify; margin: 0cm 0cm 0pt\"><font color=\"#000000\"><span style=\"font-family: arial; font-size: 11pt\">CINA<o:p><\/o:p><\/span><\/font><\/p>\n<p class=\"MsoNormal\" style=\"text-align: justify; margin: 0cm 0cm 0pt\"><font color=\"#000000\"><span style=\"font-family: arial; font-size: 11pt\">DANZA<o:p><\/o:p><\/span><\/font><\/p>\n<p class=\"MsoNormal\" style=\"text-align: justify; margin: 0cm 0cm 0pt\"><font color=\"#000000\"><span style=\"font-family: arial; font-size: 10pt; mso-bidi-font-size: 11.0pt\"><o:p>&nbsp;<\/o:p><\/span><\/font><\/p>\n<p class=\"MsoNormal\" style=\"text-align: justify; margin: 0cm 0cm 0pt\"><font color=\"#000000\"><b><span style=\"font-family: arial; font-size: 11pt\">SABATO 23 LUGLIO<o:p><\/o:p><\/span><\/b><\/font><\/p>\n<p class=\"MsoNormal\" style=\"text-align: justify; margin: 0cm 0cm 0pt\"><font color=\"#000000\"><span style=\"font-family: arial; font-size: 11pt\"><o:p>&nbsp;<\/o:p><\/span><span style=\"font-family: arial; font-size: 11pt\"><u>ore 18.00 &ndash; S. Maria dei Battuti<o:p><\/o:p><\/u><\/span><\/font><\/p>\n<p class=\"MsoNormal\" style=\"text-align: justify; margin: 0cm 0cm 0pt\"><font color=\"#000000\"><b><span style=\"font-family: arial; font-size: 11pt\">TESTE CALDE<o:p><\/o:p><\/span><\/b><\/font><\/p>\n<p class=\"MsoNormal\" style=\"text-align: justify; margin: 0cm 0cm 0pt\"><font color=\"#000000\"><b><span style=\"font-family: arial; font-size: 11pt\">Storie del risorgimento. Teatro di parola e di figura<span style=\"mso-spacerun: yes\">&nbsp; <\/span><o:p><\/o:p><\/span><\/b><\/font><\/p>\n<p class=\"MsoNormal\" style=\"text-align: justify; margin: 0cm 0cm 0pt\"><font color=\"#000000\"><span style=\"font-family: arial; font-size: 11pt\">da un racconto di Gigio Brunello<o:p><\/o:p><\/span><\/font><\/p>\n<p class=\"MsoNormal\" style=\"text-align: justify; margin: 0cm 0cm 0pt\"><font color=\"#000000\"><span style=\"font-family: arial; font-size: 11pt\">regia di Gyula Molnar<o:p><\/o:p><\/span><\/font><\/p>\n<p class=\"MsoNormal\" style=\"text-align: justify; margin: 0cm 0cm 0pt\"><font color=\"#000000\"><span style=\"font-family: arial; font-size: 11pt\">scenofonia Lorenzo Brutti<o:p><\/o:p><\/span><\/font><\/p>\n<p class=\"MsoNormal\" style=\"text-align: justify; margin: 0cm 0cm 0pt\"><font color=\"#000000\"><span style=\"font-family: arial; font-size: 11pt\">sculture, scene e interpretazione Gigio Brunello<o:p><\/o:p><\/span><\/font><\/p>\n<p class=\"MsoNormal\" style=\"text-align: justify; margin: 0cm 0cm 0pt\"><font color=\"#000000\"><span style=\"font-family: arial; font-size: 11pt\">TEATRO DI FIGURA<o:p><\/o:p><\/span><\/font><\/p>\n<p class=\"MsoNormal\" style=\"text-align: justify; margin: 0cm 0cm 0pt\"><font color=\"#000000\"><span style=\"font-family: arial; font-size: 10pt; mso-bidi-font-size: 11.0pt\">.<\/span><\/font><\/p>\n<p class=\"MsoNormal\" style=\"text-align: justify; margin: 0cm 0cm 0pt\"><font color=\"#000000\"><span style=\"font-family: arial; font-size: 10pt; mso-bidi-font-size: 11.0pt\"><u><span style=\"font-family: arial; font-size: 11pt\">ore 20.00 &ndash; Chiesa San Francesco<o:p><\/o:p><\/span><\/u><\/span><\/font><\/p>\n<p class=\"MsoNormal\" style=\"text-align: justify; margin: 0cm 0cm 0pt\"><font color=\"#000000\"><span style=\"font-family: arial; font-size: 10pt; mso-bidi-font-size: 11.0pt\"><b><span style=\"font-family: arial; font-size: 11pt\">EDDY ROSNER<o:p><\/o:p><\/span><\/b><\/span><\/font><\/p>\n<p class=\"MsoNormal\" style=\"text-align: justify; margin: 0cm 0cm 0pt\"><font color=\"#000000\"><span style=\"font-family: arial; font-size: 10pt; mso-bidi-font-size: 11.0pt\"><b><span style=\"font-family: arial; font-size: 11pt\">Jazz dal Gulag, musica delle costole e altre amenit&agrave;<o:p><\/o:p><\/span><\/b><\/span><\/font><\/p>\n<p class=\"MsoNormal\" style=\"text-align: justify; margin: 0cm 0cm 0pt\"><font color=\"#000000\"><span style=\"font-family: arial; font-size: 10pt; mso-bidi-font-size: 11.0pt\"><span style=\"font-family: arial; font-size: 11pt\">ideazione, ricerche iconografiche e testo Marco Maria Tosolini<o:p><\/o:p><\/span><\/span><\/font><\/p>\n<p class=\"MsoNormal\" style=\"text-align: justify; margin: 0cm 0cm 0pt\"><font color=\"#000000\"><span style=\"font-family: arial; font-size: 10pt; mso-bidi-font-size: 11.0pt\"><span style=\"font-family: arial; font-size: 11pt\">regia e light design Paolo Antonio Simioni<o:p><\/o:p><\/span><\/span><\/font><\/p>\n<p class=\"MsoNormal\" style=\"text-align: justify; margin: 0cm 0cm 0pt\"><font color=\"#000000\"><span style=\"font-family: arial; font-size: 10pt; mso-bidi-font-size: 11.0pt\"><span style=\"font-family: arial; font-size: 11pt\">videoscene e realtime videoart Antonio Della Marina<o:p><\/o:p><\/span><\/span><\/font><\/p>\n<p class=\"MsoNormal\" style=\"text-align: justify; margin: 0cm 0cm 0pt\"><font color=\"#000000\"><span style=\"font-family: arial; font-size: 10pt; mso-bidi-font-size: 11.0pt\"><span style=\"font-family: arial; font-size: 11pt\">con <st1:personname productid=\"la Gulag Jazz\" w:st=\"on\">la Gulag Jazz<\/st1:personname> Band <o:p><\/o:p><\/span><\/span><\/font><\/p>\n<p class=\"MsoNormal\" style=\"text-align: justify; margin: 0cm 0cm 0pt\"><font color=\"#000000\"><span style=\"font-family: arial; font-size: 10pt; mso-bidi-font-size: 11.0pt\"><span style=\"font-family: arial; font-size: 11pt\">coproduzione Polymnia e MittelFest 2011<o:p><\/o:p><\/span><\/span><\/font><\/p>\n<p class=\"MsoNormal\" style=\"text-align: justify; margin: 0cm 0cm 0pt\"><font color=\"#000000\"><span style=\"font-family: arial; font-size: 10pt; mso-bidi-font-size: 11.0pt\"><b><span style=\"font-family: arial; font-size: 11pt\">Prima assoluta<o:p><\/o:p><\/span><\/b><\/span><\/font><\/p>\n<p class=\"MsoNormal\" style=\"text-align: justify; margin: 0cm 0cm 0pt\"><font color=\"#000000\"><span style=\"font-family: arial; font-size: 10pt; mso-bidi-font-size: 11.0pt\"><span style=\"font-family: arial; font-size: 11pt\">MUSICA<o:p><\/o:p><\/span><\/span><\/font><\/p>\n<p class=\"MsoNormal\" style=\"text-align: justify; margin: 0cm 0cm 0pt\"><font color=\"#000000\"><span style=\"font-family: arial; font-size: 10pt; mso-bidi-font-size: 11.0pt\"><span style=\"font-family: arial; font-size: 11pt\"><o:p>&nbsp;<\/o:p><\/span><\/span><\/font><\/p>\n<p class=\"MsoNormal\" style=\"text-align: justify; margin: 0cm 0cm 0pt\"><font color=\"#000000\"><span style=\"font-family: arial; font-size: 10pt; mso-bidi-font-size: 11.0pt\"><u><span style=\"font-family: arial; font-size: 11pt\">ore 22.15 &ndash; Chiostro San Francesco <o:p><\/o:p><\/span><\/u><\/span><\/font><\/p>\n<p class=\"MsoNormal\" style=\"text-align: justify; margin: 0cm 0cm 0pt\"><font color=\"#000000\"><span style=\"font-family: arial; font-size: 10pt; mso-bidi-font-size: 11.0pt\"><st1:personname productid=\"LA TARANTA DELLA\" w:st=\"on\"><b><span style=\"font-family: arial; font-size: 11pt\">LA TARANTA DELLA<\/span><\/b><\/st1:personname><b><span style=\"font-family: arial; font-size: 11pt\"> LUNA NUOVA<o:p><\/o:p><\/span><\/b><\/span><\/font><\/p>\n<p class=\"MsoNormal\" style=\"text-align: justify; margin: 0cm 0cm 0pt\"><font color=\"#000000\"><span style=\"font-family: arial; font-size: 10pt; mso-bidi-font-size: 11.0pt\"><span style=\"font-family: arial; font-size: 11pt\">coreografie Walter Matteini<o:p><\/o:p><\/span><\/span><\/font><\/p>\n<p class=\"MsoNormal\" style=\"text-align: justify; margin: 0cm 0cm 0pt\"><font color=\"#000000\"><span style=\"font-family: arial; font-size: 10pt; mso-bidi-font-size: 11.0pt\"><span style=\"font-family: arial; font-size: 11pt\">musiche originali Valter Sivilotti e Mario Incudine <o:p><\/o:p><\/span><\/span><\/font><\/p>\n<p class=\"MsoNormal\" style=\"text-align: justify; margin: 0cm 0cm 0pt\"><font color=\"#000000\"><span style=\"font-family: arial; font-size: 10pt; mso-bidi-font-size: 11.0pt\"><span style=\"font-family: arial; font-size: 11pt\">esecuzione dal vivo Mario Incudine Quartet <o:p><\/o:p><\/span><\/span><\/font><\/p>\n<p class=\"MsoNormal\" style=\"text-align: justify; margin: 0cm 0cm 0pt\"><font color=\"#000000\"><span style=\"font-family: arial; font-size: 10pt; mso-bidi-font-size: 11.0pt\"><span style=\"font-family: arial; font-size: 11pt\">produzione Imperfect Dancers \/ Balletto 90<o:p><\/o:p><\/span><\/span><\/font><\/p>\n<p class=\"MsoNormal\" style=\"text-align: justify; margin: 0cm 0cm 0pt\"><font color=\"#000000\"><span style=\"font-family: arial; font-size: 10pt; mso-bidi-font-size: 11.0pt\"><span style=\"font-family: arial; font-size: 11pt\">ITALIA<o:p><\/o:p><\/span><\/span><\/font><\/p>\n<p class=\"MsoNormal\" style=\"text-align: justify; margin: 0cm 0cm 0pt\"><font color=\"#000000\"><span style=\"font-family: arial; font-size: 10pt; mso-bidi-font-size: 11.0pt\"><span style=\"font-family: arial; font-size: 11pt\">DANZA \/ MUSICA<o:p><\/o:p><\/span><\/span><\/font><\/p>\n<p class=\"MsoNormal\" style=\"text-align: justify; margin: 0cm 0cm 0pt\"><font color=\"#000000\"><span style=\"font-family: arial; font-size: 10pt; mso-bidi-font-size: 11.0pt\"><span style=\"font-family: arial; font-size: 11pt\"><o:p>&nbsp;<\/o:p><\/span><\/span><\/font><\/p>\n<p class=\"MsoNormal\" style=\"text-align: justify; margin: 0cm 0cm 0pt\"><font color=\"#000000\"><span style=\"font-family: arial; font-size: 10pt; mso-bidi-font-size: 11.0pt\"><span style=\"font-family: arial; font-size: 11pt\"><o:p>&nbsp;<\/o:p><\/span><b><span style=\"font-family: arial; font-size: 11pt\">DOMENICA 24 LUGLIO<o:p><\/o:p><\/span><\/b><\/span><\/font><\/p>\n<p class=\"MsoNormal\" style=\"text-align: justify; margin: 0cm 0cm 0pt\"><font color=\"#000000\"><span style=\"font-family: arial; font-size: 10pt; mso-bidi-font-size: 11.0pt\"><span style=\"font-family: arial; font-size: 11pt\"><o:p>&nbsp;<\/o:p><\/span><u><span style=\"font-family: arial; font-size: 11pt\">ore 18.00 &ndash; Chiesa San Francesco<o:p><\/o:p><\/span><\/u><\/span><\/font><\/p>\n<p class=\"MsoNormal\" style=\"text-align: justify; margin: 0cm 0cm 0pt\"><font color=\"#000000\"><span style=\"font-family: arial; font-size: 10pt; mso-bidi-font-size: 11.0pt\"><b><span style=\"font-family: arial; font-size: 11pt\">IL TEMPO DI GUSTAV MAHLER <o:p><\/o:p><\/span><\/b><\/span><\/font><\/p>\n<p class=\"MsoNormal\" style=\"text-align: justify; margin: 0cm 0cm 0pt\"><font color=\"#000000\"><span style=\"font-family: arial; font-size: 10pt; mso-bidi-font-size: 11.0pt\"><span style=\"font-family: arial; font-size: 11pt\">di e con Massimiliano Finazzer Flory, voce recitante<o:p><\/o:p><\/span><\/span><\/font><\/p>\n<p class=\"MsoNormal\" style=\"text-align: justify; margin: 0cm 0cm 0pt\"><font color=\"#000000\"><span style=\"font-family: arial; font-size: 10pt; mso-bidi-font-size: 11.0pt\"><span style=\"font-family: arial; font-size: 11pt\">Quirino Principe, pianoforte e voce narrante<o:p><\/o:p><\/span><\/span><\/font><\/p>\n<p class=\"MsoNormal\" style=\"text-align: justify; margin: 0cm 0cm 0pt\"><font color=\"#000000\"><span style=\"font-family: arial; font-size: 10pt; mso-bidi-font-size: 11.0pt\"><span style=\"font-family: arial; font-size: 11pt\">Gianni Dallaturca, tromba<o:p><\/o:p><\/span><\/span><\/font><\/p>\n<p class=\"MsoNormal\" style=\"text-align: justify; margin: 0cm 0cm 0pt\"><font color=\"#000000\"><span style=\"font-family: arial; font-size: 10pt; mso-bidi-font-size: 11.0pt\"><span style=\"font-family: arial; font-size: 11pt\">Gilda Gelati, coreografie e danza<o:p><\/o:p><\/span><\/span><\/font><\/p>\n<p class=\"MsoNormal\" style=\"text-align: justify; margin: 0cm 0cm 0pt\"><font color=\"#000000\"><span style=\"font-family: arial; font-size: 10pt; mso-bidi-font-size: 11.0pt\"><span style=\"font-family: arial; font-size: 11pt\">MUSICA<o:p><\/o:p><\/span><\/span><\/font><\/p>\n<p class=\"MsoNormal\" style=\"text-align: justify; margin: 0cm 0cm 0pt\"><font color=\"#000000\"><span style=\"font-family: arial; font-size: 10pt; mso-bidi-font-size: 11.0pt\"><span style=\"font-family: arial; font-size: 10pt; mso-bidi-font-size: 11.0pt\"><o:p><\/o:p><\/span>&nbsp;<\/span><\/font><\/p>\n<p class=\"MsoNormal\" style=\"text-align: justify; margin: 0cm 0cm 0pt\"><font color=\"#000000\"><span style=\"font-family: arial; font-size: 10pt; mso-bidi-font-size: 11.0pt\"><u><span style=\"font-family: arial; font-size: 11pt\">ore 20.00 &ndash; Teatro Ristori<o:p><\/o:p><\/span><\/u><\/span><\/font><\/p>\n<p class=\"MsoNormal\" style=\"text-align: justify; margin: 0cm 0cm 0pt\"><font color=\"#000000\"><span style=\"font-family: arial; font-size: 10pt; mso-bidi-font-size: 11.0pt\"><b><span style=\"font-family: arial; font-size: 11pt\">SALOME&rsquo;<o:p><\/o:p><\/span><\/b><\/span><\/font><\/p>\n<p class=\"MsoNormal\" style=\"text-align: justify; margin: 0cm 0cm 0pt\"><font color=\"#000000\"><span style=\"font-family: arial; font-size: 10pt; mso-bidi-font-size: 11.0pt\"><span style=\"font-family: arial; font-size: 11pt\">di \u017deljka Udovi\u010di\u0107 e Damir Zlatar Frey<o:p><\/o:p><\/span><\/span><\/font><\/p>\n<p class=\"MsoNormal\" style=\"text-align: justify; margin: 0cm 0cm 0pt\"><font color=\"#000000\"><span style=\"font-family: arial; font-size: 10pt; mso-bidi-font-size: 11.0pt\"><span style=\"font-family: arial; font-size: 11pt\">da Oscar Wilde<o:p><\/o:p><\/span><\/span><\/font><\/p>\n<p class=\"MsoNormal\" style=\"text-align: justify; margin: 0cm 0cm 0pt\"><font color=\"#000000\"><span style=\"font-family: arial; font-size: 10pt; mso-bidi-font-size: 11.0pt\"><span style=\"font-family: arial; font-size: 11pt\">regia, coreografia e scenografia Damir Zlatar Frey <o:p><\/o:p><\/span><\/span><\/font><\/p>\n<p class=\"MsoNormal\" style=\"text-align: justify; margin: 0cm 0cm 0pt\"><font color=\"#000000\"><span style=\"font-family: arial; font-size: 10pt; mso-bidi-font-size: 11.0pt\"><span style=\"font-family: arial; font-size: 11pt\">con Helena Mini\u0107, Marinko Le&scaron;, Leonora Surian, Rade Radolovi\u0107, Lana Gojak, Elda Kosanovi\u0107 Radovik, Dalibor Brki\u0107, Marko Kalc, Ana Romano, Gordana &Scaron;imi\u0107, Irena Mikec, Ivana Kalc, David Belas, Frane Meden, Iva Kevra, Eni \u0110or\u0111evi\u0107, Ivan Blagaj\u010devi\u0107, Zrinko Grgi\u0107, Simon Corazza, Franko Kliman, Oliver Filipovi\u0107, Petar Jozi\u0107<o:p><\/o:p><\/span><\/span><\/font><\/p>\n<p class=\"MsoNormal\" style=\"text-align: justify; margin: 0cm 0cm 0pt\"><font color=\"#000000\"><span style=\"font-family: arial; font-size: 10pt; mso-bidi-font-size: 11.0pt\"><span style=\"font-family: arial; font-size: 11pt\">produzione Istarsko Narodno Kazaliste, Gradsko Kazali&scaron;te Pula<o:p><\/o:p><\/span><\/span><\/font><\/p>\n<p class=\"MsoNormal\" style=\"text-align: justify; margin: 0cm 0cm 0pt\"><font color=\"#000000\"><span style=\"font-family: arial; font-size: 10pt; mso-bidi-font-size: 11.0pt\"><span style=\"font-family: arial; font-size: 11pt\">CROAZIA<o:p><\/o:p><\/span><\/span><\/font><\/p>\n<p class=\"MsoNormal\" style=\"text-align: justify; margin: 0cm 0cm 0pt\"><font color=\"#000000\"><span style=\"font-family: arial; font-size: 10pt; mso-bidi-font-size: 11.0pt\"><span style=\"font-family: arial; font-size: 11pt\">PROSA<o:p><\/o:p><\/span><\/span><\/font><\/p>\n<p>\t\t<font color=\"#000000\"><span style=\"font-family: arial; font-size: 10pt; mso-bidi-font-size: 11.0pt\"><o:p><\/p>\n<p class=\"MsoNormal\" style=\"text-align: justify; margin: 0cm 0cm 0pt\"><i><span style=\"font-family: arial; font-size: 11pt\">Lo spettacolo &egrave; adatto a un pubblico adulto<o:p><\/o:p><\/span><\/i><\/p>\n<p class=\"MsoNormal\" style=\"text-align: justify; margin: 0cm 0cm 0pt\"><span style=\"font-family: arial; font-size: 10pt; mso-bidi-font-size: 11.0pt\"><o:p><\/o:p><\/span><\/p>\n<p class=\"MsoNormal\" style=\"text-align: justify; margin: 0cm 0cm 0pt\"><u><span style=\"font-family: arial; font-size: 11pt\">ore 22,30 &ndash; Piazza Duomo<o:p><\/o:p><\/span><\/u><\/p>\n<p class=\"MsoNormal\" style=\"text-align: justify; margin: 0cm 0cm 0pt\"><st1:personname productid=\"LA MORTE E\" w:st=\"on\"><b><span style=\"font-family: arial; font-size: 11pt\">LA MORTE E<\/span><\/b><\/st1:personname><b><span style=\"font-family: arial; font-size: 11pt\"> <st1:personname productid=\"LA FANCIULLA\" w:st=\"on\">LA FANCIULLA<\/st1:personname><o:p><\/o:p><\/span><\/b><\/p>\n<p class=\"MsoNormal\" style=\"text-align: justify; margin: 0cm 0cm 0pt\"><span style=\"font-family: arial; font-size: 11pt\">musiche di Schubert, Dvorak, Prokofiev<o:p><\/o:p><\/span><\/p>\n<p class=\"MsoNormal\" style=\"text-align: justify; margin: 0cm 0cm 0pt\"><span style=\"font-family: arial; font-size: 11pt\">coreografia Paolo Santilli e Fabrizio Monteverde<o:p><\/o:p><\/span><\/p>\n<p class=\"MsoNormal\" style=\"text-align: justify; margin: 0cm 0cm 0pt\"><span style=\"font-family: arial; font-size: 11pt\">elaborazione drammaturgica Riccardo Reim<o:p><\/o:p><\/span><\/p>\n<p class=\"MsoNormal\" style=\"text-align: justify; margin: 0cm 0cm 0pt\"><span style=\"font-family: arial; font-size: 11pt\">Balletto di Roma<o:p><\/o:p><\/span><\/p>\n<p class=\"MsoNormal\" style=\"text-align: justify; margin: 0cm 0cm 0pt\"><span style=\"font-family: arial; font-size: 11pt\">FVG Mitteleuropa Orchestra; Alfonfo Scarano, direttore<o:p><\/o:p><\/span><\/p>\n<p class=\"MsoNormal\" style=\"text-align: justify; margin: 0cm 0cm 0pt\"><span style=\"font-family: arial; font-size: 11pt\">MUSICA \/ DANZA<o:p><\/o:p><\/span><\/p>\n<p class=\"MsoNormal\" style=\"text-align: justify; margin: 0cm 0cm 0pt; mso-layout-grid-align: none\"><span style=\"font-family: arial; font-size: 10pt; mso-bidi-font-size: 11.0pt\"><o:p><\/o:p><\/span><\/p>\n<p class=\"MsoNormal\" style=\"text-align: justify; margin: 0cm 0cm 0pt\">&nbsp;<\/p>\n<p>\t\t<\/o:p><\/span><\/font><\/p>\n<p class=\"MsoNormal\" style=\"text-align: justify; margin: 0cm 0cm 0pt\"><font color=\"#000000\"><span style=\"font-family: arial; font-size: 11pt\"><o:p>&nbsp;<\/o:p><\/span><\/font><\/p>\n<p class=\"MsoNormal\" style=\"text-align: justify; margin: 0cm 0cm 0pt\"><font color=\"#000000\"><span style=\"font-family: arial; font-size: 11pt\"><o:p><\/o:p><\/span><\/font><\/p>\n<p>\t\t<\/o:p><\/p>\n<p class=\"MsoNormal\" style=\"text-align: justify; margin: 0cm 0cm 0pt\">&nbsp;<\/p>\n<p>\t\t<\/o:p><font color=\"#000000\">&nbsp; <\/font><\/p>\n<p class=\"MsoNormal\" style=\"text-align: justify; margin: 0cm 0cm 0pt\"><font color=\"#000000\"><u><span style=\"font-family: arial; font-size: 11pt\"><o:p><\/o:p><\/span><\/u><\/font><\/p>\n<p>\t\t<\/o:p><\/p>\n<p>&nbsp;<\/p>\n<p>&nbsp;<\/p>\n<p>&nbsp;<\/p>\n<p>&nbsp;<\/p>\n<p class=\"MsoNormal\" style=\"text-align: justify; margin: 0cm 0cm 0pt\">&nbsp;<\/p>\n<p class=\"MsoNormal\" style=\"text-align: justify; margin: 0cm 0cm 0pt\"><font color=\"#000000\">&nbsp;<\/font><\/p>\n<p>\t<\/o:p><\/p>\n<p>&nbsp;<\/p>\n<p>&nbsp;<\/p>\n<p>&nbsp;<\/p>\n<p>&nbsp;<\/p>\n<p class=\"MsoNormal\" style=\"text-align: justify; margin: 0cm 0cm 0pt\"><font color=\"#000000\"><u><span style=\"font-family: arial; font-size: 11pt\"><o:p><\/o:p><\/span><\/u><\/font><\/p>\n<p class=\"MsoNormal\" style=\"text-align: justify; margin: 0cm 0cm 0pt\"><font color=\"#000000\"><u><span style=\"font-family: arial; font-size: 11pt\"><o:p><\/o:p><\/span><\/u><\/font><\/p>\n<p class=\"MsoNormal\" style=\"text-align: justify; margin: 0cm 0cm 0pt\"><font color=\"#000000\"><o:p><\/o:p><\/font><\/p>\n<p class=\"MsoNormal\" style=\"text-align: justify; margin: 0cm 0cm 0pt\"><font color=\"#000000\"><span style=\"font-family: arial; font-size: 11pt\"><o:p>&nbsp;<\/o:p><\/span><\/font><\/p>\n<p class=\"MsoNormal\" style=\"text-align: justify; margin: 0cm 0cm 0pt\"><font color=\"#000000\"><span style=\"font-family: arial; font-size: 11pt\"><o:p>&nbsp;<\/o:p><\/span><\/font><\/p>\n<p class=\"MsoNormal\" style=\"text-align: justify; margin: 0cm 0cm 0pt\">&nbsp;<\/p>\n<p class=\"MsoNormal\" style=\"text-align: justify; margin: 0cm 0cm 0pt\"><font color=\"#000000\">&nbsp;<\/font><\/p>\n<p class=\"MsoNormal\" style=\"text-align: justify; margin: 0cm 0cm 0pt\"><font color=\"#000000\">&nbsp;<\/font><\/p>\n","protected":false},"excerpt":{"rendered":"<p>DAL 9&nbsp; AL&nbsp;&nbsp;24 LUGLIO 2011 A CIVIDALE DEL FRIULI,UDINE,GORIZIA &nbsp;www.mittelfest.org Dal 1991, nelle sue venti edizioni e nel suo particolare intreccio di teatro, musica e danza, MittelFest ha messo assieme avanguardie e tradizioni, poesia e sperimentazione, performance urticanti, ma anche rassicuranti e indimenticabili balletti. Nato come festival, pi&ugrave; esattamente come una vetrina culturale della Mitteleuropa, &hellip; <a href=\"https:\/\/www.gdapress.it\/it\/index.php\/15187\/spettacoli\/mittelfest-ieri-mittelfest-domani-a-cividale-del-friuli-dal-9-al-24-luglio-2011.html\" class=\"more-link\">Read more <span class=\"screen-reader-text\">MittelFest ieri. MittelFest domani a Cividale del Friuli, Udine,Gorizia  dal 9 al 24 luglio 2011<\/span><\/a><\/p>\n","protected":false},"author":2,"featured_media":0,"comment_status":"open","ping_status":"open","sticky":false,"template":"","format":"standard","meta":{"footnotes":""},"categories":[8],"tags":[4580,120,4959,17453,2086],"class_list":["post-15187","post","type-post","status-publish","format-standard","hentry","category-spettacoli","tag-cividale-del-friuli","tag-danza","tag-mittelfest-2011","tag-musica","tag-prosa"],"_links":{"self":[{"href":"https:\/\/www.gdapress.it\/it\/index.php\/wp-json\/wp\/v2\/posts\/15187","targetHints":{"allow":["GET"]}}],"collection":[{"href":"https:\/\/www.gdapress.it\/it\/index.php\/wp-json\/wp\/v2\/posts"}],"about":[{"href":"https:\/\/www.gdapress.it\/it\/index.php\/wp-json\/wp\/v2\/types\/post"}],"author":[{"embeddable":true,"href":"https:\/\/www.gdapress.it\/it\/index.php\/wp-json\/wp\/v2\/users\/2"}],"replies":[{"embeddable":true,"href":"https:\/\/www.gdapress.it\/it\/index.php\/wp-json\/wp\/v2\/comments?post=15187"}],"version-history":[{"count":3,"href":"https:\/\/www.gdapress.it\/it\/index.php\/wp-json\/wp\/v2\/posts\/15187\/revisions"}],"predecessor-version":[{"id":15190,"href":"https:\/\/www.gdapress.it\/it\/index.php\/wp-json\/wp\/v2\/posts\/15187\/revisions\/15190"}],"wp:attachment":[{"href":"https:\/\/www.gdapress.it\/it\/index.php\/wp-json\/wp\/v2\/media?parent=15187"}],"wp:term":[{"taxonomy":"category","embeddable":true,"href":"https:\/\/www.gdapress.it\/it\/index.php\/wp-json\/wp\/v2\/categories?post=15187"},{"taxonomy":"post_tag","embeddable":true,"href":"https:\/\/www.gdapress.it\/it\/index.php\/wp-json\/wp\/v2\/tags?post=15187"}],"curies":[{"name":"wp","href":"https:\/\/api.w.org\/{rel}","templated":true}]}}